{"id":166868,"date":"2026-01-23T10:10:28","date_gmt":"2026-01-23T13:10:28","guid":{"rendered":"https:\/\/portaltela.pt\/noticias\/2026\/01\/23\/escolas-do-agrupamento-morgado-de-mateus-dispensam-alunos-a-tarde\/"},"modified":"2026-01-23T10:10:28","modified_gmt":"2026-01-23T13:10:28","slug":"escolas-do-agrupamento-morgado-de-mateus-dispensam-alunos-a-tarde","status":"publish","type":"post","link":"https:\/\/portaltela.pt\/noticias\/2026\/01\/23\/escolas-do-agrupamento-morgado-de-mateus-dispensam-alunos-a-tarde\/","title":{"rendered":"Escolas do Agrupamento Morgado de Mateus dispensam alunos \u00e0 tarde"},"content":{"rendered":"<p>Em resposta ao agravamento das condi\u00e7\u00f5es meteorol\u00f3gicas e por orienta\u00e7\u00e3o do Munic\u00edpio de Vila Real, as escolas do Agrupamento Morgado de Mateus encerram as atividades letivas a partir das 13h15 de hoje. Alunos ficam dispensados do periodo da tarde.<\/p>\n<p>A cantina permanece em funcionamento normal, assegurando o fornecimento de refei\u00e7\u00f5es aos alunos presentes nas instala\u00e7\u00f5es durante o per\u00edodo da tarde.<\/p>\n<p>A decis\u00e3o envolve o Agrupamento Morgado de Mateus e a C\u00e2mara Municipal de Vila Real, com o objetivo de mitigar riscos associados \u00e0s condi\u00e7\u00f5es clim\u00e1ticas adversas na regi\u00e3o.<\/p>\n","protected":false},"excerpt":{"rendered":"<ul>\n<li>As escolas do Agrupamento Morgado de Mateus encerram as atividades letivas a partir das 13h15, devido ao agravamento das condi\u00e7\u00f5es meteorol\u00f3gicas e \u00e0s recomenda\u00e7\u00f5es do Munic\u00edpio de Vila Real.<\/li>\n<li>A cantina vai continuar a funcionar normalmente, assegurando o fornecimento de refei\u00e7\u00f5es aos alunos.<\/li>\n<li>A medida aplica-se ao agrupamento, abrangendo as v\u00e1rias escolas sob a sua gest\u00e3o em Vila Real.<\/li>\n<li>N\u00e3o \u00e9 indicado neste resumo se h\u00e1 reabertura programada para o per\u00edodo seguinte; as informa\u00e7\u00f5es dispon\u00edveis referem apenas ao encerramento da tarde.<\/li>\n<\/ul>\n","protected":false},"author":2,"featured_media":166893,"comment_status":"closed","ping_status":"closed","sticky":false,"template":"","format":"standard","meta":{"footnotes":""},"categories":[1],"tags":[703,1795,163,101,1665],"class_list":["post-166868","post","type-post","status-publish","format-standard","has-post-thumbnail","hentry","category-noticias","tag-camara","tag-clima-escolar","tag-educacao","tag-escolas","tag-vila-real"],"yoast_head":"<!-- This site is optimized with the Yoast SEO plugin v27.2 - https:\/\/yoast.com\/product\/yoast-seo-wordpress\/ -->\n<title>Escolas do Agrupamento Morgado de Mateus dispensam alunos \u00e0 tarde - Portal Tela Portugal<\/title>\n<meta name=\"robots\" content=\"index, follow, max-snippet:-1, max-image-preview:large, max-video-preview:-1\" \/>\n<meta property=\"og:locale\" content=\"pt_PT\" \/>\n<meta property=\"og:type\" content=\"article\" \/>\n<meta property=\"og:title\" content=\"Escolas do Agrupamento Morgado de Mateus dispensam alunos \u00e0 tarde - Portal Tela Portugal\" \/>\n<meta property=\"og:description\" content=\"As escolas do Agrupamento Morgado de Mateus encerram as atividades letivas a partir das 13h15, devido ao agravamento das condi\u00e7\u00f5es meteorol\u00f3gicas e \u00e0s recomenda\u00e7\u00f5es do Munic\u00edpio de Vila Real. A cantina vai continuar a funcionar normalmente, assegurando o fornecimento de refei\u00e7\u00f5es aos alunos. A medida aplica-se ao agrupamento, abrangendo as v\u00e1rias escolas sob a sua gest\u00e3o em Vila Real. N\u00e3o \u00e9 indicado neste resumo se h\u00e1 reabertura programada para o per\u00edodo seguinte; as informa\u00e7\u00f5es dispon\u00edveis referem apenas ao encerramento da tarde.\" \/>\n<meta property=\"og:url\" content=\"https:\/\/portaltela.pt\/noticias\/2026\/01\/23\/escolas-do-agrupamento-morgado-de-mateus-dispensam-alunos-a-tarde\/\" \/>\n<meta property=\"og:site_name\" content=\"Portal Tela Portugal\" \/>\n<meta property=\"article:published_time\" content=\"2026-01-23T13:10:28+00:00\" \/>\n<meta name=\"author\" content=\"Telinha\" \/>\n<meta name=\"twitter:card\" content=\"summary_large_image\" \/>\n<meta name=\"twitter:label1\" content=\"Escrito por\" \/>\n\t<meta name=\"twitter:data1\" content=\"Telinha\" \/>\n\t<meta name=\"twitter:label2\" content=\"Tempo estimado de leitura\" \/>\n\t<meta name=\"twitter:data2\" content=\"1 minuto\" \/>\n<script type=\"application\/ld+json\" class=\"yoast-schema-graph\">{\"@context\":\"https:\/\/schema.org\",\"@graph\":[{\"@type\":\"Article\",\"@id\":\"https:\/\/portaltela.pt\/noticias\/2026\/01\/23\/escolas-do-agrupamento-morgado-de-mateus-dispensam-alunos-a-tarde\/#article\",\"isPartOf\":{\"@id\":\"https:\/\/portaltela.pt\/noticias\/2026\/01\/23\/escolas-do-agrupamento-morgado-de-mateus-dispensam-alunos-a-tarde\/\"},\"author\":{\"name\":\"Telinha\",\"@id\":\"https:\/\/portaltela.pt\/#\/schema\/person\/c4278d4a6028830caff9ee44b42d32ed\"},\"headline\":\"Escolas do Agrupamento Morgado de Mateus dispensam alunos \u00e0 tarde\",\"datePublished\":\"2026-01-23T13:10:28+00:00\",\"mainEntityOfPage\":{\"@id\":\"https:\/\/portaltela.pt\/noticias\/2026\/01\/23\/escolas-do-agrupamento-morgado-de-mateus-dispensam-alunos-a-tarde\/\"},\"wordCount\":109,\"image\":{\"@id\":\"https:\/\/portaltela.pt\/noticias\/2026\/01\/23\/escolas-do-agrupamento-morgado-de-mateus-dispensam-alunos-a-tarde\/#primaryimage\"},\"thumbnailUrl\":\"https:\/\/portaltela.pt\/s.01k8rhncp4jt1\/2026\/01\/unnamed-file-4763.jpg\",\"keywords\":[\"c\u00e2mara\",\"clima escolar\",\"educa\u00e7\u00e3o\",\"escolas\",\"Vila Real\"],\"articleSection\":[\"Not\u00edcias\"],\"inLanguage\":\"pt-PT\"},{\"@type\":\"WebPage\",\"@id\":\"https:\/\/portaltela.pt\/noticias\/2026\/01\/23\/escolas-do-agrupamento-morgado-de-mateus-dispensam-alunos-a-tarde\/\",\"url\":\"https:\/\/portaltela.pt\/noticias\/2026\/01\/23\/escolas-do-agrupamento-morgado-de-mateus-dispensam-alunos-a-tarde\/\",\"name\":\"Escolas do Agrupamento Morgado de Mateus dispensam alunos \u00e0 tarde - Portal Tela Portugal\",\"isPartOf\":{\"@id\":\"https:\/\/portaltela.pt\/#website\"},\"primaryImageOfPage\":{\"@id\":\"https:\/\/portaltela.pt\/noticias\/2026\/01\/23\/escolas-do-agrupamento-morgado-de-mateus-dispensam-alunos-a-tarde\/#primaryimage\"},\"image\":{\"@id\":\"https:\/\/portaltela.pt\/noticias\/2026\/01\/23\/escolas-do-agrupamento-morgado-de-mateus-dispensam-alunos-a-tarde\/#primaryimage\"},\"thumbnailUrl\":\"https:\/\/portaltela.pt\/s.01k8rhncp4jt1\/2026\/01\/unnamed-file-4763.jpg\",\"datePublished\":\"2026-01-23T13:10:28+00:00\",\"author\":{\"@id\":\"https:\/\/portaltela.pt\/#\/schema\/person\/c4278d4a6028830caff9ee44b42d32ed\"},\"breadcrumb\":{\"@id\":\"https:\/\/portaltela.pt\/noticias\/2026\/01\/23\/escolas-do-agrupamento-morgado-de-mateus-dispensam-alunos-a-tarde\/#breadcrumb\"},\"inLanguage\":\"pt-PT\",\"potentialAction\":[{\"@type\":\"ReadAction\",\"target\":[\"https:\/\/portaltela.pt\/noticias\/2026\/01\/23\/escolas-do-agrupamento-morgado-de-mateus-dispensam-alunos-a-tarde\/\"]}]},{\"@type\":\"ImageObject\",\"inLanguage\":\"pt-PT\",\"@id\":\"https:\/\/portaltela.pt\/noticias\/2026\/01\/23\/escolas-do-agrupamento-morgado-de-mateus-dispensam-alunos-a-tarde\/#primaryimage\",\"url\":\"https:\/\/portaltela.pt\/s.01k8rhncp4jt1\/2026\/01\/unnamed-file-4763.jpg\",\"contentUrl\":\"https:\/\/portaltela.pt\/s.01k8rhncp4jt1\/2026\/01\/unnamed-file-4763.jpg\",\"width\":796,\"height\":448,\"caption\":\"Vila Real abre inscri\u00e7\u00f5es para o programa \u201cFicar na Escola \u00e9 Fixe \u2013 Natal 2025\u201d\"},{\"@type\":\"BreadcrumbList\",\"@id\":\"https:\/\/portaltela.pt\/noticias\/2026\/01\/23\/escolas-do-agrupamento-morgado-de-mateus-dispensam-alunos-a-tarde\/#breadcrumb\",\"itemListElement\":[{\"@type\":\"ListItem\",\"position\":1,\"name\":\"In\u00edcio\",\"item\":\"https:\/\/portaltela.pt\/\"},{\"@type\":\"ListItem\",\"position\":2,\"name\":\"Escolas do Agrupamento Morgado de Mateus dispensam alunos \u00e0 tarde\"}]},{\"@type\":\"WebSite\",\"@id\":\"https:\/\/portaltela.pt\/#website\",\"url\":\"https:\/\/portaltela.pt\/\",\"name\":\"Portal Tela Portugal\",\"description\":\"\",\"potentialAction\":[{\"@type\":\"SearchAction\",\"target\":{\"@type\":\"EntryPoint\",\"urlTemplate\":\"https:\/\/portaltela.pt\/?s={search_term_string}\"},\"query-input\":{\"@type\":\"PropertyValueSpecification\",\"valueRequired\":true,\"valueName\":\"search_term_string\"}}],\"inLanguage\":\"pt-PT\"},{\"@type\":\"Person\",\"@id\":\"https:\/\/portaltela.pt\/#\/schema\/person\/c4278d4a6028830caff9ee44b42d32ed\",\"name\":\"Telinha\",\"image\":{\"@type\":\"ImageObject\",\"inLanguage\":\"pt-PT\",\"@id\":\"https:\/\/portaltela.pt\/s.01k8rhncp4jt1\/2025\/11\/talking-bot-125x125.png\",\"url\":\"https:\/\/portaltela.pt\/s.01k8rhncp4jt1\/2025\/11\/talking-bot-125x125.png\",\"contentUrl\":\"https:\/\/portaltela.pt\/s.01k8rhncp4jt1\/2025\/11\/talking-bot-125x125.png\",\"caption\":\"Telinha\"},\"sameAs\":[\"https:\/\/portaltela.pt\/\"],\"url\":\"https:\/\/portaltela.pt\/por\/367410592786\/\"}]}<\/script>\n<!-- \/ Yoast SEO plugin. -->","yoast_head_json":{"title":"Escolas do Agrupamento Morgado de Mateus dispensam alunos \u00e0 tarde - Portal Tela Portugal","robots":{"index":"index","follow":"follow","max-snippet":"max-snippet:-1","max-image-preview":"max-image-preview:large","max-video-preview":"max-video-preview:-1"},"og_locale":"pt_PT","og_type":"article","og_title":"Escolas do Agrupamento Morgado de Mateus dispensam alunos \u00e0 tarde - Portal Tela Portugal","og_description":"As escolas do Agrupamento Morgado de Mateus encerram as atividades letivas a partir das 13h15, devido ao agravamento das condi\u00e7\u00f5es meteorol\u00f3gicas e \u00e0s recomenda\u00e7\u00f5es do Munic\u00edpio de Vila Real. A cantina vai continuar a funcionar normalmente, assegurando o fornecimento de refei\u00e7\u00f5es aos alunos. A medida aplica-se ao agrupamento, abrangendo as v\u00e1rias escolas sob a sua gest\u00e3o em Vila Real. N\u00e3o \u00e9 indicado neste resumo se h\u00e1 reabertura programada para o per\u00edodo seguinte; as informa\u00e7\u00f5es dispon\u00edveis referem apenas ao encerramento da tarde.","og_url":"https:\/\/portaltela.pt\/noticias\/2026\/01\/23\/escolas-do-agrupamento-morgado-de-mateus-dispensam-alunos-a-tarde\/","og_site_name":"Portal Tela Portugal","article_published_time":"2026-01-23T13:10:28+00:00","author":"Telinha","twitter_card":"summary_large_image","twitter_misc":{"Escrito por":"Telinha","Tempo estimado de leitura":"1 minuto"},"schema":{"@context":"https:\/\/schema.org","@graph":[{"@type":"Article","@id":"https:\/\/portaltela.pt\/noticias\/2026\/01\/23\/escolas-do-agrupamento-morgado-de-mateus-dispensam-alunos-a-tarde\/#article","isPartOf":{"@id":"https:\/\/portaltela.pt\/noticias\/2026\/01\/23\/escolas-do-agrupamento-morgado-de-mateus-dispensam-alunos-a-tarde\/"},"author":{"name":"Telinha","@id":"https:\/\/portaltela.pt\/#\/schema\/person\/c4278d4a6028830caff9ee44b42d32ed"},"headline":"Escolas do Agrupamento Morgado de Mateus dispensam alunos \u00e0 tarde","datePublished":"2026-01-23T13:10:28+00:00","mainEntityOfPage":{"@id":"https:\/\/portaltela.pt\/noticias\/2026\/01\/23\/escolas-do-agrupamento-morgado-de-mateus-dispensam-alunos-a-tarde\/"},"wordCount":109,"image":{"@id":"https:\/\/portaltela.pt\/noticias\/2026\/01\/23\/escolas-do-agrupamento-morgado-de-mateus-dispensam-alunos-a-tarde\/#primaryimage"},"thumbnailUrl":"https:\/\/portaltela.pt\/s.01k8rhncp4jt1\/2026\/01\/unnamed-file-4763.jpg","keywords":["c\u00e2mara","clima escolar","educa\u00e7\u00e3o","escolas","Vila Real"],"articleSection":["Not\u00edcias"],"inLanguage":"pt-PT"},{"@type":"WebPage","@id":"https:\/\/portaltela.pt\/noticias\/2026\/01\/23\/escolas-do-agrupamento-morgado-de-mateus-dispensam-alunos-a-tarde\/","url":"https:\/\/portaltela.pt\/noticias\/2026\/01\/23\/escolas-do-agrupamento-morgado-de-mateus-dispensam-alunos-a-tarde\/","name":"Escolas do Agrupamento Morgado de Mateus dispensam alunos \u00e0 tarde - Portal Tela Portugal","isPartOf":{"@id":"https:\/\/portaltela.pt\/#website"},"primaryImageOfPage":{"@id":"https:\/\/portaltela.pt\/noticias\/2026\/01\/23\/escolas-do-agrupamento-morgado-de-mateus-dispensam-alunos-a-tarde\/#primaryimage"},"image":{"@id":"https:\/\/portaltela.pt\/noticias\/2026\/01\/23\/escolas-do-agrupamento-morgado-de-mateus-dispensam-alunos-a-tarde\/#primaryimage"},"thumbnailUrl":"https:\/\/portaltela.pt\/s.01k8rhncp4jt1\/2026\/01\/unnamed-file-4763.jpg","datePublished":"2026-01-23T13:10:28+00:00","author":{"@id":"https:\/\/portaltela.pt\/#\/schema\/person\/c4278d4a6028830caff9ee44b42d32ed"},"breadcrumb":{"@id":"https:\/\/portaltela.pt\/noticias\/2026\/01\/23\/escolas-do-agrupamento-morgado-de-mateus-dispensam-alunos-a-tarde\/#breadcrumb"},"inLanguage":"pt-PT","potentialAction":[{"@type":"ReadAction","target":["https:\/\/portaltela.pt\/noticias\/2026\/01\/23\/escolas-do-agrupamento-morgado-de-mateus-dispensam-alunos-a-tarde\/"]}]},{"@type":"ImageObject","inLanguage":"pt-PT","@id":"https:\/\/portaltela.pt\/noticias\/2026\/01\/23\/escolas-do-agrupamento-morgado-de-mateus-dispensam-alunos-a-tarde\/#primaryimage","url":"https:\/\/portaltela.pt\/s.01k8rhncp4jt1\/2026\/01\/unnamed-file-4763.jpg","contentUrl":"https:\/\/portaltela.pt\/s.01k8rhncp4jt1\/2026\/01\/unnamed-file-4763.jpg","width":796,"height":448,"caption":"Vila Real abre inscri\u00e7\u00f5es para o programa \u201cFicar na Escola \u00e9 Fixe \u2013 Natal 2025\u201d"},{"@type":"BreadcrumbList","@id":"https:\/\/portaltela.pt\/noticias\/2026\/01\/23\/escolas-do-agrupamento-morgado-de-mateus-dispensam-alunos-a-tarde\/#breadcrumb","itemListElement":[{"@type":"ListItem","position":1,"name":"In\u00edcio","item":"https:\/\/portaltela.pt\/"},{"@type":"ListItem","position":2,"name":"Escolas do Agrupamento Morgado de Mateus dispensam alunos \u00e0 tarde"}]},{"@type":"WebSite","@id":"https:\/\/portaltela.pt\/#website","url":"https:\/\/portaltela.pt\/","name":"Portal Tela Portugal","description":"","potentialAction":[{"@type":"SearchAction","target":{"@type":"EntryPoint","urlTemplate":"https:\/\/portaltela.pt\/?s={search_term_string}"},"query-input":{"@type":"PropertyValueSpecification","valueRequired":true,"valueName":"search_term_string"}}],"inLanguage":"pt-PT"},{"@type":"Person","@id":"https:\/\/portaltela.pt\/#\/schema\/person\/c4278d4a6028830caff9ee44b42d32ed","name":"Telinha","image":{"@type":"ImageObject","inLanguage":"pt-PT","@id":"https:\/\/portaltela.pt\/s.01k8rhncp4jt1\/2025\/11\/talking-bot-125x125.png","url":"https:\/\/portaltela.pt\/s.01k8rhncp4jt1\/2025\/11\/talking-bot-125x125.png","contentUrl":"https:\/\/portaltela.pt\/s.01k8rhncp4jt1\/2025\/11\/talking-bot-125x125.png","caption":"Telinha"},"sameAs":["https:\/\/portaltela.pt\/"],"url":"https:\/\/portaltela.pt\/por\/367410592786\/"}]}},"_links":{"self":[{"href":"https:\/\/portaltela.pt\/api\/wp\/v2\/posts\/166868","targetHints":{"allow":["GET"]}}],"collection":[{"href":"https:\/\/portaltela.pt\/api\/wp\/v2\/posts"}],"about":[{"href":"https:\/\/portaltela.pt\/api\/wp\/v2\/types\/post"}],"author":[{"embeddable":true,"href":"https:\/\/portaltela.pt\/api\/wp\/v2\/users\/2"}],"replies":[{"embeddable":true,"href":"https:\/\/portaltela.pt\/api\/wp\/v2\/comments?post=166868"}],"version-history":[{"count":0,"href":"https:\/\/portaltela.pt\/api\/wp\/v2\/posts\/166868\/revisions"}],"wp:featuredmedia":[{"embeddable":true,"href":"https:\/\/portaltela.pt\/api\/wp\/v2\/media\/166893"}],"wp:attachment":[{"href":"https:\/\/portaltela.pt\/api\/wp\/v2\/media?parent=166868"}],"wp:term":[{"taxonomy":"category","embeddable":true,"href":"https:\/\/portaltela.pt\/api\/wp\/v2\/categories?post=166868"},{"taxonomy":"post_tag","embeddable":true,"href":"https:\/\/portaltela.pt\/api\/wp\/v2\/tags?post=166868"}],"curies":[{"name":"wp","href":"https:\/\/api.w.org\/{rel}","templated":true}]}}