{"id":166867,"date":"2026-01-23T10:17:47","date_gmt":"2026-01-23T13:17:47","guid":{"rendered":"https:\/\/portaltela.pt\/noticias\/2026\/01\/23\/eua-querem-rever-acordo-sobre-gronelandia-para-ampliar-acoes-no-territorio\/"},"modified":"2026-01-23T10:17:47","modified_gmt":"2026-01-23T13:17:47","slug":"eua-querem-rever-acordo-sobre-gronelandia-para-ampliar-acoes-no-territorio","status":"publish","type":"post","link":"https:\/\/portaltela.pt\/noticias\/2026\/01\/23\/eua-querem-rever-acordo-sobre-gronelandia-para-ampliar-acoes-no-territorio\/","title":{"rendered":"EUA querem rever acordo sobre Gronel\u00e2ndia para ampliar a\u00e7\u00f5es no territ\u00f3rio"},"content":{"rendered":"<p>Os EUA buscam revisar o acordo com o Reino da Dinamarca sobre a Gronel\u00e2ndia, com o objetivo de ampliar a amplitude de atua\u00e7\u00e3o militar no territ\u00f3rio. O entendimento vigente data de 1951, com atualiza\u00e7\u00e3o de 2004, prevendo consulta e informa\u00e7\u00e3o pr\u00e9vias \u00e0 Dinamarca e \u00e0 Gronel\u00e2ndia antes de mudan\u00e7as significativas.<\/p>\n<p>Fontes ligadas ao processo indicam que a inten\u00e7\u00e3o \u00e9 obter maior liberdade de a\u00e7\u00e3o, incluindo poss\u00edveis opera\u00e7\u00f5es e instala\u00e7\u00f5es militares. A divulga\u00e7\u00e3o aponta para um acordo final que elimine limita\u00e7\u00f5es atuais, mantendo a coopera\u00e7\u00e3o com a Dinamarca e a Gronel\u00e2ndia.<\/p>\n<p>A embaixada da Dinamarca em Washington n\u00e3o comentou o assunto. O presidente dos EUA, Donald Trump, mencionou uma estrutura para um futuro acordo durante Davos, sinalizando coopera\u00e7\u00e3o com a NATO, sem detalhar os termos.<\/p>\n<h3>Rea\u00e7\u00f5es e pr\u00f3ximas etapas<\/h3>\n<p>Trump afirmou que os EUA teriam \u201ctodo o acesso militar\u201d \u00e0 Gronel\u00e2ndia, com envolvimento da NATO. A Bloomberg sugeriu possibilidades como coloca\u00e7\u00e3o de m\u00edsseis, minera\u00e7\u00e3o e presen\u00e7a refor\u00e7ada no \u00c1rtico, em troca de condi\u00e7\u00f5es comerciais.<\/p>\n<p>A primeira-ministra dinamarquesa, Mette Frederiksen, disse que Dinamarca e Gronel\u00e2ndia est\u00e3o abertas a discutir o tema, desde que haja processo adequado e respeitoso. Observa-se uma postura de avalia\u00e7\u00e3o sobre como avan\u00e7ar.<\/p>\n<p>Iris Ferguson, ex-secret\u00e1ria adjunta de Defesa para o \u00c1rtico, afirmou que reuni\u00f5es sobre o assunto t\u00eam sido recebidas com disposi\u00e7\u00e3o para dialogar. A evolu\u00e7\u00e3o do acordo permanece em etapas de negocia\u00e7\u00e3o entre as partes.<\/p>\n","protected":false},"excerpt":{"rendered":"<ul>\n<li>Os EUA querem renegociar o acordo com o Reino da Dinamarca sobre a Gronel\u00e2ndia, visando maior amplitude de a\u00e7\u00e3o militar no territ\u00f3rio.<\/li>\n<li>O entendimento de 1951, atualizado em 2004, exige consultar e informar a Dinamarca e a Gronel\u00e2ndia antes de mudan\u00e7as significativas nas opera\u00e7\u00f5es ou instala\u00e7\u00f5es militares.<\/li>\n<li>A porta-voz da Casa Branca afirmou que, se o acordo for concretizado, os EUA alcan\u00e7ariam os seus objetivos estrat\u00e9gicos na Gronel\u00e2ndia a um custo baixo.<\/li>\n<li>O governo dinamarqu\u00eas n\u00e3o comentou o assunto; a Dinamarca e a Gronel\u00e2ndia t\u00eam mostrado abertura para expandir o tratado, sem detalhes.<\/li>\n<li>A Bloomberg mencionou um poss\u00edvel acordo preliminar com coloca\u00e7\u00e3o de m\u00edsseis, direitos de minera\u00e7\u00e3o e maior presen\u00e7a da NATO, em troca de evitar tarifas sobre produtos europeus; Trump falou de uma \u201cestrutura para um futuro acordo\u201d e de acesso militar ilimitado na Gronel\u00e2ndia.<\/li>\n<\/ul>\n","protected":false},"author":2,"featured_media":166885,"comment_status":"closed","ping_status":"closed","sticky":false,"template":"","format":"standard","meta":{"footnotes":""},"categories":[1],"tags":[256,1600,1779,3184,2108,3908],"class_list":["post-166867","post","type-post","status-publish","format-standard","has-post-thumbnail","hentry","category-noticias","tag-cooperacao-internacional","tag-estados-unidos","tag-forcas-armadas","tag-gronelandia","tag-intervencao-internacional","tag-seguranca-nacional"],"yoast_head":"<!-- This site is optimized with the Yoast SEO plugin v27.2 - https:\/\/yoast.com\/product\/yoast-seo-wordpress\/ -->\n<title>EUA querem rever acordo sobre Gronel\u00e2ndia para ampliar a\u00e7\u00f5es no territ\u00f3rio - Portal Tela Portugal<\/title>\n<meta name=\"robots\" content=\"index, follow, max-snippet:-1, max-image-preview:large, max-video-preview:-1\" \/>\n<meta property=\"og:locale\" content=\"pt_PT\" \/>\n<meta property=\"og:type\" content=\"article\" \/>\n<meta property=\"og:title\" content=\"EUA querem rever acordo sobre Gronel\u00e2ndia para ampliar a\u00e7\u00f5es no territ\u00f3rio - Portal Tela Portugal\" \/>\n<meta property=\"og:description\" content=\"Os EUA querem renegociar o acordo com o Reino da Dinamarca sobre a Gronel\u00e2ndia, visando maior amplitude de a\u00e7\u00e3o militar no territ\u00f3rio. O entendimento de 1951, atualizado em 2004, exige consultar e informar a Dinamarca e a Gronel\u00e2ndia antes de mudan\u00e7as significativas nas opera\u00e7\u00f5es ou instala\u00e7\u00f5es militares. A porta-voz da Casa Branca afirmou que, se o acordo for concretizado, os EUA alcan\u00e7ariam os seus objetivos estrat\u00e9gicos na Gronel\u00e2ndia a um custo baixo. O governo dinamarqu\u00eas n\u00e3o comentou o assunto; a Dinamarca e a Gronel\u00e2ndia t\u00eam mostrado abertura para expandir o tratado, sem detalhes. A Bloomberg mencionou um poss\u00edvel acordo preliminar com coloca\u00e7\u00e3o de m\u00edsseis, direitos de minera\u00e7\u00e3o e maior presen\u00e7a da NATO, em troca de evitar tarifas sobre produtos europeus; Trump falou de uma \u201cestrutura para um futuro acordo\u201d e de acesso militar ilimitado na Gronel\u00e2ndia.\" \/>\n<meta property=\"og:url\" content=\"https:\/\/portaltela.pt\/noticias\/2026\/01\/23\/eua-querem-rever-acordo-sobre-gronelandia-para-ampliar-acoes-no-territorio\/\" \/>\n<meta property=\"og:site_name\" content=\"Portal Tela Portugal\" \/>\n<meta property=\"article:published_time\" content=\"2026-01-23T13:17:47+00:00\" \/>\n<meta name=\"author\" content=\"Telinha\" \/>\n<meta name=\"twitter:card\" content=\"summary_large_image\" \/>\n<meta name=\"twitter:label1\" content=\"Escrito por\" \/>\n\t<meta name=\"twitter:data1\" content=\"Telinha\" \/>\n\t<meta name=\"twitter:label2\" content=\"Tempo estimado de leitura\" \/>\n\t<meta name=\"twitter:data2\" content=\"1 minuto\" \/>\n<script type=\"application\/ld+json\" class=\"yoast-schema-graph\">{\"@context\":\"https:\/\/schema.org\",\"@graph\":[{\"@type\":\"Article\",\"@id\":\"https:\/\/portaltela.pt\/noticias\/2026\/01\/23\/eua-querem-rever-acordo-sobre-gronelandia-para-ampliar-acoes-no-territorio\/#article\",\"isPartOf\":{\"@id\":\"https:\/\/portaltela.pt\/noticias\/2026\/01\/23\/eua-querem-rever-acordo-sobre-gronelandia-para-ampliar-acoes-no-territorio\/\"},\"author\":{\"name\":\"Telinha\",\"@id\":\"https:\/\/portaltela.pt\/#\/schema\/person\/c4278d4a6028830caff9ee44b42d32ed\"},\"headline\":\"EUA querem rever acordo sobre Gronel\u00e2ndia para ampliar a\u00e7\u00f5es no territ\u00f3rio\",\"datePublished\":\"2026-01-23T13:17:47+00:00\",\"mainEntityOfPage\":{\"@id\":\"https:\/\/portaltela.pt\/noticias\/2026\/01\/23\/eua-querem-rever-acordo-sobre-gronelandia-para-ampliar-acoes-no-territorio\/\"},\"wordCount\":274,\"image\":{\"@id\":\"https:\/\/portaltela.pt\/noticias\/2026\/01\/23\/eua-querem-rever-acordo-sobre-gronelandia-para-ampliar-acoes-no-territorio\/#primaryimage\"},\"thumbnailUrl\":\"https:\/\/portaltela.pt\/s.01k8rhncp4jt1\/2026\/01\/img_1500x1000uu2018-08-28-17-00-47-773131-3.jpg\",\"keywords\":[\"coopera\u00e7\u00e3o internacional\",\"Estados Unidos\",\"For\u00e7as Armadas\",\"Gronel\u00c3\u00a2ndia\",\"interven\u00e7\u00e3o internacional\",\"Seguran\u00e7a Nacional\"],\"articleSection\":[\"Not\u00edcias\"],\"inLanguage\":\"pt-PT\"},{\"@type\":\"WebPage\",\"@id\":\"https:\/\/portaltela.pt\/noticias\/2026\/01\/23\/eua-querem-rever-acordo-sobre-gronelandia-para-ampliar-acoes-no-territorio\/\",\"url\":\"https:\/\/portaltela.pt\/noticias\/2026\/01\/23\/eua-querem-rever-acordo-sobre-gronelandia-para-ampliar-acoes-no-territorio\/\",\"name\":\"EUA querem rever acordo sobre Gronel\u00e2ndia para ampliar a\u00e7\u00f5es no territ\u00f3rio - Portal Tela Portugal\",\"isPartOf\":{\"@id\":\"https:\/\/portaltela.pt\/#website\"},\"primaryImageOfPage\":{\"@id\":\"https:\/\/portaltela.pt\/noticias\/2026\/01\/23\/eua-querem-rever-acordo-sobre-gronelandia-para-ampliar-acoes-no-territorio\/#primaryimage\"},\"image\":{\"@id\":\"https:\/\/portaltela.pt\/noticias\/2026\/01\/23\/eua-querem-rever-acordo-sobre-gronelandia-para-ampliar-acoes-no-territorio\/#primaryimage\"},\"thumbnailUrl\":\"https:\/\/portaltela.pt\/s.01k8rhncp4jt1\/2026\/01\/img_1500x1000uu2018-08-28-17-00-47-773131-3.jpg\",\"datePublished\":\"2026-01-23T13:17:47+00:00\",\"author\":{\"@id\":\"https:\/\/portaltela.pt\/#\/schema\/person\/c4278d4a6028830caff9ee44b42d32ed\"},\"breadcrumb\":{\"@id\":\"https:\/\/portaltela.pt\/noticias\/2026\/01\/23\/eua-querem-rever-acordo-sobre-gronelandia-para-ampliar-acoes-no-territorio\/#breadcrumb\"},\"inLanguage\":\"pt-PT\",\"potentialAction\":[{\"@type\":\"ReadAction\",\"target\":[\"https:\/\/portaltela.pt\/noticias\/2026\/01\/23\/eua-querem-rever-acordo-sobre-gronelandia-para-ampliar-acoes-no-territorio\/\"]}]},{\"@type\":\"ImageObject\",\"inLanguage\":\"pt-PT\",\"@id\":\"https:\/\/portaltela.pt\/noticias\/2026\/01\/23\/eua-querem-rever-acordo-sobre-gronelandia-para-ampliar-acoes-no-territorio\/#primaryimage\",\"url\":\"https:\/\/portaltela.pt\/s.01k8rhncp4jt1\/2026\/01\/img_1500x1000uu2018-08-28-17-00-47-773131-3.jpg\",\"contentUrl\":\"https:\/\/portaltela.pt\/s.01k8rhncp4jt1\/2026\/01\/img_1500x1000uu2018-08-28-17-00-47-773131-3.jpg\",\"width\":796,\"height\":448,\"caption\":\"Donald Trump\"},{\"@type\":\"BreadcrumbList\",\"@id\":\"https:\/\/portaltela.pt\/noticias\/2026\/01\/23\/eua-querem-rever-acordo-sobre-gronelandia-para-ampliar-acoes-no-territorio\/#breadcrumb\",\"itemListElement\":[{\"@type\":\"ListItem\",\"position\":1,\"name\":\"In\u00edcio\",\"item\":\"https:\/\/portaltela.pt\/\"},{\"@type\":\"ListItem\",\"position\":2,\"name\":\"EUA querem rever acordo sobre Gronel\u00e2ndia para ampliar a\u00e7\u00f5es no territ\u00f3rio\"}]},{\"@type\":\"WebSite\",\"@id\":\"https:\/\/portaltela.pt\/#website\",\"url\":\"https:\/\/portaltela.pt\/\",\"name\":\"Portal Tela Portugal\",\"description\":\"\",\"potentialAction\":[{\"@type\":\"SearchAction\",\"target\":{\"@type\":\"EntryPoint\",\"urlTemplate\":\"https:\/\/portaltela.pt\/?s={search_term_string}\"},\"query-input\":{\"@type\":\"PropertyValueSpecification\",\"valueRequired\":true,\"valueName\":\"search_term_string\"}}],\"inLanguage\":\"pt-PT\"},{\"@type\":\"Person\",\"@id\":\"https:\/\/portaltela.pt\/#\/schema\/person\/c4278d4a6028830caff9ee44b42d32ed\",\"name\":\"Telinha\",\"image\":{\"@type\":\"ImageObject\",\"inLanguage\":\"pt-PT\",\"@id\":\"https:\/\/portaltela.pt\/s.01k8rhncp4jt1\/2025\/11\/talking-bot-125x125.png\",\"url\":\"https:\/\/portaltela.pt\/s.01k8rhncp4jt1\/2025\/11\/talking-bot-125x125.png\",\"contentUrl\":\"https:\/\/portaltela.pt\/s.01k8rhncp4jt1\/2025\/11\/talking-bot-125x125.png\",\"caption\":\"Telinha\"},\"sameAs\":[\"https:\/\/portaltela.pt\/\"],\"url\":\"https:\/\/portaltela.pt\/por\/367410592786\/\"}]}<\/script>\n<!-- \/ Yoast SEO plugin. -->","yoast_head_json":{"title":"EUA querem rever acordo sobre Gronel\u00e2ndia para ampliar a\u00e7\u00f5es no territ\u00f3rio - Portal Tela Portugal","robots":{"index":"index","follow":"follow","max-snippet":"max-snippet:-1","max-image-preview":"max-image-preview:large","max-video-preview":"max-video-preview:-1"},"og_locale":"pt_PT","og_type":"article","og_title":"EUA querem rever acordo sobre Gronel\u00e2ndia para ampliar a\u00e7\u00f5es no territ\u00f3rio - Portal Tela Portugal","og_description":"Os EUA querem renegociar o acordo com o Reino da Dinamarca sobre a Gronel\u00e2ndia, visando maior amplitude de a\u00e7\u00e3o militar no territ\u00f3rio. O entendimento de 1951, atualizado em 2004, exige consultar e informar a Dinamarca e a Gronel\u00e2ndia antes de mudan\u00e7as significativas nas opera\u00e7\u00f5es ou instala\u00e7\u00f5es militares. A porta-voz da Casa Branca afirmou que, se o acordo for concretizado, os EUA alcan\u00e7ariam os seus objetivos estrat\u00e9gicos na Gronel\u00e2ndia a um custo baixo. O governo dinamarqu\u00eas n\u00e3o comentou o assunto; a Dinamarca e a Gronel\u00e2ndia t\u00eam mostrado abertura para expandir o tratado, sem detalhes. A Bloomberg mencionou um poss\u00edvel acordo preliminar com coloca\u00e7\u00e3o de m\u00edsseis, direitos de minera\u00e7\u00e3o e maior presen\u00e7a da NATO, em troca de evitar tarifas sobre produtos europeus; Trump falou de uma \u201cestrutura para um futuro acordo\u201d e de acesso militar ilimitado na Gronel\u00e2ndia.","og_url":"https:\/\/portaltela.pt\/noticias\/2026\/01\/23\/eua-querem-rever-acordo-sobre-gronelandia-para-ampliar-acoes-no-territorio\/","og_site_name":"Portal Tela Portugal","article_published_time":"2026-01-23T13:17:47+00:00","author":"Telinha","twitter_card":"summary_large_image","twitter_misc":{"Escrito por":"Telinha","Tempo estimado de leitura":"1 minuto"},"schema":{"@context":"https:\/\/schema.org","@graph":[{"@type":"Article","@id":"https:\/\/portaltela.pt\/noticias\/2026\/01\/23\/eua-querem-rever-acordo-sobre-gronelandia-para-ampliar-acoes-no-territorio\/#article","isPartOf":{"@id":"https:\/\/portaltela.pt\/noticias\/2026\/01\/23\/eua-querem-rever-acordo-sobre-gronelandia-para-ampliar-acoes-no-territorio\/"},"author":{"name":"Telinha","@id":"https:\/\/portaltela.pt\/#\/schema\/person\/c4278d4a6028830caff9ee44b42d32ed"},"headline":"EUA querem rever acordo sobre Gronel\u00e2ndia para ampliar a\u00e7\u00f5es no territ\u00f3rio","datePublished":"2026-01-23T13:17:47+00:00","mainEntityOfPage":{"@id":"https:\/\/portaltela.pt\/noticias\/2026\/01\/23\/eua-querem-rever-acordo-sobre-gronelandia-para-ampliar-acoes-no-territorio\/"},"wordCount":274,"image":{"@id":"https:\/\/portaltela.pt\/noticias\/2026\/01\/23\/eua-querem-rever-acordo-sobre-gronelandia-para-ampliar-acoes-no-territorio\/#primaryimage"},"thumbnailUrl":"https:\/\/portaltela.pt\/s.01k8rhncp4jt1\/2026\/01\/img_1500x1000uu2018-08-28-17-00-47-773131-3.jpg","keywords":["coopera\u00e7\u00e3o internacional","Estados Unidos","For\u00e7as Armadas","Gronel\u00c3\u00a2ndia","interven\u00e7\u00e3o internacional","Seguran\u00e7a Nacional"],"articleSection":["Not\u00edcias"],"inLanguage":"pt-PT"},{"@type":"WebPage","@id":"https:\/\/portaltela.pt\/noticias\/2026\/01\/23\/eua-querem-rever-acordo-sobre-gronelandia-para-ampliar-acoes-no-territorio\/","url":"https:\/\/portaltela.pt\/noticias\/2026\/01\/23\/eua-querem-rever-acordo-sobre-gronelandia-para-ampliar-acoes-no-territorio\/","name":"EUA querem rever acordo sobre Gronel\u00e2ndia para ampliar a\u00e7\u00f5es no territ\u00f3rio - Portal Tela Portugal","isPartOf":{"@id":"https:\/\/portaltela.pt\/#website"},"primaryImageOfPage":{"@id":"https:\/\/portaltela.pt\/noticias\/2026\/01\/23\/eua-querem-rever-acordo-sobre-gronelandia-para-ampliar-acoes-no-territorio\/#primaryimage"},"image":{"@id":"https:\/\/portaltela.pt\/noticias\/2026\/01\/23\/eua-querem-rever-acordo-sobre-gronelandia-para-ampliar-acoes-no-territorio\/#primaryimage"},"thumbnailUrl":"https:\/\/portaltela.pt\/s.01k8rhncp4jt1\/2026\/01\/img_1500x1000uu2018-08-28-17-00-47-773131-3.jpg","datePublished":"2026-01-23T13:17:47+00:00","author":{"@id":"https:\/\/portaltela.pt\/#\/schema\/person\/c4278d4a6028830caff9ee44b42d32ed"},"breadcrumb":{"@id":"https:\/\/portaltela.pt\/noticias\/2026\/01\/23\/eua-querem-rever-acordo-sobre-gronelandia-para-ampliar-acoes-no-territorio\/#breadcrumb"},"inLanguage":"pt-PT","potentialAction":[{"@type":"ReadAction","target":["https:\/\/portaltela.pt\/noticias\/2026\/01\/23\/eua-querem-rever-acordo-sobre-gronelandia-para-ampliar-acoes-no-territorio\/"]}]},{"@type":"ImageObject","inLanguage":"pt-PT","@id":"https:\/\/portaltela.pt\/noticias\/2026\/01\/23\/eua-querem-rever-acordo-sobre-gronelandia-para-ampliar-acoes-no-territorio\/#primaryimage","url":"https:\/\/portaltela.pt\/s.01k8rhncp4jt1\/2026\/01\/img_1500x1000uu2018-08-28-17-00-47-773131-3.jpg","contentUrl":"https:\/\/portaltela.pt\/s.01k8rhncp4jt1\/2026\/01\/img_1500x1000uu2018-08-28-17-00-47-773131-3.jpg","width":796,"height":448,"caption":"Donald Trump"},{"@type":"BreadcrumbList","@id":"https:\/\/portaltela.pt\/noticias\/2026\/01\/23\/eua-querem-rever-acordo-sobre-gronelandia-para-ampliar-acoes-no-territorio\/#breadcrumb","itemListElement":[{"@type":"ListItem","position":1,"name":"In\u00edcio","item":"https:\/\/portaltela.pt\/"},{"@type":"ListItem","position":2,"name":"EUA querem rever acordo sobre Gronel\u00e2ndia para ampliar a\u00e7\u00f5es no territ\u00f3rio"}]},{"@type":"WebSite","@id":"https:\/\/portaltela.pt\/#website","url":"https:\/\/portaltela.pt\/","name":"Portal Tela Portugal","description":"","potentialAction":[{"@type":"SearchAction","target":{"@type":"EntryPoint","urlTemplate":"https:\/\/portaltela.pt\/?s={search_term_string}"},"query-input":{"@type":"PropertyValueSpecification","valueRequired":true,"valueName":"search_term_string"}}],"inLanguage":"pt-PT"},{"@type":"Person","@id":"https:\/\/portaltela.pt\/#\/schema\/person\/c4278d4a6028830caff9ee44b42d32ed","name":"Telinha","image":{"@type":"ImageObject","inLanguage":"pt-PT","@id":"https:\/\/portaltela.pt\/s.01k8rhncp4jt1\/2025\/11\/talking-bot-125x125.png","url":"https:\/\/portaltela.pt\/s.01k8rhncp4jt1\/2025\/11\/talking-bot-125x125.png","contentUrl":"https:\/\/portaltela.pt\/s.01k8rhncp4jt1\/2025\/11\/talking-bot-125x125.png","caption":"Telinha"},"sameAs":["https:\/\/portaltela.pt\/"],"url":"https:\/\/portaltela.pt\/por\/367410592786\/"}]}},"_links":{"self":[{"href":"https:\/\/portaltela.pt\/api\/wp\/v2\/posts\/166867","targetHints":{"allow":["GET"]}}],"collection":[{"href":"https:\/\/portaltela.pt\/api\/wp\/v2\/posts"}],"about":[{"href":"https:\/\/portaltela.pt\/api\/wp\/v2\/types\/post"}],"author":[{"embeddable":true,"href":"https:\/\/portaltela.pt\/api\/wp\/v2\/users\/2"}],"replies":[{"embeddable":true,"href":"https:\/\/portaltela.pt\/api\/wp\/v2\/comments?post=166867"}],"version-history":[{"count":0,"href":"https:\/\/portaltela.pt\/api\/wp\/v2\/posts\/166867\/revisions"}],"wp:featuredmedia":[{"embeddable":true,"href":"https:\/\/portaltela.pt\/api\/wp\/v2\/media\/166885"}],"wp:attachment":[{"href":"https:\/\/portaltela.pt\/api\/wp\/v2\/media?parent=166867"}],"wp:term":[{"taxonomy":"category","embeddable":true,"href":"https:\/\/portaltela.pt\/api\/wp\/v2\/categories?post=166867"},{"taxonomy":"post_tag","embeddable":true,"href":"https:\/\/portaltela.pt\/api\/wp\/v2\/tags?post=166867"}],"curies":[{"name":"wp","href":"https:\/\/api.w.org\/{rel}","templated":true}]}}