{"id":166863,"date":"2026-01-23T10:14:00","date_gmt":"2026-01-23T13:14:00","guid":{"rendered":"https:\/\/portaltela.pt\/noticias\/2026\/01\/23\/apos-campanha-renhida-cao-e-eleito-presidente-da-cidade\/"},"modified":"2026-01-23T10:14:00","modified_gmt":"2026-01-23T13:14:00","slug":"apos-campanha-renhida-cao-e-eleito-presidente-da-cidade","status":"publish","type":"post","link":"https:\/\/portaltela.pt\/noticias\/2026\/01\/23\/apos-campanha-renhida-cao-e-eleito-presidente-da-cidade\/","title":{"rendered":"Ap\u00f3s campanha renhida, c\u00e3o \u00e9 eleito presidente da cidade"},"content":{"rendered":"<p>Mo Bamba, um pug-chihuahua, foi eleito simbolicamente presidente da c\u00e2mara da 37th Street, em Austin, Texas, na quarta edi\u00e7\u00e3o anual das elei\u00e7\u00f5es de animais de estima\u00e7\u00e3o do bairro. A vota\u00e7\u00e3o ocorreu durante uma noite fria de janeiro, com os votos contados ao p\u00fablico que acompanhava a contagem.<\/p>\n<p>Mais de 12 mil votos foram recolhidos, duplicando a participa\u00e7\u00e3o de anos anteriores. Mo Bamba venceu por cerca de 130 votos, tornando-se o primeiro c\u00e3o a ocupar o cargo simb\u00f3lico. O mandato n\u00e3o confere poderes oficiais \u00e0 figura eleita.<\/p>\n<p>O programa eleitoral do novo presidente incluiu a instala\u00e7\u00e3o de bocas-de-inc\u00eandio em frente a todas as casas do quarteir\u00e3o e a ideia de promover atividades l\u00fadicas com os eleitores, como jogos de apanhada em frente \u00e0s casas.<\/p>\n<h3>Contexto da iniciativa<\/h3>\n<p>A elei\u00e7\u00e3o de animais come\u00e7ou h\u00e1 quatro anos, numa brincadeira entre vizinhos para incentivar a participa\u00e7\u00e3o c\u00edvica nas elei\u00e7\u00f5es reais de Austin, em tempos de baixa aflu\u00eancia. O evento faz parte de uma tradi\u00e7\u00e3o de humor e comunidade no quarteir\u00e3o.<\/p>\n<p>Ao longo da campanha, foram lan\u00e7ados cartazes por todo o quarteir\u00e3o, com muitos moradores a participar na divulga\u00e7\u00e3o. A organiza\u00e7\u00e3o pretendia manter as barreiras de participa\u00e7\u00e3o simples, permitindo que qualquer morador contribu\u00edsse com votos.<\/p>\n<p>Na noite de posse, a contagem final ocorreu numa varanda, entre vizinhos, com Mo Bamba a ser declarado vencedor. A cerim\u00f3nia de posse n\u00e3o confere fun\u00e7\u00f5es oficiais, mantendo o car\u00e1ter simb\u00f3lico do cargo.<\/p>\n<p>Entre as mudan\u00e7as relevantes para o bairro, a celebra\u00e7\u00e3o das luzes de Natal mant\u00e9m-se uma tradi\u00e7\u00e3o de 1979, atraindo milhares de visitantes e refor\u00e7ando o esp\u00edrito de comunidade na 37th Street.<\/p>\n<p>O evento ganhou ainda mais notoriedade por ter levado familiares e crian\u00e7as a participarem, com a fila de vota\u00e7\u00e3o a chegar a minutos de espera em algumas alturas. A comunidade continua a acompanhar as novidades do quarteir\u00e3o, com foco na participa\u00e7\u00e3o c\u00edvica.<\/p>\n","protected":false},"excerpt":{"rendered":"<ul>\n<li>Mo Bamba, um pug-cruzado com chihuahua, foi eleito presidente da c\u00e2mara da 37th Street, em Austin, numa edi\u00e7\u00e3o anual das elei\u00e7\u00f5es de animais de estima\u00e7\u00e3o que recolheu mais de 12.000 votos.<\/li>\n<li>A participa\u00e7\u00e3o foi mais do dobro do que nas edi\u00e7\u00f5es anteriores, com Mo a vencer por apenas 130 votos.<\/li>\n<li>O programa inclu\u00eda instalar bocas-de-inc\u00eandio em frente a todas as casas e jogar \u00e0 apanhada com os eleitores.<\/li>\n<li>A campanha, de tr\u00eas semanas, gerou cartazes e campanhas difamat\u00f3rias brincalhonas, e houve fila para votar, com crian\u00e7as a pedir aos pais para que ficassem na fila.<\/li>\n<li>A posse realizou-se a 6 de janeiro; o cargo \u00e9 simb\u00f3lico, sem fun\u00e7\u00f5es oficiais, criado para fomentar a participa\u00e7\u00e3o eleitoral nas elei\u00e7\u00f5es reais de Austin.<\/li>\n<\/ul>\n","protected":false},"author":2,"featured_media":166884,"comment_status":"closed","ping_status":"closed","sticky":false,"template":"","format":"standard","meta":{"footnotes":""},"categories":[1],"tags":[3091,2863,370,3035,68,1249],"class_list":["post-166863","post","type-post","status-publish","format-standard","has-post-thumbnail","hentry","category-noticias","tag-animais","tag-animais-de-rua","tag-cidadania","tag-comunidade","tag-eleicoes","tag-participacao"],"yoast_head":"<!-- This site is optimized with the Yoast SEO plugin v27.2 - https:\/\/yoast.com\/product\/yoast-seo-wordpress\/ -->\n<title>Ap\u00f3s campanha renhida, c\u00e3o \u00e9 eleito presidente da cidade - Portal Tela Portugal<\/title>\n<meta name=\"robots\" content=\"index, follow, max-snippet:-1, max-image-preview:large, max-video-preview:-1\" \/>\n<meta property=\"og:locale\" content=\"pt_PT\" \/>\n<meta property=\"og:type\" content=\"article\" \/>\n<meta property=\"og:title\" content=\"Ap\u00f3s campanha renhida, c\u00e3o \u00e9 eleito presidente da cidade - Portal Tela Portugal\" \/>\n<meta property=\"og:description\" content=\"Mo Bamba, um pug-cruzado com chihuahua, foi eleito presidente da c\u00e2mara da 37th Street, em Austin, numa edi\u00e7\u00e3o anual das elei\u00e7\u00f5es de animais de estima\u00e7\u00e3o que recolheu mais de 12.000 votos. A participa\u00e7\u00e3o foi mais do dobro do que nas edi\u00e7\u00f5es anteriores, com Mo a vencer por apenas 130 votos. O programa inclu\u00eda instalar bocas-de-inc\u00eandio em frente a todas as casas e jogar \u00e0 apanhada com os eleitores. A campanha, de tr\u00eas semanas, gerou cartazes e campanhas difamat\u00f3rias brincalhonas, e houve fila para votar, com crian\u00e7as a pedir aos pais para que ficassem na fila. A posse realizou-se a 6 de janeiro; o cargo \u00e9 simb\u00f3lico, sem fun\u00e7\u00f5es oficiais, criado para fomentar a participa\u00e7\u00e3o eleitoral nas elei\u00e7\u00f5es reais de Austin.\" \/>\n<meta property=\"og:url\" content=\"https:\/\/portaltela.pt\/noticias\/2026\/01\/23\/apos-campanha-renhida-cao-e-eleito-presidente-da-cidade\/\" \/>\n<meta property=\"og:site_name\" content=\"Portal Tela Portugal\" \/>\n<meta property=\"article:published_time\" content=\"2026-01-23T13:14:00+00:00\" \/>\n<meta name=\"author\" content=\"Telinha\" \/>\n<meta name=\"twitter:card\" content=\"summary_large_image\" \/>\n<meta name=\"twitter:label1\" content=\"Escrito por\" \/>\n\t<meta name=\"twitter:data1\" content=\"Telinha\" \/>\n\t<meta name=\"twitter:label2\" content=\"Tempo estimado de leitura\" \/>\n\t<meta name=\"twitter:data2\" content=\"2 minutos\" \/>\n<script type=\"application\/ld+json\" class=\"yoast-schema-graph\">{\"@context\":\"https:\/\/schema.org\",\"@graph\":[{\"@type\":\"Article\",\"@id\":\"https:\/\/portaltela.pt\/noticias\/2026\/01\/23\/apos-campanha-renhida-cao-e-eleito-presidente-da-cidade\/#article\",\"isPartOf\":{\"@id\":\"https:\/\/portaltela.pt\/noticias\/2026\/01\/23\/apos-campanha-renhida-cao-e-eleito-presidente-da-cidade\/\"},\"author\":{\"name\":\"Telinha\",\"@id\":\"https:\/\/portaltela.pt\/#\/schema\/person\/c4278d4a6028830caff9ee44b42d32ed\"},\"headline\":\"Ap\u00f3s campanha renhida, c\u00e3o \u00e9 eleito presidente da cidade\",\"datePublished\":\"2026-01-23T13:14:00+00:00\",\"mainEntityOfPage\":{\"@id\":\"https:\/\/portaltela.pt\/noticias\/2026\/01\/23\/apos-campanha-renhida-cao-e-eleito-presidente-da-cidade\/\"},\"wordCount\":356,\"image\":{\"@id\":\"https:\/\/portaltela.pt\/noticias\/2026\/01\/23\/apos-campanha-renhida-cao-e-eleito-presidente-da-cidade\/#primaryimage\"},\"thumbnailUrl\":\"https:\/\/portaltela.pt\/s.01k8rhncp4jt1\/2026\/01\/2061444.jpg\",\"keywords\":[\"animais\",\"Animais de Rua\",\"cidadania\",\"comunidade\",\"elei\u00e7\u00f5es\",\"participa\u00e7\u00e3o\"],\"articleSection\":[\"Not\u00edcias\"],\"inLanguage\":\"pt-PT\"},{\"@type\":\"WebPage\",\"@id\":\"https:\/\/portaltela.pt\/noticias\/2026\/01\/23\/apos-campanha-renhida-cao-e-eleito-presidente-da-cidade\/\",\"url\":\"https:\/\/portaltela.pt\/noticias\/2026\/01\/23\/apos-campanha-renhida-cao-e-eleito-presidente-da-cidade\/\",\"name\":\"Ap\u00f3s campanha renhida, c\u00e3o \u00e9 eleito presidente da cidade - Portal Tela Portugal\",\"isPartOf\":{\"@id\":\"https:\/\/portaltela.pt\/#website\"},\"primaryImageOfPage\":{\"@id\":\"https:\/\/portaltela.pt\/noticias\/2026\/01\/23\/apos-campanha-renhida-cao-e-eleito-presidente-da-cidade\/#primaryimage\"},\"image\":{\"@id\":\"https:\/\/portaltela.pt\/noticias\/2026\/01\/23\/apos-campanha-renhida-cao-e-eleito-presidente-da-cidade\/#primaryimage\"},\"thumbnailUrl\":\"https:\/\/portaltela.pt\/s.01k8rhncp4jt1\/2026\/01\/2061444.jpg\",\"datePublished\":\"2026-01-23T13:14:00+00:00\",\"author\":{\"@id\":\"https:\/\/portaltela.pt\/#\/schema\/person\/c4278d4a6028830caff9ee44b42d32ed\"},\"breadcrumb\":{\"@id\":\"https:\/\/portaltela.pt\/noticias\/2026\/01\/23\/apos-campanha-renhida-cao-e-eleito-presidente-da-cidade\/#breadcrumb\"},\"inLanguage\":\"pt-PT\",\"potentialAction\":[{\"@type\":\"ReadAction\",\"target\":[\"https:\/\/portaltela.pt\/noticias\/2026\/01\/23\/apos-campanha-renhida-cao-e-eleito-presidente-da-cidade\/\"]}]},{\"@type\":\"ImageObject\",\"inLanguage\":\"pt-PT\",\"@id\":\"https:\/\/portaltela.pt\/noticias\/2026\/01\/23\/apos-campanha-renhida-cao-e-eleito-presidente-da-cidade\/#primaryimage\",\"url\":\"https:\/\/portaltela.pt\/s.01k8rhncp4jt1\/2026\/01\/2061444.jpg\",\"contentUrl\":\"https:\/\/portaltela.pt\/s.01k8rhncp4jt1\/2026\/01\/2061444.jpg\",\"width\":796,\"height\":448,\"caption\":\"Photo\"},{\"@type\":\"BreadcrumbList\",\"@id\":\"https:\/\/portaltela.pt\/noticias\/2026\/01\/23\/apos-campanha-renhida-cao-e-eleito-presidente-da-cidade\/#breadcrumb\",\"itemListElement\":[{\"@type\":\"ListItem\",\"position\":1,\"name\":\"In\u00edcio\",\"item\":\"https:\/\/portaltela.pt\/\"},{\"@type\":\"ListItem\",\"position\":2,\"name\":\"Ap\u00f3s campanha renhida, c\u00e3o \u00e9 eleito presidente da cidade\"}]},{\"@type\":\"WebSite\",\"@id\":\"https:\/\/portaltela.pt\/#website\",\"url\":\"https:\/\/portaltela.pt\/\",\"name\":\"Portal Tela Portugal\",\"description\":\"\",\"potentialAction\":[{\"@type\":\"SearchAction\",\"target\":{\"@type\":\"EntryPoint\",\"urlTemplate\":\"https:\/\/portaltela.pt\/?s={search_term_string}\"},\"query-input\":{\"@type\":\"PropertyValueSpecification\",\"valueRequired\":true,\"valueName\":\"search_term_string\"}}],\"inLanguage\":\"pt-PT\"},{\"@type\":\"Person\",\"@id\":\"https:\/\/portaltela.pt\/#\/schema\/person\/c4278d4a6028830caff9ee44b42d32ed\",\"name\":\"Telinha\",\"image\":{\"@type\":\"ImageObject\",\"inLanguage\":\"pt-PT\",\"@id\":\"https:\/\/portaltela.pt\/s.01k8rhncp4jt1\/2025\/11\/talking-bot-125x125.png\",\"url\":\"https:\/\/portaltela.pt\/s.01k8rhncp4jt1\/2025\/11\/talking-bot-125x125.png\",\"contentUrl\":\"https:\/\/portaltela.pt\/s.01k8rhncp4jt1\/2025\/11\/talking-bot-125x125.png\",\"caption\":\"Telinha\"},\"sameAs\":[\"https:\/\/portaltela.pt\/\"],\"url\":\"https:\/\/portaltela.pt\/por\/367410592786\/\"}]}<\/script>\n<!-- \/ Yoast SEO plugin. -->","yoast_head_json":{"title":"Ap\u00f3s campanha renhida, c\u00e3o \u00e9 eleito presidente da cidade - Portal Tela Portugal","robots":{"index":"index","follow":"follow","max-snippet":"max-snippet:-1","max-image-preview":"max-image-preview:large","max-video-preview":"max-video-preview:-1"},"og_locale":"pt_PT","og_type":"article","og_title":"Ap\u00f3s campanha renhida, c\u00e3o \u00e9 eleito presidente da cidade - Portal Tela Portugal","og_description":"Mo Bamba, um pug-cruzado com chihuahua, foi eleito presidente da c\u00e2mara da 37th Street, em Austin, numa edi\u00e7\u00e3o anual das elei\u00e7\u00f5es de animais de estima\u00e7\u00e3o que recolheu mais de 12.000 votos. A participa\u00e7\u00e3o foi mais do dobro do que nas edi\u00e7\u00f5es anteriores, com Mo a vencer por apenas 130 votos. O programa inclu\u00eda instalar bocas-de-inc\u00eandio em frente a todas as casas e jogar \u00e0 apanhada com os eleitores. A campanha, de tr\u00eas semanas, gerou cartazes e campanhas difamat\u00f3rias brincalhonas, e houve fila para votar, com crian\u00e7as a pedir aos pais para que ficassem na fila. A posse realizou-se a 6 de janeiro; o cargo \u00e9 simb\u00f3lico, sem fun\u00e7\u00f5es oficiais, criado para fomentar a participa\u00e7\u00e3o eleitoral nas elei\u00e7\u00f5es reais de Austin.","og_url":"https:\/\/portaltela.pt\/noticias\/2026\/01\/23\/apos-campanha-renhida-cao-e-eleito-presidente-da-cidade\/","og_site_name":"Portal Tela Portugal","article_published_time":"2026-01-23T13:14:00+00:00","author":"Telinha","twitter_card":"summary_large_image","twitter_misc":{"Escrito por":"Telinha","Tempo estimado de leitura":"2 minutos"},"schema":{"@context":"https:\/\/schema.org","@graph":[{"@type":"Article","@id":"https:\/\/portaltela.pt\/noticias\/2026\/01\/23\/apos-campanha-renhida-cao-e-eleito-presidente-da-cidade\/#article","isPartOf":{"@id":"https:\/\/portaltela.pt\/noticias\/2026\/01\/23\/apos-campanha-renhida-cao-e-eleito-presidente-da-cidade\/"},"author":{"name":"Telinha","@id":"https:\/\/portaltela.pt\/#\/schema\/person\/c4278d4a6028830caff9ee44b42d32ed"},"headline":"Ap\u00f3s campanha renhida, c\u00e3o \u00e9 eleito presidente da cidade","datePublished":"2026-01-23T13:14:00+00:00","mainEntityOfPage":{"@id":"https:\/\/portaltela.pt\/noticias\/2026\/01\/23\/apos-campanha-renhida-cao-e-eleito-presidente-da-cidade\/"},"wordCount":356,"image":{"@id":"https:\/\/portaltela.pt\/noticias\/2026\/01\/23\/apos-campanha-renhida-cao-e-eleito-presidente-da-cidade\/#primaryimage"},"thumbnailUrl":"https:\/\/portaltela.pt\/s.01k8rhncp4jt1\/2026\/01\/2061444.jpg","keywords":["animais","Animais de Rua","cidadania","comunidade","elei\u00e7\u00f5es","participa\u00e7\u00e3o"],"articleSection":["Not\u00edcias"],"inLanguage":"pt-PT"},{"@type":"WebPage","@id":"https:\/\/portaltela.pt\/noticias\/2026\/01\/23\/apos-campanha-renhida-cao-e-eleito-presidente-da-cidade\/","url":"https:\/\/portaltela.pt\/noticias\/2026\/01\/23\/apos-campanha-renhida-cao-e-eleito-presidente-da-cidade\/","name":"Ap\u00f3s campanha renhida, c\u00e3o \u00e9 eleito presidente da cidade - Portal Tela Portugal","isPartOf":{"@id":"https:\/\/portaltela.pt\/#website"},"primaryImageOfPage":{"@id":"https:\/\/portaltela.pt\/noticias\/2026\/01\/23\/apos-campanha-renhida-cao-e-eleito-presidente-da-cidade\/#primaryimage"},"image":{"@id":"https:\/\/portaltela.pt\/noticias\/2026\/01\/23\/apos-campanha-renhida-cao-e-eleito-presidente-da-cidade\/#primaryimage"},"thumbnailUrl":"https:\/\/portaltela.pt\/s.01k8rhncp4jt1\/2026\/01\/2061444.jpg","datePublished":"2026-01-23T13:14:00+00:00","author":{"@id":"https:\/\/portaltela.pt\/#\/schema\/person\/c4278d4a6028830caff9ee44b42d32ed"},"breadcrumb":{"@id":"https:\/\/portaltela.pt\/noticias\/2026\/01\/23\/apos-campanha-renhida-cao-e-eleito-presidente-da-cidade\/#breadcrumb"},"inLanguage":"pt-PT","potentialAction":[{"@type":"ReadAction","target":["https:\/\/portaltela.pt\/noticias\/2026\/01\/23\/apos-campanha-renhida-cao-e-eleito-presidente-da-cidade\/"]}]},{"@type":"ImageObject","inLanguage":"pt-PT","@id":"https:\/\/portaltela.pt\/noticias\/2026\/01\/23\/apos-campanha-renhida-cao-e-eleito-presidente-da-cidade\/#primaryimage","url":"https:\/\/portaltela.pt\/s.01k8rhncp4jt1\/2026\/01\/2061444.jpg","contentUrl":"https:\/\/portaltela.pt\/s.01k8rhncp4jt1\/2026\/01\/2061444.jpg","width":796,"height":448,"caption":"Photo"},{"@type":"BreadcrumbList","@id":"https:\/\/portaltela.pt\/noticias\/2026\/01\/23\/apos-campanha-renhida-cao-e-eleito-presidente-da-cidade\/#breadcrumb","itemListElement":[{"@type":"ListItem","position":1,"name":"In\u00edcio","item":"https:\/\/portaltela.pt\/"},{"@type":"ListItem","position":2,"name":"Ap\u00f3s campanha renhida, c\u00e3o \u00e9 eleito presidente da cidade"}]},{"@type":"WebSite","@id":"https:\/\/portaltela.pt\/#website","url":"https:\/\/portaltela.pt\/","name":"Portal Tela Portugal","description":"","potentialAction":[{"@type":"SearchAction","target":{"@type":"EntryPoint","urlTemplate":"https:\/\/portaltela.pt\/?s={search_term_string}"},"query-input":{"@type":"PropertyValueSpecification","valueRequired":true,"valueName":"search_term_string"}}],"inLanguage":"pt-PT"},{"@type":"Person","@id":"https:\/\/portaltela.pt\/#\/schema\/person\/c4278d4a6028830caff9ee44b42d32ed","name":"Telinha","image":{"@type":"ImageObject","inLanguage":"pt-PT","@id":"https:\/\/portaltela.pt\/s.01k8rhncp4jt1\/2025\/11\/talking-bot-125x125.png","url":"https:\/\/portaltela.pt\/s.01k8rhncp4jt1\/2025\/11\/talking-bot-125x125.png","contentUrl":"https:\/\/portaltela.pt\/s.01k8rhncp4jt1\/2025\/11\/talking-bot-125x125.png","caption":"Telinha"},"sameAs":["https:\/\/portaltela.pt\/"],"url":"https:\/\/portaltela.pt\/por\/367410592786\/"}]}},"_links":{"self":[{"href":"https:\/\/portaltela.pt\/api\/wp\/v2\/posts\/166863","targetHints":{"allow":["GET"]}}],"collection":[{"href":"https:\/\/portaltela.pt\/api\/wp\/v2\/posts"}],"about":[{"href":"https:\/\/portaltela.pt\/api\/wp\/v2\/types\/post"}],"author":[{"embeddable":true,"href":"https:\/\/portaltela.pt\/api\/wp\/v2\/users\/2"}],"replies":[{"embeddable":true,"href":"https:\/\/portaltela.pt\/api\/wp\/v2\/comments?post=166863"}],"version-history":[{"count":0,"href":"https:\/\/portaltela.pt\/api\/wp\/v2\/posts\/166863\/revisions"}],"wp:featuredmedia":[{"embeddable":true,"href":"https:\/\/portaltela.pt\/api\/wp\/v2\/media\/166884"}],"wp:attachment":[{"href":"https:\/\/portaltela.pt\/api\/wp\/v2\/media?parent=166863"}],"wp:term":[{"taxonomy":"category","embeddable":true,"href":"https:\/\/portaltela.pt\/api\/wp\/v2\/categories?post=166863"},{"taxonomy":"post_tag","embeddable":true,"href":"https:\/\/portaltela.pt\/api\/wp\/v2\/tags?post=166863"}],"curies":[{"name":"wp","href":"https:\/\/api.w.org\/{rel}","templated":true}]}}