{"id":166857,"date":"2026-01-23T10:07:14","date_gmt":"2026-01-23T13:07:14","guid":{"rendered":"https:\/\/portaltela.pt\/noticias\/2026\/01\/23\/estradas-do-concelho-ja-estao-transitaveis\/"},"modified":"2026-01-23T10:07:14","modified_gmt":"2026-01-23T13:07:14","slug":"estradas-do-concelho-ja-estao-transitaveis","status":"publish","type":"post","link":"https:\/\/portaltela.pt\/noticias\/2026\/01\/23\/estradas-do-concelho-ja-estao-transitaveis\/","title":{"rendered":"Estradas do concelho j\u00e1 est\u00e3o transit\u00e1veis"},"content":{"rendered":"<p>A Prote\u00e7\u00e3o Civil Municipal de Vila Pouca de Aguiar informou hoje que todas as estradas do concelho se mant\u00eam transit\u00e1veis. N\u00e3o obstante, existem condicionamentos em vias espec\u00edficas devido \u00e0 queda de neve registada nas \u00faltimas horas.<\/p>\n<p>A autoridade apela \u00e0 aten\u00e7\u00e3o redobrada dos automobilistas e \u00e0 condu\u00e7\u00e3o defensiva, pedindo que se respeitem as indica\u00e7\u00f5es das entidades no local.<\/p>\n<p>A Estrada Nacional 206, que liga Vila Pouca de Aguiar a Valpa\u00e7os, apresenta constrangimentos \u00e0 circula\u00e7\u00e3o. Situa\u00e7\u00e3o semelhante verifica-se na Estrada Nacional 212, que liga Vila Pouca de Aguiar \u00e0 zona de Jales.<\/p>\n<h3>Situa\u00e7\u00e3o por via<\/h3>\n<ul>\n<li>EN 206: entraves pontuais ao tr\u00e2nsito entre Vila Pouca de Aguiar e Valpa\u00e7os, exigindo prud\u00eancia e redu\u00e7\u00e3o de velocidade.<\/li>\n<li>EN 212: problemas similares na liga\u00e7\u00e3o a Jales, com possibilidade de condi\u00e7\u00f5es de piso escorregadio.<\/li>\n<li>Recomenda\u00e7\u00e3o: manter condu\u00e7\u00e3o defensiva e seguir as orienta\u00e7\u00f5es das autoridades no local.<\/li>\n<\/ul>\n","protected":false},"excerpt":{"rendered":"<ul>\n<li>Todas as estradas do concelho de Vila Pouca de Aguiar est\u00e3o transit\u00e1veis.<\/li>\n<li>A Prote\u00e7\u00e3o Civil Municipal alerta para condicionamentos em vias espec\u00edficas devido \u00e0 queda de neve nas \u00faltimas horas.<\/li>\n<li>A Estrada Nacional 206 (Vila Pouca de Aguiar \u2013 Valpa\u00e7os) apresenta constrangimentos \u00e0 circula\u00e7\u00e3o.<\/li>\n<li>A Estrada Nacional 212 (Vila Pouca de Aguiar \u2013 zona de Jales) tamb\u00e9m tem restri\u00e7\u00f5es.<\/li>\n<li>Apela-se aos automobilistas para condu\u00e7\u00e3o defensiva e para seguirem as indica\u00e7\u00f5es das autoridades no local.<\/li>\n<\/ul>\n","protected":false},"author":2,"featured_media":166891,"comment_status":"closed","ping_status":"closed","sticky":false,"template":"","format":"standard","meta":{"footnotes":""},"categories":[1],"tags":[1083,2761,1629,192,2146,2891],"class_list":["post-166857","post","type-post","status-publish","format-standard","has-post-thumbnail","hentry","category-noticias","tag-estradas","tag-seguranca-rodoviaria","tag-transito","tag-transporte","tag-valpacos","tag-via-publica"],"yoast_head":"<!-- This site is optimized with the Yoast SEO plugin v27.2 - https:\/\/yoast.com\/product\/yoast-seo-wordpress\/ -->\n<title>Estradas do concelho j\u00e1 est\u00e3o transit\u00e1veis - Portal Tela Portugal<\/title>\n<meta name=\"robots\" content=\"index, follow, max-snippet:-1, max-image-preview:large, max-video-preview:-1\" \/>\n<meta property=\"og:locale\" content=\"pt_PT\" \/>\n<meta property=\"og:type\" content=\"article\" \/>\n<meta property=\"og:title\" content=\"Estradas do concelho j\u00e1 est\u00e3o transit\u00e1veis - Portal Tela Portugal\" \/>\n<meta property=\"og:description\" content=\"Todas as estradas do concelho de Vila Pouca de Aguiar est\u00e3o transit\u00e1veis. A Prote\u00e7\u00e3o Civil Municipal alerta para condicionamentos em vias espec\u00edficas devido \u00e0 queda de neve nas \u00faltimas horas. A Estrada Nacional 206 (Vila Pouca de Aguiar \u2013 Valpa\u00e7os) apresenta constrangimentos \u00e0 circula\u00e7\u00e3o. A Estrada Nacional 212 (Vila Pouca de Aguiar \u2013 zona de Jales) tamb\u00e9m tem restri\u00e7\u00f5es. Apela-se aos automobilistas para condu\u00e7\u00e3o defensiva e para seguirem as indica\u00e7\u00f5es das autoridades no local.\" \/>\n<meta property=\"og:url\" content=\"https:\/\/portaltela.pt\/noticias\/2026\/01\/23\/estradas-do-concelho-ja-estao-transitaveis\/\" \/>\n<meta property=\"og:site_name\" content=\"Portal Tela Portugal\" \/>\n<meta property=\"article:published_time\" content=\"2026-01-23T13:07:14+00:00\" \/>\n<meta name=\"author\" content=\"Telinha\" \/>\n<meta name=\"twitter:card\" content=\"summary_large_image\" \/>\n<meta name=\"twitter:label1\" content=\"Escrito por\" \/>\n\t<meta name=\"twitter:data1\" content=\"Telinha\" \/>\n\t<meta name=\"twitter:label2\" content=\"Tempo estimado de leitura\" \/>\n\t<meta name=\"twitter:data2\" content=\"1 minuto\" \/>\n<script type=\"application\/ld+json\" class=\"yoast-schema-graph\">{\"@context\":\"https:\/\/schema.org\",\"@graph\":[{\"@type\":\"Article\",\"@id\":\"https:\/\/portaltela.pt\/noticias\/2026\/01\/23\/estradas-do-concelho-ja-estao-transitaveis\/#article\",\"isPartOf\":{\"@id\":\"https:\/\/portaltela.pt\/noticias\/2026\/01\/23\/estradas-do-concelho-ja-estao-transitaveis\/\"},\"author\":{\"name\":\"Telinha\",\"@id\":\"https:\/\/portaltela.pt\/#\/schema\/person\/c4278d4a6028830caff9ee44b42d32ed\"},\"headline\":\"Estradas do concelho j\u00e1 est\u00e3o transit\u00e1veis\",\"datePublished\":\"2026-01-23T13:07:14+00:00\",\"mainEntityOfPage\":{\"@id\":\"https:\/\/portaltela.pt\/noticias\/2026\/01\/23\/estradas-do-concelho-ja-estao-transitaveis\/\"},\"wordCount\":160,\"image\":{\"@id\":\"https:\/\/portaltela.pt\/noticias\/2026\/01\/23\/estradas-do-concelho-ja-estao-transitaveis\/#primaryimage\"},\"thumbnailUrl\":\"https:\/\/portaltela.pt\/s.01k8rhncp4jt1\/2026\/01\/unnamed-file-4763.jpg\",\"keywords\":[\"estradas\",\"seguran\u00e7a rodovi\u00e1ria\",\"tr\u00e2nsito\",\"transporte\",\"Valpa\u00e7os\",\"via p\u00fablica\"],\"articleSection\":[\"Not\u00edcias\"],\"inLanguage\":\"pt-PT\"},{\"@type\":\"WebPage\",\"@id\":\"https:\/\/portaltela.pt\/noticias\/2026\/01\/23\/estradas-do-concelho-ja-estao-transitaveis\/\",\"url\":\"https:\/\/portaltela.pt\/noticias\/2026\/01\/23\/estradas-do-concelho-ja-estao-transitaveis\/\",\"name\":\"Estradas do concelho j\u00e1 est\u00e3o transit\u00e1veis - Portal Tela Portugal\",\"isPartOf\":{\"@id\":\"https:\/\/portaltela.pt\/#website\"},\"primaryImageOfPage\":{\"@id\":\"https:\/\/portaltela.pt\/noticias\/2026\/01\/23\/estradas-do-concelho-ja-estao-transitaveis\/#primaryimage\"},\"image\":{\"@id\":\"https:\/\/portaltela.pt\/noticias\/2026\/01\/23\/estradas-do-concelho-ja-estao-transitaveis\/#primaryimage\"},\"thumbnailUrl\":\"https:\/\/portaltela.pt\/s.01k8rhncp4jt1\/2026\/01\/unnamed-file-4763.jpg\",\"datePublished\":\"2026-01-23T13:07:14+00:00\",\"author\":{\"@id\":\"https:\/\/portaltela.pt\/#\/schema\/person\/c4278d4a6028830caff9ee44b42d32ed\"},\"breadcrumb\":{\"@id\":\"https:\/\/portaltela.pt\/noticias\/2026\/01\/23\/estradas-do-concelho-ja-estao-transitaveis\/#breadcrumb\"},\"inLanguage\":\"pt-PT\",\"potentialAction\":[{\"@type\":\"ReadAction\",\"target\":[\"https:\/\/portaltela.pt\/noticias\/2026\/01\/23\/estradas-do-concelho-ja-estao-transitaveis\/\"]}]},{\"@type\":\"ImageObject\",\"inLanguage\":\"pt-PT\",\"@id\":\"https:\/\/portaltela.pt\/noticias\/2026\/01\/23\/estradas-do-concelho-ja-estao-transitaveis\/#primaryimage\",\"url\":\"https:\/\/portaltela.pt\/s.01k8rhncp4jt1\/2026\/01\/unnamed-file-4763.jpg\",\"contentUrl\":\"https:\/\/portaltela.pt\/s.01k8rhncp4jt1\/2026\/01\/unnamed-file-4763.jpg\",\"width\":796,\"height\":448,\"caption\":\"Mau tempo afeta serras da Padrela e do Alv\u00e3o\"},{\"@type\":\"BreadcrumbList\",\"@id\":\"https:\/\/portaltela.pt\/noticias\/2026\/01\/23\/estradas-do-concelho-ja-estao-transitaveis\/#breadcrumb\",\"itemListElement\":[{\"@type\":\"ListItem\",\"position\":1,\"name\":\"In\u00edcio\",\"item\":\"https:\/\/portaltela.pt\/\"},{\"@type\":\"ListItem\",\"position\":2,\"name\":\"Estradas do concelho j\u00e1 est\u00e3o transit\u00e1veis\"}]},{\"@type\":\"WebSite\",\"@id\":\"https:\/\/portaltela.pt\/#website\",\"url\":\"https:\/\/portaltela.pt\/\",\"name\":\"Portal Tela Portugal\",\"description\":\"\",\"potentialAction\":[{\"@type\":\"SearchAction\",\"target\":{\"@type\":\"EntryPoint\",\"urlTemplate\":\"https:\/\/portaltela.pt\/?s={search_term_string}\"},\"query-input\":{\"@type\":\"PropertyValueSpecification\",\"valueRequired\":true,\"valueName\":\"search_term_string\"}}],\"inLanguage\":\"pt-PT\"},{\"@type\":\"Person\",\"@id\":\"https:\/\/portaltela.pt\/#\/schema\/person\/c4278d4a6028830caff9ee44b42d32ed\",\"name\":\"Telinha\",\"image\":{\"@type\":\"ImageObject\",\"inLanguage\":\"pt-PT\",\"@id\":\"https:\/\/portaltela.pt\/s.01k8rhncp4jt1\/2025\/11\/talking-bot-125x125.png\",\"url\":\"https:\/\/portaltela.pt\/s.01k8rhncp4jt1\/2025\/11\/talking-bot-125x125.png\",\"contentUrl\":\"https:\/\/portaltela.pt\/s.01k8rhncp4jt1\/2025\/11\/talking-bot-125x125.png\",\"caption\":\"Telinha\"},\"sameAs\":[\"https:\/\/portaltela.pt\/\"],\"url\":\"https:\/\/portaltela.pt\/por\/367410592786\/\"}]}<\/script>\n<!-- \/ Yoast SEO plugin. -->","yoast_head_json":{"title":"Estradas do concelho j\u00e1 est\u00e3o transit\u00e1veis - Portal Tela Portugal","robots":{"index":"index","follow":"follow","max-snippet":"max-snippet:-1","max-image-preview":"max-image-preview:large","max-video-preview":"max-video-preview:-1"},"og_locale":"pt_PT","og_type":"article","og_title":"Estradas do concelho j\u00e1 est\u00e3o transit\u00e1veis - Portal Tela Portugal","og_description":"Todas as estradas do concelho de Vila Pouca de Aguiar est\u00e3o transit\u00e1veis. A Prote\u00e7\u00e3o Civil Municipal alerta para condicionamentos em vias espec\u00edficas devido \u00e0 queda de neve nas \u00faltimas horas. A Estrada Nacional 206 (Vila Pouca de Aguiar \u2013 Valpa\u00e7os) apresenta constrangimentos \u00e0 circula\u00e7\u00e3o. A Estrada Nacional 212 (Vila Pouca de Aguiar \u2013 zona de Jales) tamb\u00e9m tem restri\u00e7\u00f5es. Apela-se aos automobilistas para condu\u00e7\u00e3o defensiva e para seguirem as indica\u00e7\u00f5es das autoridades no local.","og_url":"https:\/\/portaltela.pt\/noticias\/2026\/01\/23\/estradas-do-concelho-ja-estao-transitaveis\/","og_site_name":"Portal Tela Portugal","article_published_time":"2026-01-23T13:07:14+00:00","author":"Telinha","twitter_card":"summary_large_image","twitter_misc":{"Escrito por":"Telinha","Tempo estimado de leitura":"1 minuto"},"schema":{"@context":"https:\/\/schema.org","@graph":[{"@type":"Article","@id":"https:\/\/portaltela.pt\/noticias\/2026\/01\/23\/estradas-do-concelho-ja-estao-transitaveis\/#article","isPartOf":{"@id":"https:\/\/portaltela.pt\/noticias\/2026\/01\/23\/estradas-do-concelho-ja-estao-transitaveis\/"},"author":{"name":"Telinha","@id":"https:\/\/portaltela.pt\/#\/schema\/person\/c4278d4a6028830caff9ee44b42d32ed"},"headline":"Estradas do concelho j\u00e1 est\u00e3o transit\u00e1veis","datePublished":"2026-01-23T13:07:14+00:00","mainEntityOfPage":{"@id":"https:\/\/portaltela.pt\/noticias\/2026\/01\/23\/estradas-do-concelho-ja-estao-transitaveis\/"},"wordCount":160,"image":{"@id":"https:\/\/portaltela.pt\/noticias\/2026\/01\/23\/estradas-do-concelho-ja-estao-transitaveis\/#primaryimage"},"thumbnailUrl":"https:\/\/portaltela.pt\/s.01k8rhncp4jt1\/2026\/01\/unnamed-file-4763.jpg","keywords":["estradas","seguran\u00e7a rodovi\u00e1ria","tr\u00e2nsito","transporte","Valpa\u00e7os","via p\u00fablica"],"articleSection":["Not\u00edcias"],"inLanguage":"pt-PT"},{"@type":"WebPage","@id":"https:\/\/portaltela.pt\/noticias\/2026\/01\/23\/estradas-do-concelho-ja-estao-transitaveis\/","url":"https:\/\/portaltela.pt\/noticias\/2026\/01\/23\/estradas-do-concelho-ja-estao-transitaveis\/","name":"Estradas do concelho j\u00e1 est\u00e3o transit\u00e1veis - Portal Tela Portugal","isPartOf":{"@id":"https:\/\/portaltela.pt\/#website"},"primaryImageOfPage":{"@id":"https:\/\/portaltela.pt\/noticias\/2026\/01\/23\/estradas-do-concelho-ja-estao-transitaveis\/#primaryimage"},"image":{"@id":"https:\/\/portaltela.pt\/noticias\/2026\/01\/23\/estradas-do-concelho-ja-estao-transitaveis\/#primaryimage"},"thumbnailUrl":"https:\/\/portaltela.pt\/s.01k8rhncp4jt1\/2026\/01\/unnamed-file-4763.jpg","datePublished":"2026-01-23T13:07:14+00:00","author":{"@id":"https:\/\/portaltela.pt\/#\/schema\/person\/c4278d4a6028830caff9ee44b42d32ed"},"breadcrumb":{"@id":"https:\/\/portaltela.pt\/noticias\/2026\/01\/23\/estradas-do-concelho-ja-estao-transitaveis\/#breadcrumb"},"inLanguage":"pt-PT","potentialAction":[{"@type":"ReadAction","target":["https:\/\/portaltela.pt\/noticias\/2026\/01\/23\/estradas-do-concelho-ja-estao-transitaveis\/"]}]},{"@type":"ImageObject","inLanguage":"pt-PT","@id":"https:\/\/portaltela.pt\/noticias\/2026\/01\/23\/estradas-do-concelho-ja-estao-transitaveis\/#primaryimage","url":"https:\/\/portaltela.pt\/s.01k8rhncp4jt1\/2026\/01\/unnamed-file-4763.jpg","contentUrl":"https:\/\/portaltela.pt\/s.01k8rhncp4jt1\/2026\/01\/unnamed-file-4763.jpg","width":796,"height":448,"caption":"Mau tempo afeta serras da Padrela e do Alv\u00e3o"},{"@type":"BreadcrumbList","@id":"https:\/\/portaltela.pt\/noticias\/2026\/01\/23\/estradas-do-concelho-ja-estao-transitaveis\/#breadcrumb","itemListElement":[{"@type":"ListItem","position":1,"name":"In\u00edcio","item":"https:\/\/portaltela.pt\/"},{"@type":"ListItem","position":2,"name":"Estradas do concelho j\u00e1 est\u00e3o transit\u00e1veis"}]},{"@type":"WebSite","@id":"https:\/\/portaltela.pt\/#website","url":"https:\/\/portaltela.pt\/","name":"Portal Tela Portugal","description":"","potentialAction":[{"@type":"SearchAction","target":{"@type":"EntryPoint","urlTemplate":"https:\/\/portaltela.pt\/?s={search_term_string}"},"query-input":{"@type":"PropertyValueSpecification","valueRequired":true,"valueName":"search_term_string"}}],"inLanguage":"pt-PT"},{"@type":"Person","@id":"https:\/\/portaltela.pt\/#\/schema\/person\/c4278d4a6028830caff9ee44b42d32ed","name":"Telinha","image":{"@type":"ImageObject","inLanguage":"pt-PT","@id":"https:\/\/portaltela.pt\/s.01k8rhncp4jt1\/2025\/11\/talking-bot-125x125.png","url":"https:\/\/portaltela.pt\/s.01k8rhncp4jt1\/2025\/11\/talking-bot-125x125.png","contentUrl":"https:\/\/portaltela.pt\/s.01k8rhncp4jt1\/2025\/11\/talking-bot-125x125.png","caption":"Telinha"},"sameAs":["https:\/\/portaltela.pt\/"],"url":"https:\/\/portaltela.pt\/por\/367410592786\/"}]}},"_links":{"self":[{"href":"https:\/\/portaltela.pt\/api\/wp\/v2\/posts\/166857","targetHints":{"allow":["GET"]}}],"collection":[{"href":"https:\/\/portaltela.pt\/api\/wp\/v2\/posts"}],"about":[{"href":"https:\/\/portaltela.pt\/api\/wp\/v2\/types\/post"}],"author":[{"embeddable":true,"href":"https:\/\/portaltela.pt\/api\/wp\/v2\/users\/2"}],"replies":[{"embeddable":true,"href":"https:\/\/portaltela.pt\/api\/wp\/v2\/comments?post=166857"}],"version-history":[{"count":0,"href":"https:\/\/portaltela.pt\/api\/wp\/v2\/posts\/166857\/revisions"}],"wp:featuredmedia":[{"embeddable":true,"href":"https:\/\/portaltela.pt\/api\/wp\/v2\/media\/166891"}],"wp:attachment":[{"href":"https:\/\/portaltela.pt\/api\/wp\/v2\/media?parent=166857"}],"wp:term":[{"taxonomy":"category","embeddable":true,"href":"https:\/\/portaltela.pt\/api\/wp\/v2\/categories?post=166857"},{"taxonomy":"post_tag","embeddable":true,"href":"https:\/\/portaltela.pt\/api\/wp\/v2\/tags?post=166857"}],"curies":[{"name":"wp","href":"https:\/\/api.w.org\/{rel}","templated":true}]}}