{"id":166794,"date":"2026-01-23T10:03:56","date_gmt":"2026-01-23T13:03:56","guid":{"rendered":"https:\/\/portaltela.pt\/noticias\/2026\/01\/23\/costa-levanta-duvidas-sobre-o-conselho-de-paz-de-trump\/"},"modified":"2026-01-23T10:03:56","modified_gmt":"2026-01-23T13:03:56","slug":"costa-levanta-duvidas-sobre-o-conselho-de-paz-de-trump","status":"publish","type":"post","link":"https:\/\/portaltela.pt\/noticias\/politica\/2026\/01\/23\/costa-levanta-duvidas-sobre-o-conselho-de-paz-de-trump\/","title":{"rendered":"Costa levanta d\u00favidas sobre o Conselho de Paz de Trump"},"content":{"rendered":"<p>O presidente do Conselho Europeu, Ant\u00f3nio Costa, afirmou na sexta-feira que a Uni\u00e3o Europeia tem s\u00e9rias d\u00favidas sobre o Conselho de Paz de Donald Trump. A principal preocupa\u00e7\u00e3o centra-se no n\u00famero de elementos do \u00f3rg\u00e3o, no \u00e2mbito e na forma de governa\u00e7\u00e3o, bem como na sua compatibilidade com a Carta das Na\u00e7\u00f5es Unidas.<\/p>\n<p>Costa explicou que estas d\u00favidas incidem sobre a estrutura do Conselho de Paz e a sua rela\u00e7\u00e3o com o sistema multilateral atual. O objetivo \u00e9 compreender como o \u00f3rg\u00e3o pode operacionar no contexto internacional e respeitar os compromissos da ONU.<\/p>\n<p>Apesar das reservas, o l\u00edder europeu revelou disponibilidade para manter uma colabora\u00e7\u00e3o com os Estados Unidos. O objetivo \u00e9 avaliar oportunidades de coopera\u00e7\u00e3o sem comprometer os princ\u00edpios da ordem internacional existente.<\/p>\n<p>As declara\u00e7\u00f5es destacam a cautela da UE face a propostas que possam alterar o equil\u00edbrio entre entidades internacionais e a reputa\u00e7\u00e3o da ONU. N\u00e3o foram divulgados detalhes adicionais sobre prazos ou pr\u00f3ximos passos.<\/p>\n","protected":false},"excerpt":{"rendered":"<ul>\n<li>Ant\u00f3nio Costa, presidente do Conselho Europeu, disse que a Uni\u00e3o Europeia tem s\u00e9rias d\u00favidas sobre o Conselho de Paz de Donald Trump.<\/li>\n<li>As d\u00favidas centram-se no n\u00famero de elementos da Carta do Conselho para a Paz, relacionado com o seu \u00e2mbito, governa\u00e7\u00e3o e compatibilidade com a Carta das Na\u00e7\u00f5es Unidas.<\/li>\n<li>Costa afirmou que a UE questiona a governa\u00e7\u00e3o e a abrang\u00eancia do referido conselho.<\/li>\n<li>Ainda assim, o respons\u00e1vel europeu manifestou disponibilidade para trabalhar com os Estados Unidos.<\/li>\n<\/ul>\n","protected":false},"author":2,"featured_media":166823,"comment_status":"closed","ping_status":"closed","sticky":false,"template":"","format":"standard","meta":{"footnotes":""},"categories":[1,5],"tags":[3777,3782,29,2127,2023,2055],"class_list":["post-166794","post","type-post","status-publish","format-standard","has-post-thumbnail","hentry","category-noticias","category-politica","tag-antonio-costa","tag-conselho-de-paz","tag-diplomacia","tag-nacoes-unidas","tag-organizacoes-internacionais","tag-uniao-europeia"],"yoast_head":"<!-- This site is optimized with the Yoast SEO plugin v27.2 - https:\/\/yoast.com\/product\/yoast-seo-wordpress\/ -->\n<title>Costa levanta d\u00favidas sobre o Conselho de Paz de Trump - Portal Tela Portugal<\/title>\n<meta name=\"robots\" content=\"index, follow, max-snippet:-1, max-image-preview:large, max-video-preview:-1\" \/>\n<meta property=\"og:locale\" content=\"pt_PT\" \/>\n<meta property=\"og:type\" content=\"article\" \/>\n<meta property=\"og:title\" content=\"Costa levanta d\u00favidas sobre o Conselho de Paz de Trump - Portal Tela Portugal\" \/>\n<meta property=\"og:description\" content=\"Ant\u00f3nio Costa, presidente do Conselho Europeu, disse que a Uni\u00e3o Europeia tem s\u00e9rias d\u00favidas sobre o Conselho de Paz de Donald Trump. As d\u00favidas centram-se no n\u00famero de elementos da Carta do Conselho para a Paz, relacionado com o seu \u00e2mbito, governa\u00e7\u00e3o e compatibilidade com a Carta das Na\u00e7\u00f5es Unidas. Costa afirmou que a UE questiona a governa\u00e7\u00e3o e a abrang\u00eancia do referido conselho. Ainda assim, o respons\u00e1vel europeu manifestou disponibilidade para trabalhar com os Estados Unidos.\" \/>\n<meta property=\"og:url\" content=\"https:\/\/portaltela.pt\/noticias\/2026\/01\/23\/costa-levanta-duvidas-sobre-o-conselho-de-paz-de-trump\/\" \/>\n<meta property=\"og:site_name\" content=\"Portal Tela Portugal\" \/>\n<meta property=\"article:published_time\" content=\"2026-01-23T13:03:56+00:00\" \/>\n<meta name=\"author\" content=\"Telinha\" \/>\n<meta name=\"twitter:card\" content=\"summary_large_image\" \/>\n<meta name=\"twitter:label1\" content=\"Escrito por\" \/>\n\t<meta name=\"twitter:data1\" content=\"Telinha\" \/>\n\t<meta name=\"twitter:label2\" content=\"Tempo estimado de leitura\" \/>\n\t<meta name=\"twitter:data2\" content=\"1 minuto\" \/>\n<script type=\"application\/ld+json\" class=\"yoast-schema-graph\">{\"@context\":\"https:\/\/schema.org\",\"@graph\":[{\"@type\":\"Article\",\"@id\":\"https:\/\/portaltela.pt\/noticias\/2026\/01\/23\/costa-levanta-duvidas-sobre-o-conselho-de-paz-de-trump\/#article\",\"isPartOf\":{\"@id\":\"https:\/\/portaltela.pt\/noticias\/2026\/01\/23\/costa-levanta-duvidas-sobre-o-conselho-de-paz-de-trump\/\"},\"author\":{\"name\":\"Telinha\",\"@id\":\"https:\/\/portaltela.pt\/#\/schema\/person\/c4278d4a6028830caff9ee44b42d32ed\"},\"headline\":\"Costa levanta d\u00favidas sobre o Conselho de Paz de Trump\",\"datePublished\":\"2026-01-23T13:03:56+00:00\",\"mainEntityOfPage\":{\"@id\":\"https:\/\/portaltela.pt\/noticias\/2026\/01\/23\/costa-levanta-duvidas-sobre-o-conselho-de-paz-de-trump\/\"},\"wordCount\":187,\"image\":{\"@id\":\"https:\/\/portaltela.pt\/noticias\/2026\/01\/23\/costa-levanta-duvidas-sobre-o-conselho-de-paz-de-trump\/#primaryimage\"},\"thumbnailUrl\":\"https:\/\/portaltela.pt\/s.01k8rhncp4jt1\/2026\/01\/img_1200x721uu2026-01-23-11-06-37-2416805-1.jpg\",\"keywords\":[\"Ant\u00f3nio Costa\",\"Conselho de Paz\",\"diplomacia\",\"Na\u00e7\u00f5es Unidas\",\"organiza\u00e7\u00f5es internacionais\",\"Uni\u00e3o Europeia\"],\"articleSection\":[\"Not\u00edcias\",\"Pol\u00edtica\"],\"inLanguage\":\"pt-PT\"},{\"@type\":\"WebPage\",\"@id\":\"https:\/\/portaltela.pt\/noticias\/2026\/01\/23\/costa-levanta-duvidas-sobre-o-conselho-de-paz-de-trump\/\",\"url\":\"https:\/\/portaltela.pt\/noticias\/2026\/01\/23\/costa-levanta-duvidas-sobre-o-conselho-de-paz-de-trump\/\",\"name\":\"Costa levanta d\u00favidas sobre o Conselho de Paz de Trump - Portal Tela Portugal\",\"isPartOf\":{\"@id\":\"https:\/\/portaltela.pt\/#website\"},\"primaryImageOfPage\":{\"@id\":\"https:\/\/portaltela.pt\/noticias\/2026\/01\/23\/costa-levanta-duvidas-sobre-o-conselho-de-paz-de-trump\/#primaryimage\"},\"image\":{\"@id\":\"https:\/\/portaltela.pt\/noticias\/2026\/01\/23\/costa-levanta-duvidas-sobre-o-conselho-de-paz-de-trump\/#primaryimage\"},\"thumbnailUrl\":\"https:\/\/portaltela.pt\/s.01k8rhncp4jt1\/2026\/01\/img_1200x721uu2026-01-23-11-06-37-2416805-1.jpg\",\"datePublished\":\"2026-01-23T13:03:56+00:00\",\"author\":{\"@id\":\"https:\/\/portaltela.pt\/#\/schema\/person\/c4278d4a6028830caff9ee44b42d32ed\"},\"breadcrumb\":{\"@id\":\"https:\/\/portaltela.pt\/noticias\/2026\/01\/23\/costa-levanta-duvidas-sobre-o-conselho-de-paz-de-trump\/#breadcrumb\"},\"inLanguage\":\"pt-PT\",\"potentialAction\":[{\"@type\":\"ReadAction\",\"target\":[\"https:\/\/portaltela.pt\/noticias\/2026\/01\/23\/costa-levanta-duvidas-sobre-o-conselho-de-paz-de-trump\/\"]}]},{\"@type\":\"ImageObject\",\"inLanguage\":\"pt-PT\",\"@id\":\"https:\/\/portaltela.pt\/noticias\/2026\/01\/23\/costa-levanta-duvidas-sobre-o-conselho-de-paz-de-trump\/#primaryimage\",\"url\":\"https:\/\/portaltela.pt\/s.01k8rhncp4jt1\/2026\/01\/img_1200x721uu2026-01-23-11-06-37-2416805-1.jpg\",\"contentUrl\":\"https:\/\/portaltela.pt\/s.01k8rhncp4jt1\/2026\/01\/img_1200x721uu2026-01-23-11-06-37-2416805-1.jpg\",\"width\":796,\"height\":448,\"caption\":\"Ant\u00f3nio Costa levanta \u201cs\u00e9rias d\u00favidas\u201d sobre Conselho de Paz de Donald Trump\"},{\"@type\":\"BreadcrumbList\",\"@id\":\"https:\/\/portaltela.pt\/noticias\/2026\/01\/23\/costa-levanta-duvidas-sobre-o-conselho-de-paz-de-trump\/#breadcrumb\",\"itemListElement\":[{\"@type\":\"ListItem\",\"position\":1,\"name\":\"In\u00edcio\",\"item\":\"https:\/\/portaltela.pt\/\"},{\"@type\":\"ListItem\",\"position\":2,\"name\":\"Costa levanta d\u00favidas sobre o Conselho de Paz de Trump\"}]},{\"@type\":\"WebSite\",\"@id\":\"https:\/\/portaltela.pt\/#website\",\"url\":\"https:\/\/portaltela.pt\/\",\"name\":\"Portal Tela Portugal\",\"description\":\"\",\"potentialAction\":[{\"@type\":\"SearchAction\",\"target\":{\"@type\":\"EntryPoint\",\"urlTemplate\":\"https:\/\/portaltela.pt\/?s={search_term_string}\"},\"query-input\":{\"@type\":\"PropertyValueSpecification\",\"valueRequired\":true,\"valueName\":\"search_term_string\"}}],\"inLanguage\":\"pt-PT\"},{\"@type\":\"Person\",\"@id\":\"https:\/\/portaltela.pt\/#\/schema\/person\/c4278d4a6028830caff9ee44b42d32ed\",\"name\":\"Telinha\",\"image\":{\"@type\":\"ImageObject\",\"inLanguage\":\"pt-PT\",\"@id\":\"https:\/\/portaltela.pt\/s.01k8rhncp4jt1\/2025\/11\/talking-bot-125x125.png\",\"url\":\"https:\/\/portaltela.pt\/s.01k8rhncp4jt1\/2025\/11\/talking-bot-125x125.png\",\"contentUrl\":\"https:\/\/portaltela.pt\/s.01k8rhncp4jt1\/2025\/11\/talking-bot-125x125.png\",\"caption\":\"Telinha\"},\"sameAs\":[\"https:\/\/portaltela.pt\/\"],\"url\":\"https:\/\/portaltela.pt\/por\/367410592786\/\"}]}<\/script>\n<!-- \/ Yoast SEO plugin. -->","yoast_head_json":{"title":"Costa levanta d\u00favidas sobre o Conselho de Paz de Trump - Portal Tela Portugal","robots":{"index":"index","follow":"follow","max-snippet":"max-snippet:-1","max-image-preview":"max-image-preview:large","max-video-preview":"max-video-preview:-1"},"og_locale":"pt_PT","og_type":"article","og_title":"Costa levanta d\u00favidas sobre o Conselho de Paz de Trump - Portal Tela Portugal","og_description":"Ant\u00f3nio Costa, presidente do Conselho Europeu, disse que a Uni\u00e3o Europeia tem s\u00e9rias d\u00favidas sobre o Conselho de Paz de Donald Trump. As d\u00favidas centram-se no n\u00famero de elementos da Carta do Conselho para a Paz, relacionado com o seu \u00e2mbito, governa\u00e7\u00e3o e compatibilidade com a Carta das Na\u00e7\u00f5es Unidas. Costa afirmou que a UE questiona a governa\u00e7\u00e3o e a abrang\u00eancia do referido conselho. Ainda assim, o respons\u00e1vel europeu manifestou disponibilidade para trabalhar com os Estados Unidos.","og_url":"https:\/\/portaltela.pt\/noticias\/2026\/01\/23\/costa-levanta-duvidas-sobre-o-conselho-de-paz-de-trump\/","og_site_name":"Portal Tela Portugal","article_published_time":"2026-01-23T13:03:56+00:00","author":"Telinha","twitter_card":"summary_large_image","twitter_misc":{"Escrito por":"Telinha","Tempo estimado de leitura":"1 minuto"},"schema":{"@context":"https:\/\/schema.org","@graph":[{"@type":"Article","@id":"https:\/\/portaltela.pt\/noticias\/2026\/01\/23\/costa-levanta-duvidas-sobre-o-conselho-de-paz-de-trump\/#article","isPartOf":{"@id":"https:\/\/portaltela.pt\/noticias\/2026\/01\/23\/costa-levanta-duvidas-sobre-o-conselho-de-paz-de-trump\/"},"author":{"name":"Telinha","@id":"https:\/\/portaltela.pt\/#\/schema\/person\/c4278d4a6028830caff9ee44b42d32ed"},"headline":"Costa levanta d\u00favidas sobre o Conselho de Paz de Trump","datePublished":"2026-01-23T13:03:56+00:00","mainEntityOfPage":{"@id":"https:\/\/portaltela.pt\/noticias\/2026\/01\/23\/costa-levanta-duvidas-sobre-o-conselho-de-paz-de-trump\/"},"wordCount":187,"image":{"@id":"https:\/\/portaltela.pt\/noticias\/2026\/01\/23\/costa-levanta-duvidas-sobre-o-conselho-de-paz-de-trump\/#primaryimage"},"thumbnailUrl":"https:\/\/portaltela.pt\/s.01k8rhncp4jt1\/2026\/01\/img_1200x721uu2026-01-23-11-06-37-2416805-1.jpg","keywords":["Ant\u00f3nio Costa","Conselho de Paz","diplomacia","Na\u00e7\u00f5es Unidas","organiza\u00e7\u00f5es internacionais","Uni\u00e3o Europeia"],"articleSection":["Not\u00edcias","Pol\u00edtica"],"inLanguage":"pt-PT"},{"@type":"WebPage","@id":"https:\/\/portaltela.pt\/noticias\/2026\/01\/23\/costa-levanta-duvidas-sobre-o-conselho-de-paz-de-trump\/","url":"https:\/\/portaltela.pt\/noticias\/2026\/01\/23\/costa-levanta-duvidas-sobre-o-conselho-de-paz-de-trump\/","name":"Costa levanta d\u00favidas sobre o Conselho de Paz de Trump - Portal Tela Portugal","isPartOf":{"@id":"https:\/\/portaltela.pt\/#website"},"primaryImageOfPage":{"@id":"https:\/\/portaltela.pt\/noticias\/2026\/01\/23\/costa-levanta-duvidas-sobre-o-conselho-de-paz-de-trump\/#primaryimage"},"image":{"@id":"https:\/\/portaltela.pt\/noticias\/2026\/01\/23\/costa-levanta-duvidas-sobre-o-conselho-de-paz-de-trump\/#primaryimage"},"thumbnailUrl":"https:\/\/portaltela.pt\/s.01k8rhncp4jt1\/2026\/01\/img_1200x721uu2026-01-23-11-06-37-2416805-1.jpg","datePublished":"2026-01-23T13:03:56+00:00","author":{"@id":"https:\/\/portaltela.pt\/#\/schema\/person\/c4278d4a6028830caff9ee44b42d32ed"},"breadcrumb":{"@id":"https:\/\/portaltela.pt\/noticias\/2026\/01\/23\/costa-levanta-duvidas-sobre-o-conselho-de-paz-de-trump\/#breadcrumb"},"inLanguage":"pt-PT","potentialAction":[{"@type":"ReadAction","target":["https:\/\/portaltela.pt\/noticias\/2026\/01\/23\/costa-levanta-duvidas-sobre-o-conselho-de-paz-de-trump\/"]}]},{"@type":"ImageObject","inLanguage":"pt-PT","@id":"https:\/\/portaltela.pt\/noticias\/2026\/01\/23\/costa-levanta-duvidas-sobre-o-conselho-de-paz-de-trump\/#primaryimage","url":"https:\/\/portaltela.pt\/s.01k8rhncp4jt1\/2026\/01\/img_1200x721uu2026-01-23-11-06-37-2416805-1.jpg","contentUrl":"https:\/\/portaltela.pt\/s.01k8rhncp4jt1\/2026\/01\/img_1200x721uu2026-01-23-11-06-37-2416805-1.jpg","width":796,"height":448,"caption":"Ant\u00f3nio Costa levanta \u201cs\u00e9rias d\u00favidas\u201d sobre Conselho de Paz de Donald Trump"},{"@type":"BreadcrumbList","@id":"https:\/\/portaltela.pt\/noticias\/2026\/01\/23\/costa-levanta-duvidas-sobre-o-conselho-de-paz-de-trump\/#breadcrumb","itemListElement":[{"@type":"ListItem","position":1,"name":"In\u00edcio","item":"https:\/\/portaltela.pt\/"},{"@type":"ListItem","position":2,"name":"Costa levanta d\u00favidas sobre o Conselho de Paz de Trump"}]},{"@type":"WebSite","@id":"https:\/\/portaltela.pt\/#website","url":"https:\/\/portaltela.pt\/","name":"Portal Tela Portugal","description":"","potentialAction":[{"@type":"SearchAction","target":{"@type":"EntryPoint","urlTemplate":"https:\/\/portaltela.pt\/?s={search_term_string}"},"query-input":{"@type":"PropertyValueSpecification","valueRequired":true,"valueName":"search_term_string"}}],"inLanguage":"pt-PT"},{"@type":"Person","@id":"https:\/\/portaltela.pt\/#\/schema\/person\/c4278d4a6028830caff9ee44b42d32ed","name":"Telinha","image":{"@type":"ImageObject","inLanguage":"pt-PT","@id":"https:\/\/portaltela.pt\/s.01k8rhncp4jt1\/2025\/11\/talking-bot-125x125.png","url":"https:\/\/portaltela.pt\/s.01k8rhncp4jt1\/2025\/11\/talking-bot-125x125.png","contentUrl":"https:\/\/portaltela.pt\/s.01k8rhncp4jt1\/2025\/11\/talking-bot-125x125.png","caption":"Telinha"},"sameAs":["https:\/\/portaltela.pt\/"],"url":"https:\/\/portaltela.pt\/por\/367410592786\/"}]}},"_links":{"self":[{"href":"https:\/\/portaltela.pt\/api\/wp\/v2\/posts\/166794","targetHints":{"allow":["GET"]}}],"collection":[{"href":"https:\/\/portaltela.pt\/api\/wp\/v2\/posts"}],"about":[{"href":"https:\/\/portaltela.pt\/api\/wp\/v2\/types\/post"}],"author":[{"embeddable":true,"href":"https:\/\/portaltela.pt\/api\/wp\/v2\/users\/2"}],"replies":[{"embeddable":true,"href":"https:\/\/portaltela.pt\/api\/wp\/v2\/comments?post=166794"}],"version-history":[{"count":0,"href":"https:\/\/portaltela.pt\/api\/wp\/v2\/posts\/166794\/revisions"}],"wp:featuredmedia":[{"embeddable":true,"href":"https:\/\/portaltela.pt\/api\/wp\/v2\/media\/166823"}],"wp:attachment":[{"href":"https:\/\/portaltela.pt\/api\/wp\/v2\/media?parent=166794"}],"wp:term":[{"taxonomy":"category","embeddable":true,"href":"https:\/\/portaltela.pt\/api\/wp\/v2\/categories?post=166794"},{"taxonomy":"post_tag","embeddable":true,"href":"https:\/\/portaltela.pt\/api\/wp\/v2\/tags?post=166794"}],"curies":[{"name":"wp","href":"https:\/\/api.w.org\/{rel}","templated":true}]}}