{"id":166766,"date":"2026-01-23T09:52:08","date_gmt":"2026-01-23T12:52:08","guid":{"rendered":"https:\/\/portaltela.pt\/noticias\/2026\/01\/23\/treinador-do-sporting-atualiza-sobre-o-regresso-de-nuno-santos\/"},"modified":"2026-01-23T09:52:08","modified_gmt":"2026-01-23T12:52:08","slug":"treinador-do-sporting-atualiza-sobre-o-regresso-de-nuno-santos","status":"publish","type":"post","link":"https:\/\/portaltela.pt\/desporto\/futebol\/2026\/01\/23\/treinador-do-sporting-atualiza-sobre-o-regresso-de-nuno-santos\/","title":{"rendered":"Treinador do Sporting atualiza sobre o regresso de Nuno Santos"},"content":{"rendered":"<p>O treinador do Sporting, Rui Borges, fez hoje o ponto de situa\u00e7\u00e3o sobre os lesionados, na antevis\u00e3o ao jogo com o Arouca, da 19.\u00aa jornada da Liga. A principal novidade \u00e9 o poss\u00edvel regresso de Nuno Santos, ainda sem data certa.<\/p>\n<p>Borges disse acreditar que Nuno Santos poder\u00e1 come\u00e7ar a treinar com o plantel na pr\u00f3xima semana, caso n\u00e3o haja contratiempo. O t\u00e9cnico mostrou otimismo quanto a esse regresso, sem confirmar oficialmente.<\/p>\n<p>Quanto a Ioannidis, o t\u00e9cnico n\u00e3o definiu uma data de regresso, referindo que depende do dia a dia e dos pareceres m\u00e9dicos. O jogador poder\u00e1 ainda n\u00e3o estar dispon\u00edvel at\u00e9 ao Nacional, conforme a evolu\u00e7\u00e3o cl\u00ednica.<\/p>\n<h3>Atualiza\u00e7\u00f5es de les\u00f5es e condicionantes<\/h3>\n<p>Ioannidis continua sem data definida para regressar, com avalia\u00e7\u00e3o di\u00e1ria do setor m\u00e9dico. Por outro lado, Pedro Gon\u00e7alves (Pote) e Ousmane Diomande treinaram, ficando a decis\u00e3o sobre a continuidade da recupera\u00e7\u00e3o por tomar.<\/p>\n","protected":false},"excerpt":{"rendered":"<ul>\n<li>Rui Borges, treinador do Sporting, atualizou o estado dos lesionados na antevis\u00e3o do jogo com o Arouca, da 19.\u00aa jornada da Liga.<\/li>\n<li>Nuno Santos pode come\u00e7ar a treinar connosco na pr\u00f3xima semana, segundo o treinador.<\/li>\n<li>Ioannidis n\u00e3o tem data espec\u00edfica de regresso; o dia a dia orienta o andamento, e o m\u00e9dico decide.<\/li>\n<li>O treinador aponta que at\u00e9 ao Nacional poder\u00e1 estar dispon\u00edvel, conforme evolu\u00e7\u00e3o.<\/li>\n<li>Pote e Ousmane Diomande treinaram recentemente, por\u00e9m resta decidir se entram na pr\u00f3xima convocat\u00f3ria.<\/li>\n<\/ul>\n","protected":false},"author":2,"featured_media":166768,"comment_status":"closed","ping_status":"closed","sticky":false,"template":"","format":"standard","meta":{"footnotes":""},"categories":[21,24],"tags":[900,32,1735,1319,3373,1652],"class_list":["post-166766","post","type-post","status-publish","format-standard","has-post-thumbnail","hentry","category-desporto","category-futebol","tag-arouca","tag-futebol","tag-lesionados","tag-nacional","tag-pedro-goncalves","tag-sporting"],"yoast_head":"<!-- This site is optimized with the Yoast SEO plugin v27.2 - https:\/\/yoast.com\/product\/yoast-seo-wordpress\/ -->\n<title>Treinador do Sporting atualiza sobre o regresso de Nuno Santos - Portal Tela Portugal<\/title>\n<meta name=\"robots\" content=\"index, follow, max-snippet:-1, max-image-preview:large, max-video-preview:-1\" \/>\n<meta property=\"og:locale\" content=\"pt_PT\" \/>\n<meta property=\"og:type\" content=\"article\" \/>\n<meta property=\"og:title\" content=\"Treinador do Sporting atualiza sobre o regresso de Nuno Santos - Portal Tela Portugal\" \/>\n<meta property=\"og:description\" content=\"Rui Borges, treinador do Sporting, atualizou o estado dos lesionados na antevis\u00e3o do jogo com o Arouca, da 19.\u00aa jornada da Liga. Nuno Santos pode come\u00e7ar a treinar connosco na pr\u00f3xima semana, segundo o treinador. Ioannidis n\u00e3o tem data espec\u00edfica de regresso; o dia a dia orienta o andamento, e o m\u00e9dico decide. O treinador aponta que at\u00e9 ao Nacional poder\u00e1 estar dispon\u00edvel, conforme evolu\u00e7\u00e3o. Pote e Ousmane Diomande treinaram recentemente, por\u00e9m resta decidir se entram na pr\u00f3xima convocat\u00f3ria.\" \/>\n<meta property=\"og:url\" content=\"https:\/\/portaltela.pt\/noticias\/2026\/01\/23\/treinador-do-sporting-atualiza-sobre-o-regresso-de-nuno-santos\/\" \/>\n<meta property=\"og:site_name\" content=\"Portal Tela Portugal\" \/>\n<meta property=\"article:published_time\" content=\"2026-01-23T12:52:08+00:00\" \/>\n<meta name=\"author\" content=\"Telinha\" \/>\n<meta name=\"twitter:card\" content=\"summary_large_image\" \/>\n<meta name=\"twitter:label1\" content=\"Escrito por\" \/>\n\t<meta name=\"twitter:data1\" content=\"Telinha\" \/>\n\t<meta name=\"twitter:label2\" content=\"Tempo estimado de leitura\" \/>\n\t<meta name=\"twitter:data2\" content=\"1 minuto\" \/>\n<script type=\"application\/ld+json\" class=\"yoast-schema-graph\">{\"@context\":\"https:\/\/schema.org\",\"@graph\":[{\"@type\":\"Article\",\"@id\":\"https:\/\/portaltela.pt\/noticias\/2026\/01\/23\/treinador-do-sporting-atualiza-sobre-o-regresso-de-nuno-santos\/#article\",\"isPartOf\":{\"@id\":\"https:\/\/portaltela.pt\/noticias\/2026\/01\/23\/treinador-do-sporting-atualiza-sobre-o-regresso-de-nuno-santos\/\"},\"author\":{\"name\":\"Telinha\",\"@id\":\"https:\/\/portaltela.pt\/#\/schema\/person\/c4278d4a6028830caff9ee44b42d32ed\"},\"headline\":\"Treinador do Sporting atualiza sobre o regresso de Nuno Santos\",\"datePublished\":\"2026-01-23T12:52:08+00:00\",\"mainEntityOfPage\":{\"@id\":\"https:\/\/portaltela.pt\/noticias\/2026\/01\/23\/treinador-do-sporting-atualiza-sobre-o-regresso-de-nuno-santos\/\"},\"wordCount\":176,\"image\":{\"@id\":\"https:\/\/portaltela.pt\/noticias\/2026\/01\/23\/treinador-do-sporting-atualiza-sobre-o-regresso-de-nuno-santos\/#primaryimage\"},\"thumbnailUrl\":\"https:\/\/portaltela.pt\/s.01k8rhncp4jt1\/2026\/01\/f73fe297-eb01-4560-b0e9-0d02f6132e2a.jpg\",\"keywords\":[\"Arouca\",\"futebol\",\"Lesionados\",\"Nacional\",\"Pedro Gon\u00e7alves\",\"Sporting\"],\"articleSection\":[\"Desporto\",\"Futebol\"],\"inLanguage\":\"pt-PT\"},{\"@type\":\"WebPage\",\"@id\":\"https:\/\/portaltela.pt\/noticias\/2026\/01\/23\/treinador-do-sporting-atualiza-sobre-o-regresso-de-nuno-santos\/\",\"url\":\"https:\/\/portaltela.pt\/noticias\/2026\/01\/23\/treinador-do-sporting-atualiza-sobre-o-regresso-de-nuno-santos\/\",\"name\":\"Treinador do Sporting atualiza sobre o regresso de Nuno Santos - Portal Tela Portugal\",\"isPartOf\":{\"@id\":\"https:\/\/portaltela.pt\/#website\"},\"primaryImageOfPage\":{\"@id\":\"https:\/\/portaltela.pt\/noticias\/2026\/01\/23\/treinador-do-sporting-atualiza-sobre-o-regresso-de-nuno-santos\/#primaryimage\"},\"image\":{\"@id\":\"https:\/\/portaltela.pt\/noticias\/2026\/01\/23\/treinador-do-sporting-atualiza-sobre-o-regresso-de-nuno-santos\/#primaryimage\"},\"thumbnailUrl\":\"https:\/\/portaltela.pt\/s.01k8rhncp4jt1\/2026\/01\/f73fe297-eb01-4560-b0e9-0d02f6132e2a.jpg\",\"datePublished\":\"2026-01-23T12:52:08+00:00\",\"author\":{\"@id\":\"https:\/\/portaltela.pt\/#\/schema\/person\/c4278d4a6028830caff9ee44b42d32ed\"},\"breadcrumb\":{\"@id\":\"https:\/\/portaltela.pt\/noticias\/2026\/01\/23\/treinador-do-sporting-atualiza-sobre-o-regresso-de-nuno-santos\/#breadcrumb\"},\"inLanguage\":\"pt-PT\",\"potentialAction\":[{\"@type\":\"ReadAction\",\"target\":[\"https:\/\/portaltela.pt\/noticias\/2026\/01\/23\/treinador-do-sporting-atualiza-sobre-o-regresso-de-nuno-santos\/\"]}]},{\"@type\":\"ImageObject\",\"inLanguage\":\"pt-PT\",\"@id\":\"https:\/\/portaltela.pt\/noticias\/2026\/01\/23\/treinador-do-sporting-atualiza-sobre-o-regresso-de-nuno-santos\/#primaryimage\",\"url\":\"https:\/\/portaltela.pt\/s.01k8rhncp4jt1\/2026\/01\/f73fe297-eb01-4560-b0e9-0d02f6132e2a.jpg\",\"contentUrl\":\"https:\/\/portaltela.pt\/s.01k8rhncp4jt1\/2026\/01\/f73fe297-eb01-4560-b0e9-0d02f6132e2a.jpg\",\"width\":796,\"height\":448,\"caption\":\"Rui Borges - Foto: Rog\u00e9rio Ferreira\/Kapta+\"},{\"@type\":\"BreadcrumbList\",\"@id\":\"https:\/\/portaltela.pt\/noticias\/2026\/01\/23\/treinador-do-sporting-atualiza-sobre-o-regresso-de-nuno-santos\/#breadcrumb\",\"itemListElement\":[{\"@type\":\"ListItem\",\"position\":1,\"name\":\"In\u00edcio\",\"item\":\"https:\/\/portaltela.pt\/\"},{\"@type\":\"ListItem\",\"position\":2,\"name\":\"Treinador do Sporting atualiza sobre o regresso de Nuno Santos\"}]},{\"@type\":\"WebSite\",\"@id\":\"https:\/\/portaltela.pt\/#website\",\"url\":\"https:\/\/portaltela.pt\/\",\"name\":\"Portal Tela Portugal\",\"description\":\"\",\"potentialAction\":[{\"@type\":\"SearchAction\",\"target\":{\"@type\":\"EntryPoint\",\"urlTemplate\":\"https:\/\/portaltela.pt\/?s={search_term_string}\"},\"query-input\":{\"@type\":\"PropertyValueSpecification\",\"valueRequired\":true,\"valueName\":\"search_term_string\"}}],\"inLanguage\":\"pt-PT\"},{\"@type\":\"Person\",\"@id\":\"https:\/\/portaltela.pt\/#\/schema\/person\/c4278d4a6028830caff9ee44b42d32ed\",\"name\":\"Telinha\",\"image\":{\"@type\":\"ImageObject\",\"inLanguage\":\"pt-PT\",\"@id\":\"https:\/\/portaltela.pt\/s.01k8rhncp4jt1\/2025\/11\/talking-bot-125x125.png\",\"url\":\"https:\/\/portaltela.pt\/s.01k8rhncp4jt1\/2025\/11\/talking-bot-125x125.png\",\"contentUrl\":\"https:\/\/portaltela.pt\/s.01k8rhncp4jt1\/2025\/11\/talking-bot-125x125.png\",\"caption\":\"Telinha\"},\"sameAs\":[\"https:\/\/portaltela.pt\/\"],\"url\":\"https:\/\/portaltela.pt\/por\/367410592786\/\"}]}<\/script>\n<!-- \/ Yoast SEO plugin. -->","yoast_head_json":{"title":"Treinador do Sporting atualiza sobre o regresso de Nuno Santos - Portal Tela Portugal","robots":{"index":"index","follow":"follow","max-snippet":"max-snippet:-1","max-image-preview":"max-image-preview:large","max-video-preview":"max-video-preview:-1"},"og_locale":"pt_PT","og_type":"article","og_title":"Treinador do Sporting atualiza sobre o regresso de Nuno Santos - Portal Tela Portugal","og_description":"Rui Borges, treinador do Sporting, atualizou o estado dos lesionados na antevis\u00e3o do jogo com o Arouca, da 19.\u00aa jornada da Liga. Nuno Santos pode come\u00e7ar a treinar connosco na pr\u00f3xima semana, segundo o treinador. Ioannidis n\u00e3o tem data espec\u00edfica de regresso; o dia a dia orienta o andamento, e o m\u00e9dico decide. O treinador aponta que at\u00e9 ao Nacional poder\u00e1 estar dispon\u00edvel, conforme evolu\u00e7\u00e3o. Pote e Ousmane Diomande treinaram recentemente, por\u00e9m resta decidir se entram na pr\u00f3xima convocat\u00f3ria.","og_url":"https:\/\/portaltela.pt\/noticias\/2026\/01\/23\/treinador-do-sporting-atualiza-sobre-o-regresso-de-nuno-santos\/","og_site_name":"Portal Tela Portugal","article_published_time":"2026-01-23T12:52:08+00:00","author":"Telinha","twitter_card":"summary_large_image","twitter_misc":{"Escrito por":"Telinha","Tempo estimado de leitura":"1 minuto"},"schema":{"@context":"https:\/\/schema.org","@graph":[{"@type":"Article","@id":"https:\/\/portaltela.pt\/noticias\/2026\/01\/23\/treinador-do-sporting-atualiza-sobre-o-regresso-de-nuno-santos\/#article","isPartOf":{"@id":"https:\/\/portaltela.pt\/noticias\/2026\/01\/23\/treinador-do-sporting-atualiza-sobre-o-regresso-de-nuno-santos\/"},"author":{"name":"Telinha","@id":"https:\/\/portaltela.pt\/#\/schema\/person\/c4278d4a6028830caff9ee44b42d32ed"},"headline":"Treinador do Sporting atualiza sobre o regresso de Nuno Santos","datePublished":"2026-01-23T12:52:08+00:00","mainEntityOfPage":{"@id":"https:\/\/portaltela.pt\/noticias\/2026\/01\/23\/treinador-do-sporting-atualiza-sobre-o-regresso-de-nuno-santos\/"},"wordCount":176,"image":{"@id":"https:\/\/portaltela.pt\/noticias\/2026\/01\/23\/treinador-do-sporting-atualiza-sobre-o-regresso-de-nuno-santos\/#primaryimage"},"thumbnailUrl":"https:\/\/portaltela.pt\/s.01k8rhncp4jt1\/2026\/01\/f73fe297-eb01-4560-b0e9-0d02f6132e2a.jpg","keywords":["Arouca","futebol","Lesionados","Nacional","Pedro Gon\u00e7alves","Sporting"],"articleSection":["Desporto","Futebol"],"inLanguage":"pt-PT"},{"@type":"WebPage","@id":"https:\/\/portaltela.pt\/noticias\/2026\/01\/23\/treinador-do-sporting-atualiza-sobre-o-regresso-de-nuno-santos\/","url":"https:\/\/portaltela.pt\/noticias\/2026\/01\/23\/treinador-do-sporting-atualiza-sobre-o-regresso-de-nuno-santos\/","name":"Treinador do Sporting atualiza sobre o regresso de Nuno Santos - Portal Tela Portugal","isPartOf":{"@id":"https:\/\/portaltela.pt\/#website"},"primaryImageOfPage":{"@id":"https:\/\/portaltela.pt\/noticias\/2026\/01\/23\/treinador-do-sporting-atualiza-sobre-o-regresso-de-nuno-santos\/#primaryimage"},"image":{"@id":"https:\/\/portaltela.pt\/noticias\/2026\/01\/23\/treinador-do-sporting-atualiza-sobre-o-regresso-de-nuno-santos\/#primaryimage"},"thumbnailUrl":"https:\/\/portaltela.pt\/s.01k8rhncp4jt1\/2026\/01\/f73fe297-eb01-4560-b0e9-0d02f6132e2a.jpg","datePublished":"2026-01-23T12:52:08+00:00","author":{"@id":"https:\/\/portaltela.pt\/#\/schema\/person\/c4278d4a6028830caff9ee44b42d32ed"},"breadcrumb":{"@id":"https:\/\/portaltela.pt\/noticias\/2026\/01\/23\/treinador-do-sporting-atualiza-sobre-o-regresso-de-nuno-santos\/#breadcrumb"},"inLanguage":"pt-PT","potentialAction":[{"@type":"ReadAction","target":["https:\/\/portaltela.pt\/noticias\/2026\/01\/23\/treinador-do-sporting-atualiza-sobre-o-regresso-de-nuno-santos\/"]}]},{"@type":"ImageObject","inLanguage":"pt-PT","@id":"https:\/\/portaltela.pt\/noticias\/2026\/01\/23\/treinador-do-sporting-atualiza-sobre-o-regresso-de-nuno-santos\/#primaryimage","url":"https:\/\/portaltela.pt\/s.01k8rhncp4jt1\/2026\/01\/f73fe297-eb01-4560-b0e9-0d02f6132e2a.jpg","contentUrl":"https:\/\/portaltela.pt\/s.01k8rhncp4jt1\/2026\/01\/f73fe297-eb01-4560-b0e9-0d02f6132e2a.jpg","width":796,"height":448,"caption":"Rui Borges - Foto: Rog\u00e9rio Ferreira\/Kapta+"},{"@type":"BreadcrumbList","@id":"https:\/\/portaltela.pt\/noticias\/2026\/01\/23\/treinador-do-sporting-atualiza-sobre-o-regresso-de-nuno-santos\/#breadcrumb","itemListElement":[{"@type":"ListItem","position":1,"name":"In\u00edcio","item":"https:\/\/portaltela.pt\/"},{"@type":"ListItem","position":2,"name":"Treinador do Sporting atualiza sobre o regresso de Nuno Santos"}]},{"@type":"WebSite","@id":"https:\/\/portaltela.pt\/#website","url":"https:\/\/portaltela.pt\/","name":"Portal Tela Portugal","description":"","potentialAction":[{"@type":"SearchAction","target":{"@type":"EntryPoint","urlTemplate":"https:\/\/portaltela.pt\/?s={search_term_string}"},"query-input":{"@type":"PropertyValueSpecification","valueRequired":true,"valueName":"search_term_string"}}],"inLanguage":"pt-PT"},{"@type":"Person","@id":"https:\/\/portaltela.pt\/#\/schema\/person\/c4278d4a6028830caff9ee44b42d32ed","name":"Telinha","image":{"@type":"ImageObject","inLanguage":"pt-PT","@id":"https:\/\/portaltela.pt\/s.01k8rhncp4jt1\/2025\/11\/talking-bot-125x125.png","url":"https:\/\/portaltela.pt\/s.01k8rhncp4jt1\/2025\/11\/talking-bot-125x125.png","contentUrl":"https:\/\/portaltela.pt\/s.01k8rhncp4jt1\/2025\/11\/talking-bot-125x125.png","caption":"Telinha"},"sameAs":["https:\/\/portaltela.pt\/"],"url":"https:\/\/portaltela.pt\/por\/367410592786\/"}]}},"_links":{"self":[{"href":"https:\/\/portaltela.pt\/api\/wp\/v2\/posts\/166766","targetHints":{"allow":["GET"]}}],"collection":[{"href":"https:\/\/portaltela.pt\/api\/wp\/v2\/posts"}],"about":[{"href":"https:\/\/portaltela.pt\/api\/wp\/v2\/types\/post"}],"author":[{"embeddable":true,"href":"https:\/\/portaltela.pt\/api\/wp\/v2\/users\/2"}],"replies":[{"embeddable":true,"href":"https:\/\/portaltela.pt\/api\/wp\/v2\/comments?post=166766"}],"version-history":[{"count":0,"href":"https:\/\/portaltela.pt\/api\/wp\/v2\/posts\/166766\/revisions"}],"wp:featuredmedia":[{"embeddable":true,"href":"https:\/\/portaltela.pt\/api\/wp\/v2\/media\/166768"}],"wp:attachment":[{"href":"https:\/\/portaltela.pt\/api\/wp\/v2\/media?parent=166766"}],"wp:term":[{"taxonomy":"category","embeddable":true,"href":"https:\/\/portaltela.pt\/api\/wp\/v2\/categories?post=166766"},{"taxonomy":"post_tag","embeddable":true,"href":"https:\/\/portaltela.pt\/api\/wp\/v2\/tags?post=166766"}],"curies":[{"name":"wp","href":"https:\/\/api.w.org\/{rel}","templated":true}]}}