{"id":166734,"date":"2026-01-23T09:48:02","date_gmt":"2026-01-23T12:48:02","guid":{"rendered":"https:\/\/portaltela.pt\/noticias\/2026\/01\/23\/alunos-de-sabrosa-regressam-mais-cedo-por-mas-condicoes-meteorologicas\/"},"modified":"2026-01-23T09:48:02","modified_gmt":"2026-01-23T12:48:02","slug":"alunos-de-sabrosa-regressam-mais-cedo-por-mas-condicoes-meteorologicas","status":"publish","type":"post","link":"https:\/\/portaltela.pt\/noticias\/2026\/01\/23\/alunos-de-sabrosa-regressam-mais-cedo-por-mas-condicoes-meteorologicas\/","title":{"rendered":"Alunos de Sabrosa regressam mais cedo por m\u00e1s condi\u00e7\u00f5es meteorol\u00f3gicas"},"content":{"rendered":"<p>O Munic\u00edpio de Sabrosa, em articula\u00e7\u00e3o com o Agrupamento de Escolas de Miguel Torga, informou o regresso antecipado a casa de todos os alunos ap\u00f3s o per\u00edodo de almo\u00e7o. A medida afeta as institui\u00e7\u00f5es de ensino do concelho.<\/p>\n<p>A decis\u00e3o foi tomada face \u00e0 previs\u00e3o de agravamento das condi\u00e7\u00f5es meteorol\u00f3gicas ao final do dia. N\u00e3o foram fornecidos detalhes sobre hor\u00e1rios espec\u00edficos, apenas a antecipa\u00e7\u00e3o do regresso.<\/p>\n<p>Assim, pais e encarregados de educa\u00e7\u00e3o devem estar atentos aos comunicados oficiais das escolas. A medida visa assegurar a seguran\u00e7a de alunos durante o regresso de manh\u00e3 para casa.<\/p>\n","protected":false},"excerpt":{"rendered":"<ul>\n<li>O munic\u00edpio de Sabrosa, em parceria com o Agrupamento de Escolas de Miguel Torga, informou o regresso antecipado a casa de todos os alunos ap\u00f3s o per\u00edodo de almo\u00e7o.<\/li>\n<li>A medida deve-se \u00e0 previs\u00e3o de agravamento das condi\u00e7\u00f5es meteorol\u00f3gicas ao final do dia.<\/li>\n<li>A decis\u00e3o envolve as institui\u00e7\u00f5es abrangidas pela parceria no munic\u00edpio.<\/li>\n<li>N\u00e3o s\u00e3o dados hor\u00e1rios adicionais nem detalhes sobre impactos operacionais.<\/li>\n<\/ul>\n","protected":false},"author":2,"featured_media":166748,"comment_status":"closed","ping_status":"closed","sticky":false,"template":"","format":"standard","meta":{"footnotes":""},"categories":[1],"tags":[1795,144,163,101,210,1014],"class_list":["post-166734","post","type-post","status-publish","format-standard","has-post-thumbnail","hentry","category-noticias","tag-clima-escolar","tag-concelho","tag-educacao","tag-escolas","tag-pais","tag-portugal"],"yoast_head":"<!-- This site is optimized with the Yoast SEO plugin v27.2 - https:\/\/yoast.com\/product\/yoast-seo-wordpress\/ -->\n<title>Alunos de Sabrosa regressam mais cedo por m\u00e1s condi\u00e7\u00f5es meteorol\u00f3gicas - Portal Tela Portugal<\/title>\n<meta name=\"robots\" content=\"index, follow, max-snippet:-1, max-image-preview:large, max-video-preview:-1\" \/>\n<meta property=\"og:locale\" content=\"pt_PT\" \/>\n<meta property=\"og:type\" content=\"article\" \/>\n<meta property=\"og:title\" content=\"Alunos de Sabrosa regressam mais cedo por m\u00e1s condi\u00e7\u00f5es meteorol\u00f3gicas - Portal Tela Portugal\" \/>\n<meta property=\"og:description\" content=\"O munic\u00edpio de Sabrosa, em parceria com o Agrupamento de Escolas de Miguel Torga, informou o regresso antecipado a casa de todos os alunos ap\u00f3s o per\u00edodo de almo\u00e7o. A medida deve-se \u00e0 previs\u00e3o de agravamento das condi\u00e7\u00f5es meteorol\u00f3gicas ao final do dia. A decis\u00e3o envolve as institui\u00e7\u00f5es abrangidas pela parceria no munic\u00edpio. N\u00e3o s\u00e3o dados hor\u00e1rios adicionais nem detalhes sobre impactos operacionais.\" \/>\n<meta property=\"og:url\" content=\"https:\/\/portaltela.pt\/noticias\/2026\/01\/23\/alunos-de-sabrosa-regressam-mais-cedo-por-mas-condicoes-meteorologicas\/\" \/>\n<meta property=\"og:site_name\" content=\"Portal Tela Portugal\" \/>\n<meta property=\"article:published_time\" content=\"2026-01-23T12:48:02+00:00\" \/>\n<meta name=\"author\" content=\"Telinha\" \/>\n<meta name=\"twitter:card\" content=\"summary_large_image\" \/>\n<meta name=\"twitter:label1\" content=\"Escrito por\" \/>\n\t<meta name=\"twitter:data1\" content=\"Telinha\" \/>\n\t<meta name=\"twitter:label2\" content=\"Tempo estimado de leitura\" \/>\n\t<meta name=\"twitter:data2\" content=\"1 minuto\" \/>\n<script type=\"application\/ld+json\" class=\"yoast-schema-graph\">{\"@context\":\"https:\/\/schema.org\",\"@graph\":[{\"@type\":\"Article\",\"@id\":\"https:\/\/portaltela.pt\/noticias\/2026\/01\/23\/alunos-de-sabrosa-regressam-mais-cedo-por-mas-condicoes-meteorologicas\/#article\",\"isPartOf\":{\"@id\":\"https:\/\/portaltela.pt\/noticias\/2026\/01\/23\/alunos-de-sabrosa-regressam-mais-cedo-por-mas-condicoes-meteorologicas\/\"},\"author\":{\"name\":\"Telinha\",\"@id\":\"https:\/\/portaltela.pt\/#\/schema\/person\/c4278d4a6028830caff9ee44b42d32ed\"},\"headline\":\"Alunos de Sabrosa regressam mais cedo por m\u00e1s condi\u00e7\u00f5es meteorol\u00f3gicas\",\"datePublished\":\"2026-01-23T12:48:02+00:00\",\"mainEntityOfPage\":{\"@id\":\"https:\/\/portaltela.pt\/noticias\/2026\/01\/23\/alunos-de-sabrosa-regressam-mais-cedo-por-mas-condicoes-meteorologicas\/\"},\"wordCount\":123,\"image\":{\"@id\":\"https:\/\/portaltela.pt\/noticias\/2026\/01\/23\/alunos-de-sabrosa-regressam-mais-cedo-por-mas-condicoes-meteorologicas\/#primaryimage\"},\"thumbnailUrl\":\"https:\/\/portaltela.pt\/s.01k8rhncp4jt1\/2026\/01\/unnamed-file-4754.jpg\",\"keywords\":[\"clima escolar\",\"concelho\",\"educa\u00e7\u00e3o\",\"escolas\",\"pais\",\"Portugal\"],\"articleSection\":[\"Not\u00edcias\"],\"inLanguage\":\"pt-PT\"},{\"@type\":\"WebPage\",\"@id\":\"https:\/\/portaltela.pt\/noticias\/2026\/01\/23\/alunos-de-sabrosa-regressam-mais-cedo-por-mas-condicoes-meteorologicas\/\",\"url\":\"https:\/\/portaltela.pt\/noticias\/2026\/01\/23\/alunos-de-sabrosa-regressam-mais-cedo-por-mas-condicoes-meteorologicas\/\",\"name\":\"Alunos de Sabrosa regressam mais cedo por m\u00e1s condi\u00e7\u00f5es meteorol\u00f3gicas - Portal Tela Portugal\",\"isPartOf\":{\"@id\":\"https:\/\/portaltela.pt\/#website\"},\"primaryImageOfPage\":{\"@id\":\"https:\/\/portaltela.pt\/noticias\/2026\/01\/23\/alunos-de-sabrosa-regressam-mais-cedo-por-mas-condicoes-meteorologicas\/#primaryimage\"},\"image\":{\"@id\":\"https:\/\/portaltela.pt\/noticias\/2026\/01\/23\/alunos-de-sabrosa-regressam-mais-cedo-por-mas-condicoes-meteorologicas\/#primaryimage\"},\"thumbnailUrl\":\"https:\/\/portaltela.pt\/s.01k8rhncp4jt1\/2026\/01\/unnamed-file-4754.jpg\",\"datePublished\":\"2026-01-23T12:48:02+00:00\",\"author\":{\"@id\":\"https:\/\/portaltela.pt\/#\/schema\/person\/c4278d4a6028830caff9ee44b42d32ed\"},\"breadcrumb\":{\"@id\":\"https:\/\/portaltela.pt\/noticias\/2026\/01\/23\/alunos-de-sabrosa-regressam-mais-cedo-por-mas-condicoes-meteorologicas\/#breadcrumb\"},\"inLanguage\":\"pt-PT\",\"potentialAction\":[{\"@type\":\"ReadAction\",\"target\":[\"https:\/\/portaltela.pt\/noticias\/2026\/01\/23\/alunos-de-sabrosa-regressam-mais-cedo-por-mas-condicoes-meteorologicas\/\"]}]},{\"@type\":\"ImageObject\",\"inLanguage\":\"pt-PT\",\"@id\":\"https:\/\/portaltela.pt\/noticias\/2026\/01\/23\/alunos-de-sabrosa-regressam-mais-cedo-por-mas-condicoes-meteorologicas\/#primaryimage\",\"url\":\"https:\/\/portaltela.pt\/s.01k8rhncp4jt1\/2026\/01\/unnamed-file-4754.jpg\",\"contentUrl\":\"https:\/\/portaltela.pt\/s.01k8rhncp4jt1\/2026\/01\/unnamed-file-4754.jpg\",\"width\":796,\"height\":448,\"caption\":\"Alunos de Sabrosa regressam mais cedo a casa face a condi\u00e7\u00f5es meteorol\u00f3gicas adversas\"},{\"@type\":\"BreadcrumbList\",\"@id\":\"https:\/\/portaltela.pt\/noticias\/2026\/01\/23\/alunos-de-sabrosa-regressam-mais-cedo-por-mas-condicoes-meteorologicas\/#breadcrumb\",\"itemListElement\":[{\"@type\":\"ListItem\",\"position\":1,\"name\":\"In\u00edcio\",\"item\":\"https:\/\/portaltela.pt\/\"},{\"@type\":\"ListItem\",\"position\":2,\"name\":\"Alunos de Sabrosa regressam mais cedo por m\u00e1s condi\u00e7\u00f5es meteorol\u00f3gicas\"}]},{\"@type\":\"WebSite\",\"@id\":\"https:\/\/portaltela.pt\/#website\",\"url\":\"https:\/\/portaltela.pt\/\",\"name\":\"Portal Tela Portugal\",\"description\":\"\",\"potentialAction\":[{\"@type\":\"SearchAction\",\"target\":{\"@type\":\"EntryPoint\",\"urlTemplate\":\"https:\/\/portaltela.pt\/?s={search_term_string}\"},\"query-input\":{\"@type\":\"PropertyValueSpecification\",\"valueRequired\":true,\"valueName\":\"search_term_string\"}}],\"inLanguage\":\"pt-PT\"},{\"@type\":\"Person\",\"@id\":\"https:\/\/portaltela.pt\/#\/schema\/person\/c4278d4a6028830caff9ee44b42d32ed\",\"name\":\"Telinha\",\"image\":{\"@type\":\"ImageObject\",\"inLanguage\":\"pt-PT\",\"@id\":\"https:\/\/portaltela.pt\/s.01k8rhncp4jt1\/2025\/11\/talking-bot-125x125.png\",\"url\":\"https:\/\/portaltela.pt\/s.01k8rhncp4jt1\/2025\/11\/talking-bot-125x125.png\",\"contentUrl\":\"https:\/\/portaltela.pt\/s.01k8rhncp4jt1\/2025\/11\/talking-bot-125x125.png\",\"caption\":\"Telinha\"},\"sameAs\":[\"https:\/\/portaltela.pt\/\"],\"url\":\"https:\/\/portaltela.pt\/por\/367410592786\/\"}]}<\/script>\n<!-- \/ Yoast SEO plugin. -->","yoast_head_json":{"title":"Alunos de Sabrosa regressam mais cedo por m\u00e1s condi\u00e7\u00f5es meteorol\u00f3gicas - Portal Tela Portugal","robots":{"index":"index","follow":"follow","max-snippet":"max-snippet:-1","max-image-preview":"max-image-preview:large","max-video-preview":"max-video-preview:-1"},"og_locale":"pt_PT","og_type":"article","og_title":"Alunos de Sabrosa regressam mais cedo por m\u00e1s condi\u00e7\u00f5es meteorol\u00f3gicas - Portal Tela Portugal","og_description":"O munic\u00edpio de Sabrosa, em parceria com o Agrupamento de Escolas de Miguel Torga, informou o regresso antecipado a casa de todos os alunos ap\u00f3s o per\u00edodo de almo\u00e7o. A medida deve-se \u00e0 previs\u00e3o de agravamento das condi\u00e7\u00f5es meteorol\u00f3gicas ao final do dia. A decis\u00e3o envolve as institui\u00e7\u00f5es abrangidas pela parceria no munic\u00edpio. N\u00e3o s\u00e3o dados hor\u00e1rios adicionais nem detalhes sobre impactos operacionais.","og_url":"https:\/\/portaltela.pt\/noticias\/2026\/01\/23\/alunos-de-sabrosa-regressam-mais-cedo-por-mas-condicoes-meteorologicas\/","og_site_name":"Portal Tela Portugal","article_published_time":"2026-01-23T12:48:02+00:00","author":"Telinha","twitter_card":"summary_large_image","twitter_misc":{"Escrito por":"Telinha","Tempo estimado de leitura":"1 minuto"},"schema":{"@context":"https:\/\/schema.org","@graph":[{"@type":"Article","@id":"https:\/\/portaltela.pt\/noticias\/2026\/01\/23\/alunos-de-sabrosa-regressam-mais-cedo-por-mas-condicoes-meteorologicas\/#article","isPartOf":{"@id":"https:\/\/portaltela.pt\/noticias\/2026\/01\/23\/alunos-de-sabrosa-regressam-mais-cedo-por-mas-condicoes-meteorologicas\/"},"author":{"name":"Telinha","@id":"https:\/\/portaltela.pt\/#\/schema\/person\/c4278d4a6028830caff9ee44b42d32ed"},"headline":"Alunos de Sabrosa regressam mais cedo por m\u00e1s condi\u00e7\u00f5es meteorol\u00f3gicas","datePublished":"2026-01-23T12:48:02+00:00","mainEntityOfPage":{"@id":"https:\/\/portaltela.pt\/noticias\/2026\/01\/23\/alunos-de-sabrosa-regressam-mais-cedo-por-mas-condicoes-meteorologicas\/"},"wordCount":123,"image":{"@id":"https:\/\/portaltela.pt\/noticias\/2026\/01\/23\/alunos-de-sabrosa-regressam-mais-cedo-por-mas-condicoes-meteorologicas\/#primaryimage"},"thumbnailUrl":"https:\/\/portaltela.pt\/s.01k8rhncp4jt1\/2026\/01\/unnamed-file-4754.jpg","keywords":["clima escolar","concelho","educa\u00e7\u00e3o","escolas","pais","Portugal"],"articleSection":["Not\u00edcias"],"inLanguage":"pt-PT"},{"@type":"WebPage","@id":"https:\/\/portaltela.pt\/noticias\/2026\/01\/23\/alunos-de-sabrosa-regressam-mais-cedo-por-mas-condicoes-meteorologicas\/","url":"https:\/\/portaltela.pt\/noticias\/2026\/01\/23\/alunos-de-sabrosa-regressam-mais-cedo-por-mas-condicoes-meteorologicas\/","name":"Alunos de Sabrosa regressam mais cedo por m\u00e1s condi\u00e7\u00f5es meteorol\u00f3gicas - Portal Tela Portugal","isPartOf":{"@id":"https:\/\/portaltela.pt\/#website"},"primaryImageOfPage":{"@id":"https:\/\/portaltela.pt\/noticias\/2026\/01\/23\/alunos-de-sabrosa-regressam-mais-cedo-por-mas-condicoes-meteorologicas\/#primaryimage"},"image":{"@id":"https:\/\/portaltela.pt\/noticias\/2026\/01\/23\/alunos-de-sabrosa-regressam-mais-cedo-por-mas-condicoes-meteorologicas\/#primaryimage"},"thumbnailUrl":"https:\/\/portaltela.pt\/s.01k8rhncp4jt1\/2026\/01\/unnamed-file-4754.jpg","datePublished":"2026-01-23T12:48:02+00:00","author":{"@id":"https:\/\/portaltela.pt\/#\/schema\/person\/c4278d4a6028830caff9ee44b42d32ed"},"breadcrumb":{"@id":"https:\/\/portaltela.pt\/noticias\/2026\/01\/23\/alunos-de-sabrosa-regressam-mais-cedo-por-mas-condicoes-meteorologicas\/#breadcrumb"},"inLanguage":"pt-PT","potentialAction":[{"@type":"ReadAction","target":["https:\/\/portaltela.pt\/noticias\/2026\/01\/23\/alunos-de-sabrosa-regressam-mais-cedo-por-mas-condicoes-meteorologicas\/"]}]},{"@type":"ImageObject","inLanguage":"pt-PT","@id":"https:\/\/portaltela.pt\/noticias\/2026\/01\/23\/alunos-de-sabrosa-regressam-mais-cedo-por-mas-condicoes-meteorologicas\/#primaryimage","url":"https:\/\/portaltela.pt\/s.01k8rhncp4jt1\/2026\/01\/unnamed-file-4754.jpg","contentUrl":"https:\/\/portaltela.pt\/s.01k8rhncp4jt1\/2026\/01\/unnamed-file-4754.jpg","width":796,"height":448,"caption":"Alunos de Sabrosa regressam mais cedo a casa face a condi\u00e7\u00f5es meteorol\u00f3gicas adversas"},{"@type":"BreadcrumbList","@id":"https:\/\/portaltela.pt\/noticias\/2026\/01\/23\/alunos-de-sabrosa-regressam-mais-cedo-por-mas-condicoes-meteorologicas\/#breadcrumb","itemListElement":[{"@type":"ListItem","position":1,"name":"In\u00edcio","item":"https:\/\/portaltela.pt\/"},{"@type":"ListItem","position":2,"name":"Alunos de Sabrosa regressam mais cedo por m\u00e1s condi\u00e7\u00f5es meteorol\u00f3gicas"}]},{"@type":"WebSite","@id":"https:\/\/portaltela.pt\/#website","url":"https:\/\/portaltela.pt\/","name":"Portal Tela Portugal","description":"","potentialAction":[{"@type":"SearchAction","target":{"@type":"EntryPoint","urlTemplate":"https:\/\/portaltela.pt\/?s={search_term_string}"},"query-input":{"@type":"PropertyValueSpecification","valueRequired":true,"valueName":"search_term_string"}}],"inLanguage":"pt-PT"},{"@type":"Person","@id":"https:\/\/portaltela.pt\/#\/schema\/person\/c4278d4a6028830caff9ee44b42d32ed","name":"Telinha","image":{"@type":"ImageObject","inLanguage":"pt-PT","@id":"https:\/\/portaltela.pt\/s.01k8rhncp4jt1\/2025\/11\/talking-bot-125x125.png","url":"https:\/\/portaltela.pt\/s.01k8rhncp4jt1\/2025\/11\/talking-bot-125x125.png","contentUrl":"https:\/\/portaltela.pt\/s.01k8rhncp4jt1\/2025\/11\/talking-bot-125x125.png","caption":"Telinha"},"sameAs":["https:\/\/portaltela.pt\/"],"url":"https:\/\/portaltela.pt\/por\/367410592786\/"}]}},"_links":{"self":[{"href":"https:\/\/portaltela.pt\/api\/wp\/v2\/posts\/166734","targetHints":{"allow":["GET"]}}],"collection":[{"href":"https:\/\/portaltela.pt\/api\/wp\/v2\/posts"}],"about":[{"href":"https:\/\/portaltela.pt\/api\/wp\/v2\/types\/post"}],"author":[{"embeddable":true,"href":"https:\/\/portaltela.pt\/api\/wp\/v2\/users\/2"}],"replies":[{"embeddable":true,"href":"https:\/\/portaltela.pt\/api\/wp\/v2\/comments?post=166734"}],"version-history":[{"count":0,"href":"https:\/\/portaltela.pt\/api\/wp\/v2\/posts\/166734\/revisions"}],"wp:featuredmedia":[{"embeddable":true,"href":"https:\/\/portaltela.pt\/api\/wp\/v2\/media\/166748"}],"wp:attachment":[{"href":"https:\/\/portaltela.pt\/api\/wp\/v2\/media?parent=166734"}],"wp:term":[{"taxonomy":"category","embeddable":true,"href":"https:\/\/portaltela.pt\/api\/wp\/v2\/categories?post=166734"},{"taxonomy":"post_tag","embeddable":true,"href":"https:\/\/portaltela.pt\/api\/wp\/v2\/tags?post=166734"}],"curies":[{"name":"wp","href":"https:\/\/api.w.org\/{rel}","templated":true}]}}