{"id":166695,"date":"2026-01-23T09:40:00","date_gmt":"2026-01-23T12:40:00","guid":{"rendered":"https:\/\/portaltela.pt\/noticias\/2026\/01\/23\/en315-e-en316-em-alfandega-da-fe-e-macedo-de-cavaleiros-encerradas-pela-neve\/"},"modified":"2026-01-23T09:40:00","modified_gmt":"2026-01-23T12:40:00","slug":"en315-e-en316-em-alfandega-da-fe-e-macedo-de-cavaleiros-encerradas-pela-neve","status":"publish","type":"post","link":"https:\/\/portaltela.pt\/noticias\/2026\/01\/23\/en315-e-en316-em-alfandega-da-fe-e-macedo-de-cavaleiros-encerradas-pela-neve\/","title":{"rendered":"EN315 e EN316 em Alf\u00e2ndega da F\u00e9 e Macedo de Cavaleiros encerradas pela neve"},"content":{"rendered":"<p>As Estradas Nacionais EN 315, em Alf\u00e2ndega da F\u00e9, e EN 316, em Macedo de Cavaleiros, foram encerradas ao tr\u00e2nsito devido \u00e0 queda de neve. A decis\u00e3o visa assegurar a seguran\u00e7a vi\u00e1ria na regi\u00e3o de Bragan\u00e7a.<\/p>\n<p>O comandante sub-regional das Terras de Tr\u00e1s-os-Montes, Noel Afonso, confirmou o encerramento. A EN315 est\u00e1 fechada na Serra de Bornes e em Sambade, Alf\u00e2ndega da F\u00e9, e a EN316 entre Espadanedo e Vilar de Ouro, Macedo de Cavaleiros.<\/p>\n<p>A queda de neve era prevista para esta sexta-feira no distrito, a partir dos 600 metros de altitude. Os distritos vizinhos n\u00e3o detalharam encerramentos adicionais no momento.<\/p>\n<h3>Impacto em servi\u00e7os e mobilidade<\/h3>\n<p>Al\u00e9m dos constrangimentos rodovi\u00e1rios, o mau tempo levou ao encerramento de escolas em Macedo de Cavaleiros, Mogadouro, Vinhais e Carrazeda de Ansi\u00e3es.<\/p>\n<p>As autoridades aconselham condutores a evitar desloca\u00e7\u00f5es n\u00e3o essenciais, manter os ve\u00edculos equipados para intemp\u00e9ries e acompanhar atualiza\u00e7\u00f5es oficiais sobre o estado das vias.<\/p>\n","protected":false},"excerpt":{"rendered":"<ul>\n<li>As Estradas Nacionais 315 (Alf\u00e2ndega da F\u00e9) e 316 (Macedo de Cavaleiros), no distrito de Bragan\u00e7a, foram encerradas ao tr\u00e2nsito devido \u00e0 queda de neve.<\/li>\n<li>A EN315 est\u00e1 fechada na Serra de Bornes e Sambade, em Alf\u00e2ndega da F\u00e9, segundo o comandante sub-regional Noel Afonso.<\/li>\n<li>A EN316 permanece cortada ao tr\u00e2nsito entre Espadanedo e Vilar de Ouro, em Macedo de Cavaleiros.<\/li>\n<li>A previs\u00e3o indicava neve a partir dos 600 metros de altitude no distrito de Bragan\u00e7a, nesta sexta-feira.<\/li>\n<li>Al\u00e9m dos encerramentos rodovi\u00e1rios, escolas de Macedo de Cavaleiros, Mogadouro, Vinhais e Carrazeda de Ansi\u00e3es foram tamb\u00e9m encerradas.<\/li>\n<\/ul>\n","protected":false},"author":2,"featured_media":166719,"comment_status":"closed","ping_status":"closed","sticky":false,"template":"","format":"standard","meta":{"footnotes":""},"categories":[1],"tags":[2231,906,1083,2110,192,3738],"class_list":["post-166695","post","type-post","status-publish","format-standard","has-post-thumbnail","hentry","category-noticias","tag-alfandega","tag-braganca","tag-estradas","tag-mobilidade","tag-transporte","tag-vias-de-comunicacao"],"yoast_head":"<!-- This site is optimized with the Yoast SEO plugin v27.2 - https:\/\/yoast.com\/product\/yoast-seo-wordpress\/ -->\n<title>EN315 e EN316 em Alf\u00e2ndega da F\u00e9 e Macedo de Cavaleiros encerradas pela neve - Portal Tela Portugal<\/title>\n<meta name=\"robots\" content=\"index, follow, max-snippet:-1, max-image-preview:large, max-video-preview:-1\" \/>\n<meta property=\"og:locale\" content=\"pt_PT\" \/>\n<meta property=\"og:type\" content=\"article\" \/>\n<meta property=\"og:title\" content=\"EN315 e EN316 em Alf\u00e2ndega da F\u00e9 e Macedo de Cavaleiros encerradas pela neve - Portal Tela Portugal\" \/>\n<meta property=\"og:description\" content=\"As Estradas Nacionais 315 (Alf\u00e2ndega da F\u00e9) e 316 (Macedo de Cavaleiros), no distrito de Bragan\u00e7a, foram encerradas ao tr\u00e2nsito devido \u00e0 queda de neve. A EN315 est\u00e1 fechada na Serra de Bornes e Sambade, em Alf\u00e2ndega da F\u00e9, segundo o comandante sub-regional Noel Afonso. A EN316 permanece cortada ao tr\u00e2nsito entre Espadanedo e Vilar de Ouro, em Macedo de Cavaleiros. A previs\u00e3o indicava neve a partir dos 600 metros de altitude no distrito de Bragan\u00e7a, nesta sexta-feira. Al\u00e9m dos encerramentos rodovi\u00e1rios, escolas de Macedo de Cavaleiros, Mogadouro, Vinhais e Carrazeda de Ansi\u00e3es foram tamb\u00e9m encerradas.\" \/>\n<meta property=\"og:url\" content=\"https:\/\/portaltela.pt\/noticias\/2026\/01\/23\/en315-e-en316-em-alfandega-da-fe-e-macedo-de-cavaleiros-encerradas-pela-neve\/\" \/>\n<meta property=\"og:site_name\" content=\"Portal Tela Portugal\" \/>\n<meta property=\"article:published_time\" content=\"2026-01-23T12:40:00+00:00\" \/>\n<meta name=\"author\" content=\"Telinha\" \/>\n<meta name=\"twitter:card\" content=\"summary_large_image\" \/>\n<meta name=\"twitter:label1\" content=\"Escrito por\" \/>\n\t<meta name=\"twitter:data1\" content=\"Telinha\" \/>\n\t<meta name=\"twitter:label2\" content=\"Tempo estimado de leitura\" \/>\n\t<meta name=\"twitter:data2\" content=\"1 minuto\" \/>\n<script type=\"application\/ld+json\" class=\"yoast-schema-graph\">{\"@context\":\"https:\/\/schema.org\",\"@graph\":[{\"@type\":\"Article\",\"@id\":\"https:\/\/portaltela.pt\/noticias\/2026\/01\/23\/en315-e-en316-em-alfandega-da-fe-e-macedo-de-cavaleiros-encerradas-pela-neve\/#article\",\"isPartOf\":{\"@id\":\"https:\/\/portaltela.pt\/noticias\/2026\/01\/23\/en315-e-en316-em-alfandega-da-fe-e-macedo-de-cavaleiros-encerradas-pela-neve\/\"},\"author\":{\"name\":\"Telinha\",\"@id\":\"https:\/\/portaltela.pt\/#\/schema\/person\/c4278d4a6028830caff9ee44b42d32ed\"},\"headline\":\"EN315 e EN316 em Alf\u00e2ndega da F\u00e9 e Macedo de Cavaleiros encerradas pela neve\",\"datePublished\":\"2026-01-23T12:40:00+00:00\",\"mainEntityOfPage\":{\"@id\":\"https:\/\/portaltela.pt\/noticias\/2026\/01\/23\/en315-e-en316-em-alfandega-da-fe-e-macedo-de-cavaleiros-encerradas-pela-neve\/\"},\"wordCount\":182,\"image\":{\"@id\":\"https:\/\/portaltela.pt\/noticias\/2026\/01\/23\/en315-e-en316-em-alfandega-da-fe-e-macedo-de-cavaleiros-encerradas-pela-neve\/#primaryimage\"},\"thumbnailUrl\":\"https:\/\/portaltela.pt\/s.01k8rhncp4jt1\/2026\/01\/image-1538.jpg\",\"keywords\":[\"Alf\u00e2ndega\",\"Bragan\u00e7a\",\"estradas\",\"mobilidade\",\"transporte\",\"vias de comunica\u00e7\u00e3o\"],\"articleSection\":[\"Not\u00edcias\"],\"inLanguage\":\"pt-PT\"},{\"@type\":\"WebPage\",\"@id\":\"https:\/\/portaltela.pt\/noticias\/2026\/01\/23\/en315-e-en316-em-alfandega-da-fe-e-macedo-de-cavaleiros-encerradas-pela-neve\/\",\"url\":\"https:\/\/portaltela.pt\/noticias\/2026\/01\/23\/en315-e-en316-em-alfandega-da-fe-e-macedo-de-cavaleiros-encerradas-pela-neve\/\",\"name\":\"EN315 e EN316 em Alf\u00e2ndega da F\u00e9 e Macedo de Cavaleiros encerradas pela neve - Portal Tela Portugal\",\"isPartOf\":{\"@id\":\"https:\/\/portaltela.pt\/#website\"},\"primaryImageOfPage\":{\"@id\":\"https:\/\/portaltela.pt\/noticias\/2026\/01\/23\/en315-e-en316-em-alfandega-da-fe-e-macedo-de-cavaleiros-encerradas-pela-neve\/#primaryimage\"},\"image\":{\"@id\":\"https:\/\/portaltela.pt\/noticias\/2026\/01\/23\/en315-e-en316-em-alfandega-da-fe-e-macedo-de-cavaleiros-encerradas-pela-neve\/#primaryimage\"},\"thumbnailUrl\":\"https:\/\/portaltela.pt\/s.01k8rhncp4jt1\/2026\/01\/image-1538.jpg\",\"datePublished\":\"2026-01-23T12:40:00+00:00\",\"author\":{\"@id\":\"https:\/\/portaltela.pt\/#\/schema\/person\/c4278d4a6028830caff9ee44b42d32ed\"},\"breadcrumb\":{\"@id\":\"https:\/\/portaltela.pt\/noticias\/2026\/01\/23\/en315-e-en316-em-alfandega-da-fe-e-macedo-de-cavaleiros-encerradas-pela-neve\/#breadcrumb\"},\"inLanguage\":\"pt-PT\",\"potentialAction\":[{\"@type\":\"ReadAction\",\"target\":[\"https:\/\/portaltela.pt\/noticias\/2026\/01\/23\/en315-e-en316-em-alfandega-da-fe-e-macedo-de-cavaleiros-encerradas-pela-neve\/\"]}]},{\"@type\":\"ImageObject\",\"inLanguage\":\"pt-PT\",\"@id\":\"https:\/\/portaltela.pt\/noticias\/2026\/01\/23\/en315-e-en316-em-alfandega-da-fe-e-macedo-de-cavaleiros-encerradas-pela-neve\/#primaryimage\",\"url\":\"https:\/\/portaltela.pt\/s.01k8rhncp4jt1\/2026\/01\/image-1538.jpg\",\"contentUrl\":\"https:\/\/portaltela.pt\/s.01k8rhncp4jt1\/2026\/01\/image-1538.jpg\",\"width\":796,\"height\":448,\"caption\":\"Bragan\u00e7a com previs\u00e3o de queda de neve a partir dos 600 metros de altitude\"},{\"@type\":\"BreadcrumbList\",\"@id\":\"https:\/\/portaltela.pt\/noticias\/2026\/01\/23\/en315-e-en316-em-alfandega-da-fe-e-macedo-de-cavaleiros-encerradas-pela-neve\/#breadcrumb\",\"itemListElement\":[{\"@type\":\"ListItem\",\"position\":1,\"name\":\"In\u00edcio\",\"item\":\"https:\/\/portaltela.pt\/\"},{\"@type\":\"ListItem\",\"position\":2,\"name\":\"EN315 e EN316 em Alf\u00e2ndega da F\u00e9 e Macedo de Cavaleiros encerradas pela neve\"}]},{\"@type\":\"WebSite\",\"@id\":\"https:\/\/portaltela.pt\/#website\",\"url\":\"https:\/\/portaltela.pt\/\",\"name\":\"Portal Tela Portugal\",\"description\":\"\",\"potentialAction\":[{\"@type\":\"SearchAction\",\"target\":{\"@type\":\"EntryPoint\",\"urlTemplate\":\"https:\/\/portaltela.pt\/?s={search_term_string}\"},\"query-input\":{\"@type\":\"PropertyValueSpecification\",\"valueRequired\":true,\"valueName\":\"search_term_string\"}}],\"inLanguage\":\"pt-PT\"},{\"@type\":\"Person\",\"@id\":\"https:\/\/portaltela.pt\/#\/schema\/person\/c4278d4a6028830caff9ee44b42d32ed\",\"name\":\"Telinha\",\"image\":{\"@type\":\"ImageObject\",\"inLanguage\":\"pt-PT\",\"@id\":\"https:\/\/portaltela.pt\/s.01k8rhncp4jt1\/2025\/11\/talking-bot-125x125.png\",\"url\":\"https:\/\/portaltela.pt\/s.01k8rhncp4jt1\/2025\/11\/talking-bot-125x125.png\",\"contentUrl\":\"https:\/\/portaltela.pt\/s.01k8rhncp4jt1\/2025\/11\/talking-bot-125x125.png\",\"caption\":\"Telinha\"},\"sameAs\":[\"https:\/\/portaltela.pt\/\"],\"url\":\"https:\/\/portaltela.pt\/por\/367410592786\/\"}]}<\/script>\n<!-- \/ Yoast SEO plugin. -->","yoast_head_json":{"title":"EN315 e EN316 em Alf\u00e2ndega da F\u00e9 e Macedo de Cavaleiros encerradas pela neve - Portal Tela Portugal","robots":{"index":"index","follow":"follow","max-snippet":"max-snippet:-1","max-image-preview":"max-image-preview:large","max-video-preview":"max-video-preview:-1"},"og_locale":"pt_PT","og_type":"article","og_title":"EN315 e EN316 em Alf\u00e2ndega da F\u00e9 e Macedo de Cavaleiros encerradas pela neve - Portal Tela Portugal","og_description":"As Estradas Nacionais 315 (Alf\u00e2ndega da F\u00e9) e 316 (Macedo de Cavaleiros), no distrito de Bragan\u00e7a, foram encerradas ao tr\u00e2nsito devido \u00e0 queda de neve. A EN315 est\u00e1 fechada na Serra de Bornes e Sambade, em Alf\u00e2ndega da F\u00e9, segundo o comandante sub-regional Noel Afonso. A EN316 permanece cortada ao tr\u00e2nsito entre Espadanedo e Vilar de Ouro, em Macedo de Cavaleiros. A previs\u00e3o indicava neve a partir dos 600 metros de altitude no distrito de Bragan\u00e7a, nesta sexta-feira. Al\u00e9m dos encerramentos rodovi\u00e1rios, escolas de Macedo de Cavaleiros, Mogadouro, Vinhais e Carrazeda de Ansi\u00e3es foram tamb\u00e9m encerradas.","og_url":"https:\/\/portaltela.pt\/noticias\/2026\/01\/23\/en315-e-en316-em-alfandega-da-fe-e-macedo-de-cavaleiros-encerradas-pela-neve\/","og_site_name":"Portal Tela Portugal","article_published_time":"2026-01-23T12:40:00+00:00","author":"Telinha","twitter_card":"summary_large_image","twitter_misc":{"Escrito por":"Telinha","Tempo estimado de leitura":"1 minuto"},"schema":{"@context":"https:\/\/schema.org","@graph":[{"@type":"Article","@id":"https:\/\/portaltela.pt\/noticias\/2026\/01\/23\/en315-e-en316-em-alfandega-da-fe-e-macedo-de-cavaleiros-encerradas-pela-neve\/#article","isPartOf":{"@id":"https:\/\/portaltela.pt\/noticias\/2026\/01\/23\/en315-e-en316-em-alfandega-da-fe-e-macedo-de-cavaleiros-encerradas-pela-neve\/"},"author":{"name":"Telinha","@id":"https:\/\/portaltela.pt\/#\/schema\/person\/c4278d4a6028830caff9ee44b42d32ed"},"headline":"EN315 e EN316 em Alf\u00e2ndega da F\u00e9 e Macedo de Cavaleiros encerradas pela neve","datePublished":"2026-01-23T12:40:00+00:00","mainEntityOfPage":{"@id":"https:\/\/portaltela.pt\/noticias\/2026\/01\/23\/en315-e-en316-em-alfandega-da-fe-e-macedo-de-cavaleiros-encerradas-pela-neve\/"},"wordCount":182,"image":{"@id":"https:\/\/portaltela.pt\/noticias\/2026\/01\/23\/en315-e-en316-em-alfandega-da-fe-e-macedo-de-cavaleiros-encerradas-pela-neve\/#primaryimage"},"thumbnailUrl":"https:\/\/portaltela.pt\/s.01k8rhncp4jt1\/2026\/01\/image-1538.jpg","keywords":["Alf\u00e2ndega","Bragan\u00e7a","estradas","mobilidade","transporte","vias de comunica\u00e7\u00e3o"],"articleSection":["Not\u00edcias"],"inLanguage":"pt-PT"},{"@type":"WebPage","@id":"https:\/\/portaltela.pt\/noticias\/2026\/01\/23\/en315-e-en316-em-alfandega-da-fe-e-macedo-de-cavaleiros-encerradas-pela-neve\/","url":"https:\/\/portaltela.pt\/noticias\/2026\/01\/23\/en315-e-en316-em-alfandega-da-fe-e-macedo-de-cavaleiros-encerradas-pela-neve\/","name":"EN315 e EN316 em Alf\u00e2ndega da F\u00e9 e Macedo de Cavaleiros encerradas pela neve - Portal Tela Portugal","isPartOf":{"@id":"https:\/\/portaltela.pt\/#website"},"primaryImageOfPage":{"@id":"https:\/\/portaltela.pt\/noticias\/2026\/01\/23\/en315-e-en316-em-alfandega-da-fe-e-macedo-de-cavaleiros-encerradas-pela-neve\/#primaryimage"},"image":{"@id":"https:\/\/portaltela.pt\/noticias\/2026\/01\/23\/en315-e-en316-em-alfandega-da-fe-e-macedo-de-cavaleiros-encerradas-pela-neve\/#primaryimage"},"thumbnailUrl":"https:\/\/portaltela.pt\/s.01k8rhncp4jt1\/2026\/01\/image-1538.jpg","datePublished":"2026-01-23T12:40:00+00:00","author":{"@id":"https:\/\/portaltela.pt\/#\/schema\/person\/c4278d4a6028830caff9ee44b42d32ed"},"breadcrumb":{"@id":"https:\/\/portaltela.pt\/noticias\/2026\/01\/23\/en315-e-en316-em-alfandega-da-fe-e-macedo-de-cavaleiros-encerradas-pela-neve\/#breadcrumb"},"inLanguage":"pt-PT","potentialAction":[{"@type":"ReadAction","target":["https:\/\/portaltela.pt\/noticias\/2026\/01\/23\/en315-e-en316-em-alfandega-da-fe-e-macedo-de-cavaleiros-encerradas-pela-neve\/"]}]},{"@type":"ImageObject","inLanguage":"pt-PT","@id":"https:\/\/portaltela.pt\/noticias\/2026\/01\/23\/en315-e-en316-em-alfandega-da-fe-e-macedo-de-cavaleiros-encerradas-pela-neve\/#primaryimage","url":"https:\/\/portaltela.pt\/s.01k8rhncp4jt1\/2026\/01\/image-1538.jpg","contentUrl":"https:\/\/portaltela.pt\/s.01k8rhncp4jt1\/2026\/01\/image-1538.jpg","width":796,"height":448,"caption":"Bragan\u00e7a com previs\u00e3o de queda de neve a partir dos 600 metros de altitude"},{"@type":"BreadcrumbList","@id":"https:\/\/portaltela.pt\/noticias\/2026\/01\/23\/en315-e-en316-em-alfandega-da-fe-e-macedo-de-cavaleiros-encerradas-pela-neve\/#breadcrumb","itemListElement":[{"@type":"ListItem","position":1,"name":"In\u00edcio","item":"https:\/\/portaltela.pt\/"},{"@type":"ListItem","position":2,"name":"EN315 e EN316 em Alf\u00e2ndega da F\u00e9 e Macedo de Cavaleiros encerradas pela neve"}]},{"@type":"WebSite","@id":"https:\/\/portaltela.pt\/#website","url":"https:\/\/portaltela.pt\/","name":"Portal Tela Portugal","description":"","potentialAction":[{"@type":"SearchAction","target":{"@type":"EntryPoint","urlTemplate":"https:\/\/portaltela.pt\/?s={search_term_string}"},"query-input":{"@type":"PropertyValueSpecification","valueRequired":true,"valueName":"search_term_string"}}],"inLanguage":"pt-PT"},{"@type":"Person","@id":"https:\/\/portaltela.pt\/#\/schema\/person\/c4278d4a6028830caff9ee44b42d32ed","name":"Telinha","image":{"@type":"ImageObject","inLanguage":"pt-PT","@id":"https:\/\/portaltela.pt\/s.01k8rhncp4jt1\/2025\/11\/talking-bot-125x125.png","url":"https:\/\/portaltela.pt\/s.01k8rhncp4jt1\/2025\/11\/talking-bot-125x125.png","contentUrl":"https:\/\/portaltela.pt\/s.01k8rhncp4jt1\/2025\/11\/talking-bot-125x125.png","caption":"Telinha"},"sameAs":["https:\/\/portaltela.pt\/"],"url":"https:\/\/portaltela.pt\/por\/367410592786\/"}]}},"_links":{"self":[{"href":"https:\/\/portaltela.pt\/api\/wp\/v2\/posts\/166695","targetHints":{"allow":["GET"]}}],"collection":[{"href":"https:\/\/portaltela.pt\/api\/wp\/v2\/posts"}],"about":[{"href":"https:\/\/portaltela.pt\/api\/wp\/v2\/types\/post"}],"author":[{"embeddable":true,"href":"https:\/\/portaltela.pt\/api\/wp\/v2\/users\/2"}],"replies":[{"embeddable":true,"href":"https:\/\/portaltela.pt\/api\/wp\/v2\/comments?post=166695"}],"version-history":[{"count":0,"href":"https:\/\/portaltela.pt\/api\/wp\/v2\/posts\/166695\/revisions"}],"wp:featuredmedia":[{"embeddable":true,"href":"https:\/\/portaltela.pt\/api\/wp\/v2\/media\/166719"}],"wp:attachment":[{"href":"https:\/\/portaltela.pt\/api\/wp\/v2\/media?parent=166695"}],"wp:term":[{"taxonomy":"category","embeddable":true,"href":"https:\/\/portaltela.pt\/api\/wp\/v2\/categories?post=166695"},{"taxonomy":"post_tag","embeddable":true,"href":"https:\/\/portaltela.pt\/api\/wp\/v2\/tags?post=166695"}],"curies":[{"name":"wp","href":"https:\/\/api.w.org\/{rel}","templated":true}]}}