{"id":166686,"date":"2026-01-23T09:21:54","date_gmt":"2026-01-23T12:21:54","guid":{"rendered":"https:\/\/portaltela.pt\/noticias\/2026\/01\/23\/croa-de-oliveira-do-hospital-foca-esterilizacao-e-vacinacao-em-2025\/"},"modified":"2026-01-23T09:21:54","modified_gmt":"2026-01-23T12:21:54","slug":"croa-de-oliveira-do-hospital-foca-esterilizacao-e-vacinacao-em-2025","status":"publish","type":"post","link":"https:\/\/portaltela.pt\/noticias\/2026\/01\/23\/croa-de-oliveira-do-hospital-foca-esterilizacao-e-vacinacao-em-2025\/","title":{"rendered":"CROA de Oliveira do Hospital foca esteriliza\u00e7\u00e3o e vacina\u00e7\u00e3o em 2025"},"content":{"rendered":"<p>O Munic\u00edpio de Oliveira do Hospital apresentou o relat\u00f3rio de gest\u00e3o do CROA, referente a 2025, na reuni\u00e3o de C\u00e2mara de 9 de janeiro. As principais atividades destacam-se pela esteriliza\u00e7\u00e3o de animais, vacina\u00e7\u00e3o e campanhas de ado\u00e7\u00e3o. A \u00e1rea de Servi\u00e7os Veterin\u00e1rios coordena o Centro de Recolha Oficial de Animais.<\/p>\n<p>Ao todo, foram realizadas 399 esteriliza\u00e7\u00f5es, com 203 procedimentos em felinos vadios enquadrados no programa CED \u2013 Capturar, Esterilizar, Devolver. O objetivo \u00e9 prevenir o crescimento descontrolado das popula\u00e7\u00f5es animais no concelho.<\/p>\n<p>Foram tamb\u00e9m vacinados contra a raiva 303 animais, com 96 outras vacina\u00e7\u00f5es conclu\u00eddas. Em termos sanit\u00e1rios, emitiram-se 149 boletins e identificaram-se eletronicamente 132 animais.<\/p>\n<h3>Resultados e a\u00e7\u00f5es<\/h3>\n<p>Ao longo do ano, o CROA recolheu\/entregou 136 animais e resgatou 12. O vereador Bruno Miranda destacou a campanha de ado\u00e7\u00e3o consciente, com 96 processos de ado\u00e7\u00e3o respons\u00e1vel promovidos em 2025.<\/p>\n<p>A gest\u00e3o refor\u00e7a que a ado\u00e7\u00e3o \u00e9 uma das apostas centrais, num equipamento com capacidade de acolhimento j\u00e1 pr\u00f3xima da lota\u00e7\u00e3o. Paralelamente, h\u00e1 apoios \u00e0 esteriliza\u00e7\u00e3o para detentores no concelho.<\/p>\n<h3>Infraestrutura e campanhas<\/h3>\n<p>Desde janeiro de 2024, o CROA funciona na Zona Industrial, promovendo bem-estar animal e ado\u00e7\u00e3o respons\u00e1vel. Est\u00e3o j\u00e1 instalados sete abrigos para gatos, com mais dois previstos brevemente.<\/p>\n<p>O munic\u00edpio tem promovido atividades de voluntariado, visitas escolares e eventos como C\u00e3ominhadas e Open Days para estimular a ado\u00e7\u00e3o e o envolvimento c\u00edvico com o tema animal.<\/p>\n<p>O espa\u00e7o est\u00e1 aberto \u00e0 visita p\u00fablica. Interessados devem contactar o CROA pelo 238 090 039 ou pelo canil.municipal@cm-oliveiradohospital.pt.<\/p>\n","protected":false},"excerpt":{"rendered":"<ul>\n<li>Em 2025, o CROA de Oliveira do Hospital realizou 399 esteriliza\u00e7\u00f5es de animais.<\/li>\n<li>Destes, 203 foram felinos vadios no \u00e2mbito do programa CED (Capturar, Esterilizar, Devolver).<\/li>\n<li>Foram vacinados contra raiva 303 animais, 96 receberam outras vacinas; emitidos 149 boletins sanit\u00e1rios e identificados 132 animais eletronicamente.<\/li>\n<li>Recolhidos\/entregues 136 animais e resgatados 12 animais; foram promovidos 96 processos de ado\u00e7\u00e3o respons\u00e1vel.<\/li>\n<li>O CROA est\u00e1 em funcionamento desde janeiro de 2024, na Zona Industrial, com sete abrigos para gatos j\u00e1 instalados (mais dois previstos); contactos: 238 090 039 ou canil.municipal@cm-oliveiradohospital.pt.<\/li>\n<\/ul>\n","protected":false},"author":2,"featured_media":166712,"comment_status":"closed","ping_status":"closed","sticky":false,"template":"","format":"standard","meta":{"footnotes":""},"categories":[1],"tags":[3094,2865,3091,2864,3949],"class_list":["post-166686","post","type-post","status-publish","format-standard","has-post-thumbnail","hentry","category-noticias","tag-abrigos","tag-adocao","tag-animais","tag-esterilizacoes","tag-vacinacoes"],"yoast_head":"<!-- This site is optimized with the Yoast SEO plugin v27.2 - https:\/\/yoast.com\/product\/yoast-seo-wordpress\/ -->\n<title>CROA de Oliveira do Hospital foca esteriliza\u00e7\u00e3o e vacina\u00e7\u00e3o em 2025 - Portal Tela Portugal<\/title>\n<meta name=\"robots\" content=\"index, follow, max-snippet:-1, max-image-preview:large, max-video-preview:-1\" \/>\n<meta property=\"og:locale\" content=\"pt_PT\" \/>\n<meta property=\"og:type\" content=\"article\" \/>\n<meta property=\"og:title\" content=\"CROA de Oliveira do Hospital foca esteriliza\u00e7\u00e3o e vacina\u00e7\u00e3o em 2025 - Portal Tela Portugal\" \/>\n<meta property=\"og:description\" content=\"Em 2025, o CROA de Oliveira do Hospital realizou 399 esteriliza\u00e7\u00f5es de animais. Destes, 203 foram felinos vadios no \u00e2mbito do programa CED (Capturar, Esterilizar, Devolver). Foram vacinados contra raiva 303 animais, 96 receberam outras vacinas; emitidos 149 boletins sanit\u00e1rios e identificados 132 animais eletronicamente. Recolhidos\/entregues 136 animais e resgatados 12 animais; foram promovidos 96 processos de ado\u00e7\u00e3o respons\u00e1vel. O CROA est\u00e1 em funcionamento desde janeiro de 2024, na Zona Industrial, com sete abrigos para gatos j\u00e1 instalados (mais dois previstos); contactos: 238 090 039 ou canil.municipal@cm-oliveiradohospital.pt.\" \/>\n<meta property=\"og:url\" content=\"https:\/\/portaltela.pt\/noticias\/2026\/01\/23\/croa-de-oliveira-do-hospital-foca-esterilizacao-e-vacinacao-em-2025\/\" \/>\n<meta property=\"og:site_name\" content=\"Portal Tela Portugal\" \/>\n<meta property=\"article:published_time\" content=\"2026-01-23T12:21:54+00:00\" \/>\n<meta name=\"author\" content=\"Telinha\" \/>\n<meta name=\"twitter:card\" content=\"summary_large_image\" \/>\n<meta name=\"twitter:label1\" content=\"Escrito por\" \/>\n\t<meta name=\"twitter:data1\" content=\"Telinha\" \/>\n\t<meta name=\"twitter:label2\" content=\"Tempo estimado de leitura\" \/>\n\t<meta name=\"twitter:data2\" content=\"1 minuto\" \/>\n<script type=\"application\/ld+json\" class=\"yoast-schema-graph\">{\"@context\":\"https:\/\/schema.org\",\"@graph\":[{\"@type\":\"Article\",\"@id\":\"https:\/\/portaltela.pt\/noticias\/2026\/01\/23\/croa-de-oliveira-do-hospital-foca-esterilizacao-e-vacinacao-em-2025\/#article\",\"isPartOf\":{\"@id\":\"https:\/\/portaltela.pt\/noticias\/2026\/01\/23\/croa-de-oliveira-do-hospital-foca-esterilizacao-e-vacinacao-em-2025\/\"},\"author\":{\"name\":\"Telinha\",\"@id\":\"https:\/\/portaltela.pt\/#\/schema\/person\/c4278d4a6028830caff9ee44b42d32ed\"},\"headline\":\"CROA de Oliveira do Hospital foca esteriliza\u00e7\u00e3o e vacina\u00e7\u00e3o em 2025\",\"datePublished\":\"2026-01-23T12:21:54+00:00\",\"mainEntityOfPage\":{\"@id\":\"https:\/\/portaltela.pt\/noticias\/2026\/01\/23\/croa-de-oliveira-do-hospital-foca-esterilizacao-e-vacinacao-em-2025\/\"},\"wordCount\":278,\"image\":{\"@id\":\"https:\/\/portaltela.pt\/noticias\/2026\/01\/23\/croa-de-oliveira-do-hospital-foca-esterilizacao-e-vacinacao-em-2025\/#primaryimage\"},\"thumbnailUrl\":\"https:\/\/portaltela.pt\/s.01k8rhncp4jt1\/2026\/01\/unnamed-file-4751.jpg\",\"keywords\":[\"abrigos\",\"ado\u00e7\u00e3o\",\"animais\",\"esteriliza\u00e7\u00f5es\",\"vacina\u00e7\u00f5es\"],\"articleSection\":[\"Not\u00edcias\"],\"inLanguage\":\"pt-PT\"},{\"@type\":\"WebPage\",\"@id\":\"https:\/\/portaltela.pt\/noticias\/2026\/01\/23\/croa-de-oliveira-do-hospital-foca-esterilizacao-e-vacinacao-em-2025\/\",\"url\":\"https:\/\/portaltela.pt\/noticias\/2026\/01\/23\/croa-de-oliveira-do-hospital-foca-esterilizacao-e-vacinacao-em-2025\/\",\"name\":\"CROA de Oliveira do Hospital foca esteriliza\u00e7\u00e3o e vacina\u00e7\u00e3o em 2025 - Portal Tela Portugal\",\"isPartOf\":{\"@id\":\"https:\/\/portaltela.pt\/#website\"},\"primaryImageOfPage\":{\"@id\":\"https:\/\/portaltela.pt\/noticias\/2026\/01\/23\/croa-de-oliveira-do-hospital-foca-esterilizacao-e-vacinacao-em-2025\/#primaryimage\"},\"image\":{\"@id\":\"https:\/\/portaltela.pt\/noticias\/2026\/01\/23\/croa-de-oliveira-do-hospital-foca-esterilizacao-e-vacinacao-em-2025\/#primaryimage\"},\"thumbnailUrl\":\"https:\/\/portaltela.pt\/s.01k8rhncp4jt1\/2026\/01\/unnamed-file-4751.jpg\",\"datePublished\":\"2026-01-23T12:21:54+00:00\",\"author\":{\"@id\":\"https:\/\/portaltela.pt\/#\/schema\/person\/c4278d4a6028830caff9ee44b42d32ed\"},\"breadcrumb\":{\"@id\":\"https:\/\/portaltela.pt\/noticias\/2026\/01\/23\/croa-de-oliveira-do-hospital-foca-esterilizacao-e-vacinacao-em-2025\/#breadcrumb\"},\"inLanguage\":\"pt-PT\",\"potentialAction\":[{\"@type\":\"ReadAction\",\"target\":[\"https:\/\/portaltela.pt\/noticias\/2026\/01\/23\/croa-de-oliveira-do-hospital-foca-esterilizacao-e-vacinacao-em-2025\/\"]}]},{\"@type\":\"ImageObject\",\"inLanguage\":\"pt-PT\",\"@id\":\"https:\/\/portaltela.pt\/noticias\/2026\/01\/23\/croa-de-oliveira-do-hospital-foca-esterilizacao-e-vacinacao-em-2025\/#primaryimage\",\"url\":\"https:\/\/portaltela.pt\/s.01k8rhncp4jt1\/2026\/01\/unnamed-file-4751.jpg\",\"contentUrl\":\"https:\/\/portaltela.pt\/s.01k8rhncp4jt1\/2026\/01\/unnamed-file-4751.jpg\",\"width\":796,\"height\":448,\"caption\":\"Esteriliza\u00e7\u00e3o e vacina\u00e7\u00e3o dominam a atividade do CROA de Oliveira do Hospital em 2025\"},{\"@type\":\"BreadcrumbList\",\"@id\":\"https:\/\/portaltela.pt\/noticias\/2026\/01\/23\/croa-de-oliveira-do-hospital-foca-esterilizacao-e-vacinacao-em-2025\/#breadcrumb\",\"itemListElement\":[{\"@type\":\"ListItem\",\"position\":1,\"name\":\"In\u00edcio\",\"item\":\"https:\/\/portaltela.pt\/\"},{\"@type\":\"ListItem\",\"position\":2,\"name\":\"CROA de Oliveira do Hospital foca esteriliza\u00e7\u00e3o e vacina\u00e7\u00e3o em 2025\"}]},{\"@type\":\"WebSite\",\"@id\":\"https:\/\/portaltela.pt\/#website\",\"url\":\"https:\/\/portaltela.pt\/\",\"name\":\"Portal Tela Portugal\",\"description\":\"\",\"potentialAction\":[{\"@type\":\"SearchAction\",\"target\":{\"@type\":\"EntryPoint\",\"urlTemplate\":\"https:\/\/portaltela.pt\/?s={search_term_string}\"},\"query-input\":{\"@type\":\"PropertyValueSpecification\",\"valueRequired\":true,\"valueName\":\"search_term_string\"}}],\"inLanguage\":\"pt-PT\"},{\"@type\":\"Person\",\"@id\":\"https:\/\/portaltela.pt\/#\/schema\/person\/c4278d4a6028830caff9ee44b42d32ed\",\"name\":\"Telinha\",\"image\":{\"@type\":\"ImageObject\",\"inLanguage\":\"pt-PT\",\"@id\":\"https:\/\/portaltela.pt\/s.01k8rhncp4jt1\/2025\/11\/talking-bot-125x125.png\",\"url\":\"https:\/\/portaltela.pt\/s.01k8rhncp4jt1\/2025\/11\/talking-bot-125x125.png\",\"contentUrl\":\"https:\/\/portaltela.pt\/s.01k8rhncp4jt1\/2025\/11\/talking-bot-125x125.png\",\"caption\":\"Telinha\"},\"sameAs\":[\"https:\/\/portaltela.pt\/\"],\"url\":\"https:\/\/portaltela.pt\/por\/367410592786\/\"}]}<\/script>\n<!-- \/ Yoast SEO plugin. -->","yoast_head_json":{"title":"CROA de Oliveira do Hospital foca esteriliza\u00e7\u00e3o e vacina\u00e7\u00e3o em 2025 - Portal Tela Portugal","robots":{"index":"index","follow":"follow","max-snippet":"max-snippet:-1","max-image-preview":"max-image-preview:large","max-video-preview":"max-video-preview:-1"},"og_locale":"pt_PT","og_type":"article","og_title":"CROA de Oliveira do Hospital foca esteriliza\u00e7\u00e3o e vacina\u00e7\u00e3o em 2025 - Portal Tela Portugal","og_description":"Em 2025, o CROA de Oliveira do Hospital realizou 399 esteriliza\u00e7\u00f5es de animais. Destes, 203 foram felinos vadios no \u00e2mbito do programa CED (Capturar, Esterilizar, Devolver). Foram vacinados contra raiva 303 animais, 96 receberam outras vacinas; emitidos 149 boletins sanit\u00e1rios e identificados 132 animais eletronicamente. Recolhidos\/entregues 136 animais e resgatados 12 animais; foram promovidos 96 processos de ado\u00e7\u00e3o respons\u00e1vel. O CROA est\u00e1 em funcionamento desde janeiro de 2024, na Zona Industrial, com sete abrigos para gatos j\u00e1 instalados (mais dois previstos); contactos: 238 090 039 ou canil.municipal@cm-oliveiradohospital.pt.","og_url":"https:\/\/portaltela.pt\/noticias\/2026\/01\/23\/croa-de-oliveira-do-hospital-foca-esterilizacao-e-vacinacao-em-2025\/","og_site_name":"Portal Tela Portugal","article_published_time":"2026-01-23T12:21:54+00:00","author":"Telinha","twitter_card":"summary_large_image","twitter_misc":{"Escrito por":"Telinha","Tempo estimado de leitura":"1 minuto"},"schema":{"@context":"https:\/\/schema.org","@graph":[{"@type":"Article","@id":"https:\/\/portaltela.pt\/noticias\/2026\/01\/23\/croa-de-oliveira-do-hospital-foca-esterilizacao-e-vacinacao-em-2025\/#article","isPartOf":{"@id":"https:\/\/portaltela.pt\/noticias\/2026\/01\/23\/croa-de-oliveira-do-hospital-foca-esterilizacao-e-vacinacao-em-2025\/"},"author":{"name":"Telinha","@id":"https:\/\/portaltela.pt\/#\/schema\/person\/c4278d4a6028830caff9ee44b42d32ed"},"headline":"CROA de Oliveira do Hospital foca esteriliza\u00e7\u00e3o e vacina\u00e7\u00e3o em 2025","datePublished":"2026-01-23T12:21:54+00:00","mainEntityOfPage":{"@id":"https:\/\/portaltela.pt\/noticias\/2026\/01\/23\/croa-de-oliveira-do-hospital-foca-esterilizacao-e-vacinacao-em-2025\/"},"wordCount":278,"image":{"@id":"https:\/\/portaltela.pt\/noticias\/2026\/01\/23\/croa-de-oliveira-do-hospital-foca-esterilizacao-e-vacinacao-em-2025\/#primaryimage"},"thumbnailUrl":"https:\/\/portaltela.pt\/s.01k8rhncp4jt1\/2026\/01\/unnamed-file-4751.jpg","keywords":["abrigos","ado\u00e7\u00e3o","animais","esteriliza\u00e7\u00f5es","vacina\u00e7\u00f5es"],"articleSection":["Not\u00edcias"],"inLanguage":"pt-PT"},{"@type":"WebPage","@id":"https:\/\/portaltela.pt\/noticias\/2026\/01\/23\/croa-de-oliveira-do-hospital-foca-esterilizacao-e-vacinacao-em-2025\/","url":"https:\/\/portaltela.pt\/noticias\/2026\/01\/23\/croa-de-oliveira-do-hospital-foca-esterilizacao-e-vacinacao-em-2025\/","name":"CROA de Oliveira do Hospital foca esteriliza\u00e7\u00e3o e vacina\u00e7\u00e3o em 2025 - Portal Tela Portugal","isPartOf":{"@id":"https:\/\/portaltela.pt\/#website"},"primaryImageOfPage":{"@id":"https:\/\/portaltela.pt\/noticias\/2026\/01\/23\/croa-de-oliveira-do-hospital-foca-esterilizacao-e-vacinacao-em-2025\/#primaryimage"},"image":{"@id":"https:\/\/portaltela.pt\/noticias\/2026\/01\/23\/croa-de-oliveira-do-hospital-foca-esterilizacao-e-vacinacao-em-2025\/#primaryimage"},"thumbnailUrl":"https:\/\/portaltela.pt\/s.01k8rhncp4jt1\/2026\/01\/unnamed-file-4751.jpg","datePublished":"2026-01-23T12:21:54+00:00","author":{"@id":"https:\/\/portaltela.pt\/#\/schema\/person\/c4278d4a6028830caff9ee44b42d32ed"},"breadcrumb":{"@id":"https:\/\/portaltela.pt\/noticias\/2026\/01\/23\/croa-de-oliveira-do-hospital-foca-esterilizacao-e-vacinacao-em-2025\/#breadcrumb"},"inLanguage":"pt-PT","potentialAction":[{"@type":"ReadAction","target":["https:\/\/portaltela.pt\/noticias\/2026\/01\/23\/croa-de-oliveira-do-hospital-foca-esterilizacao-e-vacinacao-em-2025\/"]}]},{"@type":"ImageObject","inLanguage":"pt-PT","@id":"https:\/\/portaltela.pt\/noticias\/2026\/01\/23\/croa-de-oliveira-do-hospital-foca-esterilizacao-e-vacinacao-em-2025\/#primaryimage","url":"https:\/\/portaltela.pt\/s.01k8rhncp4jt1\/2026\/01\/unnamed-file-4751.jpg","contentUrl":"https:\/\/portaltela.pt\/s.01k8rhncp4jt1\/2026\/01\/unnamed-file-4751.jpg","width":796,"height":448,"caption":"Esteriliza\u00e7\u00e3o e vacina\u00e7\u00e3o dominam a atividade do CROA de Oliveira do Hospital em 2025"},{"@type":"BreadcrumbList","@id":"https:\/\/portaltela.pt\/noticias\/2026\/01\/23\/croa-de-oliveira-do-hospital-foca-esterilizacao-e-vacinacao-em-2025\/#breadcrumb","itemListElement":[{"@type":"ListItem","position":1,"name":"In\u00edcio","item":"https:\/\/portaltela.pt\/"},{"@type":"ListItem","position":2,"name":"CROA de Oliveira do Hospital foca esteriliza\u00e7\u00e3o e vacina\u00e7\u00e3o em 2025"}]},{"@type":"WebSite","@id":"https:\/\/portaltela.pt\/#website","url":"https:\/\/portaltela.pt\/","name":"Portal Tela Portugal","description":"","potentialAction":[{"@type":"SearchAction","target":{"@type":"EntryPoint","urlTemplate":"https:\/\/portaltela.pt\/?s={search_term_string}"},"query-input":{"@type":"PropertyValueSpecification","valueRequired":true,"valueName":"search_term_string"}}],"inLanguage":"pt-PT"},{"@type":"Person","@id":"https:\/\/portaltela.pt\/#\/schema\/person\/c4278d4a6028830caff9ee44b42d32ed","name":"Telinha","image":{"@type":"ImageObject","inLanguage":"pt-PT","@id":"https:\/\/portaltela.pt\/s.01k8rhncp4jt1\/2025\/11\/talking-bot-125x125.png","url":"https:\/\/portaltela.pt\/s.01k8rhncp4jt1\/2025\/11\/talking-bot-125x125.png","contentUrl":"https:\/\/portaltela.pt\/s.01k8rhncp4jt1\/2025\/11\/talking-bot-125x125.png","caption":"Telinha"},"sameAs":["https:\/\/portaltela.pt\/"],"url":"https:\/\/portaltela.pt\/por\/367410592786\/"}]}},"_links":{"self":[{"href":"https:\/\/portaltela.pt\/api\/wp\/v2\/posts\/166686","targetHints":{"allow":["GET"]}}],"collection":[{"href":"https:\/\/portaltela.pt\/api\/wp\/v2\/posts"}],"about":[{"href":"https:\/\/portaltela.pt\/api\/wp\/v2\/types\/post"}],"author":[{"embeddable":true,"href":"https:\/\/portaltela.pt\/api\/wp\/v2\/users\/2"}],"replies":[{"embeddable":true,"href":"https:\/\/portaltela.pt\/api\/wp\/v2\/comments?post=166686"}],"version-history":[{"count":0,"href":"https:\/\/portaltela.pt\/api\/wp\/v2\/posts\/166686\/revisions"}],"wp:featuredmedia":[{"embeddable":true,"href":"https:\/\/portaltela.pt\/api\/wp\/v2\/media\/166712"}],"wp:attachment":[{"href":"https:\/\/portaltela.pt\/api\/wp\/v2\/media?parent=166686"}],"wp:term":[{"taxonomy":"category","embeddable":true,"href":"https:\/\/portaltela.pt\/api\/wp\/v2\/categories?post=166686"},{"taxonomy":"post_tag","embeddable":true,"href":"https:\/\/portaltela.pt\/api\/wp\/v2\/tags?post=166686"}],"curies":[{"name":"wp","href":"https:\/\/api.w.org\/{rel}","templated":true}]}}