{"id":166671,"date":"2026-01-23T09:16:56","date_gmt":"2026-01-23T12:16:56","guid":{"rendered":"https:\/\/portaltela.pt\/noticias\/2026\/01\/23\/marques-mendes-apoia-seguro-ventura-ironiza-montenegro-em-silencio\/"},"modified":"2026-01-23T09:16:56","modified_gmt":"2026-01-23T12:16:56","slug":"marques-mendes-apoia-seguro-ventura-ironiza-montenegro-em-silencio","status":"publish","type":"post","link":"https:\/\/portaltela.pt\/noticias\/politica\/2026\/01\/23\/marques-mendes-apoia-seguro-ventura-ironiza-montenegro-em-silencio\/","title":{"rendered":"Marques Mendes apoia Seguro; Ventura ironiza, Montenegro em sil\u00eancio"},"content":{"rendered":"<p>Lu\u00eds Marques Mendes, candidato derrotado na primeira volta, informou na noite de quinta-feira que vai votar em Ant\u00f3nio Jos\u00e9 Seguro na segunda volta, marcada para 8 de fevereiro. A decis\u00e3o \u00e9 apresentada como coer\u00eancia face aos valores que defende, como democracia, modera\u00e7\u00e3o e representa\u00e7\u00e3o de todos os portugueses.<\/p>\n<p>Andr\u00e9 Ventura reagiu publicamente, com um v\u00eddeo nas redes sociais, ironizando o an\u00fancio e a descrevendo como uma associa\u00e7\u00e3o a interesses tradicionais da pol\u00edtica portuguesa. N\u00e3o houve coment\u00e1rio p\u00fablico de Lu\u00eds Montenegro sobre o sentido de voto.<\/p>\n<p>Rui Moreira insinuou que Mendes precisou de tempo para lidar com a derrota antes de revelar o apoio a Seguro. Segundo o jornal P\u00fablico, o ex-candidato teria adiado o an\u00fancio para n\u00e3o constranger Montenegro, que n\u00e3o apoiou nenhum dos candidatos da segunda volta.<\/p>\n<p>Entre os aliados da direita, Carlos Moedas e Assun\u00e7\u00e3o Cristas expressaram o apoio a Seguro. Moedas admitiu votar no candidato com pouca convic\u00e7\u00e3o, enquanto Cristas enfatizou que n\u00e3o h\u00e1 rela\u00e7\u00e3o pessoal com Seguro.<\/p>\n<p>Na primeira volta, Seguro liderou com 31% dos votos, seguido por Andr\u00e9 Ventura com 23%. Cotrim Figueiredo recebeu 16%, Gouveia e Melo 12% e Marques Mendes 11%. \u00c0 esquerda, Catarina Martins teve 2%, Ant\u00f3nio Filipe 1,6% e Jorge Pinto 0,6%, com outros candidatos abaixo de 0,5%.<\/p>\n","protected":false},"excerpt":{"rendered":"<ul>\n<li>Marques Mendes, derrotado na primeira volta, revelou que vai votar em Ant\u00f3nio Jos\u00e9 Seguro na segunda volta, por coer\u00eancia e pelos valores que defende.<\/li>\n<li>Andr\u00e9 Ventura reagiu com ironia num v\u00eddeo publicado nas redes sociais, acusando Mendes de alinhar-se com o \u201ctacho\u201d da pol\u00edtica.<\/li>\n<li>O presidente do PSD, Lu\u00eds Montenegro, n\u00e3o comentou publicamente o sentido de voto; Rui Moreira disse que Mendes precisou de tempo para \u201cfazer o luto\u201d da derrota, j\u00e1 que Montenegro n\u00e3o apoiou nenhum candidato.<\/li>\n<li>Outros aliados da direita, como Carlos Moedas e Assun\u00e7\u00e3o Cristas, tamb\u00e9m anunciaram voto em Seguro, com Moedas a dizer que vota sem entusiasmo e Cristas sublinhando n\u00e3o ter rela\u00e7\u00e3o pessoal com o candidato.<\/li>\n<li>Na primeira volta, Seguro recebeu 31% dos votos, Ventura 23%, Cotrim Figueiredo 16%, Gouveia e Melo 12% e Marques Mendes 11%.<\/li>\n<\/ul>\n","protected":false},"author":2,"featured_media":166705,"comment_status":"closed","ping_status":"closed","sticky":false,"template":"","format":"standard","meta":{"footnotes":""},"categories":[1,5],"tags":[2453,2655,3905,3948,2450,2832],"class_list":["post-166671","post","type-post","status-publish","format-standard","has-post-thumbnail","hentry","category-noticias","category-politica","tag-andre-ventura","tag-antonio-jose-seguro","tag-assuncao-cristas","tag-carlos-moedas","tag-marques-mendes","tag-politica"],"yoast_head":"<!-- This site is optimized with the Yoast SEO plugin v27.2 - https:\/\/yoast.com\/product\/yoast-seo-wordpress\/ -->\n<title>Marques Mendes apoia Seguro; Ventura ironiza, Montenegro em sil\u00eancio - Portal Tela Portugal<\/title>\n<meta name=\"robots\" content=\"index, follow, max-snippet:-1, max-image-preview:large, max-video-preview:-1\" \/>\n<meta property=\"og:locale\" content=\"pt_PT\" \/>\n<meta property=\"og:type\" content=\"article\" \/>\n<meta property=\"og:title\" content=\"Marques Mendes apoia Seguro; Ventura ironiza, Montenegro em sil\u00eancio - Portal Tela Portugal\" \/>\n<meta property=\"og:description\" content=\"Marques Mendes, derrotado na primeira volta, revelou que vai votar em Ant\u00f3nio Jos\u00e9 Seguro na segunda volta, por coer\u00eancia e pelos valores que defende. Andr\u00e9 Ventura reagiu com ironia num v\u00eddeo publicado nas redes sociais, acusando Mendes de alinhar-se com o \u201ctacho\u201d da pol\u00edtica. O presidente do PSD, Lu\u00eds Montenegro, n\u00e3o comentou publicamente o sentido de voto; Rui Moreira disse que Mendes precisou de tempo para \u201cfazer o luto\u201d da derrota, j\u00e1 que Montenegro n\u00e3o apoiou nenhum candidato. Outros aliados da direita, como Carlos Moedas e Assun\u00e7\u00e3o Cristas, tamb\u00e9m anunciaram voto em Seguro, com Moedas a dizer que vota sem entusiasmo e Cristas sublinhando n\u00e3o ter rela\u00e7\u00e3o pessoal com o candidato. Na primeira volta, Seguro recebeu 31% dos votos, Ventura 23%, Cotrim Figueiredo 16%, Gouveia e Melo 12% e Marques Mendes 11%.\" \/>\n<meta property=\"og:url\" content=\"https:\/\/portaltela.pt\/noticias\/2026\/01\/23\/marques-mendes-apoia-seguro-ventura-ironiza-montenegro-em-silencio\/\" \/>\n<meta property=\"og:site_name\" content=\"Portal Tela Portugal\" \/>\n<meta property=\"article:published_time\" content=\"2026-01-23T12:16:56+00:00\" \/>\n<meta name=\"author\" content=\"Telinha\" \/>\n<meta name=\"twitter:card\" content=\"summary_large_image\" \/>\n<meta name=\"twitter:label1\" content=\"Escrito por\" \/>\n\t<meta name=\"twitter:data1\" content=\"Telinha\" \/>\n\t<meta name=\"twitter:label2\" content=\"Tempo estimado de leitura\" \/>\n\t<meta name=\"twitter:data2\" content=\"1 minuto\" \/>\n<script type=\"application\/ld+json\" class=\"yoast-schema-graph\">{\"@context\":\"https:\/\/schema.org\",\"@graph\":[{\"@type\":\"Article\",\"@id\":\"https:\/\/portaltela.pt\/noticias\/2026\/01\/23\/marques-mendes-apoia-seguro-ventura-ironiza-montenegro-em-silencio\/#article\",\"isPartOf\":{\"@id\":\"https:\/\/portaltela.pt\/noticias\/2026\/01\/23\/marques-mendes-apoia-seguro-ventura-ironiza-montenegro-em-silencio\/\"},\"author\":{\"name\":\"Telinha\",\"@id\":\"https:\/\/portaltela.pt\/#\/schema\/person\/c4278d4a6028830caff9ee44b42d32ed\"},\"headline\":\"Marques Mendes apoia Seguro; Ventura ironiza, Montenegro em sil\u00eancio\",\"datePublished\":\"2026-01-23T12:16:56+00:00\",\"mainEntityOfPage\":{\"@id\":\"https:\/\/portaltela.pt\/noticias\/2026\/01\/23\/marques-mendes-apoia-seguro-ventura-ironiza-montenegro-em-silencio\/\"},\"wordCount\":228,\"image\":{\"@id\":\"https:\/\/portaltela.pt\/noticias\/2026\/01\/23\/marques-mendes-apoia-seguro-ventura-ironiza-montenegro-em-silencio\/#primaryimage\"},\"thumbnailUrl\":\"https:\/\/portaltela.pt\/s.01k8rhncp4jt1\/2026\/01\/unnamed-file-4750.jpg\",\"keywords\":[\"Andr\u00e9 Ventura\",\"Ant\u00f3nio Jos\u00e9 Seguro\",\"Assun\u00e7\u00e3o Cristas\",\"Carlos Moedas\",\"Marques Mendes\",\"pol\u00edtica\"],\"articleSection\":[\"Not\u00edcias\",\"Pol\u00edtica\"],\"inLanguage\":\"pt-PT\"},{\"@type\":\"WebPage\",\"@id\":\"https:\/\/portaltela.pt\/noticias\/2026\/01\/23\/marques-mendes-apoia-seguro-ventura-ironiza-montenegro-em-silencio\/\",\"url\":\"https:\/\/portaltela.pt\/noticias\/2026\/01\/23\/marques-mendes-apoia-seguro-ventura-ironiza-montenegro-em-silencio\/\",\"name\":\"Marques Mendes apoia Seguro; Ventura ironiza, Montenegro em sil\u00eancio - Portal Tela Portugal\",\"isPartOf\":{\"@id\":\"https:\/\/portaltela.pt\/#website\"},\"primaryImageOfPage\":{\"@id\":\"https:\/\/portaltela.pt\/noticias\/2026\/01\/23\/marques-mendes-apoia-seguro-ventura-ironiza-montenegro-em-silencio\/#primaryimage\"},\"image\":{\"@id\":\"https:\/\/portaltela.pt\/noticias\/2026\/01\/23\/marques-mendes-apoia-seguro-ventura-ironiza-montenegro-em-silencio\/#primaryimage\"},\"thumbnailUrl\":\"https:\/\/portaltela.pt\/s.01k8rhncp4jt1\/2026\/01\/unnamed-file-4750.jpg\",\"datePublished\":\"2026-01-23T12:16:56+00:00\",\"author\":{\"@id\":\"https:\/\/portaltela.pt\/#\/schema\/person\/c4278d4a6028830caff9ee44b42d32ed\"},\"breadcrumb\":{\"@id\":\"https:\/\/portaltela.pt\/noticias\/2026\/01\/23\/marques-mendes-apoia-seguro-ventura-ironiza-montenegro-em-silencio\/#breadcrumb\"},\"inLanguage\":\"pt-PT\",\"potentialAction\":[{\"@type\":\"ReadAction\",\"target\":[\"https:\/\/portaltela.pt\/noticias\/2026\/01\/23\/marques-mendes-apoia-seguro-ventura-ironiza-montenegro-em-silencio\/\"]}]},{\"@type\":\"ImageObject\",\"inLanguage\":\"pt-PT\",\"@id\":\"https:\/\/portaltela.pt\/noticias\/2026\/01\/23\/marques-mendes-apoia-seguro-ventura-ironiza-montenegro-em-silencio\/#primaryimage\",\"url\":\"https:\/\/portaltela.pt\/s.01k8rhncp4jt1\/2026\/01\/unnamed-file-4750.jpg\",\"contentUrl\":\"https:\/\/portaltela.pt\/s.01k8rhncp4jt1\/2026\/01\/unnamed-file-4750.jpg\",\"width\":796,\"height\":448,\"caption\":\"Marques Mendes anuncia voto em Seguro; Ventura ironiza e Montenegro mant\u00e9m sil\u00eancio\"},{\"@type\":\"BreadcrumbList\",\"@id\":\"https:\/\/portaltela.pt\/noticias\/2026\/01\/23\/marques-mendes-apoia-seguro-ventura-ironiza-montenegro-em-silencio\/#breadcrumb\",\"itemListElement\":[{\"@type\":\"ListItem\",\"position\":1,\"name\":\"In\u00edcio\",\"item\":\"https:\/\/portaltela.pt\/\"},{\"@type\":\"ListItem\",\"position\":2,\"name\":\"Marques Mendes apoia Seguro; Ventura ironiza, Montenegro em sil\u00eancio\"}]},{\"@type\":\"WebSite\",\"@id\":\"https:\/\/portaltela.pt\/#website\",\"url\":\"https:\/\/portaltela.pt\/\",\"name\":\"Portal Tela Portugal\",\"description\":\"\",\"potentialAction\":[{\"@type\":\"SearchAction\",\"target\":{\"@type\":\"EntryPoint\",\"urlTemplate\":\"https:\/\/portaltela.pt\/?s={search_term_string}\"},\"query-input\":{\"@type\":\"PropertyValueSpecification\",\"valueRequired\":true,\"valueName\":\"search_term_string\"}}],\"inLanguage\":\"pt-PT\"},{\"@type\":\"Person\",\"@id\":\"https:\/\/portaltela.pt\/#\/schema\/person\/c4278d4a6028830caff9ee44b42d32ed\",\"name\":\"Telinha\",\"image\":{\"@type\":\"ImageObject\",\"inLanguage\":\"pt-PT\",\"@id\":\"https:\/\/portaltela.pt\/s.01k8rhncp4jt1\/2025\/11\/talking-bot-125x125.png\",\"url\":\"https:\/\/portaltela.pt\/s.01k8rhncp4jt1\/2025\/11\/talking-bot-125x125.png\",\"contentUrl\":\"https:\/\/portaltela.pt\/s.01k8rhncp4jt1\/2025\/11\/talking-bot-125x125.png\",\"caption\":\"Telinha\"},\"sameAs\":[\"https:\/\/portaltela.pt\/\"],\"url\":\"https:\/\/portaltela.pt\/por\/367410592786\/\"}]}<\/script>\n<!-- \/ Yoast SEO plugin. -->","yoast_head_json":{"title":"Marques Mendes apoia Seguro; Ventura ironiza, Montenegro em sil\u00eancio - Portal Tela Portugal","robots":{"index":"index","follow":"follow","max-snippet":"max-snippet:-1","max-image-preview":"max-image-preview:large","max-video-preview":"max-video-preview:-1"},"og_locale":"pt_PT","og_type":"article","og_title":"Marques Mendes apoia Seguro; Ventura ironiza, Montenegro em sil\u00eancio - Portal Tela Portugal","og_description":"Marques Mendes, derrotado na primeira volta, revelou que vai votar em Ant\u00f3nio Jos\u00e9 Seguro na segunda volta, por coer\u00eancia e pelos valores que defende. Andr\u00e9 Ventura reagiu com ironia num v\u00eddeo publicado nas redes sociais, acusando Mendes de alinhar-se com o \u201ctacho\u201d da pol\u00edtica. O presidente do PSD, Lu\u00eds Montenegro, n\u00e3o comentou publicamente o sentido de voto; Rui Moreira disse que Mendes precisou de tempo para \u201cfazer o luto\u201d da derrota, j\u00e1 que Montenegro n\u00e3o apoiou nenhum candidato. Outros aliados da direita, como Carlos Moedas e Assun\u00e7\u00e3o Cristas, tamb\u00e9m anunciaram voto em Seguro, com Moedas a dizer que vota sem entusiasmo e Cristas sublinhando n\u00e3o ter rela\u00e7\u00e3o pessoal com o candidato. Na primeira volta, Seguro recebeu 31% dos votos, Ventura 23%, Cotrim Figueiredo 16%, Gouveia e Melo 12% e Marques Mendes 11%.","og_url":"https:\/\/portaltela.pt\/noticias\/2026\/01\/23\/marques-mendes-apoia-seguro-ventura-ironiza-montenegro-em-silencio\/","og_site_name":"Portal Tela Portugal","article_published_time":"2026-01-23T12:16:56+00:00","author":"Telinha","twitter_card":"summary_large_image","twitter_misc":{"Escrito por":"Telinha","Tempo estimado de leitura":"1 minuto"},"schema":{"@context":"https:\/\/schema.org","@graph":[{"@type":"Article","@id":"https:\/\/portaltela.pt\/noticias\/2026\/01\/23\/marques-mendes-apoia-seguro-ventura-ironiza-montenegro-em-silencio\/#article","isPartOf":{"@id":"https:\/\/portaltela.pt\/noticias\/2026\/01\/23\/marques-mendes-apoia-seguro-ventura-ironiza-montenegro-em-silencio\/"},"author":{"name":"Telinha","@id":"https:\/\/portaltela.pt\/#\/schema\/person\/c4278d4a6028830caff9ee44b42d32ed"},"headline":"Marques Mendes apoia Seguro; Ventura ironiza, Montenegro em sil\u00eancio","datePublished":"2026-01-23T12:16:56+00:00","mainEntityOfPage":{"@id":"https:\/\/portaltela.pt\/noticias\/2026\/01\/23\/marques-mendes-apoia-seguro-ventura-ironiza-montenegro-em-silencio\/"},"wordCount":228,"image":{"@id":"https:\/\/portaltela.pt\/noticias\/2026\/01\/23\/marques-mendes-apoia-seguro-ventura-ironiza-montenegro-em-silencio\/#primaryimage"},"thumbnailUrl":"https:\/\/portaltela.pt\/s.01k8rhncp4jt1\/2026\/01\/unnamed-file-4750.jpg","keywords":["Andr\u00e9 Ventura","Ant\u00f3nio Jos\u00e9 Seguro","Assun\u00e7\u00e3o Cristas","Carlos Moedas","Marques Mendes","pol\u00edtica"],"articleSection":["Not\u00edcias","Pol\u00edtica"],"inLanguage":"pt-PT"},{"@type":"WebPage","@id":"https:\/\/portaltela.pt\/noticias\/2026\/01\/23\/marques-mendes-apoia-seguro-ventura-ironiza-montenegro-em-silencio\/","url":"https:\/\/portaltela.pt\/noticias\/2026\/01\/23\/marques-mendes-apoia-seguro-ventura-ironiza-montenegro-em-silencio\/","name":"Marques Mendes apoia Seguro; Ventura ironiza, Montenegro em sil\u00eancio - Portal Tela Portugal","isPartOf":{"@id":"https:\/\/portaltela.pt\/#website"},"primaryImageOfPage":{"@id":"https:\/\/portaltela.pt\/noticias\/2026\/01\/23\/marques-mendes-apoia-seguro-ventura-ironiza-montenegro-em-silencio\/#primaryimage"},"image":{"@id":"https:\/\/portaltela.pt\/noticias\/2026\/01\/23\/marques-mendes-apoia-seguro-ventura-ironiza-montenegro-em-silencio\/#primaryimage"},"thumbnailUrl":"https:\/\/portaltela.pt\/s.01k8rhncp4jt1\/2026\/01\/unnamed-file-4750.jpg","datePublished":"2026-01-23T12:16:56+00:00","author":{"@id":"https:\/\/portaltela.pt\/#\/schema\/person\/c4278d4a6028830caff9ee44b42d32ed"},"breadcrumb":{"@id":"https:\/\/portaltela.pt\/noticias\/2026\/01\/23\/marques-mendes-apoia-seguro-ventura-ironiza-montenegro-em-silencio\/#breadcrumb"},"inLanguage":"pt-PT","potentialAction":[{"@type":"ReadAction","target":["https:\/\/portaltela.pt\/noticias\/2026\/01\/23\/marques-mendes-apoia-seguro-ventura-ironiza-montenegro-em-silencio\/"]}]},{"@type":"ImageObject","inLanguage":"pt-PT","@id":"https:\/\/portaltela.pt\/noticias\/2026\/01\/23\/marques-mendes-apoia-seguro-ventura-ironiza-montenegro-em-silencio\/#primaryimage","url":"https:\/\/portaltela.pt\/s.01k8rhncp4jt1\/2026\/01\/unnamed-file-4750.jpg","contentUrl":"https:\/\/portaltela.pt\/s.01k8rhncp4jt1\/2026\/01\/unnamed-file-4750.jpg","width":796,"height":448,"caption":"Marques Mendes anuncia voto em Seguro; Ventura ironiza e Montenegro mant\u00e9m sil\u00eancio"},{"@type":"BreadcrumbList","@id":"https:\/\/portaltela.pt\/noticias\/2026\/01\/23\/marques-mendes-apoia-seguro-ventura-ironiza-montenegro-em-silencio\/#breadcrumb","itemListElement":[{"@type":"ListItem","position":1,"name":"In\u00edcio","item":"https:\/\/portaltela.pt\/"},{"@type":"ListItem","position":2,"name":"Marques Mendes apoia Seguro; Ventura ironiza, Montenegro em sil\u00eancio"}]},{"@type":"WebSite","@id":"https:\/\/portaltela.pt\/#website","url":"https:\/\/portaltela.pt\/","name":"Portal Tela Portugal","description":"","potentialAction":[{"@type":"SearchAction","target":{"@type":"EntryPoint","urlTemplate":"https:\/\/portaltela.pt\/?s={search_term_string}"},"query-input":{"@type":"PropertyValueSpecification","valueRequired":true,"valueName":"search_term_string"}}],"inLanguage":"pt-PT"},{"@type":"Person","@id":"https:\/\/portaltela.pt\/#\/schema\/person\/c4278d4a6028830caff9ee44b42d32ed","name":"Telinha","image":{"@type":"ImageObject","inLanguage":"pt-PT","@id":"https:\/\/portaltela.pt\/s.01k8rhncp4jt1\/2025\/11\/talking-bot-125x125.png","url":"https:\/\/portaltela.pt\/s.01k8rhncp4jt1\/2025\/11\/talking-bot-125x125.png","contentUrl":"https:\/\/portaltela.pt\/s.01k8rhncp4jt1\/2025\/11\/talking-bot-125x125.png","caption":"Telinha"},"sameAs":["https:\/\/portaltela.pt\/"],"url":"https:\/\/portaltela.pt\/por\/367410592786\/"}]}},"_links":{"self":[{"href":"https:\/\/portaltela.pt\/api\/wp\/v2\/posts\/166671","targetHints":{"allow":["GET"]}}],"collection":[{"href":"https:\/\/portaltela.pt\/api\/wp\/v2\/posts"}],"about":[{"href":"https:\/\/portaltela.pt\/api\/wp\/v2\/types\/post"}],"author":[{"embeddable":true,"href":"https:\/\/portaltela.pt\/api\/wp\/v2\/users\/2"}],"replies":[{"embeddable":true,"href":"https:\/\/portaltela.pt\/api\/wp\/v2\/comments?post=166671"}],"version-history":[{"count":0,"href":"https:\/\/portaltela.pt\/api\/wp\/v2\/posts\/166671\/revisions"}],"wp:featuredmedia":[{"embeddable":true,"href":"https:\/\/portaltela.pt\/api\/wp\/v2\/media\/166705"}],"wp:attachment":[{"href":"https:\/\/portaltela.pt\/api\/wp\/v2\/media?parent=166671"}],"wp:term":[{"taxonomy":"category","embeddable":true,"href":"https:\/\/portaltela.pt\/api\/wp\/v2\/categories?post=166671"},{"taxonomy":"post_tag","embeddable":true,"href":"https:\/\/portaltela.pt\/api\/wp\/v2\/tags?post=166671"}],"curies":[{"name":"wp","href":"https:\/\/api.w.org\/{rel}","templated":true}]}}