{"id":166605,"date":"2026-01-22T21:00:00","date_gmt":"2026-01-23T00:00:00","guid":{"rendered":"https:\/\/portaltela.pt\/noticias\/2026\/01\/22\/atualizacoes-das-noticias-das-12h-destacam-os-principais-fatos\/"},"modified":"2026-01-22T21:00:00","modified_gmt":"2026-01-23T00:00:00","slug":"atualizacoes-das-noticias-das-12h-destacam-os-principais-fatos","status":"publish","type":"post","link":"https:\/\/portaltela.pt\/noticias\/politica\/2026\/01\/22\/atualizacoes-das-noticias-das-12h-destacam-os-principais-fatos\/","title":{"rendered":"Atualiza\u00e7\u00f5es das not\u00edcias das 12h destacam os principais fatos"},"content":{"rendered":"<p>O notici\u00e1rio das 12h da R\u00e1dio Observador re\u00fane as principais atualiza\u00e7\u00f5es do dia. Entre os destaques, um almo\u00e7o do grupo 1143 contou com a presen\u00e7a de Miguel Arruda \u00e0s 8h. N\u00e3o foi indicado o local, mas a reuni\u00e3o teve car\u00e1cter explicativo sobre temas atuais.<\/p>\n<p>\u00c0s 7h, cinco distritos do pa\u00eds ficaram em aviso vermelho devido \u00e0 neve e \u00e0 chuva, obrigando medidas de conten\u00e7\u00e3o e mobiliza\u00e7\u00e3o de servi\u00e7os de prote\u00e7\u00e3o civil. A situa\u00e7\u00e3o gerou rotinas de alerta para popula\u00e7\u00e3o e vias de circula\u00e7\u00e3o.<\/p>\n<p>\u00c0s 6h, o tema pol\u00edtico ganhou as ruas com cr\u00edticas de Ventura ao apoio de Leit\u00e3o a Seguro, classificando a situa\u00e7\u00e3o como aberra\u00e7\u00e3o. O tom foi relativamente confrontacional, mas sem detalhes de eventuais consequ\u00eancias formais.<\/p>\n<p>\u00c0s 4h, o mau tempo levou a 350 ocorr\u00eancias at\u00e9 in\u00edcio da madrugada, segundo os relatos das autoridades locais. As equipas de emerg\u00eancia mant\u00eam o registo ativo enquanto as autoridades avaliam medidas adicionais.<\/p>\n<h3>Pol\u00edtica e apoios<\/h3>\n<p>\u00c0s 3h, Moedas reconhece a capacidade de Seguro de n\u00e3o dividir o partido, sinalizando uma postura de coes\u00e3o interna. Em seguida, \u00e0s 2h, Moedas e Assun\u00e7\u00e3o Cristas anunciaram o apoio a Seguro, refor\u00e7ando a linha de lideran\u00e7a do processo.<\/p>\n<p>\u00c0s 1h, o FCP empatou por 1-0 na Ch\u00e9quia frente ao Viktoria Plzen, reportando uma jornada desportiva com impacto no grupo de clubes. O resultado mant\u00e9m o conjunto na disputa pela vaga seguinte.<\/p>\n","protected":false},"excerpt":{"rendered":"<ul>\n<li>\u00c0s oito horas, Miguel Arruda participou em almo\u00e7o do grupo 1143.<\/li>\n<li>\u00c0s sete horas, cinco distritos ficaram em aviso vermelho devido \u00e0 neve e chuva.<\/li>\n<li>\u00c0s seis horas, Ventura classificou como &#8220;uma aberra\u00e7\u00e3o&#8221; o apoio de Leit\u00e3o a Seguro.<\/li>\n<li>\u00c0s quatro horas, o Mau Tempo registava 350 ocorr\u00eancias at\u00e9 ao in\u00edcio da madrugada.<\/li>\n<li>\u00c0s duas horas, Moedas e Assun\u00e7\u00e3o Cristas apoiaram Seguro; Moedas reconheceu a sua &#8220;capacidade de n\u00e3o dividir&#8221;.<\/li>\n<\/ul>\n","protected":false},"author":2,"featured_media":166606,"comment_status":"closed","ping_status":"closed","sticky":false,"template":"","format":"standard","meta":{"footnotes":""},"categories":[1,5],"tags":[3905,32,34,2832,320,3416],"class_list":["post-166605","post","type-post","status-publish","format-standard","has-post-thumbnail","hentry","category-noticias","category-politica","tag-assuncao-cristas","tag-futebol","tag-governo","tag-politica","tag-protecao-civil","tag-seguro"],"yoast_head":"<!-- This site is optimized with the Yoast SEO plugin v27.2 - https:\/\/yoast.com\/product\/yoast-seo-wordpress\/ -->\n<title>Atualiza\u00e7\u00f5es das not\u00edcias das 12h destacam os principais fatos - Portal Tela Portugal<\/title>\n<meta name=\"robots\" content=\"index, follow, max-snippet:-1, max-image-preview:large, max-video-preview:-1\" \/>\n<meta property=\"og:locale\" content=\"pt_PT\" \/>\n<meta property=\"og:type\" content=\"article\" \/>\n<meta property=\"og:title\" content=\"Atualiza\u00e7\u00f5es das not\u00edcias das 12h destacam os principais fatos - Portal Tela Portugal\" \/>\n<meta property=\"og:description\" content=\"\u00c0s oito horas, Miguel Arruda participou em almo\u00e7o do grupo 1143. \u00c0s sete horas, cinco distritos ficaram em aviso vermelho devido \u00e0 neve e chuva. \u00c0s seis horas, Ventura classificou como &quot;uma aberra\u00e7\u00e3o&quot; o apoio de Leit\u00e3o a Seguro. \u00c0s quatro horas, o Mau Tempo registava 350 ocorr\u00eancias at\u00e9 ao in\u00edcio da madrugada. \u00c0s duas horas, Moedas e Assun\u00e7\u00e3o Cristas apoiaram Seguro; Moedas reconheceu a sua &quot;capacidade de n\u00e3o dividir&quot;.\" \/>\n<meta property=\"og:url\" content=\"https:\/\/portaltela.pt\/noticias\/2026\/01\/22\/atualizacoes-das-noticias-das-12h-destacam-os-principais-fatos\/\" \/>\n<meta property=\"og:site_name\" content=\"Portal Tela Portugal\" \/>\n<meta property=\"article:published_time\" content=\"2026-01-23T00:00:00+00:00\" \/>\n<meta name=\"author\" content=\"Telinha\" \/>\n<meta name=\"twitter:card\" content=\"summary_large_image\" \/>\n<meta name=\"twitter:label1\" content=\"Escrito por\" \/>\n\t<meta name=\"twitter:data1\" content=\"Telinha\" \/>\n\t<meta name=\"twitter:label2\" content=\"Tempo estimado de leitura\" \/>\n\t<meta name=\"twitter:data2\" content=\"1 minuto\" \/>\n<script type=\"application\/ld+json\" class=\"yoast-schema-graph\">{\"@context\":\"https:\/\/schema.org\",\"@graph\":[{\"@type\":\"Article\",\"@id\":\"https:\/\/portaltela.pt\/noticias\/2026\/01\/22\/atualizacoes-das-noticias-das-12h-destacam-os-principais-fatos\/#article\",\"isPartOf\":{\"@id\":\"https:\/\/portaltela.pt\/noticias\/2026\/01\/22\/atualizacoes-das-noticias-das-12h-destacam-os-principais-fatos\/\"},\"author\":{\"name\":\"Telinha\",\"@id\":\"https:\/\/portaltela.pt\/#\/schema\/person\/c4278d4a6028830caff9ee44b42d32ed\"},\"headline\":\"Atualiza\u00e7\u00f5es das not\u00edcias das 12h destacam os principais fatos\",\"datePublished\":\"2026-01-23T00:00:00+00:00\",\"mainEntityOfPage\":{\"@id\":\"https:\/\/portaltela.pt\/noticias\/2026\/01\/22\/atualizacoes-das-noticias-das-12h-destacam-os-principais-fatos\/\"},\"wordCount\":268,\"image\":{\"@id\":\"https:\/\/portaltela.pt\/noticias\/2026\/01\/22\/atualizacoes-das-noticias-das-12h-destacam-os-principais-fatos\/#primaryimage\"},\"thumbnailUrl\":\"https:\/\/portaltela.pt\/s.01k8rhncp4jt1\/2026\/01\/770-podcast-noticiario-347.jpg\",\"keywords\":[\"Assun\u00e7\u00e3o Cristas\",\"futebol\",\"governo\",\"pol\u00edtica\",\"prote\u00e7\u00e3o civil\",\"Seguro\"],\"articleSection\":[\"Not\u00edcias\",\"Pol\u00edtica\"],\"inLanguage\":\"pt-PT\"},{\"@type\":\"WebPage\",\"@id\":\"https:\/\/portaltela.pt\/noticias\/2026\/01\/22\/atualizacoes-das-noticias-das-12h-destacam-os-principais-fatos\/\",\"url\":\"https:\/\/portaltela.pt\/noticias\/2026\/01\/22\/atualizacoes-das-noticias-das-12h-destacam-os-principais-fatos\/\",\"name\":\"Atualiza\u00e7\u00f5es das not\u00edcias das 12h destacam os principais fatos - Portal Tela Portugal\",\"isPartOf\":{\"@id\":\"https:\/\/portaltela.pt\/#website\"},\"primaryImageOfPage\":{\"@id\":\"https:\/\/portaltela.pt\/noticias\/2026\/01\/22\/atualizacoes-das-noticias-das-12h-destacam-os-principais-fatos\/#primaryimage\"},\"image\":{\"@id\":\"https:\/\/portaltela.pt\/noticias\/2026\/01\/22\/atualizacoes-das-noticias-das-12h-destacam-os-principais-fatos\/#primaryimage\"},\"thumbnailUrl\":\"https:\/\/portaltela.pt\/s.01k8rhncp4jt1\/2026\/01\/770-podcast-noticiario-347.jpg\",\"datePublished\":\"2026-01-23T00:00:00+00:00\",\"author\":{\"@id\":\"https:\/\/portaltela.pt\/#\/schema\/person\/c4278d4a6028830caff9ee44b42d32ed\"},\"breadcrumb\":{\"@id\":\"https:\/\/portaltela.pt\/noticias\/2026\/01\/22\/atualizacoes-das-noticias-das-12h-destacam-os-principais-fatos\/#breadcrumb\"},\"inLanguage\":\"pt-PT\",\"potentialAction\":[{\"@type\":\"ReadAction\",\"target\":[\"https:\/\/portaltela.pt\/noticias\/2026\/01\/22\/atualizacoes-das-noticias-das-12h-destacam-os-principais-fatos\/\"]}]},{\"@type\":\"ImageObject\",\"inLanguage\":\"pt-PT\",\"@id\":\"https:\/\/portaltela.pt\/noticias\/2026\/01\/22\/atualizacoes-das-noticias-das-12h-destacam-os-principais-fatos\/#primaryimage\",\"url\":\"https:\/\/portaltela.pt\/s.01k8rhncp4jt1\/2026\/01\/770-podcast-noticiario-347.jpg\",\"contentUrl\":\"https:\/\/portaltela.pt\/s.01k8rhncp4jt1\/2026\/01\/770-podcast-noticiario-347.jpg\",\"width\":796,\"height\":448,\"caption\":\"Capa do programa\"},{\"@type\":\"BreadcrumbList\",\"@id\":\"https:\/\/portaltela.pt\/noticias\/2026\/01\/22\/atualizacoes-das-noticias-das-12h-destacam-os-principais-fatos\/#breadcrumb\",\"itemListElement\":[{\"@type\":\"ListItem\",\"position\":1,\"name\":\"In\u00edcio\",\"item\":\"https:\/\/portaltela.pt\/\"},{\"@type\":\"ListItem\",\"position\":2,\"name\":\"Atualiza\u00e7\u00f5es das not\u00edcias das 12h destacam os principais fatos\"}]},{\"@type\":\"WebSite\",\"@id\":\"https:\/\/portaltela.pt\/#website\",\"url\":\"https:\/\/portaltela.pt\/\",\"name\":\"Portal Tela Portugal\",\"description\":\"\",\"potentialAction\":[{\"@type\":\"SearchAction\",\"target\":{\"@type\":\"EntryPoint\",\"urlTemplate\":\"https:\/\/portaltela.pt\/?s={search_term_string}\"},\"query-input\":{\"@type\":\"PropertyValueSpecification\",\"valueRequired\":true,\"valueName\":\"search_term_string\"}}],\"inLanguage\":\"pt-PT\"},{\"@type\":\"Person\",\"@id\":\"https:\/\/portaltela.pt\/#\/schema\/person\/c4278d4a6028830caff9ee44b42d32ed\",\"name\":\"Telinha\",\"image\":{\"@type\":\"ImageObject\",\"inLanguage\":\"pt-PT\",\"@id\":\"https:\/\/portaltela.pt\/s.01k8rhncp4jt1\/2025\/11\/talking-bot-125x125.png\",\"url\":\"https:\/\/portaltela.pt\/s.01k8rhncp4jt1\/2025\/11\/talking-bot-125x125.png\",\"contentUrl\":\"https:\/\/portaltela.pt\/s.01k8rhncp4jt1\/2025\/11\/talking-bot-125x125.png\",\"caption\":\"Telinha\"},\"sameAs\":[\"https:\/\/portaltela.pt\/\"],\"url\":\"https:\/\/portaltela.pt\/por\/367410592786\/\"}]}<\/script>\n<!-- \/ Yoast SEO plugin. -->","yoast_head_json":{"title":"Atualiza\u00e7\u00f5es das not\u00edcias das 12h destacam os principais fatos - Portal Tela Portugal","robots":{"index":"index","follow":"follow","max-snippet":"max-snippet:-1","max-image-preview":"max-image-preview:large","max-video-preview":"max-video-preview:-1"},"og_locale":"pt_PT","og_type":"article","og_title":"Atualiza\u00e7\u00f5es das not\u00edcias das 12h destacam os principais fatos - Portal Tela Portugal","og_description":"\u00c0s oito horas, Miguel Arruda participou em almo\u00e7o do grupo 1143. \u00c0s sete horas, cinco distritos ficaram em aviso vermelho devido \u00e0 neve e chuva. \u00c0s seis horas, Ventura classificou como \"uma aberra\u00e7\u00e3o\" o apoio de Leit\u00e3o a Seguro. \u00c0s quatro horas, o Mau Tempo registava 350 ocorr\u00eancias at\u00e9 ao in\u00edcio da madrugada. \u00c0s duas horas, Moedas e Assun\u00e7\u00e3o Cristas apoiaram Seguro; Moedas reconheceu a sua \"capacidade de n\u00e3o dividir\".","og_url":"https:\/\/portaltela.pt\/noticias\/2026\/01\/22\/atualizacoes-das-noticias-das-12h-destacam-os-principais-fatos\/","og_site_name":"Portal Tela Portugal","article_published_time":"2026-01-23T00:00:00+00:00","author":"Telinha","twitter_card":"summary_large_image","twitter_misc":{"Escrito por":"Telinha","Tempo estimado de leitura":"1 minuto"},"schema":{"@context":"https:\/\/schema.org","@graph":[{"@type":"Article","@id":"https:\/\/portaltela.pt\/noticias\/2026\/01\/22\/atualizacoes-das-noticias-das-12h-destacam-os-principais-fatos\/#article","isPartOf":{"@id":"https:\/\/portaltela.pt\/noticias\/2026\/01\/22\/atualizacoes-das-noticias-das-12h-destacam-os-principais-fatos\/"},"author":{"name":"Telinha","@id":"https:\/\/portaltela.pt\/#\/schema\/person\/c4278d4a6028830caff9ee44b42d32ed"},"headline":"Atualiza\u00e7\u00f5es das not\u00edcias das 12h destacam os principais fatos","datePublished":"2026-01-23T00:00:00+00:00","mainEntityOfPage":{"@id":"https:\/\/portaltela.pt\/noticias\/2026\/01\/22\/atualizacoes-das-noticias-das-12h-destacam-os-principais-fatos\/"},"wordCount":268,"image":{"@id":"https:\/\/portaltela.pt\/noticias\/2026\/01\/22\/atualizacoes-das-noticias-das-12h-destacam-os-principais-fatos\/#primaryimage"},"thumbnailUrl":"https:\/\/portaltela.pt\/s.01k8rhncp4jt1\/2026\/01\/770-podcast-noticiario-347.jpg","keywords":["Assun\u00e7\u00e3o Cristas","futebol","governo","pol\u00edtica","prote\u00e7\u00e3o civil","Seguro"],"articleSection":["Not\u00edcias","Pol\u00edtica"],"inLanguage":"pt-PT"},{"@type":"WebPage","@id":"https:\/\/portaltela.pt\/noticias\/2026\/01\/22\/atualizacoes-das-noticias-das-12h-destacam-os-principais-fatos\/","url":"https:\/\/portaltela.pt\/noticias\/2026\/01\/22\/atualizacoes-das-noticias-das-12h-destacam-os-principais-fatos\/","name":"Atualiza\u00e7\u00f5es das not\u00edcias das 12h destacam os principais fatos - Portal Tela Portugal","isPartOf":{"@id":"https:\/\/portaltela.pt\/#website"},"primaryImageOfPage":{"@id":"https:\/\/portaltela.pt\/noticias\/2026\/01\/22\/atualizacoes-das-noticias-das-12h-destacam-os-principais-fatos\/#primaryimage"},"image":{"@id":"https:\/\/portaltela.pt\/noticias\/2026\/01\/22\/atualizacoes-das-noticias-das-12h-destacam-os-principais-fatos\/#primaryimage"},"thumbnailUrl":"https:\/\/portaltela.pt\/s.01k8rhncp4jt1\/2026\/01\/770-podcast-noticiario-347.jpg","datePublished":"2026-01-23T00:00:00+00:00","author":{"@id":"https:\/\/portaltela.pt\/#\/schema\/person\/c4278d4a6028830caff9ee44b42d32ed"},"breadcrumb":{"@id":"https:\/\/portaltela.pt\/noticias\/2026\/01\/22\/atualizacoes-das-noticias-das-12h-destacam-os-principais-fatos\/#breadcrumb"},"inLanguage":"pt-PT","potentialAction":[{"@type":"ReadAction","target":["https:\/\/portaltela.pt\/noticias\/2026\/01\/22\/atualizacoes-das-noticias-das-12h-destacam-os-principais-fatos\/"]}]},{"@type":"ImageObject","inLanguage":"pt-PT","@id":"https:\/\/portaltela.pt\/noticias\/2026\/01\/22\/atualizacoes-das-noticias-das-12h-destacam-os-principais-fatos\/#primaryimage","url":"https:\/\/portaltela.pt\/s.01k8rhncp4jt1\/2026\/01\/770-podcast-noticiario-347.jpg","contentUrl":"https:\/\/portaltela.pt\/s.01k8rhncp4jt1\/2026\/01\/770-podcast-noticiario-347.jpg","width":796,"height":448,"caption":"Capa do programa"},{"@type":"BreadcrumbList","@id":"https:\/\/portaltela.pt\/noticias\/2026\/01\/22\/atualizacoes-das-noticias-das-12h-destacam-os-principais-fatos\/#breadcrumb","itemListElement":[{"@type":"ListItem","position":1,"name":"In\u00edcio","item":"https:\/\/portaltela.pt\/"},{"@type":"ListItem","position":2,"name":"Atualiza\u00e7\u00f5es das not\u00edcias das 12h destacam os principais fatos"}]},{"@type":"WebSite","@id":"https:\/\/portaltela.pt\/#website","url":"https:\/\/portaltela.pt\/","name":"Portal Tela Portugal","description":"","potentialAction":[{"@type":"SearchAction","target":{"@type":"EntryPoint","urlTemplate":"https:\/\/portaltela.pt\/?s={search_term_string}"},"query-input":{"@type":"PropertyValueSpecification","valueRequired":true,"valueName":"search_term_string"}}],"inLanguage":"pt-PT"},{"@type":"Person","@id":"https:\/\/portaltela.pt\/#\/schema\/person\/c4278d4a6028830caff9ee44b42d32ed","name":"Telinha","image":{"@type":"ImageObject","inLanguage":"pt-PT","@id":"https:\/\/portaltela.pt\/s.01k8rhncp4jt1\/2025\/11\/talking-bot-125x125.png","url":"https:\/\/portaltela.pt\/s.01k8rhncp4jt1\/2025\/11\/talking-bot-125x125.png","contentUrl":"https:\/\/portaltela.pt\/s.01k8rhncp4jt1\/2025\/11\/talking-bot-125x125.png","caption":"Telinha"},"sameAs":["https:\/\/portaltela.pt\/"],"url":"https:\/\/portaltela.pt\/por\/367410592786\/"}]}},"_links":{"self":[{"href":"https:\/\/portaltela.pt\/api\/wp\/v2\/posts\/166605","targetHints":{"allow":["GET"]}}],"collection":[{"href":"https:\/\/portaltela.pt\/api\/wp\/v2\/posts"}],"about":[{"href":"https:\/\/portaltela.pt\/api\/wp\/v2\/types\/post"}],"author":[{"embeddable":true,"href":"https:\/\/portaltela.pt\/api\/wp\/v2\/users\/2"}],"replies":[{"embeddable":true,"href":"https:\/\/portaltela.pt\/api\/wp\/v2\/comments?post=166605"}],"version-history":[{"count":0,"href":"https:\/\/portaltela.pt\/api\/wp\/v2\/posts\/166605\/revisions"}],"wp:featuredmedia":[{"embeddable":true,"href":"https:\/\/portaltela.pt\/api\/wp\/v2\/media\/166606"}],"wp:attachment":[{"href":"https:\/\/portaltela.pt\/api\/wp\/v2\/media?parent=166605"}],"wp:term":[{"taxonomy":"category","embeddable":true,"href":"https:\/\/portaltela.pt\/api\/wp\/v2\/categories?post=166605"},{"taxonomy":"post_tag","embeddable":true,"href":"https:\/\/portaltela.pt\/api\/wp\/v2\/tags?post=166605"}],"curies":[{"name":"wp","href":"https:\/\/api.w.org\/{rel}","templated":true}]}}