{"id":166520,"date":"2026-01-23T08:11:36","date_gmt":"2026-01-23T11:11:36","guid":{"rendered":"https:\/\/portaltela.pt\/noticias\/2026\/01\/23\/membro-do-bundesbank-critica-excesso-de-divida-publica-pelos-bancos-europeus\/"},"modified":"2026-01-23T08:11:36","modified_gmt":"2026-01-23T11:11:36","slug":"membro-do-bundesbank-critica-excesso-de-divida-publica-pelos-bancos-europeus","status":"publish","type":"post","link":"https:\/\/portaltela.pt\/noticias\/economia\/2026\/01\/23\/membro-do-bundesbank-critica-excesso-de-divida-publica-pelos-bancos-europeus\/","title":{"rendered":"Membro do Bundesbank critica excesso de d\u00edvida p\u00fablica pelos bancos europeus"},"content":{"rendered":"<p>Michael Theurer, membro do Conselho Executivo do Bundesbank, aponta que muitos bancos da zona euro det\u00eam quantidades desproporcionais de d\u00edvida p\u00fablica emitida pelos seus governos. A situa\u00e7\u00e3o pode transformar problemas fiscais em crises banc\u00e1rias se a d\u00edvida perder valor.<\/p>\n<p>Segundo o economista, o cen\u00e1rio pode levar a que governos integrem planos de recapitaliza\u00e7\u00e3o de bancos em dificuldade, agravando a press\u00e3o fiscal e desencadeando uma onda de venda de t\u00edtulos. O artigo foi publicado no Financial Times.<\/p>\n<p>Theurer defende que a Uni\u00e3o Europeia reduza o favorecimento do mercado interno pela banca europeia, sob o risco de atrasar a conclus\u00e3o da Uni\u00e3o Banc\u00e1ria. O autor sustenta que padr\u00f5es globais sobre exposi\u00e7\u00f5es soberanas s\u00e3o dif\u00edceis de fixar, mas n\u00e3o devem atrasar a\u00e7\u00f5es da Eurozona.<\/p>\n<h3>Propostas para a arquitetura financeira<\/h3>\n<p>O respons\u00e1vel sugere eliminar privil\u00e9gios regulat\u00f3rios que favorecem a d\u00edvida soberana. Defende tratar esses ativos como outros empr\u00e9stimos, com capitaliza\u00e7\u00e3o ponderada pelo risco e limites por tomador, conforme o capital pr\u00f3prio do banco.<\/p>\n<p>Al\u00e9m disso, prop\u00f5e exigir mais capital para exposi\u00e7\u00f5es a na\u00e7\u00f5es com alta d\u00edvida, limitando posi\u00e7\u00f5es acima de determinada percentagem do capital do banco. A ideia \u00e9 reduzir o nexo entre estados e bancos na gest\u00e3o de crises fiscais.<\/p>\n<h3>Contexto e refer\u00eancias hist\u00f3ricas<\/h3>\n<p>Theurer alerta para efeitos de regulamentos amplos que n\u00e3o modernizam o sistema. Recorda ainda Portugal entre 2010 e 2011, quando bancos compraram grandes quantidades de d\u00edvida p\u00fablica durante a crise, alimentando o doom loop com liquidez do BCE.<\/p>\n<p>O comentador ressalva que solu\u00e7\u00f5es atuais n\u00e3o atingiram o objetivo de reduzir privil\u00e9gios, enfrentando resist\u00eancia de partes interessadas. Para ele, reformas s\u00e3o necess\u00e1rias para evitar novos ciclos de instabilidade.<\/p>\n","protected":false},"excerpt":{"rendered":"<ul>\n<li>O economista Michael Theurer, membro do Conselho Executivo do Bundesbank, afirma que muitos bancos da zona euro det\u00eam quantidades desproporcionais de d\u00edvida p\u00fablica, o que pode transformar problemas fiscais em crises banc\u00e1rias se a d\u00edvida perder valor.<\/li>\n<li>Em causa est\u00e1 o nexo entre soberanos e bancos, que, segundo Theurer, pode levar a recapitaliza\u00e7\u00f5es governamentais e a uma subida de custos de financiamento, agravando a situa\u00e7\u00e3o fiscal e provocando venda de t\u00edtulos.<\/li>\n<li>No Financial Times, o dirigente pede \u00e0 Uni\u00e3o Europeia que reduza o favorecimento do mercado interno pela banca europeia e alinha regras com padr\u00f5es globais para evitar ina\u00e7\u00e3o.<\/li>\n<li>Prop\u00f5e eliminar privil\u00e9gios regulat\u00f3rios sobre exposi\u00e7\u00f5es \u00e0 d\u00edvida p\u00fablica, tratando-a como outros ativos, com exig\u00eancias de capital baseadas no risco e limites por tomador consoante o capital pr\u00f3prio do banco.<\/li>\n<li>O economista recorda o caso de Portugal entre 2010 e 2011 para ilustrar o doom loop e afirma que as reformas at\u00e9 agora falharam devido \u00e0 resist\u00eancia de interessados e ao receio de custos de financiamento.<\/li>\n<\/ul>\n","protected":false},"author":2,"featured_media":166548,"comment_status":"closed","ping_status":"closed","sticky":false,"template":"","format":"standard","meta":{"footnotes":""},"categories":[2,1],"tags":[3774,3104,28,2487,1014,2055],"class_list":["post-166520","post","type-post","status-publish","format-standard","has-post-thumbnail","hentry","category-economia","category-noticias","tag-bce","tag-divida-soberana","tag-economia","tag-europa","tag-portugal","tag-uniao-europeia"],"yoast_head":"<!-- This site is optimized with the Yoast SEO plugin v27.2 - https:\/\/yoast.com\/product\/yoast-seo-wordpress\/ -->\n<title>Membro do Bundesbank critica excesso de d\u00edvida p\u00fablica pelos bancos europeus - Portal Tela Portugal<\/title>\n<meta name=\"robots\" content=\"index, follow, max-snippet:-1, max-image-preview:large, max-video-preview:-1\" \/>\n<meta property=\"og:locale\" content=\"pt_PT\" \/>\n<meta property=\"og:type\" content=\"article\" \/>\n<meta property=\"og:title\" content=\"Membro do Bundesbank critica excesso de d\u00edvida p\u00fablica pelos bancos europeus - Portal Tela Portugal\" \/>\n<meta property=\"og:description\" content=\"O economista Michael Theurer, membro do Conselho Executivo do Bundesbank, afirma que muitos bancos da zona euro det\u00eam quantidades desproporcionais de d\u00edvida p\u00fablica, o que pode transformar problemas fiscais em crises banc\u00e1rias se a d\u00edvida perder valor. Em causa est\u00e1 o nexo entre soberanos e bancos, que, segundo Theurer, pode levar a recapitaliza\u00e7\u00f5es governamentais e a uma subida de custos de financiamento, agravando a situa\u00e7\u00e3o fiscal e provocando venda de t\u00edtulos. No Financial Times, o dirigente pede \u00e0 Uni\u00e3o Europeia que reduza o favorecimento do mercado interno pela banca europeia e alinha regras com padr\u00f5es globais para evitar ina\u00e7\u00e3o. Prop\u00f5e eliminar privil\u00e9gios regulat\u00f3rios sobre exposi\u00e7\u00f5es \u00e0 d\u00edvida p\u00fablica, tratando-a como outros ativos, com exig\u00eancias de capital baseadas no risco e limites por tomador consoante o capital pr\u00f3prio do banco. O economista recorda o caso de Portugal entre 2010 e 2011 para ilustrar o doom loop e afirma que as reformas at\u00e9 agora falharam devido \u00e0 resist\u00eancia de interessados e ao receio de custos de financiamento.\" \/>\n<meta property=\"og:url\" content=\"https:\/\/portaltela.pt\/noticias\/2026\/01\/23\/membro-do-bundesbank-critica-excesso-de-divida-publica-pelos-bancos-europeus\/\" \/>\n<meta property=\"og:site_name\" content=\"Portal Tela Portugal\" \/>\n<meta property=\"article:published_time\" content=\"2026-01-23T11:11:36+00:00\" \/>\n<meta name=\"author\" content=\"Telinha\" \/>\n<meta name=\"twitter:card\" content=\"summary_large_image\" \/>\n<meta name=\"twitter:label1\" content=\"Escrito por\" \/>\n\t<meta name=\"twitter:data1\" content=\"Telinha\" \/>\n\t<meta name=\"twitter:label2\" content=\"Tempo estimado de leitura\" \/>\n\t<meta name=\"twitter:data2\" content=\"2 minutos\" \/>\n<script type=\"application\/ld+json\" class=\"yoast-schema-graph\">{\"@context\":\"https:\/\/schema.org\",\"@graph\":[{\"@type\":\"Article\",\"@id\":\"https:\/\/portaltela.pt\/noticias\/2026\/01\/23\/membro-do-bundesbank-critica-excesso-de-divida-publica-pelos-bancos-europeus\/#article\",\"isPartOf\":{\"@id\":\"https:\/\/portaltela.pt\/noticias\/2026\/01\/23\/membro-do-bundesbank-critica-excesso-de-divida-publica-pelos-bancos-europeus\/\"},\"author\":{\"name\":\"Telinha\",\"@id\":\"https:\/\/portaltela.pt\/#\/schema\/person\/c4278d4a6028830caff9ee44b42d32ed\"},\"headline\":\"Membro do Bundesbank critica excesso de d\u00edvida p\u00fablica pelos bancos europeus\",\"datePublished\":\"2026-01-23T11:11:36+00:00\",\"mainEntityOfPage\":{\"@id\":\"https:\/\/portaltela.pt\/noticias\/2026\/01\/23\/membro-do-bundesbank-critica-excesso-de-divida-publica-pelos-bancos-europeus\/\"},\"wordCount\":323,\"image\":{\"@id\":\"https:\/\/portaltela.pt\/noticias\/2026\/01\/23\/membro-do-bundesbank-critica-excesso-de-divida-publica-pelos-bancos-europeus\/#primaryimage\"},\"thumbnailUrl\":\"https:\/\/portaltela.pt\/s.01k8rhncp4jt1\/2026\/01\/unnamed-file-4744.jpg\",\"keywords\":[\"BCE\",\"d\u00edvida soberana\",\"economia\",\"Europa\",\"Portugal\",\"Uni\u00e3o Europeia\"],\"articleSection\":[\"Economia\",\"Not\u00edcias\"],\"inLanguage\":\"pt-PT\"},{\"@type\":\"WebPage\",\"@id\":\"https:\/\/portaltela.pt\/noticias\/2026\/01\/23\/membro-do-bundesbank-critica-excesso-de-divida-publica-pelos-bancos-europeus\/\",\"url\":\"https:\/\/portaltela.pt\/noticias\/2026\/01\/23\/membro-do-bundesbank-critica-excesso-de-divida-publica-pelos-bancos-europeus\/\",\"name\":\"Membro do Bundesbank critica excesso de d\u00edvida p\u00fablica pelos bancos europeus - Portal Tela Portugal\",\"isPartOf\":{\"@id\":\"https:\/\/portaltela.pt\/#website\"},\"primaryImageOfPage\":{\"@id\":\"https:\/\/portaltela.pt\/noticias\/2026\/01\/23\/membro-do-bundesbank-critica-excesso-de-divida-publica-pelos-bancos-europeus\/#primaryimage\"},\"image\":{\"@id\":\"https:\/\/portaltela.pt\/noticias\/2026\/01\/23\/membro-do-bundesbank-critica-excesso-de-divida-publica-pelos-bancos-europeus\/#primaryimage\"},\"thumbnailUrl\":\"https:\/\/portaltela.pt\/s.01k8rhncp4jt1\/2026\/01\/unnamed-file-4744.jpg\",\"datePublished\":\"2026-01-23T11:11:36+00:00\",\"author\":{\"@id\":\"https:\/\/portaltela.pt\/#\/schema\/person\/c4278d4a6028830caff9ee44b42d32ed\"},\"breadcrumb\":{\"@id\":\"https:\/\/portaltela.pt\/noticias\/2026\/01\/23\/membro-do-bundesbank-critica-excesso-de-divida-publica-pelos-bancos-europeus\/#breadcrumb\"},\"inLanguage\":\"pt-PT\",\"potentialAction\":[{\"@type\":\"ReadAction\",\"target\":[\"https:\/\/portaltela.pt\/noticias\/2026\/01\/23\/membro-do-bundesbank-critica-excesso-de-divida-publica-pelos-bancos-europeus\/\"]}]},{\"@type\":\"ImageObject\",\"inLanguage\":\"pt-PT\",\"@id\":\"https:\/\/portaltela.pt\/noticias\/2026\/01\/23\/membro-do-bundesbank-critica-excesso-de-divida-publica-pelos-bancos-europeus\/#primaryimage\",\"url\":\"https:\/\/portaltela.pt\/s.01k8rhncp4jt1\/2026\/01\/unnamed-file-4744.jpg\",\"contentUrl\":\"https:\/\/portaltela.pt\/s.01k8rhncp4jt1\/2026\/01\/unnamed-file-4744.jpg\",\"width\":796,\"height\":448,\"caption\":\"Membro do Bundesbank critica excesso de d\u00edvida p\u00fablica detida pelos bancos europeus\"},{\"@type\":\"BreadcrumbList\",\"@id\":\"https:\/\/portaltela.pt\/noticias\/2026\/01\/23\/membro-do-bundesbank-critica-excesso-de-divida-publica-pelos-bancos-europeus\/#breadcrumb\",\"itemListElement\":[{\"@type\":\"ListItem\",\"position\":1,\"name\":\"In\u00edcio\",\"item\":\"https:\/\/portaltela.pt\/\"},{\"@type\":\"ListItem\",\"position\":2,\"name\":\"Membro do Bundesbank critica excesso de d\u00edvida p\u00fablica pelos bancos europeus\"}]},{\"@type\":\"WebSite\",\"@id\":\"https:\/\/portaltela.pt\/#website\",\"url\":\"https:\/\/portaltela.pt\/\",\"name\":\"Portal Tela Portugal\",\"description\":\"\",\"potentialAction\":[{\"@type\":\"SearchAction\",\"target\":{\"@type\":\"EntryPoint\",\"urlTemplate\":\"https:\/\/portaltela.pt\/?s={search_term_string}\"},\"query-input\":{\"@type\":\"PropertyValueSpecification\",\"valueRequired\":true,\"valueName\":\"search_term_string\"}}],\"inLanguage\":\"pt-PT\"},{\"@type\":\"Person\",\"@id\":\"https:\/\/portaltela.pt\/#\/schema\/person\/c4278d4a6028830caff9ee44b42d32ed\",\"name\":\"Telinha\",\"image\":{\"@type\":\"ImageObject\",\"inLanguage\":\"pt-PT\",\"@id\":\"https:\/\/portaltela.pt\/s.01k8rhncp4jt1\/2025\/11\/talking-bot-125x125.png\",\"url\":\"https:\/\/portaltela.pt\/s.01k8rhncp4jt1\/2025\/11\/talking-bot-125x125.png\",\"contentUrl\":\"https:\/\/portaltela.pt\/s.01k8rhncp4jt1\/2025\/11\/talking-bot-125x125.png\",\"caption\":\"Telinha\"},\"sameAs\":[\"https:\/\/portaltela.pt\/\"],\"url\":\"https:\/\/portaltela.pt\/por\/367410592786\/\"}]}<\/script>\n<!-- \/ Yoast SEO plugin. -->","yoast_head_json":{"title":"Membro do Bundesbank critica excesso de d\u00edvida p\u00fablica pelos bancos europeus - Portal Tela Portugal","robots":{"index":"index","follow":"follow","max-snippet":"max-snippet:-1","max-image-preview":"max-image-preview:large","max-video-preview":"max-video-preview:-1"},"og_locale":"pt_PT","og_type":"article","og_title":"Membro do Bundesbank critica excesso de d\u00edvida p\u00fablica pelos bancos europeus - Portal Tela Portugal","og_description":"O economista Michael Theurer, membro do Conselho Executivo do Bundesbank, afirma que muitos bancos da zona euro det\u00eam quantidades desproporcionais de d\u00edvida p\u00fablica, o que pode transformar problemas fiscais em crises banc\u00e1rias se a d\u00edvida perder valor. Em causa est\u00e1 o nexo entre soberanos e bancos, que, segundo Theurer, pode levar a recapitaliza\u00e7\u00f5es governamentais e a uma subida de custos de financiamento, agravando a situa\u00e7\u00e3o fiscal e provocando venda de t\u00edtulos. No Financial Times, o dirigente pede \u00e0 Uni\u00e3o Europeia que reduza o favorecimento do mercado interno pela banca europeia e alinha regras com padr\u00f5es globais para evitar ina\u00e7\u00e3o. Prop\u00f5e eliminar privil\u00e9gios regulat\u00f3rios sobre exposi\u00e7\u00f5es \u00e0 d\u00edvida p\u00fablica, tratando-a como outros ativos, com exig\u00eancias de capital baseadas no risco e limites por tomador consoante o capital pr\u00f3prio do banco. O economista recorda o caso de Portugal entre 2010 e 2011 para ilustrar o doom loop e afirma que as reformas at\u00e9 agora falharam devido \u00e0 resist\u00eancia de interessados e ao receio de custos de financiamento.","og_url":"https:\/\/portaltela.pt\/noticias\/2026\/01\/23\/membro-do-bundesbank-critica-excesso-de-divida-publica-pelos-bancos-europeus\/","og_site_name":"Portal Tela Portugal","article_published_time":"2026-01-23T11:11:36+00:00","author":"Telinha","twitter_card":"summary_large_image","twitter_misc":{"Escrito por":"Telinha","Tempo estimado de leitura":"2 minutos"},"schema":{"@context":"https:\/\/schema.org","@graph":[{"@type":"Article","@id":"https:\/\/portaltela.pt\/noticias\/2026\/01\/23\/membro-do-bundesbank-critica-excesso-de-divida-publica-pelos-bancos-europeus\/#article","isPartOf":{"@id":"https:\/\/portaltela.pt\/noticias\/2026\/01\/23\/membro-do-bundesbank-critica-excesso-de-divida-publica-pelos-bancos-europeus\/"},"author":{"name":"Telinha","@id":"https:\/\/portaltela.pt\/#\/schema\/person\/c4278d4a6028830caff9ee44b42d32ed"},"headline":"Membro do Bundesbank critica excesso de d\u00edvida p\u00fablica pelos bancos europeus","datePublished":"2026-01-23T11:11:36+00:00","mainEntityOfPage":{"@id":"https:\/\/portaltela.pt\/noticias\/2026\/01\/23\/membro-do-bundesbank-critica-excesso-de-divida-publica-pelos-bancos-europeus\/"},"wordCount":323,"image":{"@id":"https:\/\/portaltela.pt\/noticias\/2026\/01\/23\/membro-do-bundesbank-critica-excesso-de-divida-publica-pelos-bancos-europeus\/#primaryimage"},"thumbnailUrl":"https:\/\/portaltela.pt\/s.01k8rhncp4jt1\/2026\/01\/unnamed-file-4744.jpg","keywords":["BCE","d\u00edvida soberana","economia","Europa","Portugal","Uni\u00e3o Europeia"],"articleSection":["Economia","Not\u00edcias"],"inLanguage":"pt-PT"},{"@type":"WebPage","@id":"https:\/\/portaltela.pt\/noticias\/2026\/01\/23\/membro-do-bundesbank-critica-excesso-de-divida-publica-pelos-bancos-europeus\/","url":"https:\/\/portaltela.pt\/noticias\/2026\/01\/23\/membro-do-bundesbank-critica-excesso-de-divida-publica-pelos-bancos-europeus\/","name":"Membro do Bundesbank critica excesso de d\u00edvida p\u00fablica pelos bancos europeus - Portal Tela Portugal","isPartOf":{"@id":"https:\/\/portaltela.pt\/#website"},"primaryImageOfPage":{"@id":"https:\/\/portaltela.pt\/noticias\/2026\/01\/23\/membro-do-bundesbank-critica-excesso-de-divida-publica-pelos-bancos-europeus\/#primaryimage"},"image":{"@id":"https:\/\/portaltela.pt\/noticias\/2026\/01\/23\/membro-do-bundesbank-critica-excesso-de-divida-publica-pelos-bancos-europeus\/#primaryimage"},"thumbnailUrl":"https:\/\/portaltela.pt\/s.01k8rhncp4jt1\/2026\/01\/unnamed-file-4744.jpg","datePublished":"2026-01-23T11:11:36+00:00","author":{"@id":"https:\/\/portaltela.pt\/#\/schema\/person\/c4278d4a6028830caff9ee44b42d32ed"},"breadcrumb":{"@id":"https:\/\/portaltela.pt\/noticias\/2026\/01\/23\/membro-do-bundesbank-critica-excesso-de-divida-publica-pelos-bancos-europeus\/#breadcrumb"},"inLanguage":"pt-PT","potentialAction":[{"@type":"ReadAction","target":["https:\/\/portaltela.pt\/noticias\/2026\/01\/23\/membro-do-bundesbank-critica-excesso-de-divida-publica-pelos-bancos-europeus\/"]}]},{"@type":"ImageObject","inLanguage":"pt-PT","@id":"https:\/\/portaltela.pt\/noticias\/2026\/01\/23\/membro-do-bundesbank-critica-excesso-de-divida-publica-pelos-bancos-europeus\/#primaryimage","url":"https:\/\/portaltela.pt\/s.01k8rhncp4jt1\/2026\/01\/unnamed-file-4744.jpg","contentUrl":"https:\/\/portaltela.pt\/s.01k8rhncp4jt1\/2026\/01\/unnamed-file-4744.jpg","width":796,"height":448,"caption":"Membro do Bundesbank critica excesso de d\u00edvida p\u00fablica detida pelos bancos europeus"},{"@type":"BreadcrumbList","@id":"https:\/\/portaltela.pt\/noticias\/2026\/01\/23\/membro-do-bundesbank-critica-excesso-de-divida-publica-pelos-bancos-europeus\/#breadcrumb","itemListElement":[{"@type":"ListItem","position":1,"name":"In\u00edcio","item":"https:\/\/portaltela.pt\/"},{"@type":"ListItem","position":2,"name":"Membro do Bundesbank critica excesso de d\u00edvida p\u00fablica pelos bancos europeus"}]},{"@type":"WebSite","@id":"https:\/\/portaltela.pt\/#website","url":"https:\/\/portaltela.pt\/","name":"Portal Tela Portugal","description":"","potentialAction":[{"@type":"SearchAction","target":{"@type":"EntryPoint","urlTemplate":"https:\/\/portaltela.pt\/?s={search_term_string}"},"query-input":{"@type":"PropertyValueSpecification","valueRequired":true,"valueName":"search_term_string"}}],"inLanguage":"pt-PT"},{"@type":"Person","@id":"https:\/\/portaltela.pt\/#\/schema\/person\/c4278d4a6028830caff9ee44b42d32ed","name":"Telinha","image":{"@type":"ImageObject","inLanguage":"pt-PT","@id":"https:\/\/portaltela.pt\/s.01k8rhncp4jt1\/2025\/11\/talking-bot-125x125.png","url":"https:\/\/portaltela.pt\/s.01k8rhncp4jt1\/2025\/11\/talking-bot-125x125.png","contentUrl":"https:\/\/portaltela.pt\/s.01k8rhncp4jt1\/2025\/11\/talking-bot-125x125.png","caption":"Telinha"},"sameAs":["https:\/\/portaltela.pt\/"],"url":"https:\/\/portaltela.pt\/por\/367410592786\/"}]}},"_links":{"self":[{"href":"https:\/\/portaltela.pt\/api\/wp\/v2\/posts\/166520","targetHints":{"allow":["GET"]}}],"collection":[{"href":"https:\/\/portaltela.pt\/api\/wp\/v2\/posts"}],"about":[{"href":"https:\/\/portaltela.pt\/api\/wp\/v2\/types\/post"}],"author":[{"embeddable":true,"href":"https:\/\/portaltela.pt\/api\/wp\/v2\/users\/2"}],"replies":[{"embeddable":true,"href":"https:\/\/portaltela.pt\/api\/wp\/v2\/comments?post=166520"}],"version-history":[{"count":0,"href":"https:\/\/portaltela.pt\/api\/wp\/v2\/posts\/166520\/revisions"}],"wp:featuredmedia":[{"embeddable":true,"href":"https:\/\/portaltela.pt\/api\/wp\/v2\/media\/166548"}],"wp:attachment":[{"href":"https:\/\/portaltela.pt\/api\/wp\/v2\/media?parent=166520"}],"wp:term":[{"taxonomy":"category","embeddable":true,"href":"https:\/\/portaltela.pt\/api\/wp\/v2\/categories?post=166520"},{"taxonomy":"post_tag","embeddable":true,"href":"https:\/\/portaltela.pt\/api\/wp\/v2\/tags?post=166520"}],"curies":[{"name":"wp","href":"https:\/\/api.w.org\/{rel}","templated":true}]}}