{"id":166503,"date":"2026-01-23T08:13:36","date_gmt":"2026-01-23T11:13:36","guid":{"rendered":"https:\/\/portaltela.pt\/noticias\/2026\/01\/23\/alijo-aprova-orcamento-de-24-milhoes-de-euros-com-medidas-para-familias-e-pme\/"},"modified":"2026-01-23T08:13:36","modified_gmt":"2026-01-23T11:13:36","slug":"alijo-aprova-orcamento-de-24-milhoes-de-euros-com-medidas-para-familias-e-pme","status":"publish","type":"post","link":"https:\/\/portaltela.pt\/noticias\/economia\/2026\/01\/23\/alijo-aprova-orcamento-de-24-milhoes-de-euros-com-medidas-para-familias-e-pme\/","title":{"rendered":"Alij\u00f3 aprova or\u00e7amento de 24 milh\u00f5es de euros com medidas para fam\u00edlias e PME"},"content":{"rendered":"<p>A Assembleia Municipal de Alij\u00f3 aprovou o Or\u00e7amento Municipal para 2026, no valor de 24 milh\u00f5es de euros, juntamente com o Pacote Fiscal que entra em vigor ao longo do ano. O executivo \u00e9 chefiado por Jos\u00e9 Paredes e apresentou a agenda de redu\u00e7\u00e3o da carga fiscal para estimular a economia local.<\/p>\n<p>A autarquia explica que a medida priorit\u00e1ria \u00e9 devolver integralmente aos mun\u00edcipes o valor da reten\u00e7\u00e3o do IRS que caberia ao Munic\u00edpio. Assim, abdica dessa receita para manter os rendimentos familiares no agregado familiar.<\/p>\n<h3>Pacote Fiscal: medidas para fam\u00edlias e empresas<\/h3>\n<p>A Derrama para micro e pequenas empresas fica numa taxa reduzida de 0,01% para neg\u00f3cios at\u00e9 150 mil euros de volume de neg\u00f3cios, visando dinamizar o com\u00e9rcio local e criar empregos.<\/p>\n<p>A fiscalidade patrimonial inclui redu\u00e7\u00e3o do IMI para 0,32% nos pr\u00e9dios urbanos, mantendo o IMI Familiar para apoiar rendimentos familiares. O pacote promete equil\u00edbrio entre contas p\u00fablicas e investimento local.<\/p>\n<p>Segundo a C\u00e2mara, as medidas cumprem uma meta prometida pelo Executivo de Jos\u00e9 Paredes: combinar responsabilidade or\u00e7amental com crescimento econ\u00f3mico sem comprometer servi\u00e7os \u00e0 popula\u00e7\u00e3o. A gest\u00e3o mant\u00e9m foco no desenvolvimento territorial sustent\u00e1vel.<\/p>\n<p>A autarquia refor\u00e7a que a redu\u00e7\u00e3o fiscal n\u00e3o afeta a estabilidade financeira nem os investimentos estrat\u00e9gicos da regi\u00e3o, assegurando uma governa\u00e7\u00e3o rigorosa e transparente.<\/p>\n","protected":false},"excerpt":{"rendered":"<ul>\n<li>A Assembleia Municipal de Alij\u00f3 aprovou o Or\u00e7amento Municipal para 2026 no valor de 24 milh\u00f5es de euros, acompanhando um Pacote Fiscal que entra em vigor ao longo do ano.<\/li>\n<li>O executivo, liderado por Jos\u00e9 Paredes, afirma uma estrat\u00e9gia de redu\u00e7\u00e3o da carga fiscal, est\u00edmulo \u00e0 economia local e valoriza\u00e7\u00e3o do rendimento das fam\u00edlias do concelho.<\/li>\n<li>A medida central do pacote fiscal \u00e9 a devolu\u00e7\u00e3o integral ao mun\u00edpio do valor da reten\u00e7\u00e3o do IRS que iria para o Munic\u00edpio, fortalecendo a autonomia financeira das fam\u00edlias.<\/li>\n<li>Para as micro e pequenas empresas, foi reduzida a Derrama para 0,01% para volumes de neg\u00f3cios at\u00e9 150 mil euros, visando dinamizar o com\u00e9rcio e criar postos de trabalho.<\/li>\n<li>A fiscalidade patrimonial inclui uma redu\u00e7\u00e3o da taxa de IMI para pr\u00e9dios urbanos para 0,32%, mantendo-se o IMI Familiar, sem comprometer a estabilidade financeira nem investimentos estrat\u00e9gicos.<\/li>\n<\/ul>\n","protected":false},"author":2,"featured_media":166536,"comment_status":"closed","ping_status":"closed","sticky":false,"template":"","format":"standard","meta":{"footnotes":""},"categories":[2,1],"tags":[1409,2697,64,1208,1598,1769],"class_list":["post-166503","post","type-post","status-publish","format-standard","has-post-thumbnail","hentry","category-economia","category-noticias","tag-desenvolvimento-regional","tag-empresas","tag-familia","tag-imi","tag-imi-familiar","tag-orcamento-territorio"],"yoast_head":"<!-- This site is optimized with the Yoast SEO plugin v27.2 - https:\/\/yoast.com\/product\/yoast-seo-wordpress\/ -->\n<title>Alij\u00f3 aprova or\u00e7amento de 24 milh\u00f5es de euros com medidas para fam\u00edlias e PME - Portal Tela Portugal<\/title>\n<meta name=\"robots\" content=\"index, follow, max-snippet:-1, max-image-preview:large, max-video-preview:-1\" \/>\n<meta property=\"og:locale\" content=\"pt_PT\" \/>\n<meta property=\"og:type\" content=\"article\" \/>\n<meta property=\"og:title\" content=\"Alij\u00f3 aprova or\u00e7amento de 24 milh\u00f5es de euros com medidas para fam\u00edlias e PME - Portal Tela Portugal\" \/>\n<meta property=\"og:description\" content=\"A Assembleia Municipal de Alij\u00f3 aprovou o Or\u00e7amento Municipal para 2026 no valor de 24 milh\u00f5es de euros, acompanhando um Pacote Fiscal que entra em vigor ao longo do ano. O executivo, liderado por Jos\u00e9 Paredes, afirma uma estrat\u00e9gia de redu\u00e7\u00e3o da carga fiscal, est\u00edmulo \u00e0 economia local e valoriza\u00e7\u00e3o do rendimento das fam\u00edlias do concelho. A medida central do pacote fiscal \u00e9 a devolu\u00e7\u00e3o integral ao mun\u00edpio do valor da reten\u00e7\u00e3o do IRS que iria para o Munic\u00edpio, fortalecendo a autonomia financeira das fam\u00edlias. Para as micro e pequenas empresas, foi reduzida a Derrama para 0,01% para volumes de neg\u00f3cios at\u00e9 150 mil euros, visando dinamizar o com\u00e9rcio e criar postos de trabalho. A fiscalidade patrimonial inclui uma redu\u00e7\u00e3o da taxa de IMI para pr\u00e9dios urbanos para 0,32%, mantendo-se o IMI Familiar, sem comprometer a estabilidade financeira nem investimentos estrat\u00e9gicos.\" \/>\n<meta property=\"og:url\" content=\"https:\/\/portaltela.pt\/noticias\/2026\/01\/23\/alijo-aprova-orcamento-de-24-milhoes-de-euros-com-medidas-para-familias-e-pme\/\" \/>\n<meta property=\"og:site_name\" content=\"Portal Tela Portugal\" \/>\n<meta property=\"article:published_time\" content=\"2026-01-23T11:13:36+00:00\" \/>\n<meta name=\"author\" content=\"Telinha\" \/>\n<meta name=\"twitter:card\" content=\"summary_large_image\" \/>\n<meta name=\"twitter:label1\" content=\"Escrito por\" \/>\n\t<meta name=\"twitter:data1\" content=\"Telinha\" \/>\n\t<meta name=\"twitter:label2\" content=\"Tempo estimado de leitura\" \/>\n\t<meta name=\"twitter:data2\" content=\"1 minuto\" \/>\n<script type=\"application\/ld+json\" class=\"yoast-schema-graph\">{\"@context\":\"https:\/\/schema.org\",\"@graph\":[{\"@type\":\"Article\",\"@id\":\"https:\/\/portaltela.pt\/noticias\/2026\/01\/23\/alijo-aprova-orcamento-de-24-milhoes-de-euros-com-medidas-para-familias-e-pme\/#article\",\"isPartOf\":{\"@id\":\"https:\/\/portaltela.pt\/noticias\/2026\/01\/23\/alijo-aprova-orcamento-de-24-milhoes-de-euros-com-medidas-para-familias-e-pme\/\"},\"author\":{\"name\":\"Telinha\",\"@id\":\"https:\/\/portaltela.pt\/#\/schema\/person\/c4278d4a6028830caff9ee44b42d32ed\"},\"headline\":\"Alij\u00f3 aprova or\u00e7amento de 24 milh\u00f5es de euros com medidas para fam\u00edlias e PME\",\"datePublished\":\"2026-01-23T11:13:36+00:00\",\"mainEntityOfPage\":{\"@id\":\"https:\/\/portaltela.pt\/noticias\/2026\/01\/23\/alijo-aprova-orcamento-de-24-milhoes-de-euros-com-medidas-para-familias-e-pme\/\"},\"wordCount\":248,\"image\":{\"@id\":\"https:\/\/portaltela.pt\/noticias\/2026\/01\/23\/alijo-aprova-orcamento-de-24-milhoes-de-euros-com-medidas-para-familias-e-pme\/#primaryimage\"},\"thumbnailUrl\":\"https:\/\/portaltela.pt\/s.01k8rhncp4jt1\/2026\/01\/unnamed-file-4740.jpg\",\"keywords\":[\"desenvolvimento regional\",\"empresas\",\"fam\u00edlia\",\"IMI\",\"IMI Familiar\",\"Or\u00e7amento\/Territ\u00f3rio\"],\"articleSection\":[\"Economia\",\"Not\u00edcias\"],\"inLanguage\":\"pt-PT\"},{\"@type\":\"WebPage\",\"@id\":\"https:\/\/portaltela.pt\/noticias\/2026\/01\/23\/alijo-aprova-orcamento-de-24-milhoes-de-euros-com-medidas-para-familias-e-pme\/\",\"url\":\"https:\/\/portaltela.pt\/noticias\/2026\/01\/23\/alijo-aprova-orcamento-de-24-milhoes-de-euros-com-medidas-para-familias-e-pme\/\",\"name\":\"Alij\u00f3 aprova or\u00e7amento de 24 milh\u00f5es de euros com medidas para fam\u00edlias e PME - Portal Tela Portugal\",\"isPartOf\":{\"@id\":\"https:\/\/portaltela.pt\/#website\"},\"primaryImageOfPage\":{\"@id\":\"https:\/\/portaltela.pt\/noticias\/2026\/01\/23\/alijo-aprova-orcamento-de-24-milhoes-de-euros-com-medidas-para-familias-e-pme\/#primaryimage\"},\"image\":{\"@id\":\"https:\/\/portaltela.pt\/noticias\/2026\/01\/23\/alijo-aprova-orcamento-de-24-milhoes-de-euros-com-medidas-para-familias-e-pme\/#primaryimage\"},\"thumbnailUrl\":\"https:\/\/portaltela.pt\/s.01k8rhncp4jt1\/2026\/01\/unnamed-file-4740.jpg\",\"datePublished\":\"2026-01-23T11:13:36+00:00\",\"author\":{\"@id\":\"https:\/\/portaltela.pt\/#\/schema\/person\/c4278d4a6028830caff9ee44b42d32ed\"},\"breadcrumb\":{\"@id\":\"https:\/\/portaltela.pt\/noticias\/2026\/01\/23\/alijo-aprova-orcamento-de-24-milhoes-de-euros-com-medidas-para-familias-e-pme\/#breadcrumb\"},\"inLanguage\":\"pt-PT\",\"potentialAction\":[{\"@type\":\"ReadAction\",\"target\":[\"https:\/\/portaltela.pt\/noticias\/2026\/01\/23\/alijo-aprova-orcamento-de-24-milhoes-de-euros-com-medidas-para-familias-e-pme\/\"]}]},{\"@type\":\"ImageObject\",\"inLanguage\":\"pt-PT\",\"@id\":\"https:\/\/portaltela.pt\/noticias\/2026\/01\/23\/alijo-aprova-orcamento-de-24-milhoes-de-euros-com-medidas-para-familias-e-pme\/#primaryimage\",\"url\":\"https:\/\/portaltela.pt\/s.01k8rhncp4jt1\/2026\/01\/unnamed-file-4740.jpg\",\"contentUrl\":\"https:\/\/portaltela.pt\/s.01k8rhncp4jt1\/2026\/01\/unnamed-file-4740.jpg\",\"width\":796,\"height\":448,\"caption\":\"Alij\u00f3 aprovou or\u00e7amento de 24 milh\u00f5es de euros e medidas fiscais que beneficiam fam\u00edlias e pequenas empresas\"},{\"@type\":\"BreadcrumbList\",\"@id\":\"https:\/\/portaltela.pt\/noticias\/2026\/01\/23\/alijo-aprova-orcamento-de-24-milhoes-de-euros-com-medidas-para-familias-e-pme\/#breadcrumb\",\"itemListElement\":[{\"@type\":\"ListItem\",\"position\":1,\"name\":\"In\u00edcio\",\"item\":\"https:\/\/portaltela.pt\/\"},{\"@type\":\"ListItem\",\"position\":2,\"name\":\"Alij\u00f3 aprova or\u00e7amento de 24 milh\u00f5es de euros com medidas para fam\u00edlias e PME\"}]},{\"@type\":\"WebSite\",\"@id\":\"https:\/\/portaltela.pt\/#website\",\"url\":\"https:\/\/portaltela.pt\/\",\"name\":\"Portal Tela Portugal\",\"description\":\"\",\"potentialAction\":[{\"@type\":\"SearchAction\",\"target\":{\"@type\":\"EntryPoint\",\"urlTemplate\":\"https:\/\/portaltela.pt\/?s={search_term_string}\"},\"query-input\":{\"@type\":\"PropertyValueSpecification\",\"valueRequired\":true,\"valueName\":\"search_term_string\"}}],\"inLanguage\":\"pt-PT\"},{\"@type\":\"Person\",\"@id\":\"https:\/\/portaltela.pt\/#\/schema\/person\/c4278d4a6028830caff9ee44b42d32ed\",\"name\":\"Telinha\",\"image\":{\"@type\":\"ImageObject\",\"inLanguage\":\"pt-PT\",\"@id\":\"https:\/\/portaltela.pt\/s.01k8rhncp4jt1\/2025\/11\/talking-bot-125x125.png\",\"url\":\"https:\/\/portaltela.pt\/s.01k8rhncp4jt1\/2025\/11\/talking-bot-125x125.png\",\"contentUrl\":\"https:\/\/portaltela.pt\/s.01k8rhncp4jt1\/2025\/11\/talking-bot-125x125.png\",\"caption\":\"Telinha\"},\"sameAs\":[\"https:\/\/portaltela.pt\/\"],\"url\":\"https:\/\/portaltela.pt\/por\/367410592786\/\"}]}<\/script>\n<!-- \/ Yoast SEO plugin. -->","yoast_head_json":{"title":"Alij\u00f3 aprova or\u00e7amento de 24 milh\u00f5es de euros com medidas para fam\u00edlias e PME - Portal Tela Portugal","robots":{"index":"index","follow":"follow","max-snippet":"max-snippet:-1","max-image-preview":"max-image-preview:large","max-video-preview":"max-video-preview:-1"},"og_locale":"pt_PT","og_type":"article","og_title":"Alij\u00f3 aprova or\u00e7amento de 24 milh\u00f5es de euros com medidas para fam\u00edlias e PME - Portal Tela Portugal","og_description":"A Assembleia Municipal de Alij\u00f3 aprovou o Or\u00e7amento Municipal para 2026 no valor de 24 milh\u00f5es de euros, acompanhando um Pacote Fiscal que entra em vigor ao longo do ano. O executivo, liderado por Jos\u00e9 Paredes, afirma uma estrat\u00e9gia de redu\u00e7\u00e3o da carga fiscal, est\u00edmulo \u00e0 economia local e valoriza\u00e7\u00e3o do rendimento das fam\u00edlias do concelho. A medida central do pacote fiscal \u00e9 a devolu\u00e7\u00e3o integral ao mun\u00edpio do valor da reten\u00e7\u00e3o do IRS que iria para o Munic\u00edpio, fortalecendo a autonomia financeira das fam\u00edlias. Para as micro e pequenas empresas, foi reduzida a Derrama para 0,01% para volumes de neg\u00f3cios at\u00e9 150 mil euros, visando dinamizar o com\u00e9rcio e criar postos de trabalho. A fiscalidade patrimonial inclui uma redu\u00e7\u00e3o da taxa de IMI para pr\u00e9dios urbanos para 0,32%, mantendo-se o IMI Familiar, sem comprometer a estabilidade financeira nem investimentos estrat\u00e9gicos.","og_url":"https:\/\/portaltela.pt\/noticias\/2026\/01\/23\/alijo-aprova-orcamento-de-24-milhoes-de-euros-com-medidas-para-familias-e-pme\/","og_site_name":"Portal Tela Portugal","article_published_time":"2026-01-23T11:13:36+00:00","author":"Telinha","twitter_card":"summary_large_image","twitter_misc":{"Escrito por":"Telinha","Tempo estimado de leitura":"1 minuto"},"schema":{"@context":"https:\/\/schema.org","@graph":[{"@type":"Article","@id":"https:\/\/portaltela.pt\/noticias\/2026\/01\/23\/alijo-aprova-orcamento-de-24-milhoes-de-euros-com-medidas-para-familias-e-pme\/#article","isPartOf":{"@id":"https:\/\/portaltela.pt\/noticias\/2026\/01\/23\/alijo-aprova-orcamento-de-24-milhoes-de-euros-com-medidas-para-familias-e-pme\/"},"author":{"name":"Telinha","@id":"https:\/\/portaltela.pt\/#\/schema\/person\/c4278d4a6028830caff9ee44b42d32ed"},"headline":"Alij\u00f3 aprova or\u00e7amento de 24 milh\u00f5es de euros com medidas para fam\u00edlias e PME","datePublished":"2026-01-23T11:13:36+00:00","mainEntityOfPage":{"@id":"https:\/\/portaltela.pt\/noticias\/2026\/01\/23\/alijo-aprova-orcamento-de-24-milhoes-de-euros-com-medidas-para-familias-e-pme\/"},"wordCount":248,"image":{"@id":"https:\/\/portaltela.pt\/noticias\/2026\/01\/23\/alijo-aprova-orcamento-de-24-milhoes-de-euros-com-medidas-para-familias-e-pme\/#primaryimage"},"thumbnailUrl":"https:\/\/portaltela.pt\/s.01k8rhncp4jt1\/2026\/01\/unnamed-file-4740.jpg","keywords":["desenvolvimento regional","empresas","fam\u00edlia","IMI","IMI Familiar","Or\u00e7amento\/Territ\u00f3rio"],"articleSection":["Economia","Not\u00edcias"],"inLanguage":"pt-PT"},{"@type":"WebPage","@id":"https:\/\/portaltela.pt\/noticias\/2026\/01\/23\/alijo-aprova-orcamento-de-24-milhoes-de-euros-com-medidas-para-familias-e-pme\/","url":"https:\/\/portaltela.pt\/noticias\/2026\/01\/23\/alijo-aprova-orcamento-de-24-milhoes-de-euros-com-medidas-para-familias-e-pme\/","name":"Alij\u00f3 aprova or\u00e7amento de 24 milh\u00f5es de euros com medidas para fam\u00edlias e PME - Portal Tela Portugal","isPartOf":{"@id":"https:\/\/portaltela.pt\/#website"},"primaryImageOfPage":{"@id":"https:\/\/portaltela.pt\/noticias\/2026\/01\/23\/alijo-aprova-orcamento-de-24-milhoes-de-euros-com-medidas-para-familias-e-pme\/#primaryimage"},"image":{"@id":"https:\/\/portaltela.pt\/noticias\/2026\/01\/23\/alijo-aprova-orcamento-de-24-milhoes-de-euros-com-medidas-para-familias-e-pme\/#primaryimage"},"thumbnailUrl":"https:\/\/portaltela.pt\/s.01k8rhncp4jt1\/2026\/01\/unnamed-file-4740.jpg","datePublished":"2026-01-23T11:13:36+00:00","author":{"@id":"https:\/\/portaltela.pt\/#\/schema\/person\/c4278d4a6028830caff9ee44b42d32ed"},"breadcrumb":{"@id":"https:\/\/portaltela.pt\/noticias\/2026\/01\/23\/alijo-aprova-orcamento-de-24-milhoes-de-euros-com-medidas-para-familias-e-pme\/#breadcrumb"},"inLanguage":"pt-PT","potentialAction":[{"@type":"ReadAction","target":["https:\/\/portaltela.pt\/noticias\/2026\/01\/23\/alijo-aprova-orcamento-de-24-milhoes-de-euros-com-medidas-para-familias-e-pme\/"]}]},{"@type":"ImageObject","inLanguage":"pt-PT","@id":"https:\/\/portaltela.pt\/noticias\/2026\/01\/23\/alijo-aprova-orcamento-de-24-milhoes-de-euros-com-medidas-para-familias-e-pme\/#primaryimage","url":"https:\/\/portaltela.pt\/s.01k8rhncp4jt1\/2026\/01\/unnamed-file-4740.jpg","contentUrl":"https:\/\/portaltela.pt\/s.01k8rhncp4jt1\/2026\/01\/unnamed-file-4740.jpg","width":796,"height":448,"caption":"Alij\u00f3 aprovou or\u00e7amento de 24 milh\u00f5es de euros e medidas fiscais que beneficiam fam\u00edlias e pequenas empresas"},{"@type":"BreadcrumbList","@id":"https:\/\/portaltela.pt\/noticias\/2026\/01\/23\/alijo-aprova-orcamento-de-24-milhoes-de-euros-com-medidas-para-familias-e-pme\/#breadcrumb","itemListElement":[{"@type":"ListItem","position":1,"name":"In\u00edcio","item":"https:\/\/portaltela.pt\/"},{"@type":"ListItem","position":2,"name":"Alij\u00f3 aprova or\u00e7amento de 24 milh\u00f5es de euros com medidas para fam\u00edlias e PME"}]},{"@type":"WebSite","@id":"https:\/\/portaltela.pt\/#website","url":"https:\/\/portaltela.pt\/","name":"Portal Tela Portugal","description":"","potentialAction":[{"@type":"SearchAction","target":{"@type":"EntryPoint","urlTemplate":"https:\/\/portaltela.pt\/?s={search_term_string}"},"query-input":{"@type":"PropertyValueSpecification","valueRequired":true,"valueName":"search_term_string"}}],"inLanguage":"pt-PT"},{"@type":"Person","@id":"https:\/\/portaltela.pt\/#\/schema\/person\/c4278d4a6028830caff9ee44b42d32ed","name":"Telinha","image":{"@type":"ImageObject","inLanguage":"pt-PT","@id":"https:\/\/portaltela.pt\/s.01k8rhncp4jt1\/2025\/11\/talking-bot-125x125.png","url":"https:\/\/portaltela.pt\/s.01k8rhncp4jt1\/2025\/11\/talking-bot-125x125.png","contentUrl":"https:\/\/portaltela.pt\/s.01k8rhncp4jt1\/2025\/11\/talking-bot-125x125.png","caption":"Telinha"},"sameAs":["https:\/\/portaltela.pt\/"],"url":"https:\/\/portaltela.pt\/por\/367410592786\/"}]}},"_links":{"self":[{"href":"https:\/\/portaltela.pt\/api\/wp\/v2\/posts\/166503","targetHints":{"allow":["GET"]}}],"collection":[{"href":"https:\/\/portaltela.pt\/api\/wp\/v2\/posts"}],"about":[{"href":"https:\/\/portaltela.pt\/api\/wp\/v2\/types\/post"}],"author":[{"embeddable":true,"href":"https:\/\/portaltela.pt\/api\/wp\/v2\/users\/2"}],"replies":[{"embeddable":true,"href":"https:\/\/portaltela.pt\/api\/wp\/v2\/comments?post=166503"}],"version-history":[{"count":0,"href":"https:\/\/portaltela.pt\/api\/wp\/v2\/posts\/166503\/revisions"}],"wp:featuredmedia":[{"embeddable":true,"href":"https:\/\/portaltela.pt\/api\/wp\/v2\/media\/166536"}],"wp:attachment":[{"href":"https:\/\/portaltela.pt\/api\/wp\/v2\/media?parent=166503"}],"wp:term":[{"taxonomy":"category","embeddable":true,"href":"https:\/\/portaltela.pt\/api\/wp\/v2\/categories?post=166503"},{"taxonomy":"post_tag","embeddable":true,"href":"https:\/\/portaltela.pt\/api\/wp\/v2\/tags?post=166503"}],"curies":[{"name":"wp","href":"https:\/\/api.w.org\/{rel}","templated":true}]}}