{"id":166502,"date":"2026-01-23T08:30:00","date_gmt":"2026-01-23T11:30:00","guid":{"rendered":"https:\/\/portaltela.pt\/noticias\/2026\/01\/23\/casa-branca-publica-imagem-digitalmente-alterada-de-manifestante-detida-a-chorar\/"},"modified":"2026-01-23T08:30:00","modified_gmt":"2026-01-23T11:30:00","slug":"casa-branca-publica-imagem-digitalmente-alterada-de-manifestante-detida-a-chorar","status":"publish","type":"post","link":"https:\/\/portaltela.pt\/noticias\/internacional\/2026\/01\/23\/casa-branca-publica-imagem-digitalmente-alterada-de-manifestante-detida-a-chorar\/","title":{"rendered":"Casa Branca publica imagem digitalmente alterada de manifestante detida a chorar"},"content":{"rendered":"<p>A Casa Branca publicou nas redes sociais uma imagem de uma manifestante detida em Minnesota, sem avisar que a foto tinha sido editada digitalmente. A foto mostra Nekima Levy Armstrong com l\u00e1grimas no rosto, entre outras duas pessoas detidas durante um protesto.<\/p>\n<p>A deten\u00e7\u00e3o ocorreu no estado de Minnesota, onde Armstrong participava de uma a\u00e7\u00e3o contra a pol\u00edtica de imigra\u00e7\u00e3o do governo federal. O epis\u00f3dio envolve acusa\u00e7\u00f5es de perturba\u00e7\u00e3o de um servi\u00e7o religioso durante o protesto.<\/p>\n<p>Cerca de meia hora ap\u00f3s a primeira publica\u00e7\u00e3o, a Casa Branca partilhou a mesma imagem com a altera\u00e7\u00e3o, apresentando a manifestante a chorar. Sobre a imagem, surgiu a etiqueta \u201cPRESA\u201d associada a Armstrong e a uma descri\u00e7\u00e3o que a enquadrava como agitadora de extrema esquerda.<\/p>\n<p>A Administra\u00e7\u00e3o Federal n\u00e3o clarificou na publica\u00e7\u00e3o se a altera\u00e7\u00e3o foi feita com recurso a intelig\u00eancia artificial ou a outro software de edi\u00e7\u00e3o de fotos. Um representante da \u00e1rea de Comunica\u00e7\u00e3o confirmou, de forma indireta, a manipula\u00e7\u00e3o ao responder a quest\u00f5es da imprensa.<\/p>\n<p>O governo norte-americano j\u00e1 enviou agentes federais para Minnesota, onde o governante \u00e9 da oposi\u00e7\u00e3o democrata, no \u00e2mbito de pol\u00edticas de imigra\u00e7\u00e3o. O contexto tem sinalizado tens\u00f5es acrescidas desde o assassinato de uma manifestante por um agente do ICE.<\/p>\n<p>Refer\u00eancias anteriores indicam que outras imagens geradas por IA j\u00e1 foram partilhadas pela equipa de comunica\u00e7\u00e3o da Casa Branca. Nessas ocasi\u00f5es, aparecem representa\u00e7\u00f5es do presidente em situa\u00e7\u00f5es n\u00e3o reais para fins de coment\u00e1rio pol\u00edtico.<\/p>\n","protected":false},"excerpt":{"rendered":"<ul>\n<li>A Casa Branca publicou uma foto de Nekima Levy Armstrong, manifestante detida em Minnesota, com l\u00e1grimas no rosto, sem indicar que a imagem havia sido editada.<\/li>\n<li>A secret\u00e1ria de Seguran\u00e7a Interna, Kristi Noem, publicou a mesmo imagem no X com o rosto sereno, antes de a Casa Branca partilhar a vers\u00e3o em que Nekima aparece a chorar.<\/li>\n<li>A imagem editada mostrava Nekima a chorar, com o texto &#8220;PRESA&#8221; e rotulagem como &#8220;agitadora de extrema esquerda&#8221;; n\u00e3o ficou claro se houve uso de IA ou de outro software de edi\u00e7\u00e3o.<\/li>\n<li>A Casa Branca n\u00e3o comentou a edi\u00e7\u00e3o; Kaelan Dorr, vice-diretor de Comunica\u00e7\u00f5es, admitiu implicitamente a altera\u00e7\u00e3o numa publica\u00e7\u00e3o no X.<\/li>\n<li>O governo enviou agentes para Minnesota, num contexto de tens\u00f5es ligadas \u00e0 imigra\u00e7\u00e3o, desde o assassinato de uma manifestante por um agente do Servi\u00e7o de Imigra\u00e7\u00e3o e Alf\u00e2ndega; j\u00e1 houve partilha de imagens geradas por IA envolvendo o presidente e a administra\u00e7\u00e3o.<\/li>\n<\/ul>\n","protected":false},"author":2,"featured_media":166524,"comment_status":"closed","ping_status":"closed","sticky":false,"template":"","format":"standard","meta":{"footnotes":""},"categories":[4,1],"tags":[1216,712,51,3512,2832,2857],"class_list":["post-166502","post","type-post","status-publish","format-standard","has-post-thumbnail","hentry","category-internacional","category-noticias","tag-falsa-comunicacao-de-crime","tag-imigracao","tag-inteligencia-artificial","tag-liberdade-de-imprensa","tag-politica","tag-protestos"],"yoast_head":"<!-- This site is optimized with the Yoast SEO plugin v27.2 - https:\/\/yoast.com\/product\/yoast-seo-wordpress\/ -->\n<title>Casa Branca publica imagem digitalmente alterada de manifestante detida a chorar - Portal Tela Portugal<\/title>\n<meta name=\"robots\" content=\"index, follow, max-snippet:-1, max-image-preview:large, max-video-preview:-1\" \/>\n<meta property=\"og:locale\" content=\"pt_PT\" \/>\n<meta property=\"og:type\" content=\"article\" \/>\n<meta property=\"og:title\" content=\"Casa Branca publica imagem digitalmente alterada de manifestante detida a chorar - Portal Tela Portugal\" \/>\n<meta property=\"og:description\" content=\"A Casa Branca publicou uma foto de Nekima Levy Armstrong, manifestante detida em Minnesota, com l\u00e1grimas no rosto, sem indicar que a imagem havia sido editada. A secret\u00e1ria de Seguran\u00e7a Interna, Kristi Noem, publicou a mesmo imagem no X com o rosto sereno, antes de a Casa Branca partilhar a vers\u00e3o em que Nekima aparece a chorar. A imagem editada mostrava Nekima a chorar, com o texto &quot;PRESA&quot; e rotulagem como &quot;agitadora de extrema esquerda&quot;; n\u00e3o ficou claro se houve uso de IA ou de outro software de edi\u00e7\u00e3o. A Casa Branca n\u00e3o comentou a edi\u00e7\u00e3o; Kaelan Dorr, vice-diretor de Comunica\u00e7\u00f5es, admitiu implicitamente a altera\u00e7\u00e3o numa publica\u00e7\u00e3o no X. O governo enviou agentes para Minnesota, num contexto de tens\u00f5es ligadas \u00e0 imigra\u00e7\u00e3o, desde o assassinato de uma manifestante por um agente do Servi\u00e7o de Imigra\u00e7\u00e3o e Alf\u00e2ndega; j\u00e1 houve partilha de imagens geradas por IA envolvendo o presidente e a administra\u00e7\u00e3o.\" \/>\n<meta property=\"og:url\" content=\"https:\/\/portaltela.pt\/noticias\/2026\/01\/23\/casa-branca-publica-imagem-digitalmente-alterada-de-manifestante-detida-a-chorar\/\" \/>\n<meta property=\"og:site_name\" content=\"Portal Tela Portugal\" \/>\n<meta property=\"article:published_time\" content=\"2026-01-23T11:30:00+00:00\" \/>\n<meta name=\"author\" content=\"Telinha\" \/>\n<meta name=\"twitter:card\" content=\"summary_large_image\" \/>\n<meta name=\"twitter:label1\" content=\"Escrito por\" \/>\n\t<meta name=\"twitter:data1\" content=\"Telinha\" \/>\n\t<meta name=\"twitter:label2\" content=\"Tempo estimado de leitura\" \/>\n\t<meta name=\"twitter:data2\" content=\"1 minuto\" \/>\n<script type=\"application\/ld+json\" class=\"yoast-schema-graph\">{\"@context\":\"https:\/\/schema.org\",\"@graph\":[{\"@type\":\"Article\",\"@id\":\"https:\/\/portaltela.pt\/noticias\/2026\/01\/23\/casa-branca-publica-imagem-digitalmente-alterada-de-manifestante-detida-a-chorar\/#article\",\"isPartOf\":{\"@id\":\"https:\/\/portaltela.pt\/noticias\/2026\/01\/23\/casa-branca-publica-imagem-digitalmente-alterada-de-manifestante-detida-a-chorar\/\"},\"author\":{\"name\":\"Telinha\",\"@id\":\"https:\/\/portaltela.pt\/#\/schema\/person\/c4278d4a6028830caff9ee44b42d32ed\"},\"headline\":\"Casa Branca publica imagem digitalmente alterada de manifestante detida a chorar\",\"datePublished\":\"2026-01-23T11:30:00+00:00\",\"mainEntityOfPage\":{\"@id\":\"https:\/\/portaltela.pt\/noticias\/2026\/01\/23\/casa-branca-publica-imagem-digitalmente-alterada-de-manifestante-detida-a-chorar\/\"},\"wordCount\":281,\"image\":{\"@id\":\"https:\/\/portaltela.pt\/noticias\/2026\/01\/23\/casa-branca-publica-imagem-digitalmente-alterada-de-manifestante-detida-a-chorar\/#primaryimage\"},\"thumbnailUrl\":\"https:\/\/portaltela.pt\/s.01k8rhncp4jt1\/2026\/01\/image-1531.jpg\",\"keywords\":[\"falsa comunica\u00e7\u00e3o de crime\",\"imigra\u00e7\u00e3o\",\"intelig\u00eancia artificial\",\"liberdade de imprensa\",\"pol\u00edtica\",\"protestos\"],\"articleSection\":[\"Internacional\",\"Not\u00edcias\"],\"inLanguage\":\"pt-PT\"},{\"@type\":\"WebPage\",\"@id\":\"https:\/\/portaltela.pt\/noticias\/2026\/01\/23\/casa-branca-publica-imagem-digitalmente-alterada-de-manifestante-detida-a-chorar\/\",\"url\":\"https:\/\/portaltela.pt\/noticias\/2026\/01\/23\/casa-branca-publica-imagem-digitalmente-alterada-de-manifestante-detida-a-chorar\/\",\"name\":\"Casa Branca publica imagem digitalmente alterada de manifestante detida a chorar - Portal Tela Portugal\",\"isPartOf\":{\"@id\":\"https:\/\/portaltela.pt\/#website\"},\"primaryImageOfPage\":{\"@id\":\"https:\/\/portaltela.pt\/noticias\/2026\/01\/23\/casa-branca-publica-imagem-digitalmente-alterada-de-manifestante-detida-a-chorar\/#primaryimage\"},\"image\":{\"@id\":\"https:\/\/portaltela.pt\/noticias\/2026\/01\/23\/casa-branca-publica-imagem-digitalmente-alterada-de-manifestante-detida-a-chorar\/#primaryimage\"},\"thumbnailUrl\":\"https:\/\/portaltela.pt\/s.01k8rhncp4jt1\/2026\/01\/image-1531.jpg\",\"datePublished\":\"2026-01-23T11:30:00+00:00\",\"author\":{\"@id\":\"https:\/\/portaltela.pt\/#\/schema\/person\/c4278d4a6028830caff9ee44b42d32ed\"},\"breadcrumb\":{\"@id\":\"https:\/\/portaltela.pt\/noticias\/2026\/01\/23\/casa-branca-publica-imagem-digitalmente-alterada-de-manifestante-detida-a-chorar\/#breadcrumb\"},\"inLanguage\":\"pt-PT\",\"potentialAction\":[{\"@type\":\"ReadAction\",\"target\":[\"https:\/\/portaltela.pt\/noticias\/2026\/01\/23\/casa-branca-publica-imagem-digitalmente-alterada-de-manifestante-detida-a-chorar\/\"]}]},{\"@type\":\"ImageObject\",\"inLanguage\":\"pt-PT\",\"@id\":\"https:\/\/portaltela.pt\/noticias\/2026\/01\/23\/casa-branca-publica-imagem-digitalmente-alterada-de-manifestante-detida-a-chorar\/#primaryimage\",\"url\":\"https:\/\/portaltela.pt\/s.01k8rhncp4jt1\/2026\/01\/image-1531.jpg\",\"contentUrl\":\"https:\/\/portaltela.pt\/s.01k8rhncp4jt1\/2026\/01\/image-1531.jpg\",\"width\":796,\"height\":448,\"caption\":\"Imagem partilhada pela Casa Branca foi alterada digitalmente\"},{\"@type\":\"BreadcrumbList\",\"@id\":\"https:\/\/portaltela.pt\/noticias\/2026\/01\/23\/casa-branca-publica-imagem-digitalmente-alterada-de-manifestante-detida-a-chorar\/#breadcrumb\",\"itemListElement\":[{\"@type\":\"ListItem\",\"position\":1,\"name\":\"In\u00edcio\",\"item\":\"https:\/\/portaltela.pt\/\"},{\"@type\":\"ListItem\",\"position\":2,\"name\":\"Casa Branca publica imagem digitalmente alterada de manifestante detida a chorar\"}]},{\"@type\":\"WebSite\",\"@id\":\"https:\/\/portaltela.pt\/#website\",\"url\":\"https:\/\/portaltela.pt\/\",\"name\":\"Portal Tela Portugal\",\"description\":\"\",\"potentialAction\":[{\"@type\":\"SearchAction\",\"target\":{\"@type\":\"EntryPoint\",\"urlTemplate\":\"https:\/\/portaltela.pt\/?s={search_term_string}\"},\"query-input\":{\"@type\":\"PropertyValueSpecification\",\"valueRequired\":true,\"valueName\":\"search_term_string\"}}],\"inLanguage\":\"pt-PT\"},{\"@type\":\"Person\",\"@id\":\"https:\/\/portaltela.pt\/#\/schema\/person\/c4278d4a6028830caff9ee44b42d32ed\",\"name\":\"Telinha\",\"image\":{\"@type\":\"ImageObject\",\"inLanguage\":\"pt-PT\",\"@id\":\"https:\/\/portaltela.pt\/s.01k8rhncp4jt1\/2025\/11\/talking-bot-125x125.png\",\"url\":\"https:\/\/portaltela.pt\/s.01k8rhncp4jt1\/2025\/11\/talking-bot-125x125.png\",\"contentUrl\":\"https:\/\/portaltela.pt\/s.01k8rhncp4jt1\/2025\/11\/talking-bot-125x125.png\",\"caption\":\"Telinha\"},\"sameAs\":[\"https:\/\/portaltela.pt\/\"],\"url\":\"https:\/\/portaltela.pt\/por\/367410592786\/\"}]}<\/script>\n<!-- \/ Yoast SEO plugin. -->","yoast_head_json":{"title":"Casa Branca publica imagem digitalmente alterada de manifestante detida a chorar - Portal Tela Portugal","robots":{"index":"index","follow":"follow","max-snippet":"max-snippet:-1","max-image-preview":"max-image-preview:large","max-video-preview":"max-video-preview:-1"},"og_locale":"pt_PT","og_type":"article","og_title":"Casa Branca publica imagem digitalmente alterada de manifestante detida a chorar - Portal Tela Portugal","og_description":"A Casa Branca publicou uma foto de Nekima Levy Armstrong, manifestante detida em Minnesota, com l\u00e1grimas no rosto, sem indicar que a imagem havia sido editada. A secret\u00e1ria de Seguran\u00e7a Interna, Kristi Noem, publicou a mesmo imagem no X com o rosto sereno, antes de a Casa Branca partilhar a vers\u00e3o em que Nekima aparece a chorar. A imagem editada mostrava Nekima a chorar, com o texto \"PRESA\" e rotulagem como \"agitadora de extrema esquerda\"; n\u00e3o ficou claro se houve uso de IA ou de outro software de edi\u00e7\u00e3o. A Casa Branca n\u00e3o comentou a edi\u00e7\u00e3o; Kaelan Dorr, vice-diretor de Comunica\u00e7\u00f5es, admitiu implicitamente a altera\u00e7\u00e3o numa publica\u00e7\u00e3o no X. O governo enviou agentes para Minnesota, num contexto de tens\u00f5es ligadas \u00e0 imigra\u00e7\u00e3o, desde o assassinato de uma manifestante por um agente do Servi\u00e7o de Imigra\u00e7\u00e3o e Alf\u00e2ndega; j\u00e1 houve partilha de imagens geradas por IA envolvendo o presidente e a administra\u00e7\u00e3o.","og_url":"https:\/\/portaltela.pt\/noticias\/2026\/01\/23\/casa-branca-publica-imagem-digitalmente-alterada-de-manifestante-detida-a-chorar\/","og_site_name":"Portal Tela Portugal","article_published_time":"2026-01-23T11:30:00+00:00","author":"Telinha","twitter_card":"summary_large_image","twitter_misc":{"Escrito por":"Telinha","Tempo estimado de leitura":"1 minuto"},"schema":{"@context":"https:\/\/schema.org","@graph":[{"@type":"Article","@id":"https:\/\/portaltela.pt\/noticias\/2026\/01\/23\/casa-branca-publica-imagem-digitalmente-alterada-de-manifestante-detida-a-chorar\/#article","isPartOf":{"@id":"https:\/\/portaltela.pt\/noticias\/2026\/01\/23\/casa-branca-publica-imagem-digitalmente-alterada-de-manifestante-detida-a-chorar\/"},"author":{"name":"Telinha","@id":"https:\/\/portaltela.pt\/#\/schema\/person\/c4278d4a6028830caff9ee44b42d32ed"},"headline":"Casa Branca publica imagem digitalmente alterada de manifestante detida a chorar","datePublished":"2026-01-23T11:30:00+00:00","mainEntityOfPage":{"@id":"https:\/\/portaltela.pt\/noticias\/2026\/01\/23\/casa-branca-publica-imagem-digitalmente-alterada-de-manifestante-detida-a-chorar\/"},"wordCount":281,"image":{"@id":"https:\/\/portaltela.pt\/noticias\/2026\/01\/23\/casa-branca-publica-imagem-digitalmente-alterada-de-manifestante-detida-a-chorar\/#primaryimage"},"thumbnailUrl":"https:\/\/portaltela.pt\/s.01k8rhncp4jt1\/2026\/01\/image-1531.jpg","keywords":["falsa comunica\u00e7\u00e3o de crime","imigra\u00e7\u00e3o","intelig\u00eancia artificial","liberdade de imprensa","pol\u00edtica","protestos"],"articleSection":["Internacional","Not\u00edcias"],"inLanguage":"pt-PT"},{"@type":"WebPage","@id":"https:\/\/portaltela.pt\/noticias\/2026\/01\/23\/casa-branca-publica-imagem-digitalmente-alterada-de-manifestante-detida-a-chorar\/","url":"https:\/\/portaltela.pt\/noticias\/2026\/01\/23\/casa-branca-publica-imagem-digitalmente-alterada-de-manifestante-detida-a-chorar\/","name":"Casa Branca publica imagem digitalmente alterada de manifestante detida a chorar - Portal Tela Portugal","isPartOf":{"@id":"https:\/\/portaltela.pt\/#website"},"primaryImageOfPage":{"@id":"https:\/\/portaltela.pt\/noticias\/2026\/01\/23\/casa-branca-publica-imagem-digitalmente-alterada-de-manifestante-detida-a-chorar\/#primaryimage"},"image":{"@id":"https:\/\/portaltela.pt\/noticias\/2026\/01\/23\/casa-branca-publica-imagem-digitalmente-alterada-de-manifestante-detida-a-chorar\/#primaryimage"},"thumbnailUrl":"https:\/\/portaltela.pt\/s.01k8rhncp4jt1\/2026\/01\/image-1531.jpg","datePublished":"2026-01-23T11:30:00+00:00","author":{"@id":"https:\/\/portaltela.pt\/#\/schema\/person\/c4278d4a6028830caff9ee44b42d32ed"},"breadcrumb":{"@id":"https:\/\/portaltela.pt\/noticias\/2026\/01\/23\/casa-branca-publica-imagem-digitalmente-alterada-de-manifestante-detida-a-chorar\/#breadcrumb"},"inLanguage":"pt-PT","potentialAction":[{"@type":"ReadAction","target":["https:\/\/portaltela.pt\/noticias\/2026\/01\/23\/casa-branca-publica-imagem-digitalmente-alterada-de-manifestante-detida-a-chorar\/"]}]},{"@type":"ImageObject","inLanguage":"pt-PT","@id":"https:\/\/portaltela.pt\/noticias\/2026\/01\/23\/casa-branca-publica-imagem-digitalmente-alterada-de-manifestante-detida-a-chorar\/#primaryimage","url":"https:\/\/portaltela.pt\/s.01k8rhncp4jt1\/2026\/01\/image-1531.jpg","contentUrl":"https:\/\/portaltela.pt\/s.01k8rhncp4jt1\/2026\/01\/image-1531.jpg","width":796,"height":448,"caption":"Imagem partilhada pela Casa Branca foi alterada digitalmente"},{"@type":"BreadcrumbList","@id":"https:\/\/portaltela.pt\/noticias\/2026\/01\/23\/casa-branca-publica-imagem-digitalmente-alterada-de-manifestante-detida-a-chorar\/#breadcrumb","itemListElement":[{"@type":"ListItem","position":1,"name":"In\u00edcio","item":"https:\/\/portaltela.pt\/"},{"@type":"ListItem","position":2,"name":"Casa Branca publica imagem digitalmente alterada de manifestante detida a chorar"}]},{"@type":"WebSite","@id":"https:\/\/portaltela.pt\/#website","url":"https:\/\/portaltela.pt\/","name":"Portal Tela Portugal","description":"","potentialAction":[{"@type":"SearchAction","target":{"@type":"EntryPoint","urlTemplate":"https:\/\/portaltela.pt\/?s={search_term_string}"},"query-input":{"@type":"PropertyValueSpecification","valueRequired":true,"valueName":"search_term_string"}}],"inLanguage":"pt-PT"},{"@type":"Person","@id":"https:\/\/portaltela.pt\/#\/schema\/person\/c4278d4a6028830caff9ee44b42d32ed","name":"Telinha","image":{"@type":"ImageObject","inLanguage":"pt-PT","@id":"https:\/\/portaltela.pt\/s.01k8rhncp4jt1\/2025\/11\/talking-bot-125x125.png","url":"https:\/\/portaltela.pt\/s.01k8rhncp4jt1\/2025\/11\/talking-bot-125x125.png","contentUrl":"https:\/\/portaltela.pt\/s.01k8rhncp4jt1\/2025\/11\/talking-bot-125x125.png","caption":"Telinha"},"sameAs":["https:\/\/portaltela.pt\/"],"url":"https:\/\/portaltela.pt\/por\/367410592786\/"}]}},"_links":{"self":[{"href":"https:\/\/portaltela.pt\/api\/wp\/v2\/posts\/166502","targetHints":{"allow":["GET"]}}],"collection":[{"href":"https:\/\/portaltela.pt\/api\/wp\/v2\/posts"}],"about":[{"href":"https:\/\/portaltela.pt\/api\/wp\/v2\/types\/post"}],"author":[{"embeddable":true,"href":"https:\/\/portaltela.pt\/api\/wp\/v2\/users\/2"}],"replies":[{"embeddable":true,"href":"https:\/\/portaltela.pt\/api\/wp\/v2\/comments?post=166502"}],"version-history":[{"count":0,"href":"https:\/\/portaltela.pt\/api\/wp\/v2\/posts\/166502\/revisions"}],"wp:featuredmedia":[{"embeddable":true,"href":"https:\/\/portaltela.pt\/api\/wp\/v2\/media\/166524"}],"wp:attachment":[{"href":"https:\/\/portaltela.pt\/api\/wp\/v2\/media?parent=166502"}],"wp:term":[{"taxonomy":"category","embeddable":true,"href":"https:\/\/portaltela.pt\/api\/wp\/v2\/categories?post=166502"},{"taxonomy":"post_tag","embeddable":true,"href":"https:\/\/portaltela.pt\/api\/wp\/v2\/tags?post=166502"}],"curies":[{"name":"wp","href":"https:\/\/api.w.org\/{rel}","templated":true}]}}