{"id":166384,"date":"2026-01-23T07:45:00","date_gmt":"2026-01-23T10:45:00","guid":{"rendered":"https:\/\/portaltela.pt\/noticias\/2026\/01\/23\/sporting-lateral-em-final-de-contrato-pode-renovar\/"},"modified":"2026-01-23T07:45:00","modified_gmt":"2026-01-23T10:45:00","slug":"sporting-lateral-em-final-de-contrato-pode-renovar","status":"publish","type":"post","link":"https:\/\/portaltela.pt\/desporto\/futebol\/2026\/01\/23\/sporting-lateral-em-final-de-contrato-pode-renovar\/","title":{"rendered":"Sporting: lateral em final de contrato pode renovar"},"content":{"rendered":"<p>Matheus Reis pode renovar com o Sporting, apesar de estar em final de contrato. A not\u00edcia aponta uma poss\u00edvel proposta de prorroga\u00e7\u00e3o para o defesa brasileiro de 30 anos, ap\u00f3s quase cinco temporadas em Alcochete.<\/p>\n<p>No jogo da Liga dos Campe\u00f5es frente ao PSG, o jogador tornou-se o que contabiliza mais jogos pela equipa na competi\u00e7\u00e3o: 27, para al\u00e9m de ter passado Rui Patr\u00edcio (26) e Gon\u00e7alo In\u00e1cio (26). Este marco destaca a influ\u00eancia do atleta no plantel.<\/p>\n<p>Com 863 minutos em 18 jogos, Reis tem duas assist\u00eancias nesta \u00e9poca. A progress\u00e3o foi condicionada por quatro jogos de castigo ap\u00f3s o incidente na final da Ta\u00e7a de Portugal da temporada passada e pela mudan\u00e7a t\u00e1tica de tr\u00eas centrais para linha de quatro na defesa.<\/p>\n<p>A aposta no brasileiro \u00e9 real entre adeptos, que j\u00e1 questionaram a Administra\u00e7\u00e3o sobre a renova\u00e7\u00e3o nas redes sociais. O treinador Rui Borges descreve Reis como exemplo dentro do balne\u00e1rio, destacando a entrega e lideran\u00e7a no grupo.<\/p>\n<p>Um poss\u00edvel entrave \u00e0 prorroga\u00e7\u00e3o \u00e9 o sal\u00e1rio. O vencimento anual ronda os 6 milh\u00f5es de euros, valor que exigiria ajuste caso seja prolongado o v\u00ednculo laboral com o clube de Alvalade.<\/p>\n<p>Borges j\u00e1 afirmou publicamente que Reis continua a fazer parte dos planos, tal como Morita, negando sa\u00edda durante o presente mercado. O tema da renova\u00e7\u00e3o permanece em aberto, sem an\u00fancios oficiais at\u00e9 ao momento.<\/p>\n","protected":false},"excerpt":{"rendered":"<ul>\n<li>Matheus Reis, de 30 anos, est\u00e1 em final de contrato, mas pode receber proposta de renova\u00e7\u00e3o pelo Sporting.<\/li>\n<li>Tornou-se o jogador com mais jogos do Sporting na Liga dos Campe\u00f5es, com 27 partidas, ultrapassando Rui Patr\u00edcio.<\/li>\n<li>Nesta \u00e9poca soma 18 jogos e 863 minutos, com duas assist\u00eancias, tendo cumprido quatro jogos de castigo no in\u00edcio da temporada.<\/li>\n<li>O treinador Rui Borges descreve o brasileiro como exemplar no balne\u00e1rio, l\u00edder e pe\u00e7a fundamental, e indicou que Morita e Matheus Reis n\u00e3o ir\u00e3o sair neste mercado.<\/li>\n<li>O principal entrave para a renova\u00e7\u00e3o \u00e9 salarial: o jogador aufere perto de \u20ac six milh\u00f5es anuais, valor que pode dificultar a extens\u00e3o do v\u00ednculo.<\/li>\n<\/ul>\n","protected":false},"author":2,"featured_media":166390,"comment_status":"closed","ping_status":"closed","sticky":false,"template":"","format":"standard","meta":{"footnotes":""},"categories":[21,24],"tags":[3577,32,242,3286,1652],"class_list":["post-166384","post","type-post","status-publish","format-standard","has-post-thumbnail","hentry","category-desporto","category-futebol","tag-champions-league","tag-futebol","tag-jogadores","tag-morita","tag-sporting"],"yoast_head":"<!-- This site is optimized with the Yoast SEO plugin v27.2 - https:\/\/yoast.com\/product\/yoast-seo-wordpress\/ -->\n<title>Sporting: lateral em final de contrato pode renovar - Portal Tela Portugal<\/title>\n<meta name=\"robots\" content=\"index, follow, max-snippet:-1, max-image-preview:large, max-video-preview:-1\" \/>\n<meta property=\"og:locale\" content=\"pt_PT\" \/>\n<meta property=\"og:type\" content=\"article\" \/>\n<meta property=\"og:title\" content=\"Sporting: lateral em final de contrato pode renovar - Portal Tela Portugal\" \/>\n<meta property=\"og:description\" content=\"Matheus Reis, de 30 anos, est\u00e1 em final de contrato, mas pode receber proposta de renova\u00e7\u00e3o pelo Sporting. Tornou-se o jogador com mais jogos do Sporting na Liga dos Campe\u00f5es, com 27 partidas, ultrapassando Rui Patr\u00edcio. Nesta \u00e9poca soma 18 jogos e 863 minutos, com duas assist\u00eancias, tendo cumprido quatro jogos de castigo no in\u00edcio da temporada. O treinador Rui Borges descreve o brasileiro como exemplar no balne\u00e1rio, l\u00edder e pe\u00e7a fundamental, e indicou que Morita e Matheus Reis n\u00e3o ir\u00e3o sair neste mercado. O principal entrave para a renova\u00e7\u00e3o \u00e9 salarial: o jogador aufere perto de \u20ac six milh\u00f5es anuais, valor que pode dificultar a extens\u00e3o do v\u00ednculo.\" \/>\n<meta property=\"og:url\" content=\"https:\/\/portaltela.pt\/noticias\/2026\/01\/23\/sporting-lateral-em-final-de-contrato-pode-renovar\/\" \/>\n<meta property=\"og:site_name\" content=\"Portal Tela Portugal\" \/>\n<meta property=\"article:published_time\" content=\"2026-01-23T10:45:00+00:00\" \/>\n<meta name=\"author\" content=\"Telinha\" \/>\n<meta name=\"twitter:card\" content=\"summary_large_image\" \/>\n<meta name=\"twitter:label1\" content=\"Escrito por\" \/>\n\t<meta name=\"twitter:data1\" content=\"Telinha\" \/>\n\t<meta name=\"twitter:label2\" content=\"Tempo estimado de leitura\" \/>\n\t<meta name=\"twitter:data2\" content=\"1 minuto\" \/>\n<script type=\"application\/ld+json\" class=\"yoast-schema-graph\">{\"@context\":\"https:\/\/schema.org\",\"@graph\":[{\"@type\":\"Article\",\"@id\":\"https:\/\/portaltela.pt\/noticias\/2026\/01\/23\/sporting-lateral-em-final-de-contrato-pode-renovar\/#article\",\"isPartOf\":{\"@id\":\"https:\/\/portaltela.pt\/noticias\/2026\/01\/23\/sporting-lateral-em-final-de-contrato-pode-renovar\/\"},\"author\":{\"name\":\"Telinha\",\"@id\":\"https:\/\/portaltela.pt\/#\/schema\/person\/c4278d4a6028830caff9ee44b42d32ed\"},\"headline\":\"Sporting: lateral em final de contrato pode renovar\",\"datePublished\":\"2026-01-23T10:45:00+00:00\",\"mainEntityOfPage\":{\"@id\":\"https:\/\/portaltela.pt\/noticias\/2026\/01\/23\/sporting-lateral-em-final-de-contrato-pode-renovar\/\"},\"wordCount\":255,\"image\":{\"@id\":\"https:\/\/portaltela.pt\/noticias\/2026\/01\/23\/sporting-lateral-em-final-de-contrato-pode-renovar\/#primaryimage\"},\"thumbnailUrl\":\"https:\/\/portaltela.pt\/s.01k8rhncp4jt1\/2026\/01\/4dd94566-d557-4209-ac32-5e362b89edee.jpg\",\"keywords\":[\"Champions League\",\"futebol\",\"jogadores\",\"Morita\",\"Sporting\"],\"articleSection\":[\"Desporto\",\"Futebol\"],\"inLanguage\":\"pt-PT\"},{\"@type\":\"WebPage\",\"@id\":\"https:\/\/portaltela.pt\/noticias\/2026\/01\/23\/sporting-lateral-em-final-de-contrato-pode-renovar\/\",\"url\":\"https:\/\/portaltela.pt\/noticias\/2026\/01\/23\/sporting-lateral-em-final-de-contrato-pode-renovar\/\",\"name\":\"Sporting: lateral em final de contrato pode renovar - Portal Tela Portugal\",\"isPartOf\":{\"@id\":\"https:\/\/portaltela.pt\/#website\"},\"primaryImageOfPage\":{\"@id\":\"https:\/\/portaltela.pt\/noticias\/2026\/01\/23\/sporting-lateral-em-final-de-contrato-pode-renovar\/#primaryimage\"},\"image\":{\"@id\":\"https:\/\/portaltela.pt\/noticias\/2026\/01\/23\/sporting-lateral-em-final-de-contrato-pode-renovar\/#primaryimage\"},\"thumbnailUrl\":\"https:\/\/portaltela.pt\/s.01k8rhncp4jt1\/2026\/01\/4dd94566-d557-4209-ac32-5e362b89edee.jpg\",\"datePublished\":\"2026-01-23T10:45:00+00:00\",\"author\":{\"@id\":\"https:\/\/portaltela.pt\/#\/schema\/person\/c4278d4a6028830caff9ee44b42d32ed\"},\"breadcrumb\":{\"@id\":\"https:\/\/portaltela.pt\/noticias\/2026\/01\/23\/sporting-lateral-em-final-de-contrato-pode-renovar\/#breadcrumb\"},\"inLanguage\":\"pt-PT\",\"potentialAction\":[{\"@type\":\"ReadAction\",\"target\":[\"https:\/\/portaltela.pt\/noticias\/2026\/01\/23\/sporting-lateral-em-final-de-contrato-pode-renovar\/\"]}]},{\"@type\":\"ImageObject\",\"inLanguage\":\"pt-PT\",\"@id\":\"https:\/\/portaltela.pt\/noticias\/2026\/01\/23\/sporting-lateral-em-final-de-contrato-pode-renovar\/#primaryimage\",\"url\":\"https:\/\/portaltela.pt\/s.01k8rhncp4jt1\/2026\/01\/4dd94566-d557-4209-ac32-5e362b89edee.jpg\",\"contentUrl\":\"https:\/\/portaltela.pt\/s.01k8rhncp4jt1\/2026\/01\/4dd94566-d557-4209-ac32-5e362b89edee.jpg\",\"width\":796,\"height\":448,\"caption\":\"Matheus Reis chegou ao Sporting em 2020, oriundo do Rio Ave\"},{\"@type\":\"BreadcrumbList\",\"@id\":\"https:\/\/portaltela.pt\/noticias\/2026\/01\/23\/sporting-lateral-em-final-de-contrato-pode-renovar\/#breadcrumb\",\"itemListElement\":[{\"@type\":\"ListItem\",\"position\":1,\"name\":\"In\u00edcio\",\"item\":\"https:\/\/portaltela.pt\/\"},{\"@type\":\"ListItem\",\"position\":2,\"name\":\"Sporting: lateral em final de contrato pode renovar\"}]},{\"@type\":\"WebSite\",\"@id\":\"https:\/\/portaltela.pt\/#website\",\"url\":\"https:\/\/portaltela.pt\/\",\"name\":\"Portal Tela Portugal\",\"description\":\"\",\"potentialAction\":[{\"@type\":\"SearchAction\",\"target\":{\"@type\":\"EntryPoint\",\"urlTemplate\":\"https:\/\/portaltela.pt\/?s={search_term_string}\"},\"query-input\":{\"@type\":\"PropertyValueSpecification\",\"valueRequired\":true,\"valueName\":\"search_term_string\"}}],\"inLanguage\":\"pt-PT\"},{\"@type\":\"Person\",\"@id\":\"https:\/\/portaltela.pt\/#\/schema\/person\/c4278d4a6028830caff9ee44b42d32ed\",\"name\":\"Telinha\",\"image\":{\"@type\":\"ImageObject\",\"inLanguage\":\"pt-PT\",\"@id\":\"https:\/\/portaltela.pt\/s.01k8rhncp4jt1\/2025\/11\/talking-bot-125x125.png\",\"url\":\"https:\/\/portaltela.pt\/s.01k8rhncp4jt1\/2025\/11\/talking-bot-125x125.png\",\"contentUrl\":\"https:\/\/portaltela.pt\/s.01k8rhncp4jt1\/2025\/11\/talking-bot-125x125.png\",\"caption\":\"Telinha\"},\"sameAs\":[\"https:\/\/portaltela.pt\/\"],\"url\":\"https:\/\/portaltela.pt\/por\/367410592786\/\"}]}<\/script>\n<!-- \/ Yoast SEO plugin. -->","yoast_head_json":{"title":"Sporting: lateral em final de contrato pode renovar - Portal Tela Portugal","robots":{"index":"index","follow":"follow","max-snippet":"max-snippet:-1","max-image-preview":"max-image-preview:large","max-video-preview":"max-video-preview:-1"},"og_locale":"pt_PT","og_type":"article","og_title":"Sporting: lateral em final de contrato pode renovar - Portal Tela Portugal","og_description":"Matheus Reis, de 30 anos, est\u00e1 em final de contrato, mas pode receber proposta de renova\u00e7\u00e3o pelo Sporting. Tornou-se o jogador com mais jogos do Sporting na Liga dos Campe\u00f5es, com 27 partidas, ultrapassando Rui Patr\u00edcio. Nesta \u00e9poca soma 18 jogos e 863 minutos, com duas assist\u00eancias, tendo cumprido quatro jogos de castigo no in\u00edcio da temporada. O treinador Rui Borges descreve o brasileiro como exemplar no balne\u00e1rio, l\u00edder e pe\u00e7a fundamental, e indicou que Morita e Matheus Reis n\u00e3o ir\u00e3o sair neste mercado. O principal entrave para a renova\u00e7\u00e3o \u00e9 salarial: o jogador aufere perto de \u20ac six milh\u00f5es anuais, valor que pode dificultar a extens\u00e3o do v\u00ednculo.","og_url":"https:\/\/portaltela.pt\/noticias\/2026\/01\/23\/sporting-lateral-em-final-de-contrato-pode-renovar\/","og_site_name":"Portal Tela Portugal","article_published_time":"2026-01-23T10:45:00+00:00","author":"Telinha","twitter_card":"summary_large_image","twitter_misc":{"Escrito por":"Telinha","Tempo estimado de leitura":"1 minuto"},"schema":{"@context":"https:\/\/schema.org","@graph":[{"@type":"Article","@id":"https:\/\/portaltela.pt\/noticias\/2026\/01\/23\/sporting-lateral-em-final-de-contrato-pode-renovar\/#article","isPartOf":{"@id":"https:\/\/portaltela.pt\/noticias\/2026\/01\/23\/sporting-lateral-em-final-de-contrato-pode-renovar\/"},"author":{"name":"Telinha","@id":"https:\/\/portaltela.pt\/#\/schema\/person\/c4278d4a6028830caff9ee44b42d32ed"},"headline":"Sporting: lateral em final de contrato pode renovar","datePublished":"2026-01-23T10:45:00+00:00","mainEntityOfPage":{"@id":"https:\/\/portaltela.pt\/noticias\/2026\/01\/23\/sporting-lateral-em-final-de-contrato-pode-renovar\/"},"wordCount":255,"image":{"@id":"https:\/\/portaltela.pt\/noticias\/2026\/01\/23\/sporting-lateral-em-final-de-contrato-pode-renovar\/#primaryimage"},"thumbnailUrl":"https:\/\/portaltela.pt\/s.01k8rhncp4jt1\/2026\/01\/4dd94566-d557-4209-ac32-5e362b89edee.jpg","keywords":["Champions League","futebol","jogadores","Morita","Sporting"],"articleSection":["Desporto","Futebol"],"inLanguage":"pt-PT"},{"@type":"WebPage","@id":"https:\/\/portaltela.pt\/noticias\/2026\/01\/23\/sporting-lateral-em-final-de-contrato-pode-renovar\/","url":"https:\/\/portaltela.pt\/noticias\/2026\/01\/23\/sporting-lateral-em-final-de-contrato-pode-renovar\/","name":"Sporting: lateral em final de contrato pode renovar - Portal Tela Portugal","isPartOf":{"@id":"https:\/\/portaltela.pt\/#website"},"primaryImageOfPage":{"@id":"https:\/\/portaltela.pt\/noticias\/2026\/01\/23\/sporting-lateral-em-final-de-contrato-pode-renovar\/#primaryimage"},"image":{"@id":"https:\/\/portaltela.pt\/noticias\/2026\/01\/23\/sporting-lateral-em-final-de-contrato-pode-renovar\/#primaryimage"},"thumbnailUrl":"https:\/\/portaltela.pt\/s.01k8rhncp4jt1\/2026\/01\/4dd94566-d557-4209-ac32-5e362b89edee.jpg","datePublished":"2026-01-23T10:45:00+00:00","author":{"@id":"https:\/\/portaltela.pt\/#\/schema\/person\/c4278d4a6028830caff9ee44b42d32ed"},"breadcrumb":{"@id":"https:\/\/portaltela.pt\/noticias\/2026\/01\/23\/sporting-lateral-em-final-de-contrato-pode-renovar\/#breadcrumb"},"inLanguage":"pt-PT","potentialAction":[{"@type":"ReadAction","target":["https:\/\/portaltela.pt\/noticias\/2026\/01\/23\/sporting-lateral-em-final-de-contrato-pode-renovar\/"]}]},{"@type":"ImageObject","inLanguage":"pt-PT","@id":"https:\/\/portaltela.pt\/noticias\/2026\/01\/23\/sporting-lateral-em-final-de-contrato-pode-renovar\/#primaryimage","url":"https:\/\/portaltela.pt\/s.01k8rhncp4jt1\/2026\/01\/4dd94566-d557-4209-ac32-5e362b89edee.jpg","contentUrl":"https:\/\/portaltela.pt\/s.01k8rhncp4jt1\/2026\/01\/4dd94566-d557-4209-ac32-5e362b89edee.jpg","width":796,"height":448,"caption":"Matheus Reis chegou ao Sporting em 2020, oriundo do Rio Ave"},{"@type":"BreadcrumbList","@id":"https:\/\/portaltela.pt\/noticias\/2026\/01\/23\/sporting-lateral-em-final-de-contrato-pode-renovar\/#breadcrumb","itemListElement":[{"@type":"ListItem","position":1,"name":"In\u00edcio","item":"https:\/\/portaltela.pt\/"},{"@type":"ListItem","position":2,"name":"Sporting: lateral em final de contrato pode renovar"}]},{"@type":"WebSite","@id":"https:\/\/portaltela.pt\/#website","url":"https:\/\/portaltela.pt\/","name":"Portal Tela Portugal","description":"","potentialAction":[{"@type":"SearchAction","target":{"@type":"EntryPoint","urlTemplate":"https:\/\/portaltela.pt\/?s={search_term_string}"},"query-input":{"@type":"PropertyValueSpecification","valueRequired":true,"valueName":"search_term_string"}}],"inLanguage":"pt-PT"},{"@type":"Person","@id":"https:\/\/portaltela.pt\/#\/schema\/person\/c4278d4a6028830caff9ee44b42d32ed","name":"Telinha","image":{"@type":"ImageObject","inLanguage":"pt-PT","@id":"https:\/\/portaltela.pt\/s.01k8rhncp4jt1\/2025\/11\/talking-bot-125x125.png","url":"https:\/\/portaltela.pt\/s.01k8rhncp4jt1\/2025\/11\/talking-bot-125x125.png","contentUrl":"https:\/\/portaltela.pt\/s.01k8rhncp4jt1\/2025\/11\/talking-bot-125x125.png","caption":"Telinha"},"sameAs":["https:\/\/portaltela.pt\/"],"url":"https:\/\/portaltela.pt\/por\/367410592786\/"}]}},"_links":{"self":[{"href":"https:\/\/portaltela.pt\/api\/wp\/v2\/posts\/166384","targetHints":{"allow":["GET"]}}],"collection":[{"href":"https:\/\/portaltela.pt\/api\/wp\/v2\/posts"}],"about":[{"href":"https:\/\/portaltela.pt\/api\/wp\/v2\/types\/post"}],"author":[{"embeddable":true,"href":"https:\/\/portaltela.pt\/api\/wp\/v2\/users\/2"}],"replies":[{"embeddable":true,"href":"https:\/\/portaltela.pt\/api\/wp\/v2\/comments?post=166384"}],"version-history":[{"count":0,"href":"https:\/\/portaltela.pt\/api\/wp\/v2\/posts\/166384\/revisions"}],"wp:featuredmedia":[{"embeddable":true,"href":"https:\/\/portaltela.pt\/api\/wp\/v2\/media\/166390"}],"wp:attachment":[{"href":"https:\/\/portaltela.pt\/api\/wp\/v2\/media?parent=166384"}],"wp:term":[{"taxonomy":"category","embeddable":true,"href":"https:\/\/portaltela.pt\/api\/wp\/v2\/categories?post=166384"},{"taxonomy":"post_tag","embeddable":true,"href":"https:\/\/portaltela.pt\/api\/wp\/v2\/tags?post=166384"}],"curies":[{"name":"wp","href":"https:\/\/api.w.org\/{rel}","templated":true}]}}