{"id":166358,"date":"2026-01-23T07:39:34","date_gmt":"2026-01-23T10:39:34","guid":{"rendered":"https:\/\/portaltela.pt\/noticias\/2026\/01\/23\/alunos-de-arouca-em-zonas-serranas-ficam-em-casa-por-riscos-em-transportes\/"},"modified":"2026-01-23T07:39:34","modified_gmt":"2026-01-23T10:39:34","slug":"alunos-de-arouca-em-zonas-serranas-ficam-em-casa-por-riscos-em-transportes","status":"publish","type":"post","link":"https:\/\/portaltela.pt\/noticias\/2026\/01\/23\/alunos-de-arouca-em-zonas-serranas-ficam-em-casa-por-riscos-em-transportes\/","title":{"rendered":"Alunos de Arouca em zonas serranas ficam em casa por riscos em transportes"},"content":{"rendered":"<p>Os alunos das zonas serranas de Arouca v\u00e3o ficar em casa nesta sexta-feira para evitar riscos associados \u00e0 depress\u00e3o Ingrid. A medida envolve crian\u00e7as desde o pr\u00e9-escolar at\u00e9 ao 12.\u00ba ano e pretende reduzir desloca\u00e7\u00f5es em transportes p\u00fablicos sob condi\u00e7\u00f5es meteorol\u00f3gicas adversas.<\/p>\n<p>A autarquia de Arouca indicou que cerca de 350 crian\u00e7as podem ficar em casa. Em zonas de maior risco, alguns alunos n\u00e3o v\u00e3o \u00e0 escola ao longo do dia, enquanto algumas escolas encerram o servi\u00e7o na hora de almo\u00e7o. A decis\u00e3o serve para prevenir acidentes em estradas que podem ficar geladas.<\/p>\n<h3>Altera\u00e7\u00f5es no transporte escolar<\/h3>\n<p>A presidente da c\u00e2mara, Margarida Bel\u00e9m, explicou que o munic\u00edpio atua em articula\u00e7\u00e3o com o Agrupamento de Escolas de Arouca, respons\u00e1veis pelos circuitos especiais de transporte e a rede UNIR. Os trajetos foram ajustados para as freguesias com previs\u00e3o de queda de neve, visando a seguran\u00e7a.<\/p>\n<p>Algumas aldeias serranas, como Merujal, Albergaria e Mizarela, mant\u00eam os edif\u00edcios abertos apenas para parte do dia; cinco alunos do 1.\u00ba ao 4.\u00ba ano e mais cinco do 5.\u00ba ao 12.\u00ba ano ficam em casa. Tamb\u00e9m h\u00e1 13 alunos de Noninha e Bustelo que n\u00e3o v\u00e3o \u00e0s aulas por dificuldades de transporte.<\/p>\n<p>Nos polos de Alvarenga e Canelas, as escolas abrem pela manh\u00e3 e fecham ap\u00f3s o almo\u00e7o; 46 e 38 alunos, respetivamente, s\u00e3o enviados para casa. Os alunos do 5.\u00ba ao 12.\u00ba ano de Alvarenga que frequentam estas freguesias tamb\u00e9m n\u00e3o v\u00e3o \u00e0s aulas completas, devido \u00e0 dificuldade de regresso a casa a tempo de almo\u00e7o.<\/p>\n","protected":false},"excerpt":{"rendered":"<ul>\n<li>Em Arouca, a depress\u00e3o Ingrid leva mais de trezentos e cinquenta alunos a ficarem em casa para evitar desloca\u00e7\u00f5es em transportes p\u00fablicos com risco de gelo nas estradas serranas.<\/li>\n<li>Nas aldeias serranas de Merujal, Albergaria e Mizarela ficam em casa cinco alunos do ensino pr\u00e9-escolar at\u00e9 ao 4.\u00ba ano e mais cinco do 5.\u00ba ao 12.\u00ba, para evitar a linha UNIR.<\/li>\n<li>A decis\u00e3o foi anunciada pela presidente da c\u00e2mara, Margarida Bel\u00e9m, e resulta do ajuste de trajetos de transporte escolar em parceria com o Agrupamento de Escolas de Arouca e a rede UNIR.<\/li>\n<li>Nos polos de Alvarenga e Canelas, as escolas abrem de manh\u00e3 e encerram ap\u00f3s o almo\u00e7o, afetando 46 e 38 alunos, respetivamente.<\/li>\n<li>Tamb\u00e9m h\u00e1 treze alunos de Noninha e Bustelo que n\u00e3o v\u00e3o \u00e0s aulas por dificuldades de transporte, e alunos do 5.\u00ba ao 12.\u00ba em Canelas, Provisende, Souto Redondo e P\u00f3voa Reguenga regressam a casa depois do almo\u00e7o por autocarro UNIR.<\/li>\n<\/ul>\n","protected":false},"author":2,"featured_media":166363,"comment_status":"closed","ping_status":"closed","sticky":false,"template":"","format":"standard","meta":{"footnotes":""},"categories":[1],"tags":[900,163,2153,2761,1505],"class_list":["post-166358","post","type-post","status-publish","format-standard","has-post-thumbnail","hentry","category-noticias","tag-arouca","tag-educacao","tag-educacao-escolar","tag-seguranca-rodoviaria","tag-transportes-rodoviarios"],"yoast_head":"<!-- This site is optimized with the Yoast SEO plugin v27.2 - https:\/\/yoast.com\/product\/yoast-seo-wordpress\/ -->\n<title>Alunos de Arouca em zonas serranas ficam em casa por riscos em transportes - Portal Tela Portugal<\/title>\n<meta name=\"robots\" content=\"index, follow, max-snippet:-1, max-image-preview:large, max-video-preview:-1\" \/>\n<meta property=\"og:locale\" content=\"pt_PT\" \/>\n<meta property=\"og:type\" content=\"article\" \/>\n<meta property=\"og:title\" content=\"Alunos de Arouca em zonas serranas ficam em casa por riscos em transportes - Portal Tela Portugal\" \/>\n<meta property=\"og:description\" content=\"Em Arouca, a depress\u00e3o Ingrid leva mais de trezentos e cinquenta alunos a ficarem em casa para evitar desloca\u00e7\u00f5es em transportes p\u00fablicos com risco de gelo nas estradas serranas. Nas aldeias serranas de Merujal, Albergaria e Mizarela ficam em casa cinco alunos do ensino pr\u00e9-escolar at\u00e9 ao 4.\u00ba ano e mais cinco do 5.\u00ba ao 12.\u00ba, para evitar a linha UNIR. A decis\u00e3o foi anunciada pela presidente da c\u00e2mara, Margarida Bel\u00e9m, e resulta do ajuste de trajetos de transporte escolar em parceria com o Agrupamento de Escolas de Arouca e a rede UNIR. Nos polos de Alvarenga e Canelas, as escolas abrem de manh\u00e3 e encerram ap\u00f3s o almo\u00e7o, afetando 46 e 38 alunos, respetivamente. Tamb\u00e9m h\u00e1 treze alunos de Noninha e Bustelo que n\u00e3o v\u00e3o \u00e0s aulas por dificuldades de transporte, e alunos do 5.\u00ba ao 12.\u00ba em Canelas, Provisende, Souto Redondo e P\u00f3voa Reguenga regressam a casa depois do almo\u00e7o por autocarro UNIR.\" \/>\n<meta property=\"og:url\" content=\"https:\/\/portaltela.pt\/noticias\/2026\/01\/23\/alunos-de-arouca-em-zonas-serranas-ficam-em-casa-por-riscos-em-transportes\/\" \/>\n<meta property=\"og:site_name\" content=\"Portal Tela Portugal\" \/>\n<meta property=\"article:published_time\" content=\"2026-01-23T10:39:34+00:00\" \/>\n<meta name=\"author\" content=\"Telinha\" \/>\n<meta name=\"twitter:card\" content=\"summary_large_image\" \/>\n<meta name=\"twitter:label1\" content=\"Escrito por\" \/>\n\t<meta name=\"twitter:data1\" content=\"Telinha\" \/>\n\t<meta name=\"twitter:label2\" content=\"Tempo estimado de leitura\" \/>\n\t<meta name=\"twitter:data2\" content=\"1 minuto\" \/>\n<script type=\"application\/ld+json\" class=\"yoast-schema-graph\">{\"@context\":\"https:\/\/schema.org\",\"@graph\":[{\"@type\":\"Article\",\"@id\":\"https:\/\/portaltela.pt\/noticias\/2026\/01\/23\/alunos-de-arouca-em-zonas-serranas-ficam-em-casa-por-riscos-em-transportes\/#article\",\"isPartOf\":{\"@id\":\"https:\/\/portaltela.pt\/noticias\/2026\/01\/23\/alunos-de-arouca-em-zonas-serranas-ficam-em-casa-por-riscos-em-transportes\/\"},\"author\":{\"name\":\"Telinha\",\"@id\":\"https:\/\/portaltela.pt\/#\/schema\/person\/c4278d4a6028830caff9ee44b42d32ed\"},\"headline\":\"Alunos de Arouca em zonas serranas ficam em casa por riscos em transportes\",\"datePublished\":\"2026-01-23T10:39:34+00:00\",\"mainEntityOfPage\":{\"@id\":\"https:\/\/portaltela.pt\/noticias\/2026\/01\/23\/alunos-de-arouca-em-zonas-serranas-ficam-em-casa-por-riscos-em-transportes\/\"},\"wordCount\":283,\"image\":{\"@id\":\"https:\/\/portaltela.pt\/noticias\/2026\/01\/23\/alunos-de-arouca-em-zonas-serranas-ficam-em-casa-por-riscos-em-transportes\/#primaryimage\"},\"thumbnailUrl\":\"https:\/\/portaltela.pt\/s.01k8rhncp4jt1\/2026\/01\/img_1500x1000uu2020-02-01-07-41-00-921431.jpg\",\"keywords\":[\"Arouca\",\"educa\u00e7\u00e3o\",\"educa\u00e7\u00e3o escolar\",\"seguran\u00e7a rodovi\u00e1ria\",\"Transportes Rodovi\u00e1rios\"],\"articleSection\":[\"Not\u00edcias\"],\"inLanguage\":\"pt-PT\"},{\"@type\":\"WebPage\",\"@id\":\"https:\/\/portaltela.pt\/noticias\/2026\/01\/23\/alunos-de-arouca-em-zonas-serranas-ficam-em-casa-por-riscos-em-transportes\/\",\"url\":\"https:\/\/portaltela.pt\/noticias\/2026\/01\/23\/alunos-de-arouca-em-zonas-serranas-ficam-em-casa-por-riscos-em-transportes\/\",\"name\":\"Alunos de Arouca em zonas serranas ficam em casa por riscos em transportes - Portal Tela Portugal\",\"isPartOf\":{\"@id\":\"https:\/\/portaltela.pt\/#website\"},\"primaryImageOfPage\":{\"@id\":\"https:\/\/portaltela.pt\/noticias\/2026\/01\/23\/alunos-de-arouca-em-zonas-serranas-ficam-em-casa-por-riscos-em-transportes\/#primaryimage\"},\"image\":{\"@id\":\"https:\/\/portaltela.pt\/noticias\/2026\/01\/23\/alunos-de-arouca-em-zonas-serranas-ficam-em-casa-por-riscos-em-transportes\/#primaryimage\"},\"thumbnailUrl\":\"https:\/\/portaltela.pt\/s.01k8rhncp4jt1\/2026\/01\/img_1500x1000uu2020-02-01-07-41-00-921431.jpg\",\"datePublished\":\"2026-01-23T10:39:34+00:00\",\"author\":{\"@id\":\"https:\/\/portaltela.pt\/#\/schema\/person\/c4278d4a6028830caff9ee44b42d32ed\"},\"breadcrumb\":{\"@id\":\"https:\/\/portaltela.pt\/noticias\/2026\/01\/23\/alunos-de-arouca-em-zonas-serranas-ficam-em-casa-por-riscos-em-transportes\/#breadcrumb\"},\"inLanguage\":\"pt-PT\",\"potentialAction\":[{\"@type\":\"ReadAction\",\"target\":[\"https:\/\/portaltela.pt\/noticias\/2026\/01\/23\/alunos-de-arouca-em-zonas-serranas-ficam-em-casa-por-riscos-em-transportes\/\"]}]},{\"@type\":\"ImageObject\",\"inLanguage\":\"pt-PT\",\"@id\":\"https:\/\/portaltela.pt\/noticias\/2026\/01\/23\/alunos-de-arouca-em-zonas-serranas-ficam-em-casa-por-riscos-em-transportes\/#primaryimage\",\"url\":\"https:\/\/portaltela.pt\/s.01k8rhncp4jt1\/2026\/01\/img_1500x1000uu2020-02-01-07-41-00-921431.jpg\",\"contentUrl\":\"https:\/\/portaltela.pt\/s.01k8rhncp4jt1\/2026\/01\/img_1500x1000uu2020-02-01-07-41-00-921431.jpg\",\"width\":796,\"height\":448,\"caption\":\"Chuva\"},{\"@type\":\"BreadcrumbList\",\"@id\":\"https:\/\/portaltela.pt\/noticias\/2026\/01\/23\/alunos-de-arouca-em-zonas-serranas-ficam-em-casa-por-riscos-em-transportes\/#breadcrumb\",\"itemListElement\":[{\"@type\":\"ListItem\",\"position\":1,\"name\":\"In\u00edcio\",\"item\":\"https:\/\/portaltela.pt\/\"},{\"@type\":\"ListItem\",\"position\":2,\"name\":\"Alunos de Arouca em zonas serranas ficam em casa por riscos em transportes\"}]},{\"@type\":\"WebSite\",\"@id\":\"https:\/\/portaltela.pt\/#website\",\"url\":\"https:\/\/portaltela.pt\/\",\"name\":\"Portal Tela Portugal\",\"description\":\"\",\"potentialAction\":[{\"@type\":\"SearchAction\",\"target\":{\"@type\":\"EntryPoint\",\"urlTemplate\":\"https:\/\/portaltela.pt\/?s={search_term_string}\"},\"query-input\":{\"@type\":\"PropertyValueSpecification\",\"valueRequired\":true,\"valueName\":\"search_term_string\"}}],\"inLanguage\":\"pt-PT\"},{\"@type\":\"Person\",\"@id\":\"https:\/\/portaltela.pt\/#\/schema\/person\/c4278d4a6028830caff9ee44b42d32ed\",\"name\":\"Telinha\",\"image\":{\"@type\":\"ImageObject\",\"inLanguage\":\"pt-PT\",\"@id\":\"https:\/\/portaltela.pt\/s.01k8rhncp4jt1\/2025\/11\/talking-bot-125x125.png\",\"url\":\"https:\/\/portaltela.pt\/s.01k8rhncp4jt1\/2025\/11\/talking-bot-125x125.png\",\"contentUrl\":\"https:\/\/portaltela.pt\/s.01k8rhncp4jt1\/2025\/11\/talking-bot-125x125.png\",\"caption\":\"Telinha\"},\"sameAs\":[\"https:\/\/portaltela.pt\/\"],\"url\":\"https:\/\/portaltela.pt\/por\/367410592786\/\"}]}<\/script>\n<!-- \/ Yoast SEO plugin. -->","yoast_head_json":{"title":"Alunos de Arouca em zonas serranas ficam em casa por riscos em transportes - Portal Tela Portugal","robots":{"index":"index","follow":"follow","max-snippet":"max-snippet:-1","max-image-preview":"max-image-preview:large","max-video-preview":"max-video-preview:-1"},"og_locale":"pt_PT","og_type":"article","og_title":"Alunos de Arouca em zonas serranas ficam em casa por riscos em transportes - Portal Tela Portugal","og_description":"Em Arouca, a depress\u00e3o Ingrid leva mais de trezentos e cinquenta alunos a ficarem em casa para evitar desloca\u00e7\u00f5es em transportes p\u00fablicos com risco de gelo nas estradas serranas. Nas aldeias serranas de Merujal, Albergaria e Mizarela ficam em casa cinco alunos do ensino pr\u00e9-escolar at\u00e9 ao 4.\u00ba ano e mais cinco do 5.\u00ba ao 12.\u00ba, para evitar a linha UNIR. A decis\u00e3o foi anunciada pela presidente da c\u00e2mara, Margarida Bel\u00e9m, e resulta do ajuste de trajetos de transporte escolar em parceria com o Agrupamento de Escolas de Arouca e a rede UNIR. Nos polos de Alvarenga e Canelas, as escolas abrem de manh\u00e3 e encerram ap\u00f3s o almo\u00e7o, afetando 46 e 38 alunos, respetivamente. Tamb\u00e9m h\u00e1 treze alunos de Noninha e Bustelo que n\u00e3o v\u00e3o \u00e0s aulas por dificuldades de transporte, e alunos do 5.\u00ba ao 12.\u00ba em Canelas, Provisende, Souto Redondo e P\u00f3voa Reguenga regressam a casa depois do almo\u00e7o por autocarro UNIR.","og_url":"https:\/\/portaltela.pt\/noticias\/2026\/01\/23\/alunos-de-arouca-em-zonas-serranas-ficam-em-casa-por-riscos-em-transportes\/","og_site_name":"Portal Tela Portugal","article_published_time":"2026-01-23T10:39:34+00:00","author":"Telinha","twitter_card":"summary_large_image","twitter_misc":{"Escrito por":"Telinha","Tempo estimado de leitura":"1 minuto"},"schema":{"@context":"https:\/\/schema.org","@graph":[{"@type":"Article","@id":"https:\/\/portaltela.pt\/noticias\/2026\/01\/23\/alunos-de-arouca-em-zonas-serranas-ficam-em-casa-por-riscos-em-transportes\/#article","isPartOf":{"@id":"https:\/\/portaltela.pt\/noticias\/2026\/01\/23\/alunos-de-arouca-em-zonas-serranas-ficam-em-casa-por-riscos-em-transportes\/"},"author":{"name":"Telinha","@id":"https:\/\/portaltela.pt\/#\/schema\/person\/c4278d4a6028830caff9ee44b42d32ed"},"headline":"Alunos de Arouca em zonas serranas ficam em casa por riscos em transportes","datePublished":"2026-01-23T10:39:34+00:00","mainEntityOfPage":{"@id":"https:\/\/portaltela.pt\/noticias\/2026\/01\/23\/alunos-de-arouca-em-zonas-serranas-ficam-em-casa-por-riscos-em-transportes\/"},"wordCount":283,"image":{"@id":"https:\/\/portaltela.pt\/noticias\/2026\/01\/23\/alunos-de-arouca-em-zonas-serranas-ficam-em-casa-por-riscos-em-transportes\/#primaryimage"},"thumbnailUrl":"https:\/\/portaltela.pt\/s.01k8rhncp4jt1\/2026\/01\/img_1500x1000uu2020-02-01-07-41-00-921431.jpg","keywords":["Arouca","educa\u00e7\u00e3o","educa\u00e7\u00e3o escolar","seguran\u00e7a rodovi\u00e1ria","Transportes Rodovi\u00e1rios"],"articleSection":["Not\u00edcias"],"inLanguage":"pt-PT"},{"@type":"WebPage","@id":"https:\/\/portaltela.pt\/noticias\/2026\/01\/23\/alunos-de-arouca-em-zonas-serranas-ficam-em-casa-por-riscos-em-transportes\/","url":"https:\/\/portaltela.pt\/noticias\/2026\/01\/23\/alunos-de-arouca-em-zonas-serranas-ficam-em-casa-por-riscos-em-transportes\/","name":"Alunos de Arouca em zonas serranas ficam em casa por riscos em transportes - Portal Tela Portugal","isPartOf":{"@id":"https:\/\/portaltela.pt\/#website"},"primaryImageOfPage":{"@id":"https:\/\/portaltela.pt\/noticias\/2026\/01\/23\/alunos-de-arouca-em-zonas-serranas-ficam-em-casa-por-riscos-em-transportes\/#primaryimage"},"image":{"@id":"https:\/\/portaltela.pt\/noticias\/2026\/01\/23\/alunos-de-arouca-em-zonas-serranas-ficam-em-casa-por-riscos-em-transportes\/#primaryimage"},"thumbnailUrl":"https:\/\/portaltela.pt\/s.01k8rhncp4jt1\/2026\/01\/img_1500x1000uu2020-02-01-07-41-00-921431.jpg","datePublished":"2026-01-23T10:39:34+00:00","author":{"@id":"https:\/\/portaltela.pt\/#\/schema\/person\/c4278d4a6028830caff9ee44b42d32ed"},"breadcrumb":{"@id":"https:\/\/portaltela.pt\/noticias\/2026\/01\/23\/alunos-de-arouca-em-zonas-serranas-ficam-em-casa-por-riscos-em-transportes\/#breadcrumb"},"inLanguage":"pt-PT","potentialAction":[{"@type":"ReadAction","target":["https:\/\/portaltela.pt\/noticias\/2026\/01\/23\/alunos-de-arouca-em-zonas-serranas-ficam-em-casa-por-riscos-em-transportes\/"]}]},{"@type":"ImageObject","inLanguage":"pt-PT","@id":"https:\/\/portaltela.pt\/noticias\/2026\/01\/23\/alunos-de-arouca-em-zonas-serranas-ficam-em-casa-por-riscos-em-transportes\/#primaryimage","url":"https:\/\/portaltela.pt\/s.01k8rhncp4jt1\/2026\/01\/img_1500x1000uu2020-02-01-07-41-00-921431.jpg","contentUrl":"https:\/\/portaltela.pt\/s.01k8rhncp4jt1\/2026\/01\/img_1500x1000uu2020-02-01-07-41-00-921431.jpg","width":796,"height":448,"caption":"Chuva"},{"@type":"BreadcrumbList","@id":"https:\/\/portaltela.pt\/noticias\/2026\/01\/23\/alunos-de-arouca-em-zonas-serranas-ficam-em-casa-por-riscos-em-transportes\/#breadcrumb","itemListElement":[{"@type":"ListItem","position":1,"name":"In\u00edcio","item":"https:\/\/portaltela.pt\/"},{"@type":"ListItem","position":2,"name":"Alunos de Arouca em zonas serranas ficam em casa por riscos em transportes"}]},{"@type":"WebSite","@id":"https:\/\/portaltela.pt\/#website","url":"https:\/\/portaltela.pt\/","name":"Portal Tela Portugal","description":"","potentialAction":[{"@type":"SearchAction","target":{"@type":"EntryPoint","urlTemplate":"https:\/\/portaltela.pt\/?s={search_term_string}"},"query-input":{"@type":"PropertyValueSpecification","valueRequired":true,"valueName":"search_term_string"}}],"inLanguage":"pt-PT"},{"@type":"Person","@id":"https:\/\/portaltela.pt\/#\/schema\/person\/c4278d4a6028830caff9ee44b42d32ed","name":"Telinha","image":{"@type":"ImageObject","inLanguage":"pt-PT","@id":"https:\/\/portaltela.pt\/s.01k8rhncp4jt1\/2025\/11\/talking-bot-125x125.png","url":"https:\/\/portaltela.pt\/s.01k8rhncp4jt1\/2025\/11\/talking-bot-125x125.png","contentUrl":"https:\/\/portaltela.pt\/s.01k8rhncp4jt1\/2025\/11\/talking-bot-125x125.png","caption":"Telinha"},"sameAs":["https:\/\/portaltela.pt\/"],"url":"https:\/\/portaltela.pt\/por\/367410592786\/"}]}},"_links":{"self":[{"href":"https:\/\/portaltela.pt\/api\/wp\/v2\/posts\/166358","targetHints":{"allow":["GET"]}}],"collection":[{"href":"https:\/\/portaltela.pt\/api\/wp\/v2\/posts"}],"about":[{"href":"https:\/\/portaltela.pt\/api\/wp\/v2\/types\/post"}],"author":[{"embeddable":true,"href":"https:\/\/portaltela.pt\/api\/wp\/v2\/users\/2"}],"replies":[{"embeddable":true,"href":"https:\/\/portaltela.pt\/api\/wp\/v2\/comments?post=166358"}],"version-history":[{"count":0,"href":"https:\/\/portaltela.pt\/api\/wp\/v2\/posts\/166358\/revisions"}],"wp:featuredmedia":[{"embeddable":true,"href":"https:\/\/portaltela.pt\/api\/wp\/v2\/media\/166363"}],"wp:attachment":[{"href":"https:\/\/portaltela.pt\/api\/wp\/v2\/media?parent=166358"}],"wp:term":[{"taxonomy":"category","embeddable":true,"href":"https:\/\/portaltela.pt\/api\/wp\/v2\/categories?post=166358"},{"taxonomy":"post_tag","embeddable":true,"href":"https:\/\/portaltela.pt\/api\/wp\/v2\/tags?post=166358"}],"curies":[{"name":"wp","href":"https:\/\/api.w.org\/{rel}","templated":true}]}}