{"id":166323,"date":"2026-01-23T07:30:00","date_gmt":"2026-01-23T10:30:00","guid":{"rendered":"https:\/\/portaltela.pt\/noticias\/2026\/01\/23\/antonio-simoes-afirma-que-eusebio-foi-melhor-que-ronaldo\/"},"modified":"2026-01-23T07:30:00","modified_gmt":"2026-01-23T10:30:00","slug":"antonio-simoes-afirma-que-eusebio-foi-melhor-que-ronaldo","status":"publish","type":"post","link":"https:\/\/portaltela.pt\/desporto\/futebol\/2026\/01\/23\/antonio-simoes-afirma-que-eusebio-foi-melhor-que-ronaldo\/","title":{"rendered":"Ant\u00f3nio Sim\u00f5es afirma que Eus\u00e9bio foi melhor que Ronaldo"},"content":{"rendered":"<p>O videocast Toque de Bola, da A BOLA, volta a olhar para grandes protagonistas da hist\u00f3ria do futebol portugu\u00eas. O painel, composto pelos jornalistas Fernando Urbano, Paulo Cunha e Rog\u00e9rio Azevedo, regressa com cen\u00e1rios passados para entender a atualidade.<\/p>\n<p>Neste epis\u00f3dio, Ant\u00f3nio Sim\u00f5es analisa dois s\u00edmbolos de \u00e9pocas distintas, conectando passado e presente do futebol nacional. O objetivo \u00e9 clarificar como as carreiras e os contextos moldaram as maravilhas do jogo.<\/p>\n<p>Sim\u00f5es afirma que n\u00e3o pretende diminuir Ronaldo, mas sustenta que Eus\u00e9bio teve uma trajet\u00f3ria superior em algumas perspetivas. A interven\u00e7\u00e3o surge num longo epis\u00f3dio dedicado a comparar gen\u00e9ticas de jogo e influ\u00eancia hist\u00f3rica.<\/p>\n<p>Al\u00e9m disso, o videocast destaca a forma como Eus\u00e9bio se entregava \u00e0 vit\u00f3ria, segundo o que o antigo jogador releva nos seus testemunhos. O foco recai sobre a ess\u00eancia competitiva do Pantera Negra.<\/p>\n<p>A produ\u00e7\u00e3o n\u00e3o se limita a declara\u00e7\u00f5es; acompanha trechos de entrevistas, an\u00e1lises t\u00e9cnicas e mem\u00f3ria de \u00e9pocas de ouro do futebol portugu\u00eas. O objetivo \u00e9 contextualizar o presente com bases hist\u00f3ricas.<\/p>\n<h3>An\u00e1lise de Ant\u00f3nio Sim\u00f5es e o confronto entre Eus\u00e9bio e Ronaldo<\/h3>\n<p>No debate, Sim\u00f5es discute estilos, enduredade e contribui\u00e7\u00e3o para o futebol portugu\u00eas. A compara\u00e7\u00e3o \u00e9 apresentada como parte de uma reflex\u00e3o mais ampla sobre a evolu\u00e7\u00e3o do desporto.<\/p>\n<p>O conjunto de conte\u00fados inclui ainda refer\u00eancias a outros \u00edcones da altura de Eus\u00e9bio, bem como mem\u00f3rias de momentos decisivos que moldaram clubes e sele\u00e7\u00f5es. O objetivo \u00e9 oferecer uma vis\u00e3o equilibrada dos legados.<\/p>\n<p>Este epis\u00f3dio integra ainda entrevistas e informes sobre o impacto de cada era no panorama atual, sem emitir ju\u00edzos pessoais ou conclus\u00f5es. O foco continua na factualidade e na compreens\u00e3o hist\u00f3rica.<\/p>\n","protected":false},"excerpt":{"rendered":"<ul>\n<li>O videocast de A Bola regressa ao passado para revisitar grandes protagonistas e hist\u00f3rias do futebol portugu\u00eas, conduzido pelos jornalistas Fernando Urbano, Paulo Cunha e Rog\u00e9rio Azevedo.<\/li>\n<li>Ant\u00f3nio Sim\u00f5es afirma que n\u00e3o quer minimizar a carreira de Ronaldo, mas sustenta que Eus\u00e9bio foi superior.<\/li>\n<li>O epis\u00f3dio analisa dois \u00edcones de eras diferentes do futebol luso, com foco nas suas quadras e contributos para o jogo.<\/li>\n<li>Entre os conte\u00fados, destaca-se o X de declara\u00e7\u00f5es de Sim\u00f5es sobre o car\u00e1ter e a postura de Eus\u00e9bio em campo.<\/li>\n<li>A iniciativa inclui ainda v\u00eddeos com outras entrevistas, como perspetivas de Giovanni Branchini e mem\u00f3rias associadas a Eus\u00e9bio.<\/li>\n<\/ul>\n","protected":false},"author":2,"featured_media":166344,"comment_status":"closed","ping_status":"closed","sticky":false,"template":"","format":"standard","meta":{"footnotes":""},"categories":[21,24],"tags":[1947,152,3933,32,299,1014],"class_list":["post-166323","post","type-post","status-publish","format-standard","has-post-thumbnail","hentry","category-desporto","category-futebol","tag-cristiano-ronaldo","tag-desporto","tag-eusebio","tag-futebol","tag-historia","tag-portugal"],"yoast_head":"<!-- This site is optimized with the Yoast SEO plugin v27.2 - https:\/\/yoast.com\/product\/yoast-seo-wordpress\/ -->\n<title>Ant\u00f3nio Sim\u00f5es afirma que Eus\u00e9bio foi melhor que Ronaldo - Portal Tela Portugal<\/title>\n<meta name=\"robots\" content=\"index, follow, max-snippet:-1, max-image-preview:large, max-video-preview:-1\" \/>\n<meta property=\"og:locale\" content=\"pt_PT\" \/>\n<meta property=\"og:type\" content=\"article\" \/>\n<meta property=\"og:title\" content=\"Ant\u00f3nio Sim\u00f5es afirma que Eus\u00e9bio foi melhor que Ronaldo - Portal Tela Portugal\" \/>\n<meta property=\"og:description\" content=\"O videocast de A Bola regressa ao passado para revisitar grandes protagonistas e hist\u00f3rias do futebol portugu\u00eas, conduzido pelos jornalistas Fernando Urbano, Paulo Cunha e Rog\u00e9rio Azevedo. Ant\u00f3nio Sim\u00f5es afirma que n\u00e3o quer minimizar a carreira de Ronaldo, mas sustenta que Eus\u00e9bio foi superior. O epis\u00f3dio analisa dois \u00edcones de eras diferentes do futebol luso, com foco nas suas quadras e contributos para o jogo. Entre os conte\u00fados, destaca-se o X de declara\u00e7\u00f5es de Sim\u00f5es sobre o car\u00e1ter e a postura de Eus\u00e9bio em campo. A iniciativa inclui ainda v\u00eddeos com outras entrevistas, como perspetivas de Giovanni Branchini e mem\u00f3rias associadas a Eus\u00e9bio.\" \/>\n<meta property=\"og:url\" content=\"https:\/\/portaltela.pt\/noticias\/2026\/01\/23\/antonio-simoes-afirma-que-eusebio-foi-melhor-que-ronaldo\/\" \/>\n<meta property=\"og:site_name\" content=\"Portal Tela Portugal\" \/>\n<meta property=\"article:published_time\" content=\"2026-01-23T10:30:00+00:00\" \/>\n<meta name=\"author\" content=\"Telinha\" \/>\n<meta name=\"twitter:card\" content=\"summary_large_image\" \/>\n<meta name=\"twitter:label1\" content=\"Escrito por\" \/>\n\t<meta name=\"twitter:data1\" content=\"Telinha\" \/>\n\t<meta name=\"twitter:label2\" content=\"Tempo estimado de leitura\" \/>\n\t<meta name=\"twitter:data2\" content=\"2 minutos\" \/>\n<script type=\"application\/ld+json\" class=\"yoast-schema-graph\">{\"@context\":\"https:\/\/schema.org\",\"@graph\":[{\"@type\":\"Article\",\"@id\":\"https:\/\/portaltela.pt\/noticias\/2026\/01\/23\/antonio-simoes-afirma-que-eusebio-foi-melhor-que-ronaldo\/#article\",\"isPartOf\":{\"@id\":\"https:\/\/portaltela.pt\/noticias\/2026\/01\/23\/antonio-simoes-afirma-que-eusebio-foi-melhor-que-ronaldo\/\"},\"author\":{\"name\":\"Telinha\",\"@id\":\"https:\/\/portaltela.pt\/#\/schema\/person\/c4278d4a6028830caff9ee44b42d32ed\"},\"headline\":\"Ant\u00f3nio Sim\u00f5es afirma que Eus\u00e9bio foi melhor que Ronaldo\",\"datePublished\":\"2026-01-23T10:30:00+00:00\",\"mainEntityOfPage\":{\"@id\":\"https:\/\/portaltela.pt\/noticias\/2026\/01\/23\/antonio-simoes-afirma-que-eusebio-foi-melhor-que-ronaldo\/\"},\"wordCount\":329,\"image\":{\"@id\":\"https:\/\/portaltela.pt\/noticias\/2026\/01\/23\/antonio-simoes-afirma-que-eusebio-foi-melhor-que-ronaldo\/#primaryimage\"},\"thumbnailUrl\":\"https:\/\/portaltela.pt\/s.01k8rhncp4jt1\/2026\/01\/bbcce7e5-d191-4604-9ef6-040f1783a191.jpg\",\"keywords\":[\"Cristiano Ronaldo\",\"desporto\",\"Eus\u00e9bio\",\"futebol\",\"hist\u00f3ria\",\"Portugal\"],\"articleSection\":[\"Desporto\",\"Futebol\"],\"inLanguage\":\"pt-PT\"},{\"@type\":\"WebPage\",\"@id\":\"https:\/\/portaltela.pt\/noticias\/2026\/01\/23\/antonio-simoes-afirma-que-eusebio-foi-melhor-que-ronaldo\/\",\"url\":\"https:\/\/portaltela.pt\/noticias\/2026\/01\/23\/antonio-simoes-afirma-que-eusebio-foi-melhor-que-ronaldo\/\",\"name\":\"Ant\u00f3nio Sim\u00f5es afirma que Eus\u00e9bio foi melhor que Ronaldo - Portal Tela Portugal\",\"isPartOf\":{\"@id\":\"https:\/\/portaltela.pt\/#website\"},\"primaryImageOfPage\":{\"@id\":\"https:\/\/portaltela.pt\/noticias\/2026\/01\/23\/antonio-simoes-afirma-que-eusebio-foi-melhor-que-ronaldo\/#primaryimage\"},\"image\":{\"@id\":\"https:\/\/portaltela.pt\/noticias\/2026\/01\/23\/antonio-simoes-afirma-que-eusebio-foi-melhor-que-ronaldo\/#primaryimage\"},\"thumbnailUrl\":\"https:\/\/portaltela.pt\/s.01k8rhncp4jt1\/2026\/01\/bbcce7e5-d191-4604-9ef6-040f1783a191.jpg\",\"datePublished\":\"2026-01-23T10:30:00+00:00\",\"author\":{\"@id\":\"https:\/\/portaltela.pt\/#\/schema\/person\/c4278d4a6028830caff9ee44b42d32ed\"},\"breadcrumb\":{\"@id\":\"https:\/\/portaltela.pt\/noticias\/2026\/01\/23\/antonio-simoes-afirma-que-eusebio-foi-melhor-que-ronaldo\/#breadcrumb\"},\"inLanguage\":\"pt-PT\",\"potentialAction\":[{\"@type\":\"ReadAction\",\"target\":[\"https:\/\/portaltela.pt\/noticias\/2026\/01\/23\/antonio-simoes-afirma-que-eusebio-foi-melhor-que-ronaldo\/\"]}]},{\"@type\":\"ImageObject\",\"inLanguage\":\"pt-PT\",\"@id\":\"https:\/\/portaltela.pt\/noticias\/2026\/01\/23\/antonio-simoes-afirma-que-eusebio-foi-melhor-que-ronaldo\/#primaryimage\",\"url\":\"https:\/\/portaltela.pt\/s.01k8rhncp4jt1\/2026\/01\/bbcce7e5-d191-4604-9ef6-040f1783a191.jpg\",\"contentUrl\":\"https:\/\/portaltela.pt\/s.01k8rhncp4jt1\/2026\/01\/bbcce7e5-d191-4604-9ef6-040f1783a191.jpg\",\"width\":796,\"height\":448,\"caption\":\"Toque de Bola | Ant\u00f3nio Sim\u00f5es: \u00abN\u00e3o quero minimizar a carreira de Ronaldo, mas Eus\u00e9bio foi melhor\u00bb\"},{\"@type\":\"BreadcrumbList\",\"@id\":\"https:\/\/portaltela.pt\/noticias\/2026\/01\/23\/antonio-simoes-afirma-que-eusebio-foi-melhor-que-ronaldo\/#breadcrumb\",\"itemListElement\":[{\"@type\":\"ListItem\",\"position\":1,\"name\":\"In\u00edcio\",\"item\":\"https:\/\/portaltela.pt\/\"},{\"@type\":\"ListItem\",\"position\":2,\"name\":\"Ant\u00f3nio Sim\u00f5es afirma que Eus\u00e9bio foi melhor que Ronaldo\"}]},{\"@type\":\"WebSite\",\"@id\":\"https:\/\/portaltela.pt\/#website\",\"url\":\"https:\/\/portaltela.pt\/\",\"name\":\"Portal Tela Portugal\",\"description\":\"\",\"potentialAction\":[{\"@type\":\"SearchAction\",\"target\":{\"@type\":\"EntryPoint\",\"urlTemplate\":\"https:\/\/portaltela.pt\/?s={search_term_string}\"},\"query-input\":{\"@type\":\"PropertyValueSpecification\",\"valueRequired\":true,\"valueName\":\"search_term_string\"}}],\"inLanguage\":\"pt-PT\"},{\"@type\":\"Person\",\"@id\":\"https:\/\/portaltela.pt\/#\/schema\/person\/c4278d4a6028830caff9ee44b42d32ed\",\"name\":\"Telinha\",\"image\":{\"@type\":\"ImageObject\",\"inLanguage\":\"pt-PT\",\"@id\":\"https:\/\/portaltela.pt\/s.01k8rhncp4jt1\/2025\/11\/talking-bot-125x125.png\",\"url\":\"https:\/\/portaltela.pt\/s.01k8rhncp4jt1\/2025\/11\/talking-bot-125x125.png\",\"contentUrl\":\"https:\/\/portaltela.pt\/s.01k8rhncp4jt1\/2025\/11\/talking-bot-125x125.png\",\"caption\":\"Telinha\"},\"sameAs\":[\"https:\/\/portaltela.pt\/\"],\"url\":\"https:\/\/portaltela.pt\/por\/367410592786\/\"}]}<\/script>\n<!-- \/ Yoast SEO plugin. -->","yoast_head_json":{"title":"Ant\u00f3nio Sim\u00f5es afirma que Eus\u00e9bio foi melhor que Ronaldo - Portal Tela Portugal","robots":{"index":"index","follow":"follow","max-snippet":"max-snippet:-1","max-image-preview":"max-image-preview:large","max-video-preview":"max-video-preview:-1"},"og_locale":"pt_PT","og_type":"article","og_title":"Ant\u00f3nio Sim\u00f5es afirma que Eus\u00e9bio foi melhor que Ronaldo - Portal Tela Portugal","og_description":"O videocast de A Bola regressa ao passado para revisitar grandes protagonistas e hist\u00f3rias do futebol portugu\u00eas, conduzido pelos jornalistas Fernando Urbano, Paulo Cunha e Rog\u00e9rio Azevedo. Ant\u00f3nio Sim\u00f5es afirma que n\u00e3o quer minimizar a carreira de Ronaldo, mas sustenta que Eus\u00e9bio foi superior. O epis\u00f3dio analisa dois \u00edcones de eras diferentes do futebol luso, com foco nas suas quadras e contributos para o jogo. Entre os conte\u00fados, destaca-se o X de declara\u00e7\u00f5es de Sim\u00f5es sobre o car\u00e1ter e a postura de Eus\u00e9bio em campo. A iniciativa inclui ainda v\u00eddeos com outras entrevistas, como perspetivas de Giovanni Branchini e mem\u00f3rias associadas a Eus\u00e9bio.","og_url":"https:\/\/portaltela.pt\/noticias\/2026\/01\/23\/antonio-simoes-afirma-que-eusebio-foi-melhor-que-ronaldo\/","og_site_name":"Portal Tela Portugal","article_published_time":"2026-01-23T10:30:00+00:00","author":"Telinha","twitter_card":"summary_large_image","twitter_misc":{"Escrito por":"Telinha","Tempo estimado de leitura":"2 minutos"},"schema":{"@context":"https:\/\/schema.org","@graph":[{"@type":"Article","@id":"https:\/\/portaltela.pt\/noticias\/2026\/01\/23\/antonio-simoes-afirma-que-eusebio-foi-melhor-que-ronaldo\/#article","isPartOf":{"@id":"https:\/\/portaltela.pt\/noticias\/2026\/01\/23\/antonio-simoes-afirma-que-eusebio-foi-melhor-que-ronaldo\/"},"author":{"name":"Telinha","@id":"https:\/\/portaltela.pt\/#\/schema\/person\/c4278d4a6028830caff9ee44b42d32ed"},"headline":"Ant\u00f3nio Sim\u00f5es afirma que Eus\u00e9bio foi melhor que Ronaldo","datePublished":"2026-01-23T10:30:00+00:00","mainEntityOfPage":{"@id":"https:\/\/portaltela.pt\/noticias\/2026\/01\/23\/antonio-simoes-afirma-que-eusebio-foi-melhor-que-ronaldo\/"},"wordCount":329,"image":{"@id":"https:\/\/portaltela.pt\/noticias\/2026\/01\/23\/antonio-simoes-afirma-que-eusebio-foi-melhor-que-ronaldo\/#primaryimage"},"thumbnailUrl":"https:\/\/portaltela.pt\/s.01k8rhncp4jt1\/2026\/01\/bbcce7e5-d191-4604-9ef6-040f1783a191.jpg","keywords":["Cristiano Ronaldo","desporto","Eus\u00e9bio","futebol","hist\u00f3ria","Portugal"],"articleSection":["Desporto","Futebol"],"inLanguage":"pt-PT"},{"@type":"WebPage","@id":"https:\/\/portaltela.pt\/noticias\/2026\/01\/23\/antonio-simoes-afirma-que-eusebio-foi-melhor-que-ronaldo\/","url":"https:\/\/portaltela.pt\/noticias\/2026\/01\/23\/antonio-simoes-afirma-que-eusebio-foi-melhor-que-ronaldo\/","name":"Ant\u00f3nio Sim\u00f5es afirma que Eus\u00e9bio foi melhor que Ronaldo - Portal Tela Portugal","isPartOf":{"@id":"https:\/\/portaltela.pt\/#website"},"primaryImageOfPage":{"@id":"https:\/\/portaltela.pt\/noticias\/2026\/01\/23\/antonio-simoes-afirma-que-eusebio-foi-melhor-que-ronaldo\/#primaryimage"},"image":{"@id":"https:\/\/portaltela.pt\/noticias\/2026\/01\/23\/antonio-simoes-afirma-que-eusebio-foi-melhor-que-ronaldo\/#primaryimage"},"thumbnailUrl":"https:\/\/portaltela.pt\/s.01k8rhncp4jt1\/2026\/01\/bbcce7e5-d191-4604-9ef6-040f1783a191.jpg","datePublished":"2026-01-23T10:30:00+00:00","author":{"@id":"https:\/\/portaltela.pt\/#\/schema\/person\/c4278d4a6028830caff9ee44b42d32ed"},"breadcrumb":{"@id":"https:\/\/portaltela.pt\/noticias\/2026\/01\/23\/antonio-simoes-afirma-que-eusebio-foi-melhor-que-ronaldo\/#breadcrumb"},"inLanguage":"pt-PT","potentialAction":[{"@type":"ReadAction","target":["https:\/\/portaltela.pt\/noticias\/2026\/01\/23\/antonio-simoes-afirma-que-eusebio-foi-melhor-que-ronaldo\/"]}]},{"@type":"ImageObject","inLanguage":"pt-PT","@id":"https:\/\/portaltela.pt\/noticias\/2026\/01\/23\/antonio-simoes-afirma-que-eusebio-foi-melhor-que-ronaldo\/#primaryimage","url":"https:\/\/portaltela.pt\/s.01k8rhncp4jt1\/2026\/01\/bbcce7e5-d191-4604-9ef6-040f1783a191.jpg","contentUrl":"https:\/\/portaltela.pt\/s.01k8rhncp4jt1\/2026\/01\/bbcce7e5-d191-4604-9ef6-040f1783a191.jpg","width":796,"height":448,"caption":"Toque de Bola | Ant\u00f3nio Sim\u00f5es: \u00abN\u00e3o quero minimizar a carreira de Ronaldo, mas Eus\u00e9bio foi melhor\u00bb"},{"@type":"BreadcrumbList","@id":"https:\/\/portaltela.pt\/noticias\/2026\/01\/23\/antonio-simoes-afirma-que-eusebio-foi-melhor-que-ronaldo\/#breadcrumb","itemListElement":[{"@type":"ListItem","position":1,"name":"In\u00edcio","item":"https:\/\/portaltela.pt\/"},{"@type":"ListItem","position":2,"name":"Ant\u00f3nio Sim\u00f5es afirma que Eus\u00e9bio foi melhor que Ronaldo"}]},{"@type":"WebSite","@id":"https:\/\/portaltela.pt\/#website","url":"https:\/\/portaltela.pt\/","name":"Portal Tela Portugal","description":"","potentialAction":[{"@type":"SearchAction","target":{"@type":"EntryPoint","urlTemplate":"https:\/\/portaltela.pt\/?s={search_term_string}"},"query-input":{"@type":"PropertyValueSpecification","valueRequired":true,"valueName":"search_term_string"}}],"inLanguage":"pt-PT"},{"@type":"Person","@id":"https:\/\/portaltela.pt\/#\/schema\/person\/c4278d4a6028830caff9ee44b42d32ed","name":"Telinha","image":{"@type":"ImageObject","inLanguage":"pt-PT","@id":"https:\/\/portaltela.pt\/s.01k8rhncp4jt1\/2025\/11\/talking-bot-125x125.png","url":"https:\/\/portaltela.pt\/s.01k8rhncp4jt1\/2025\/11\/talking-bot-125x125.png","contentUrl":"https:\/\/portaltela.pt\/s.01k8rhncp4jt1\/2025\/11\/talking-bot-125x125.png","caption":"Telinha"},"sameAs":["https:\/\/portaltela.pt\/"],"url":"https:\/\/portaltela.pt\/por\/367410592786\/"}]}},"_links":{"self":[{"href":"https:\/\/portaltela.pt\/api\/wp\/v2\/posts\/166323","targetHints":{"allow":["GET"]}}],"collection":[{"href":"https:\/\/portaltela.pt\/api\/wp\/v2\/posts"}],"about":[{"href":"https:\/\/portaltela.pt\/api\/wp\/v2\/types\/post"}],"author":[{"embeddable":true,"href":"https:\/\/portaltela.pt\/api\/wp\/v2\/users\/2"}],"replies":[{"embeddable":true,"href":"https:\/\/portaltela.pt\/api\/wp\/v2\/comments?post=166323"}],"version-history":[{"count":0,"href":"https:\/\/portaltela.pt\/api\/wp\/v2\/posts\/166323\/revisions"}],"wp:featuredmedia":[{"embeddable":true,"href":"https:\/\/portaltela.pt\/api\/wp\/v2\/media\/166344"}],"wp:attachment":[{"href":"https:\/\/portaltela.pt\/api\/wp\/v2\/media?parent=166323"}],"wp:term":[{"taxonomy":"category","embeddable":true,"href":"https:\/\/portaltela.pt\/api\/wp\/v2\/categories?post=166323"},{"taxonomy":"post_tag","embeddable":true,"href":"https:\/\/portaltela.pt\/api\/wp\/v2\/tags?post=166323"}],"curies":[{"name":"wp","href":"https:\/\/api.w.org\/{rel}","templated":true}]}}