{"id":166292,"date":"2026-01-23T07:24:00","date_gmt":"2026-01-23T10:24:00","guid":{"rendered":"https:\/\/portaltela.pt\/noticias\/2026\/01\/23\/homem-detido-em-sintra-em-flagrante-por-pornografia-de-menores\/"},"modified":"2026-01-23T07:24:00","modified_gmt":"2026-01-23T10:24:00","slug":"homem-detido-em-sintra-em-flagrante-por-pornografia-de-menores","status":"publish","type":"post","link":"https:\/\/portaltela.pt\/noticias\/2026\/01\/23\/homem-detido-em-sintra-em-flagrante-por-pornografia-de-menores\/","title":{"rendered":"Homem detido em Sintra em flagrante por pornografia de menores"},"content":{"rendered":"<p>Um homem de 38 anos foi detido em Sintra pela Pol\u00edcia Judici\u00e1ria (PJ) por suspeitas de pornografia de menores, em flagrante delito. A deten\u00e7\u00e3o ocorreu no \u00e2mbito de uma opera\u00e7\u00e3o em que foram recolhidos ind\u00edcios de conte\u00fados relacionados com abuso infantil.<\/p>\n<p>Durante uma busca domicili\u00e1ria, as autoridades apreenderam equipamentos utilizados pelo suspeito, com centenas de ficheiros compat\u00edveis com conte\u00fados de abuso e explora\u00e7\u00e3o sexual de crian\u00e7as, segundo a PJ.<\/p>\n<p>O detido \u00e9 de nacionalidade estrangeira. Vai ser presente a s\u00e1bado ao primeiro interrogat\u00f3rio judicial para aplica\u00e7\u00e3o de medidas de coa\u00e7\u00e3o, indicou a PJ em comunicado.<\/p>\n","protected":false},"excerpt":{"rendered":"<ul>\n<li>Um homem de 38 anos foi detido em flagrante pela Pol\u00edcia Judici\u00e1ria em Sintra por suspeitas de pornografia de menores.<\/li>\n<li>Durante uma busca domicili\u00e1ria, foram apreendidos equipamentos usados pelo suspeito.<\/li>\n<li>Na altura estavam na posse do suspeito centenas de ficheiros compat\u00edveis com conte\u00fados de abuso e explora\u00e7\u00e3o sexual de crian\u00e7as.<\/li>\n<li>O detido, de nacionalidade estrangeira, vai ser presente no s\u00e1bado a primeiro interrogat\u00f3rio judicial para aplica\u00e7\u00e3o de medidas de coa\u00e7\u00e3o.<\/li>\n<\/ul>\n","protected":false},"author":2,"featured_media":166297,"comment_status":"closed","ping_status":"closed","sticky":false,"template":"","format":"standard","meta":{"footnotes":""},"categories":[1],"tags":[208,2221,1802,2510,1110],"class_list":["post-166292","post","type-post","status-publish","format-standard","has-post-thumbnail","hentry","category-noticias","tag-abuso-de-menores-dependentes","tag-exploracao-de-menores-dependente-ou-em-situacao-vulneravel","tag-policia-judiciaria","tag-pornografia-de-menor-dependente","tag-sintra"],"yoast_head":"<!-- This site is optimized with the Yoast SEO plugin v27.2 - https:\/\/yoast.com\/product\/yoast-seo-wordpress\/ -->\n<title>Homem detido em Sintra em flagrante por pornografia de menores - Portal Tela Portugal<\/title>\n<meta name=\"robots\" content=\"index, follow, max-snippet:-1, max-image-preview:large, max-video-preview:-1\" \/>\n<meta property=\"og:locale\" content=\"pt_PT\" \/>\n<meta property=\"og:type\" content=\"article\" \/>\n<meta property=\"og:title\" content=\"Homem detido em Sintra em flagrante por pornografia de menores - Portal Tela Portugal\" \/>\n<meta property=\"og:description\" content=\"Um homem de 38 anos foi detido em flagrante pela Pol\u00edcia Judici\u00e1ria em Sintra por suspeitas de pornografia de menores. Durante uma busca domicili\u00e1ria, foram apreendidos equipamentos usados pelo suspeito. Na altura estavam na posse do suspeito centenas de ficheiros compat\u00edveis com conte\u00fados de abuso e explora\u00e7\u00e3o sexual de crian\u00e7as. O detido, de nacionalidade estrangeira, vai ser presente no s\u00e1bado a primeiro interrogat\u00f3rio judicial para aplica\u00e7\u00e3o de medidas de coa\u00e7\u00e3o.\" \/>\n<meta property=\"og:url\" content=\"https:\/\/portaltela.pt\/noticias\/2026\/01\/23\/homem-detido-em-sintra-em-flagrante-por-pornografia-de-menores\/\" \/>\n<meta property=\"og:site_name\" content=\"Portal Tela Portugal\" \/>\n<meta property=\"article:published_time\" content=\"2026-01-23T10:24:00+00:00\" \/>\n<meta name=\"author\" content=\"Telinha\" \/>\n<meta name=\"twitter:card\" content=\"summary_large_image\" \/>\n<meta name=\"twitter:label1\" content=\"Escrito por\" \/>\n\t<meta name=\"twitter:data1\" content=\"Telinha\" \/>\n\t<meta name=\"twitter:label2\" content=\"Tempo estimado de leitura\" \/>\n\t<meta name=\"twitter:data2\" content=\"1 minuto\" \/>\n<script type=\"application\/ld+json\" class=\"yoast-schema-graph\">{\"@context\":\"https:\/\/schema.org\",\"@graph\":[{\"@type\":\"Article\",\"@id\":\"https:\/\/portaltela.pt\/noticias\/2026\/01\/23\/homem-detido-em-sintra-em-flagrante-por-pornografia-de-menores\/#article\",\"isPartOf\":{\"@id\":\"https:\/\/portaltela.pt\/noticias\/2026\/01\/23\/homem-detido-em-sintra-em-flagrante-por-pornografia-de-menores\/\"},\"author\":{\"name\":\"Telinha\",\"@id\":\"https:\/\/portaltela.pt\/#\/schema\/person\/c4278d4a6028830caff9ee44b42d32ed\"},\"headline\":\"Homem detido em Sintra em flagrante por pornografia de menores\",\"datePublished\":\"2026-01-23T10:24:00+00:00\",\"mainEntityOfPage\":{\"@id\":\"https:\/\/portaltela.pt\/noticias\/2026\/01\/23\/homem-detido-em-sintra-em-flagrante-por-pornografia-de-menores\/\"},\"wordCount\":118,\"image\":{\"@id\":\"https:\/\/portaltela.pt\/noticias\/2026\/01\/23\/homem-detido-em-sintra-em-flagrante-por-pornografia-de-menores\/#primaryimage\"},\"thumbnailUrl\":\"https:\/\/portaltela.pt\/s.01k8rhncp4jt1\/2026\/01\/img_1500x1000uu2023-11-12-09-23-00-1490932-6.jpg\",\"keywords\":[\"abuso de menores dependentes\",\"explora\u00e7\u00e3o de menores dependente ou em situa\u00e7\u00e3o vulner\u00e1vel\",\"Pol\u00edcia Judici\u00e1ria\",\"pornografia de menor dependente\",\"Sintra\"],\"articleSection\":[\"Not\u00edcias\"],\"inLanguage\":\"pt-PT\"},{\"@type\":\"WebPage\",\"@id\":\"https:\/\/portaltela.pt\/noticias\/2026\/01\/23\/homem-detido-em-sintra-em-flagrante-por-pornografia-de-menores\/\",\"url\":\"https:\/\/portaltela.pt\/noticias\/2026\/01\/23\/homem-detido-em-sintra-em-flagrante-por-pornografia-de-menores\/\",\"name\":\"Homem detido em Sintra em flagrante por pornografia de menores - Portal Tela Portugal\",\"isPartOf\":{\"@id\":\"https:\/\/portaltela.pt\/#website\"},\"primaryImageOfPage\":{\"@id\":\"https:\/\/portaltela.pt\/noticias\/2026\/01\/23\/homem-detido-em-sintra-em-flagrante-por-pornografia-de-menores\/#primaryimage\"},\"image\":{\"@id\":\"https:\/\/portaltela.pt\/noticias\/2026\/01\/23\/homem-detido-em-sintra-em-flagrante-por-pornografia-de-menores\/#primaryimage\"},\"thumbnailUrl\":\"https:\/\/portaltela.pt\/s.01k8rhncp4jt1\/2026\/01\/img_1500x1000uu2023-11-12-09-23-00-1490932-6.jpg\",\"datePublished\":\"2026-01-23T10:24:00+00:00\",\"author\":{\"@id\":\"https:\/\/portaltela.pt\/#\/schema\/person\/c4278d4a6028830caff9ee44b42d32ed\"},\"breadcrumb\":{\"@id\":\"https:\/\/portaltela.pt\/noticias\/2026\/01\/23\/homem-detido-em-sintra-em-flagrante-por-pornografia-de-menores\/#breadcrumb\"},\"inLanguage\":\"pt-PT\",\"potentialAction\":[{\"@type\":\"ReadAction\",\"target\":[\"https:\/\/portaltela.pt\/noticias\/2026\/01\/23\/homem-detido-em-sintra-em-flagrante-por-pornografia-de-menores\/\"]}]},{\"@type\":\"ImageObject\",\"inLanguage\":\"pt-PT\",\"@id\":\"https:\/\/portaltela.pt\/noticias\/2026\/01\/23\/homem-detido-em-sintra-em-flagrante-por-pornografia-de-menores\/#primaryimage\",\"url\":\"https:\/\/portaltela.pt\/s.01k8rhncp4jt1\/2026\/01\/img_1500x1000uu2023-11-12-09-23-00-1490932-6.jpg\",\"contentUrl\":\"https:\/\/portaltela.pt\/s.01k8rhncp4jt1\/2026\/01\/img_1500x1000uu2023-11-12-09-23-00-1490932-6.jpg\",\"width\":796,\"height\":448,\"caption\":\"Pol\u00edcia Judici\u00e1ria\"},{\"@type\":\"BreadcrumbList\",\"@id\":\"https:\/\/portaltela.pt\/noticias\/2026\/01\/23\/homem-detido-em-sintra-em-flagrante-por-pornografia-de-menores\/#breadcrumb\",\"itemListElement\":[{\"@type\":\"ListItem\",\"position\":1,\"name\":\"In\u00edcio\",\"item\":\"https:\/\/portaltela.pt\/\"},{\"@type\":\"ListItem\",\"position\":2,\"name\":\"Homem detido em Sintra em flagrante por pornografia de menores\"}]},{\"@type\":\"WebSite\",\"@id\":\"https:\/\/portaltela.pt\/#website\",\"url\":\"https:\/\/portaltela.pt\/\",\"name\":\"Portal Tela Portugal\",\"description\":\"\",\"potentialAction\":[{\"@type\":\"SearchAction\",\"target\":{\"@type\":\"EntryPoint\",\"urlTemplate\":\"https:\/\/portaltela.pt\/?s={search_term_string}\"},\"query-input\":{\"@type\":\"PropertyValueSpecification\",\"valueRequired\":true,\"valueName\":\"search_term_string\"}}],\"inLanguage\":\"pt-PT\"},{\"@type\":\"Person\",\"@id\":\"https:\/\/portaltela.pt\/#\/schema\/person\/c4278d4a6028830caff9ee44b42d32ed\",\"name\":\"Telinha\",\"image\":{\"@type\":\"ImageObject\",\"inLanguage\":\"pt-PT\",\"@id\":\"https:\/\/portaltela.pt\/s.01k8rhncp4jt1\/2025\/11\/talking-bot-125x125.png\",\"url\":\"https:\/\/portaltela.pt\/s.01k8rhncp4jt1\/2025\/11\/talking-bot-125x125.png\",\"contentUrl\":\"https:\/\/portaltela.pt\/s.01k8rhncp4jt1\/2025\/11\/talking-bot-125x125.png\",\"caption\":\"Telinha\"},\"sameAs\":[\"https:\/\/portaltela.pt\/\"],\"url\":\"https:\/\/portaltela.pt\/por\/367410592786\/\"}]}<\/script>\n<!-- \/ Yoast SEO plugin. -->","yoast_head_json":{"title":"Homem detido em Sintra em flagrante por pornografia de menores - Portal Tela Portugal","robots":{"index":"index","follow":"follow","max-snippet":"max-snippet:-1","max-image-preview":"max-image-preview:large","max-video-preview":"max-video-preview:-1"},"og_locale":"pt_PT","og_type":"article","og_title":"Homem detido em Sintra em flagrante por pornografia de menores - Portal Tela Portugal","og_description":"Um homem de 38 anos foi detido em flagrante pela Pol\u00edcia Judici\u00e1ria em Sintra por suspeitas de pornografia de menores. Durante uma busca domicili\u00e1ria, foram apreendidos equipamentos usados pelo suspeito. Na altura estavam na posse do suspeito centenas de ficheiros compat\u00edveis com conte\u00fados de abuso e explora\u00e7\u00e3o sexual de crian\u00e7as. O detido, de nacionalidade estrangeira, vai ser presente no s\u00e1bado a primeiro interrogat\u00f3rio judicial para aplica\u00e7\u00e3o de medidas de coa\u00e7\u00e3o.","og_url":"https:\/\/portaltela.pt\/noticias\/2026\/01\/23\/homem-detido-em-sintra-em-flagrante-por-pornografia-de-menores\/","og_site_name":"Portal Tela Portugal","article_published_time":"2026-01-23T10:24:00+00:00","author":"Telinha","twitter_card":"summary_large_image","twitter_misc":{"Escrito por":"Telinha","Tempo estimado de leitura":"1 minuto"},"schema":{"@context":"https:\/\/schema.org","@graph":[{"@type":"Article","@id":"https:\/\/portaltela.pt\/noticias\/2026\/01\/23\/homem-detido-em-sintra-em-flagrante-por-pornografia-de-menores\/#article","isPartOf":{"@id":"https:\/\/portaltela.pt\/noticias\/2026\/01\/23\/homem-detido-em-sintra-em-flagrante-por-pornografia-de-menores\/"},"author":{"name":"Telinha","@id":"https:\/\/portaltela.pt\/#\/schema\/person\/c4278d4a6028830caff9ee44b42d32ed"},"headline":"Homem detido em Sintra em flagrante por pornografia de menores","datePublished":"2026-01-23T10:24:00+00:00","mainEntityOfPage":{"@id":"https:\/\/portaltela.pt\/noticias\/2026\/01\/23\/homem-detido-em-sintra-em-flagrante-por-pornografia-de-menores\/"},"wordCount":118,"image":{"@id":"https:\/\/portaltela.pt\/noticias\/2026\/01\/23\/homem-detido-em-sintra-em-flagrante-por-pornografia-de-menores\/#primaryimage"},"thumbnailUrl":"https:\/\/portaltela.pt\/s.01k8rhncp4jt1\/2026\/01\/img_1500x1000uu2023-11-12-09-23-00-1490932-6.jpg","keywords":["abuso de menores dependentes","explora\u00e7\u00e3o de menores dependente ou em situa\u00e7\u00e3o vulner\u00e1vel","Pol\u00edcia Judici\u00e1ria","pornografia de menor dependente","Sintra"],"articleSection":["Not\u00edcias"],"inLanguage":"pt-PT"},{"@type":"WebPage","@id":"https:\/\/portaltela.pt\/noticias\/2026\/01\/23\/homem-detido-em-sintra-em-flagrante-por-pornografia-de-menores\/","url":"https:\/\/portaltela.pt\/noticias\/2026\/01\/23\/homem-detido-em-sintra-em-flagrante-por-pornografia-de-menores\/","name":"Homem detido em Sintra em flagrante por pornografia de menores - Portal Tela Portugal","isPartOf":{"@id":"https:\/\/portaltela.pt\/#website"},"primaryImageOfPage":{"@id":"https:\/\/portaltela.pt\/noticias\/2026\/01\/23\/homem-detido-em-sintra-em-flagrante-por-pornografia-de-menores\/#primaryimage"},"image":{"@id":"https:\/\/portaltela.pt\/noticias\/2026\/01\/23\/homem-detido-em-sintra-em-flagrante-por-pornografia-de-menores\/#primaryimage"},"thumbnailUrl":"https:\/\/portaltela.pt\/s.01k8rhncp4jt1\/2026\/01\/img_1500x1000uu2023-11-12-09-23-00-1490932-6.jpg","datePublished":"2026-01-23T10:24:00+00:00","author":{"@id":"https:\/\/portaltela.pt\/#\/schema\/person\/c4278d4a6028830caff9ee44b42d32ed"},"breadcrumb":{"@id":"https:\/\/portaltela.pt\/noticias\/2026\/01\/23\/homem-detido-em-sintra-em-flagrante-por-pornografia-de-menores\/#breadcrumb"},"inLanguage":"pt-PT","potentialAction":[{"@type":"ReadAction","target":["https:\/\/portaltela.pt\/noticias\/2026\/01\/23\/homem-detido-em-sintra-em-flagrante-por-pornografia-de-menores\/"]}]},{"@type":"ImageObject","inLanguage":"pt-PT","@id":"https:\/\/portaltela.pt\/noticias\/2026\/01\/23\/homem-detido-em-sintra-em-flagrante-por-pornografia-de-menores\/#primaryimage","url":"https:\/\/portaltela.pt\/s.01k8rhncp4jt1\/2026\/01\/img_1500x1000uu2023-11-12-09-23-00-1490932-6.jpg","contentUrl":"https:\/\/portaltela.pt\/s.01k8rhncp4jt1\/2026\/01\/img_1500x1000uu2023-11-12-09-23-00-1490932-6.jpg","width":796,"height":448,"caption":"Pol\u00edcia Judici\u00e1ria"},{"@type":"BreadcrumbList","@id":"https:\/\/portaltela.pt\/noticias\/2026\/01\/23\/homem-detido-em-sintra-em-flagrante-por-pornografia-de-menores\/#breadcrumb","itemListElement":[{"@type":"ListItem","position":1,"name":"In\u00edcio","item":"https:\/\/portaltela.pt\/"},{"@type":"ListItem","position":2,"name":"Homem detido em Sintra em flagrante por pornografia de menores"}]},{"@type":"WebSite","@id":"https:\/\/portaltela.pt\/#website","url":"https:\/\/portaltela.pt\/","name":"Portal Tela Portugal","description":"","potentialAction":[{"@type":"SearchAction","target":{"@type":"EntryPoint","urlTemplate":"https:\/\/portaltela.pt\/?s={search_term_string}"},"query-input":{"@type":"PropertyValueSpecification","valueRequired":true,"valueName":"search_term_string"}}],"inLanguage":"pt-PT"},{"@type":"Person","@id":"https:\/\/portaltela.pt\/#\/schema\/person\/c4278d4a6028830caff9ee44b42d32ed","name":"Telinha","image":{"@type":"ImageObject","inLanguage":"pt-PT","@id":"https:\/\/portaltela.pt\/s.01k8rhncp4jt1\/2025\/11\/talking-bot-125x125.png","url":"https:\/\/portaltela.pt\/s.01k8rhncp4jt1\/2025\/11\/talking-bot-125x125.png","contentUrl":"https:\/\/portaltela.pt\/s.01k8rhncp4jt1\/2025\/11\/talking-bot-125x125.png","caption":"Telinha"},"sameAs":["https:\/\/portaltela.pt\/"],"url":"https:\/\/portaltela.pt\/por\/367410592786\/"}]}},"_links":{"self":[{"href":"https:\/\/portaltela.pt\/api\/wp\/v2\/posts\/166292","targetHints":{"allow":["GET"]}}],"collection":[{"href":"https:\/\/portaltela.pt\/api\/wp\/v2\/posts"}],"about":[{"href":"https:\/\/portaltela.pt\/api\/wp\/v2\/types\/post"}],"author":[{"embeddable":true,"href":"https:\/\/portaltela.pt\/api\/wp\/v2\/users\/2"}],"replies":[{"embeddable":true,"href":"https:\/\/portaltela.pt\/api\/wp\/v2\/comments?post=166292"}],"version-history":[{"count":0,"href":"https:\/\/portaltela.pt\/api\/wp\/v2\/posts\/166292\/revisions"}],"wp:featuredmedia":[{"embeddable":true,"href":"https:\/\/portaltela.pt\/api\/wp\/v2\/media\/166297"}],"wp:attachment":[{"href":"https:\/\/portaltela.pt\/api\/wp\/v2\/media?parent=166292"}],"wp:term":[{"taxonomy":"category","embeddable":true,"href":"https:\/\/portaltela.pt\/api\/wp\/v2\/categories?post=166292"},{"taxonomy":"post_tag","embeddable":true,"href":"https:\/\/portaltela.pt\/api\/wp\/v2\/tags?post=166292"}],"curies":[{"name":"wp","href":"https:\/\/api.w.org\/{rel}","templated":true}]}}