{"id":166234,"date":"2026-01-23T06:54:00","date_gmt":"2026-01-23T09:54:00","guid":{"rendered":"https:\/\/portaltela.pt\/noticias\/2026\/01\/23\/jovem-raptado-e-agredido-em-sintra-para-cobranca-de-divida-de-1500-euros\/"},"modified":"2026-01-23T06:54:00","modified_gmt":"2026-01-23T09:54:00","slug":"jovem-raptado-e-agredido-em-sintra-para-cobranca-de-divida-de-1500-euros","status":"publish","type":"post","link":"https:\/\/portaltela.pt\/noticias\/2026\/01\/23\/jovem-raptado-e-agredido-em-sintra-para-cobranca-de-divida-de-1500-euros\/","title":{"rendered":"Jovem raptado e agredido em Sintra para cobran\u00e7a de d\u00edvida de 1500 euros"},"content":{"rendered":"<p>A Pol\u00edcia Judici\u00e1ria deteve em Sintra dois homens, de 20 e 26 anos, suspeitos de rapto, extors\u00e3o e viol\u00eancia, entre outros crimes. O caso envolve a alegada cobran\u00e7a de uma d\u00edvida de 1500 euros, que ter\u00e1 motivado a v\u00edtima a ser levada para um descampado e agredida.<\/p>\n<p>A investiga\u00e7\u00e3o indica que a v\u00edtima foi privada da liberdade, levada contra a sua vontade, e sujeita a agress\u00f5es f\u00edsicas graves, bem como a amea\u00e7as e coa\u00e7\u00e3o, com o objetivo de a obrigar a pagar a d\u00edvida.<\/p>\n<p>No decurso da opera\u00e7\u00e3o, foram cumpridos mandados de busca, domicili\u00e1ria e n\u00e3o domicili\u00e1ria, com a apreens\u00e3o de diversos objetos usados na pr\u00e1tica dos crimes. Entre o material retenido est\u00e3o uma arma de fogo com muni\u00e7\u00f5es, uma viatura, estupefaciente, balan\u00e7as de precis\u00e3o, dinheiro e telem\u00f3veis.<\/p>\n<h3>Desdobramentos<\/h3>\n<p>Os detidos ser\u00e3o apresentados \u00e0 autoridade judici\u00e1ria para primeiro interrogat\u00f3rio. O objetivo \u00e9 decidir sobre as medidas de coa\u00e7\u00e3o a aplicar, tendo em vista a gravidade dos factos e a necessidade de garantia de comparecimento.<\/p>\n","protected":false},"excerpt":{"rendered":"<ul>\n<li>A Pol\u00edcia Judici\u00e1ria deteve, em Sintra, dois homens de 20 e 26 anos, suspeitos de rapto, extors\u00e3o, ofensas graves \u00e0 integridade f\u00edsica, amea\u00e7as, coa\u00e7\u00e3o, tr\u00e1fico de estupefacientes e deten\u00e7\u00e3o de arma proibida.<\/li>\n<li>Suspeita-se que a v\u00edtima tenha sido privada de liberdade e levada para um descampado, onde foi sujeita a m\u00faltiplas agress\u00f5es para cobrar uma d\u00edvida alegadamente de 1.500 euros.<\/li>\n<li>A investiga\u00e7\u00e3o concluiu pela gravidade dos factos e permitiu recolher provas relevantes para sustentar as dilig\u00eancias, com dilig\u00eancias r\u00e1pidas de obten\u00e7\u00e3o de elementos probat\u00f3rios.<\/li>\n<li>Na opera\u00e7\u00e3o policial, foram cumpridos mandados de busca domicili\u00e1ria e n\u00e3o domicili\u00e1ria, com apreens\u00e3o de arma de fogo e muni\u00e7\u00f5es, viatura, droga, balan\u00e7as de precis\u00e3o, dinheiro e telem\u00f3veis.<\/li>\n<li>Os detidos v\u00e3o ser presentes \u00e0 autoridade judici\u00e1ria competente para o primeiro interrogat\u00f3rio judicial, visando a aplica\u00e7\u00e3o de medidas de coa\u00e7\u00e3o.<\/li>\n<\/ul>\n","protected":false},"author":2,"featured_media":166240,"comment_status":"closed","ping_status":"closed","sticky":false,"template":"","format":"standard","meta":{"footnotes":""},"categories":[1],"tags":[124,1542,3132,1170,1110,939],"class_list":["post-166234","post","type-post","status-publish","format-standard","has-post-thumbnail","hentry","category-noticias","tag-arma-de-fogo","tag-coacao","tag-extorsao-agravada","tag-sequestro","tag-sintra","tag-violencia"],"yoast_head":"<!-- This site is optimized with the Yoast SEO plugin v27.2 - https:\/\/yoast.com\/product\/yoast-seo-wordpress\/ -->\n<title>Jovem raptado e agredido em Sintra para cobran\u00e7a de d\u00edvida de 1500 euros - Portal Tela Portugal<\/title>\n<meta name=\"robots\" content=\"index, follow, max-snippet:-1, max-image-preview:large, max-video-preview:-1\" \/>\n<meta property=\"og:locale\" content=\"pt_PT\" \/>\n<meta property=\"og:type\" content=\"article\" \/>\n<meta property=\"og:title\" content=\"Jovem raptado e agredido em Sintra para cobran\u00e7a de d\u00edvida de 1500 euros - Portal Tela Portugal\" \/>\n<meta property=\"og:description\" content=\"A Pol\u00edcia Judici\u00e1ria deteve, em Sintra, dois homens de 20 e 26 anos, suspeitos de rapto, extors\u00e3o, ofensas graves \u00e0 integridade f\u00edsica, amea\u00e7as, coa\u00e7\u00e3o, tr\u00e1fico de estupefacientes e deten\u00e7\u00e3o de arma proibida. Suspeita-se que a v\u00edtima tenha sido privada de liberdade e levada para um descampado, onde foi sujeita a m\u00faltiplas agress\u00f5es para cobrar uma d\u00edvida alegadamente de 1.500 euros. A investiga\u00e7\u00e3o concluiu pela gravidade dos factos e permitiu recolher provas relevantes para sustentar as dilig\u00eancias, com dilig\u00eancias r\u00e1pidas de obten\u00e7\u00e3o de elementos probat\u00f3rios. Na opera\u00e7\u00e3o policial, foram cumpridos mandados de busca domicili\u00e1ria e n\u00e3o domicili\u00e1ria, com apreens\u00e3o de arma de fogo e muni\u00e7\u00f5es, viatura, droga, balan\u00e7as de precis\u00e3o, dinheiro e telem\u00f3veis. Os detidos v\u00e3o ser presentes \u00e0 autoridade judici\u00e1ria competente para o primeiro interrogat\u00f3rio judicial, visando a aplica\u00e7\u00e3o de medidas de coa\u00e7\u00e3o.\" \/>\n<meta property=\"og:url\" content=\"https:\/\/portaltela.pt\/noticias\/2026\/01\/23\/jovem-raptado-e-agredido-em-sintra-para-cobranca-de-divida-de-1500-euros\/\" \/>\n<meta property=\"og:site_name\" content=\"Portal Tela Portugal\" \/>\n<meta property=\"article:published_time\" content=\"2026-01-23T09:54:00+00:00\" \/>\n<meta name=\"author\" content=\"Telinha\" \/>\n<meta name=\"twitter:card\" content=\"summary_large_image\" \/>\n<meta name=\"twitter:label1\" content=\"Escrito por\" \/>\n\t<meta name=\"twitter:data1\" content=\"Telinha\" \/>\n\t<meta name=\"twitter:label2\" content=\"Tempo estimado de leitura\" \/>\n\t<meta name=\"twitter:data2\" content=\"1 minuto\" \/>\n<script type=\"application\/ld+json\" class=\"yoast-schema-graph\">{\"@context\":\"https:\/\/schema.org\",\"@graph\":[{\"@type\":\"Article\",\"@id\":\"https:\/\/portaltela.pt\/noticias\/2026\/01\/23\/jovem-raptado-e-agredido-em-sintra-para-cobranca-de-divida-de-1500-euros\/#article\",\"isPartOf\":{\"@id\":\"https:\/\/portaltela.pt\/noticias\/2026\/01\/23\/jovem-raptado-e-agredido-em-sintra-para-cobranca-de-divida-de-1500-euros\/\"},\"author\":{\"name\":\"Telinha\",\"@id\":\"https:\/\/portaltela.pt\/#\/schema\/person\/c4278d4a6028830caff9ee44b42d32ed\"},\"headline\":\"Jovem raptado e agredido em Sintra para cobran\u00e7a de d\u00edvida de 1500 euros\",\"datePublished\":\"2026-01-23T09:54:00+00:00\",\"mainEntityOfPage\":{\"@id\":\"https:\/\/portaltela.pt\/noticias\/2026\/01\/23\/jovem-raptado-e-agredido-em-sintra-para-cobranca-de-divida-de-1500-euros\/\"},\"wordCount\":202,\"image\":{\"@id\":\"https:\/\/portaltela.pt\/noticias\/2026\/01\/23\/jovem-raptado-e-agredido-em-sintra-para-cobranca-de-divida-de-1500-euros\/#primaryimage\"},\"thumbnailUrl\":\"https:\/\/portaltela.pt\/s.01k8rhncp4jt1\/2026\/01\/image-1513.jpg\",\"keywords\":[\"arma de fogo\",\"coa\u00e7\u00e3o\",\"extors\u00e3o agravada\",\"sequestro\",\"Sintra\",\"viol\u00eancia\"],\"articleSection\":[\"Not\u00edcias\"],\"inLanguage\":\"pt-PT\"},{\"@type\":\"WebPage\",\"@id\":\"https:\/\/portaltela.pt\/noticias\/2026\/01\/23\/jovem-raptado-e-agredido-em-sintra-para-cobranca-de-divida-de-1500-euros\/\",\"url\":\"https:\/\/portaltela.pt\/noticias\/2026\/01\/23\/jovem-raptado-e-agredido-em-sintra-para-cobranca-de-divida-de-1500-euros\/\",\"name\":\"Jovem raptado e agredido em Sintra para cobran\u00e7a de d\u00edvida de 1500 euros - Portal Tela Portugal\",\"isPartOf\":{\"@id\":\"https:\/\/portaltela.pt\/#website\"},\"primaryImageOfPage\":{\"@id\":\"https:\/\/portaltela.pt\/noticias\/2026\/01\/23\/jovem-raptado-e-agredido-em-sintra-para-cobranca-de-divida-de-1500-euros\/#primaryimage\"},\"image\":{\"@id\":\"https:\/\/portaltela.pt\/noticias\/2026\/01\/23\/jovem-raptado-e-agredido-em-sintra-para-cobranca-de-divida-de-1500-euros\/#primaryimage\"},\"thumbnailUrl\":\"https:\/\/portaltela.pt\/s.01k8rhncp4jt1\/2026\/01\/image-1513.jpg\",\"datePublished\":\"2026-01-23T09:54:00+00:00\",\"author\":{\"@id\":\"https:\/\/portaltela.pt\/#\/schema\/person\/c4278d4a6028830caff9ee44b42d32ed\"},\"breadcrumb\":{\"@id\":\"https:\/\/portaltela.pt\/noticias\/2026\/01\/23\/jovem-raptado-e-agredido-em-sintra-para-cobranca-de-divida-de-1500-euros\/#breadcrumb\"},\"inLanguage\":\"pt-PT\",\"potentialAction\":[{\"@type\":\"ReadAction\",\"target\":[\"https:\/\/portaltela.pt\/noticias\/2026\/01\/23\/jovem-raptado-e-agredido-em-sintra-para-cobranca-de-divida-de-1500-euros\/\"]}]},{\"@type\":\"ImageObject\",\"inLanguage\":\"pt-PT\",\"@id\":\"https:\/\/portaltela.pt\/noticias\/2026\/01\/23\/jovem-raptado-e-agredido-em-sintra-para-cobranca-de-divida-de-1500-euros\/#primaryimage\",\"url\":\"https:\/\/portaltela.pt\/s.01k8rhncp4jt1\/2026\/01\/image-1513.jpg\",\"contentUrl\":\"https:\/\/portaltela.pt\/s.01k8rhncp4jt1\/2026\/01\/image-1513.jpg\",\"width\":796,\"height\":448,\"caption\":\"Judici\u00e1ria deteve dois homens, suspeitos de rapto e agress\u00e3o, em Sintra\"},{\"@type\":\"BreadcrumbList\",\"@id\":\"https:\/\/portaltela.pt\/noticias\/2026\/01\/23\/jovem-raptado-e-agredido-em-sintra-para-cobranca-de-divida-de-1500-euros\/#breadcrumb\",\"itemListElement\":[{\"@type\":\"ListItem\",\"position\":1,\"name\":\"In\u00edcio\",\"item\":\"https:\/\/portaltela.pt\/\"},{\"@type\":\"ListItem\",\"position\":2,\"name\":\"Jovem raptado e agredido em Sintra para cobran\u00e7a de d\u00edvida de 1500 euros\"}]},{\"@type\":\"WebSite\",\"@id\":\"https:\/\/portaltela.pt\/#website\",\"url\":\"https:\/\/portaltela.pt\/\",\"name\":\"Portal Tela Portugal\",\"description\":\"\",\"potentialAction\":[{\"@type\":\"SearchAction\",\"target\":{\"@type\":\"EntryPoint\",\"urlTemplate\":\"https:\/\/portaltela.pt\/?s={search_term_string}\"},\"query-input\":{\"@type\":\"PropertyValueSpecification\",\"valueRequired\":true,\"valueName\":\"search_term_string\"}}],\"inLanguage\":\"pt-PT\"},{\"@type\":\"Person\",\"@id\":\"https:\/\/portaltela.pt\/#\/schema\/person\/c4278d4a6028830caff9ee44b42d32ed\",\"name\":\"Telinha\",\"image\":{\"@type\":\"ImageObject\",\"inLanguage\":\"pt-PT\",\"@id\":\"https:\/\/portaltela.pt\/s.01k8rhncp4jt1\/2025\/11\/talking-bot-125x125.png\",\"url\":\"https:\/\/portaltela.pt\/s.01k8rhncp4jt1\/2025\/11\/talking-bot-125x125.png\",\"contentUrl\":\"https:\/\/portaltela.pt\/s.01k8rhncp4jt1\/2025\/11\/talking-bot-125x125.png\",\"caption\":\"Telinha\"},\"sameAs\":[\"https:\/\/portaltela.pt\/\"],\"url\":\"https:\/\/portaltela.pt\/por\/367410592786\/\"}]}<\/script>\n<!-- \/ Yoast SEO plugin. -->","yoast_head_json":{"title":"Jovem raptado e agredido em Sintra para cobran\u00e7a de d\u00edvida de 1500 euros - Portal Tela Portugal","robots":{"index":"index","follow":"follow","max-snippet":"max-snippet:-1","max-image-preview":"max-image-preview:large","max-video-preview":"max-video-preview:-1"},"og_locale":"pt_PT","og_type":"article","og_title":"Jovem raptado e agredido em Sintra para cobran\u00e7a de d\u00edvida de 1500 euros - Portal Tela Portugal","og_description":"A Pol\u00edcia Judici\u00e1ria deteve, em Sintra, dois homens de 20 e 26 anos, suspeitos de rapto, extors\u00e3o, ofensas graves \u00e0 integridade f\u00edsica, amea\u00e7as, coa\u00e7\u00e3o, tr\u00e1fico de estupefacientes e deten\u00e7\u00e3o de arma proibida. Suspeita-se que a v\u00edtima tenha sido privada de liberdade e levada para um descampado, onde foi sujeita a m\u00faltiplas agress\u00f5es para cobrar uma d\u00edvida alegadamente de 1.500 euros. A investiga\u00e7\u00e3o concluiu pela gravidade dos factos e permitiu recolher provas relevantes para sustentar as dilig\u00eancias, com dilig\u00eancias r\u00e1pidas de obten\u00e7\u00e3o de elementos probat\u00f3rios. Na opera\u00e7\u00e3o policial, foram cumpridos mandados de busca domicili\u00e1ria e n\u00e3o domicili\u00e1ria, com apreens\u00e3o de arma de fogo e muni\u00e7\u00f5es, viatura, droga, balan\u00e7as de precis\u00e3o, dinheiro e telem\u00f3veis. Os detidos v\u00e3o ser presentes \u00e0 autoridade judici\u00e1ria competente para o primeiro interrogat\u00f3rio judicial, visando a aplica\u00e7\u00e3o de medidas de coa\u00e7\u00e3o.","og_url":"https:\/\/portaltela.pt\/noticias\/2026\/01\/23\/jovem-raptado-e-agredido-em-sintra-para-cobranca-de-divida-de-1500-euros\/","og_site_name":"Portal Tela Portugal","article_published_time":"2026-01-23T09:54:00+00:00","author":"Telinha","twitter_card":"summary_large_image","twitter_misc":{"Escrito por":"Telinha","Tempo estimado de leitura":"1 minuto"},"schema":{"@context":"https:\/\/schema.org","@graph":[{"@type":"Article","@id":"https:\/\/portaltela.pt\/noticias\/2026\/01\/23\/jovem-raptado-e-agredido-em-sintra-para-cobranca-de-divida-de-1500-euros\/#article","isPartOf":{"@id":"https:\/\/portaltela.pt\/noticias\/2026\/01\/23\/jovem-raptado-e-agredido-em-sintra-para-cobranca-de-divida-de-1500-euros\/"},"author":{"name":"Telinha","@id":"https:\/\/portaltela.pt\/#\/schema\/person\/c4278d4a6028830caff9ee44b42d32ed"},"headline":"Jovem raptado e agredido em Sintra para cobran\u00e7a de d\u00edvida de 1500 euros","datePublished":"2026-01-23T09:54:00+00:00","mainEntityOfPage":{"@id":"https:\/\/portaltela.pt\/noticias\/2026\/01\/23\/jovem-raptado-e-agredido-em-sintra-para-cobranca-de-divida-de-1500-euros\/"},"wordCount":202,"image":{"@id":"https:\/\/portaltela.pt\/noticias\/2026\/01\/23\/jovem-raptado-e-agredido-em-sintra-para-cobranca-de-divida-de-1500-euros\/#primaryimage"},"thumbnailUrl":"https:\/\/portaltela.pt\/s.01k8rhncp4jt1\/2026\/01\/image-1513.jpg","keywords":["arma de fogo","coa\u00e7\u00e3o","extors\u00e3o agravada","sequestro","Sintra","viol\u00eancia"],"articleSection":["Not\u00edcias"],"inLanguage":"pt-PT"},{"@type":"WebPage","@id":"https:\/\/portaltela.pt\/noticias\/2026\/01\/23\/jovem-raptado-e-agredido-em-sintra-para-cobranca-de-divida-de-1500-euros\/","url":"https:\/\/portaltela.pt\/noticias\/2026\/01\/23\/jovem-raptado-e-agredido-em-sintra-para-cobranca-de-divida-de-1500-euros\/","name":"Jovem raptado e agredido em Sintra para cobran\u00e7a de d\u00edvida de 1500 euros - Portal Tela Portugal","isPartOf":{"@id":"https:\/\/portaltela.pt\/#website"},"primaryImageOfPage":{"@id":"https:\/\/portaltela.pt\/noticias\/2026\/01\/23\/jovem-raptado-e-agredido-em-sintra-para-cobranca-de-divida-de-1500-euros\/#primaryimage"},"image":{"@id":"https:\/\/portaltela.pt\/noticias\/2026\/01\/23\/jovem-raptado-e-agredido-em-sintra-para-cobranca-de-divida-de-1500-euros\/#primaryimage"},"thumbnailUrl":"https:\/\/portaltela.pt\/s.01k8rhncp4jt1\/2026\/01\/image-1513.jpg","datePublished":"2026-01-23T09:54:00+00:00","author":{"@id":"https:\/\/portaltela.pt\/#\/schema\/person\/c4278d4a6028830caff9ee44b42d32ed"},"breadcrumb":{"@id":"https:\/\/portaltela.pt\/noticias\/2026\/01\/23\/jovem-raptado-e-agredido-em-sintra-para-cobranca-de-divida-de-1500-euros\/#breadcrumb"},"inLanguage":"pt-PT","potentialAction":[{"@type":"ReadAction","target":["https:\/\/portaltela.pt\/noticias\/2026\/01\/23\/jovem-raptado-e-agredido-em-sintra-para-cobranca-de-divida-de-1500-euros\/"]}]},{"@type":"ImageObject","inLanguage":"pt-PT","@id":"https:\/\/portaltela.pt\/noticias\/2026\/01\/23\/jovem-raptado-e-agredido-em-sintra-para-cobranca-de-divida-de-1500-euros\/#primaryimage","url":"https:\/\/portaltela.pt\/s.01k8rhncp4jt1\/2026\/01\/image-1513.jpg","contentUrl":"https:\/\/portaltela.pt\/s.01k8rhncp4jt1\/2026\/01\/image-1513.jpg","width":796,"height":448,"caption":"Judici\u00e1ria deteve dois homens, suspeitos de rapto e agress\u00e3o, em Sintra"},{"@type":"BreadcrumbList","@id":"https:\/\/portaltela.pt\/noticias\/2026\/01\/23\/jovem-raptado-e-agredido-em-sintra-para-cobranca-de-divida-de-1500-euros\/#breadcrumb","itemListElement":[{"@type":"ListItem","position":1,"name":"In\u00edcio","item":"https:\/\/portaltela.pt\/"},{"@type":"ListItem","position":2,"name":"Jovem raptado e agredido em Sintra para cobran\u00e7a de d\u00edvida de 1500 euros"}]},{"@type":"WebSite","@id":"https:\/\/portaltela.pt\/#website","url":"https:\/\/portaltela.pt\/","name":"Portal Tela Portugal","description":"","potentialAction":[{"@type":"SearchAction","target":{"@type":"EntryPoint","urlTemplate":"https:\/\/portaltela.pt\/?s={search_term_string}"},"query-input":{"@type":"PropertyValueSpecification","valueRequired":true,"valueName":"search_term_string"}}],"inLanguage":"pt-PT"},{"@type":"Person","@id":"https:\/\/portaltela.pt\/#\/schema\/person\/c4278d4a6028830caff9ee44b42d32ed","name":"Telinha","image":{"@type":"ImageObject","inLanguage":"pt-PT","@id":"https:\/\/portaltela.pt\/s.01k8rhncp4jt1\/2025\/11\/talking-bot-125x125.png","url":"https:\/\/portaltela.pt\/s.01k8rhncp4jt1\/2025\/11\/talking-bot-125x125.png","contentUrl":"https:\/\/portaltela.pt\/s.01k8rhncp4jt1\/2025\/11\/talking-bot-125x125.png","caption":"Telinha"},"sameAs":["https:\/\/portaltela.pt\/"],"url":"https:\/\/portaltela.pt\/por\/367410592786\/"}]}},"_links":{"self":[{"href":"https:\/\/portaltela.pt\/api\/wp\/v2\/posts\/166234","targetHints":{"allow":["GET"]}}],"collection":[{"href":"https:\/\/portaltela.pt\/api\/wp\/v2\/posts"}],"about":[{"href":"https:\/\/portaltela.pt\/api\/wp\/v2\/types\/post"}],"author":[{"embeddable":true,"href":"https:\/\/portaltela.pt\/api\/wp\/v2\/users\/2"}],"replies":[{"embeddable":true,"href":"https:\/\/portaltela.pt\/api\/wp\/v2\/comments?post=166234"}],"version-history":[{"count":0,"href":"https:\/\/portaltela.pt\/api\/wp\/v2\/posts\/166234\/revisions"}],"wp:featuredmedia":[{"embeddable":true,"href":"https:\/\/portaltela.pt\/api\/wp\/v2\/media\/166240"}],"wp:attachment":[{"href":"https:\/\/portaltela.pt\/api\/wp\/v2\/media?parent=166234"}],"wp:term":[{"taxonomy":"category","embeddable":true,"href":"https:\/\/portaltela.pt\/api\/wp\/v2\/categories?post=166234"},{"taxonomy":"post_tag","embeddable":true,"href":"https:\/\/portaltela.pt\/api\/wp\/v2\/tags?post=166234"}],"curies":[{"name":"wp","href":"https:\/\/api.w.org\/{rel}","templated":true}]}}