{"id":166047,"date":"2026-01-23T05:22:00","date_gmt":"2026-01-23T08:22:00","guid":{"rendered":"https:\/\/portaltela.pt\/noticias\/2026\/01\/23\/maro-regressa-e-quer-manter-a-crianca-interior-ate-aos-80\/"},"modified":"2026-01-23T05:22:00","modified_gmt":"2026-01-23T08:22:00","slug":"maro-regressa-e-quer-manter-a-crianca-interior-ate-aos-80","status":"publish","type":"post","link":"https:\/\/portaltela.pt\/noticias\/2026\/01\/23\/maro-regressa-e-quer-manter-a-crianca-interior-ate-aos-80\/","title":{"rendered":"Maro regressa e quer manter a crian\u00e7a interior at\u00e9 aos 80"},"content":{"rendered":"<p>Maro regressa com nova obra e revela a base do seu percurso art\u00edstico: autenticidade. O regresso acontece numa altura em que a cantora portuguesa prepara uma digress\u00e3o pela Europa e pela Am\u00e9rica do Norte.<\/p>\n<p>O novo disco de Maro chegar\u00e1 aos circuitos de m\u00fasica a 27 de janeiro. O lan\u00e7amento marca mais um passo no caminho da artista na pop internacional.<\/p>\n<p>Depois da tempestade de Hortel\u00e3, o foco mant\u00e9m-se na consist\u00eancia criativa. A cantora explica que continuar a ser ela mesma \u00e9 a sua principal receita de sucesso.<\/p>\n<p>A obra \u00e9 apresentada como uma continua\u00e7\u00e3o do conceito que j\u00e1 definiu a sua carreira. Maro sublinha que a autenticidade tem guiado escolhas art\u00edsticas.<\/p>\n<p>Ainda n\u00e3o foram anunciadas datas espec\u00edficas da digress\u00e3o, mas o conjunto de apresenta\u00e7\u00f5es dever\u00e1 acontecer em v\u00e1rias cidades da Europa e da Am\u00e9rica do Norte.<\/p>\n<p>A cantora tem vindo a construir uma base de f\u00e3s internacional, com atua\u00e7\u00e3o em palcos que integraram p\u00fablicos de diferentes continentes. O novo projeto expande esse p\u00e1lio.<\/p>\n<p>A produ\u00e7\u00e3o do disco, conforme adianta, aposta em sonoridades pop globais, mantendo a identidade portuguesa que a caracteriza. A confirma\u00e7\u00e3o surge com o an\u00fancio de lan\u00e7amento.<\/p>\n","protected":false},"excerpt":{"rendered":"<ul>\n<li>Maro volta aos palcos com uma nova fase na carreira, mantendo a autenticidade que a caracteriza.<\/li>\n<li>A artista portuguesa continua a explorar a pop global, ap\u00f3s os projetos Hortel\u00e3 e So Much Has Changed.<\/li>\n<li>O seu novo disco chega a 27 de janeiro.<\/li>\n<li>Segue-se uma digress\u00e3o pela Europa e pela Am\u00e9rica do Norte.<\/li>\n<li>Maro afirma que quer manter a sua \u201ccrian\u00e7a interior\u201d activa, duradoura at\u00e9 aos 80 anos.<\/li>\n<\/ul>\n","protected":false},"author":2,"featured_media":166049,"comment_status":"closed","ping_status":"closed","sticky":false,"template":"","format":"standard","meta":{"footnotes":""},"categories":[12,1],"tags":[593,2487,129,122,1014,1813],"class_list":["post-166047","post","type-post","status-publish","format-standard","has-post-thumbnail","hentry","category-entretenimento","category-noticias","tag-concertos","tag-europa","tag-lancamentos","tag-musica","tag-portugal","tag-turnes-internacionais"],"yoast_head":"<!-- This site is optimized with the Yoast SEO plugin v27.2 - https:\/\/yoast.com\/product\/yoast-seo-wordpress\/ -->\n<title>Maro regressa e quer manter a crian\u00e7a interior at\u00e9 aos 80 - Portal Tela Portugal<\/title>\n<meta name=\"robots\" content=\"index, follow, max-snippet:-1, max-image-preview:large, max-video-preview:-1\" \/>\n<meta property=\"og:locale\" content=\"pt_PT\" \/>\n<meta property=\"og:type\" content=\"article\" \/>\n<meta property=\"og:title\" content=\"Maro regressa e quer manter a crian\u00e7a interior at\u00e9 aos 80 - Portal Tela Portugal\" \/>\n<meta property=\"og:description\" content=\"Maro volta aos palcos com uma nova fase na carreira, mantendo a autenticidade que a caracteriza. A artista portuguesa continua a explorar a pop global, ap\u00f3s os projetos Hortel\u00e3 e So Much Has Changed. O seu novo disco chega a 27 de janeiro. Segue-se uma digress\u00e3o pela Europa e pela Am\u00e9rica do Norte. Maro afirma que quer manter a sua \u201ccrian\u00e7a interior\u201d activa, duradoura at\u00e9 aos 80 anos.\" \/>\n<meta property=\"og:url\" content=\"https:\/\/portaltela.pt\/noticias\/2026\/01\/23\/maro-regressa-e-quer-manter-a-crianca-interior-ate-aos-80\/\" \/>\n<meta property=\"og:site_name\" content=\"Portal Tela Portugal\" \/>\n<meta property=\"article:published_time\" content=\"2026-01-23T08:22:00+00:00\" \/>\n<meta name=\"author\" content=\"Telinha\" \/>\n<meta name=\"twitter:card\" content=\"summary_large_image\" \/>\n<meta name=\"twitter:label1\" content=\"Escrito por\" \/>\n\t<meta name=\"twitter:data1\" content=\"Telinha\" \/>\n\t<meta name=\"twitter:label2\" content=\"Tempo estimado de leitura\" \/>\n\t<meta name=\"twitter:data2\" content=\"1 minuto\" \/>\n<script type=\"application\/ld+json\" class=\"yoast-schema-graph\">{\"@context\":\"https:\/\/schema.org\",\"@graph\":[{\"@type\":\"Article\",\"@id\":\"https:\/\/portaltela.pt\/noticias\/2026\/01\/23\/maro-regressa-e-quer-manter-a-crianca-interior-ate-aos-80\/#article\",\"isPartOf\":{\"@id\":\"https:\/\/portaltela.pt\/noticias\/2026\/01\/23\/maro-regressa-e-quer-manter-a-crianca-interior-ate-aos-80\/\"},\"author\":{\"name\":\"Telinha\",\"@id\":\"https:\/\/portaltela.pt\/#\/schema\/person\/c4278d4a6028830caff9ee44b42d32ed\"},\"headline\":\"Maro regressa e quer manter a crian\u00e7a interior at\u00e9 aos 80\",\"datePublished\":\"2026-01-23T08:22:00+00:00\",\"mainEntityOfPage\":{\"@id\":\"https:\/\/portaltela.pt\/noticias\/2026\/01\/23\/maro-regressa-e-quer-manter-a-crianca-interior-ate-aos-80\/\"},\"wordCount\":221,\"image\":{\"@id\":\"https:\/\/portaltela.pt\/noticias\/2026\/01\/23\/maro-regressa-e-quer-manter-a-crianca-interior-ate-aos-80\/#primaryimage\"},\"thumbnailUrl\":\"https:\/\/portaltela.pt\/s.01k8rhncp4jt1\/2026\/01\/2060645.jpg\",\"keywords\":[\"concertos\",\"Europa\",\"lancamentos\",\"m\u00fasica\",\"Portugal\",\"turn\u00eas internacionais\"],\"articleSection\":[\"Entretenimento\",\"Not\u00edcias\"],\"inLanguage\":\"pt-PT\"},{\"@type\":\"WebPage\",\"@id\":\"https:\/\/portaltela.pt\/noticias\/2026\/01\/23\/maro-regressa-e-quer-manter-a-crianca-interior-ate-aos-80\/\",\"url\":\"https:\/\/portaltela.pt\/noticias\/2026\/01\/23\/maro-regressa-e-quer-manter-a-crianca-interior-ate-aos-80\/\",\"name\":\"Maro regressa e quer manter a crian\u00e7a interior at\u00e9 aos 80 - Portal Tela Portugal\",\"isPartOf\":{\"@id\":\"https:\/\/portaltela.pt\/#website\"},\"primaryImageOfPage\":{\"@id\":\"https:\/\/portaltela.pt\/noticias\/2026\/01\/23\/maro-regressa-e-quer-manter-a-crianca-interior-ate-aos-80\/#primaryimage\"},\"image\":{\"@id\":\"https:\/\/portaltela.pt\/noticias\/2026\/01\/23\/maro-regressa-e-quer-manter-a-crianca-interior-ate-aos-80\/#primaryimage\"},\"thumbnailUrl\":\"https:\/\/portaltela.pt\/s.01k8rhncp4jt1\/2026\/01\/2060645.jpg\",\"datePublished\":\"2026-01-23T08:22:00+00:00\",\"author\":{\"@id\":\"https:\/\/portaltela.pt\/#\/schema\/person\/c4278d4a6028830caff9ee44b42d32ed\"},\"breadcrumb\":{\"@id\":\"https:\/\/portaltela.pt\/noticias\/2026\/01\/23\/maro-regressa-e-quer-manter-a-crianca-interior-ate-aos-80\/#breadcrumb\"},\"inLanguage\":\"pt-PT\",\"potentialAction\":[{\"@type\":\"ReadAction\",\"target\":[\"https:\/\/portaltela.pt\/noticias\/2026\/01\/23\/maro-regressa-e-quer-manter-a-crianca-interior-ate-aos-80\/\"]}]},{\"@type\":\"ImageObject\",\"inLanguage\":\"pt-PT\",\"@id\":\"https:\/\/portaltela.pt\/noticias\/2026\/01\/23\/maro-regressa-e-quer-manter-a-crianca-interior-ate-aos-80\/#primaryimage\",\"url\":\"https:\/\/portaltela.pt\/s.01k8rhncp4jt1\/2026\/01\/2060645.jpg\",\"contentUrl\":\"https:\/\/portaltela.pt\/s.01k8rhncp4jt1\/2026\/01\/2060645.jpg\",\"width\":796,\"height\":448,\"caption\":\"J\u00e1 com carreira internacional, Maro ficou conhecida em Portugal sobretudo depois de vencer o Festival da Can\u00e7\u00e3o de 2022\"},{\"@type\":\"BreadcrumbList\",\"@id\":\"https:\/\/portaltela.pt\/noticias\/2026\/01\/23\/maro-regressa-e-quer-manter-a-crianca-interior-ate-aos-80\/#breadcrumb\",\"itemListElement\":[{\"@type\":\"ListItem\",\"position\":1,\"name\":\"In\u00edcio\",\"item\":\"https:\/\/portaltela.pt\/\"},{\"@type\":\"ListItem\",\"position\":2,\"name\":\"Maro regressa e quer manter a crian\u00e7a interior at\u00e9 aos 80\"}]},{\"@type\":\"WebSite\",\"@id\":\"https:\/\/portaltela.pt\/#website\",\"url\":\"https:\/\/portaltela.pt\/\",\"name\":\"Portal Tela Portugal\",\"description\":\"\",\"potentialAction\":[{\"@type\":\"SearchAction\",\"target\":{\"@type\":\"EntryPoint\",\"urlTemplate\":\"https:\/\/portaltela.pt\/?s={search_term_string}\"},\"query-input\":{\"@type\":\"PropertyValueSpecification\",\"valueRequired\":true,\"valueName\":\"search_term_string\"}}],\"inLanguage\":\"pt-PT\"},{\"@type\":\"Person\",\"@id\":\"https:\/\/portaltela.pt\/#\/schema\/person\/c4278d4a6028830caff9ee44b42d32ed\",\"name\":\"Telinha\",\"image\":{\"@type\":\"ImageObject\",\"inLanguage\":\"pt-PT\",\"@id\":\"https:\/\/portaltela.pt\/s.01k8rhncp4jt1\/2025\/11\/talking-bot-125x125.png\",\"url\":\"https:\/\/portaltela.pt\/s.01k8rhncp4jt1\/2025\/11\/talking-bot-125x125.png\",\"contentUrl\":\"https:\/\/portaltela.pt\/s.01k8rhncp4jt1\/2025\/11\/talking-bot-125x125.png\",\"caption\":\"Telinha\"},\"sameAs\":[\"https:\/\/portaltela.pt\/\"],\"url\":\"https:\/\/portaltela.pt\/por\/367410592786\/\"}]}<\/script>\n<!-- \/ Yoast SEO plugin. -->","yoast_head_json":{"title":"Maro regressa e quer manter a crian\u00e7a interior at\u00e9 aos 80 - Portal Tela Portugal","robots":{"index":"index","follow":"follow","max-snippet":"max-snippet:-1","max-image-preview":"max-image-preview:large","max-video-preview":"max-video-preview:-1"},"og_locale":"pt_PT","og_type":"article","og_title":"Maro regressa e quer manter a crian\u00e7a interior at\u00e9 aos 80 - Portal Tela Portugal","og_description":"Maro volta aos palcos com uma nova fase na carreira, mantendo a autenticidade que a caracteriza. A artista portuguesa continua a explorar a pop global, ap\u00f3s os projetos Hortel\u00e3 e So Much Has Changed. O seu novo disco chega a 27 de janeiro. Segue-se uma digress\u00e3o pela Europa e pela Am\u00e9rica do Norte. Maro afirma que quer manter a sua \u201ccrian\u00e7a interior\u201d activa, duradoura at\u00e9 aos 80 anos.","og_url":"https:\/\/portaltela.pt\/noticias\/2026\/01\/23\/maro-regressa-e-quer-manter-a-crianca-interior-ate-aos-80\/","og_site_name":"Portal Tela Portugal","article_published_time":"2026-01-23T08:22:00+00:00","author":"Telinha","twitter_card":"summary_large_image","twitter_misc":{"Escrito por":"Telinha","Tempo estimado de leitura":"1 minuto"},"schema":{"@context":"https:\/\/schema.org","@graph":[{"@type":"Article","@id":"https:\/\/portaltela.pt\/noticias\/2026\/01\/23\/maro-regressa-e-quer-manter-a-crianca-interior-ate-aos-80\/#article","isPartOf":{"@id":"https:\/\/portaltela.pt\/noticias\/2026\/01\/23\/maro-regressa-e-quer-manter-a-crianca-interior-ate-aos-80\/"},"author":{"name":"Telinha","@id":"https:\/\/portaltela.pt\/#\/schema\/person\/c4278d4a6028830caff9ee44b42d32ed"},"headline":"Maro regressa e quer manter a crian\u00e7a interior at\u00e9 aos 80","datePublished":"2026-01-23T08:22:00+00:00","mainEntityOfPage":{"@id":"https:\/\/portaltela.pt\/noticias\/2026\/01\/23\/maro-regressa-e-quer-manter-a-crianca-interior-ate-aos-80\/"},"wordCount":221,"image":{"@id":"https:\/\/portaltela.pt\/noticias\/2026\/01\/23\/maro-regressa-e-quer-manter-a-crianca-interior-ate-aos-80\/#primaryimage"},"thumbnailUrl":"https:\/\/portaltela.pt\/s.01k8rhncp4jt1\/2026\/01\/2060645.jpg","keywords":["concertos","Europa","lancamentos","m\u00fasica","Portugal","turn\u00eas internacionais"],"articleSection":["Entretenimento","Not\u00edcias"],"inLanguage":"pt-PT"},{"@type":"WebPage","@id":"https:\/\/portaltela.pt\/noticias\/2026\/01\/23\/maro-regressa-e-quer-manter-a-crianca-interior-ate-aos-80\/","url":"https:\/\/portaltela.pt\/noticias\/2026\/01\/23\/maro-regressa-e-quer-manter-a-crianca-interior-ate-aos-80\/","name":"Maro regressa e quer manter a crian\u00e7a interior at\u00e9 aos 80 - Portal Tela Portugal","isPartOf":{"@id":"https:\/\/portaltela.pt\/#website"},"primaryImageOfPage":{"@id":"https:\/\/portaltela.pt\/noticias\/2026\/01\/23\/maro-regressa-e-quer-manter-a-crianca-interior-ate-aos-80\/#primaryimage"},"image":{"@id":"https:\/\/portaltela.pt\/noticias\/2026\/01\/23\/maro-regressa-e-quer-manter-a-crianca-interior-ate-aos-80\/#primaryimage"},"thumbnailUrl":"https:\/\/portaltela.pt\/s.01k8rhncp4jt1\/2026\/01\/2060645.jpg","datePublished":"2026-01-23T08:22:00+00:00","author":{"@id":"https:\/\/portaltela.pt\/#\/schema\/person\/c4278d4a6028830caff9ee44b42d32ed"},"breadcrumb":{"@id":"https:\/\/portaltela.pt\/noticias\/2026\/01\/23\/maro-regressa-e-quer-manter-a-crianca-interior-ate-aos-80\/#breadcrumb"},"inLanguage":"pt-PT","potentialAction":[{"@type":"ReadAction","target":["https:\/\/portaltela.pt\/noticias\/2026\/01\/23\/maro-regressa-e-quer-manter-a-crianca-interior-ate-aos-80\/"]}]},{"@type":"ImageObject","inLanguage":"pt-PT","@id":"https:\/\/portaltela.pt\/noticias\/2026\/01\/23\/maro-regressa-e-quer-manter-a-crianca-interior-ate-aos-80\/#primaryimage","url":"https:\/\/portaltela.pt\/s.01k8rhncp4jt1\/2026\/01\/2060645.jpg","contentUrl":"https:\/\/portaltela.pt\/s.01k8rhncp4jt1\/2026\/01\/2060645.jpg","width":796,"height":448,"caption":"J\u00e1 com carreira internacional, Maro ficou conhecida em Portugal sobretudo depois de vencer o Festival da Can\u00e7\u00e3o de 2022"},{"@type":"BreadcrumbList","@id":"https:\/\/portaltela.pt\/noticias\/2026\/01\/23\/maro-regressa-e-quer-manter-a-crianca-interior-ate-aos-80\/#breadcrumb","itemListElement":[{"@type":"ListItem","position":1,"name":"In\u00edcio","item":"https:\/\/portaltela.pt\/"},{"@type":"ListItem","position":2,"name":"Maro regressa e quer manter a crian\u00e7a interior at\u00e9 aos 80"}]},{"@type":"WebSite","@id":"https:\/\/portaltela.pt\/#website","url":"https:\/\/portaltela.pt\/","name":"Portal Tela Portugal","description":"","potentialAction":[{"@type":"SearchAction","target":{"@type":"EntryPoint","urlTemplate":"https:\/\/portaltela.pt\/?s={search_term_string}"},"query-input":{"@type":"PropertyValueSpecification","valueRequired":true,"valueName":"search_term_string"}}],"inLanguage":"pt-PT"},{"@type":"Person","@id":"https:\/\/portaltela.pt\/#\/schema\/person\/c4278d4a6028830caff9ee44b42d32ed","name":"Telinha","image":{"@type":"ImageObject","inLanguage":"pt-PT","@id":"https:\/\/portaltela.pt\/s.01k8rhncp4jt1\/2025\/11\/talking-bot-125x125.png","url":"https:\/\/portaltela.pt\/s.01k8rhncp4jt1\/2025\/11\/talking-bot-125x125.png","contentUrl":"https:\/\/portaltela.pt\/s.01k8rhncp4jt1\/2025\/11\/talking-bot-125x125.png","caption":"Telinha"},"sameAs":["https:\/\/portaltela.pt\/"],"url":"https:\/\/portaltela.pt\/por\/367410592786\/"}]}},"_links":{"self":[{"href":"https:\/\/portaltela.pt\/api\/wp\/v2\/posts\/166047","targetHints":{"allow":["GET"]}}],"collection":[{"href":"https:\/\/portaltela.pt\/api\/wp\/v2\/posts"}],"about":[{"href":"https:\/\/portaltela.pt\/api\/wp\/v2\/types\/post"}],"author":[{"embeddable":true,"href":"https:\/\/portaltela.pt\/api\/wp\/v2\/users\/2"}],"replies":[{"embeddable":true,"href":"https:\/\/portaltela.pt\/api\/wp\/v2\/comments?post=166047"}],"version-history":[{"count":0,"href":"https:\/\/portaltela.pt\/api\/wp\/v2\/posts\/166047\/revisions"}],"wp:featuredmedia":[{"embeddable":true,"href":"https:\/\/portaltela.pt\/api\/wp\/v2\/media\/166049"}],"wp:attachment":[{"href":"https:\/\/portaltela.pt\/api\/wp\/v2\/media?parent=166047"}],"wp:term":[{"taxonomy":"category","embeddable":true,"href":"https:\/\/portaltela.pt\/api\/wp\/v2\/categories?post=166047"},{"taxonomy":"post_tag","embeddable":true,"href":"https:\/\/portaltela.pt\/api\/wp\/v2\/tags?post=166047"}],"curies":[{"name":"wp","href":"https:\/\/api.w.org\/{rel}","templated":true}]}}