{"id":165947,"date":"2026-01-23T05:06:26","date_gmt":"2026-01-23T08:06:26","guid":{"rendered":"https:\/\/portaltela.pt\/noticias\/2026\/01\/23\/carlos-moedas-e-assuncao-cristas-apoiam-antonio-jose-seguro\/"},"modified":"2026-01-23T05:06:26","modified_gmt":"2026-01-23T08:06:26","slug":"carlos-moedas-e-assuncao-cristas-apoiam-antonio-jose-seguro","status":"publish","type":"post","link":"https:\/\/portaltela.pt\/noticias\/politica\/2026\/01\/23\/carlos-moedas-e-assuncao-cristas-apoiam-antonio-jose-seguro\/","title":{"rendered":"Carlos Moedas e Assun\u00e7\u00e3o Cristas apoiam Ant\u00f3nio Jos\u00e9 Seguro"},"content":{"rendered":"<p>Carlos Moedas, presidente da C\u00e2mara Municipal de Lisboa, e Assun\u00e7\u00e3o Cristas anunciaram o voto em Ant\u00f3nio Jos\u00e9 Seguro na segunda volta das Presidenciais. A decis\u00e3o foi comunicada na sexta-feira, em Lisboa, sem entusiasmo, segundo Moedas.<\/p>\n<p>Cristas explicou, em artigo para o Expresso, que defende unir a direita humanista e moderada, Democrata-Crist\u00e3. Confessou ter votado no primeiro dia Lu\u00eds Marques Mendes, conforme o espa\u00e7o pol\u00edtico que representa.<\/p>\n<p>A ex-ministra reiterou que ficou sem um candidato natural \u00e0 direita e explicou que optou por Seguro, com quem n\u00e3o tem liga\u00e7\u00f5es geracionais ou de amizade. Acompanhe o contexto da vota\u00e7\u00e3o na segunda volta.<\/p>\n<h3>Resultados da primeira volta<\/h3>\n<p>Ant\u00f3nio Jos\u00e9 Seguro (PS, agora com apoio de Livre, PCP e BE) recebeu 31% dos votos. Andr\u00e9 Ventura (Chega) ficou com 23%, em segundo lugar. Cotrim Figueiredo (Iniciativa Liberal) somou 16,7%.<\/p>\n<p>Gouveia e Melo alcan\u00e7ou 12%, Marques Mendes (PSD\/CDS-PP) ficou com 11%. \u00c0 esquerda, Catarina Martins (BE) teve 2%, Ant\u00f3nio Filipe (PCP) 1,6% e Jorge Pinho (Livre) 0,6%.<\/p>\n<p>Outros candidatos inclu\u00edram Manuel Jo\u00e3o Vieira (artista) com 1% e Humberto Correia com 0,08%. A segunda volta est\u00e1 marcada para 8 de fevereiro.<\/p>\n","protected":false},"excerpt":{"rendered":"<ul>\n<li>Carlos Moedas e Assun\u00e7\u00e3o Cristas anunciaram o voto em Ant\u00f3nio Jos\u00e9 Seguro na segunda volta das Presidenciais.<\/li>\n<li>Moedas disse ao Expresso que vota em Seguro sem entusiasmo, acrescentando que ele tem de respeitar a maioria social de centro-direita existente no pa\u00eds.<\/li>\n<li>Cristas, em artigo de opini\u00e3o no Expresso, defende unir a direita humanista, moderada e democr\u00e1tica no \u00fanico voto poss\u00edvel, lembrando que votou em Lu\u00eds Marques Mendes na primeira volta.<\/li>\n<li>Cristas diz que n\u00e3o tem rela\u00e7\u00e3o geracional ou de amizade com Seguro e lamenta ficar sem candidato natural para a direita.<\/li>\n<li>A segunda volta \u00e9 no dia 8 de fevereiro, entre Ant\u00f3nio Jos\u00e9 Seguro e Andr\u00e9 Ventura; na primeira volta Seguro teve 31% e Ventura 23%, com os restantes candidatos abaixo.<\/li>\n<\/ul>\n","protected":false},"author":2,"featured_media":165951,"comment_status":"closed","ping_status":"closed","sticky":false,"template":"","format":"standard","meta":{"footnotes":""},"categories":[1,5],"tags":[2655,3905,68,1482,2144,2458],"class_list":["post-165947","post","type-post","status-publish","format-standard","has-post-thumbnail","hentry","category-noticias","category-politica","tag-antonio-jose-seguro","tag-assuncao-cristas","tag-eleicoes","tag-iniciativa-liberal","tag-ps","tag-psd-cds"],"yoast_head":"<!-- This site is optimized with the Yoast SEO plugin v27.2 - https:\/\/yoast.com\/product\/yoast-seo-wordpress\/ -->\n<title>Carlos Moedas e Assun\u00e7\u00e3o Cristas apoiam Ant\u00f3nio Jos\u00e9 Seguro - Portal Tela Portugal<\/title>\n<meta name=\"robots\" content=\"index, follow, max-snippet:-1, max-image-preview:large, max-video-preview:-1\" \/>\n<meta property=\"og:locale\" content=\"pt_PT\" \/>\n<meta property=\"og:type\" content=\"article\" \/>\n<meta property=\"og:title\" content=\"Carlos Moedas e Assun\u00e7\u00e3o Cristas apoiam Ant\u00f3nio Jos\u00e9 Seguro - Portal Tela Portugal\" \/>\n<meta property=\"og:description\" content=\"Carlos Moedas e Assun\u00e7\u00e3o Cristas anunciaram o voto em Ant\u00f3nio Jos\u00e9 Seguro na segunda volta das Presidenciais. Moedas disse ao Expresso que vota em Seguro sem entusiasmo, acrescentando que ele tem de respeitar a maioria social de centro-direita existente no pa\u00eds. Cristas, em artigo de opini\u00e3o no Expresso, defende unir a direita humanista, moderada e democr\u00e1tica no \u00fanico voto poss\u00edvel, lembrando que votou em Lu\u00eds Marques Mendes na primeira volta. Cristas diz que n\u00e3o tem rela\u00e7\u00e3o geracional ou de amizade com Seguro e lamenta ficar sem candidato natural para a direita. A segunda volta \u00e9 no dia 8 de fevereiro, entre Ant\u00f3nio Jos\u00e9 Seguro e Andr\u00e9 Ventura; na primeira volta Seguro teve 31% e Ventura 23%, com os restantes candidatos abaixo.\" \/>\n<meta property=\"og:url\" content=\"https:\/\/portaltela.pt\/noticias\/2026\/01\/23\/carlos-moedas-e-assuncao-cristas-apoiam-antonio-jose-seguro\/\" \/>\n<meta property=\"og:site_name\" content=\"Portal Tela Portugal\" \/>\n<meta property=\"article:published_time\" content=\"2026-01-23T08:06:26+00:00\" \/>\n<meta name=\"author\" content=\"Telinha\" \/>\n<meta name=\"twitter:card\" content=\"summary_large_image\" \/>\n<meta name=\"twitter:label1\" content=\"Escrito por\" \/>\n\t<meta name=\"twitter:data1\" content=\"Telinha\" \/>\n\t<meta name=\"twitter:label2\" content=\"Tempo estimado de leitura\" \/>\n\t<meta name=\"twitter:data2\" content=\"1 minuto\" \/>\n<script type=\"application\/ld+json\" class=\"yoast-schema-graph\">{\"@context\":\"https:\/\/schema.org\",\"@graph\":[{\"@type\":\"Article\",\"@id\":\"https:\/\/portaltela.pt\/noticias\/2026\/01\/23\/carlos-moedas-e-assuncao-cristas-apoiam-antonio-jose-seguro\/#article\",\"isPartOf\":{\"@id\":\"https:\/\/portaltela.pt\/noticias\/2026\/01\/23\/carlos-moedas-e-assuncao-cristas-apoiam-antonio-jose-seguro\/\"},\"author\":{\"name\":\"Telinha\",\"@id\":\"https:\/\/portaltela.pt\/#\/schema\/person\/c4278d4a6028830caff9ee44b42d32ed\"},\"headline\":\"Carlos Moedas e Assun\u00e7\u00e3o Cristas apoiam Ant\u00f3nio Jos\u00e9 Seguro\",\"datePublished\":\"2026-01-23T08:06:26+00:00\",\"mainEntityOfPage\":{\"@id\":\"https:\/\/portaltela.pt\/noticias\/2026\/01\/23\/carlos-moedas-e-assuncao-cristas-apoiam-antonio-jose-seguro\/\"},\"wordCount\":199,\"image\":{\"@id\":\"https:\/\/portaltela.pt\/noticias\/2026\/01\/23\/carlos-moedas-e-assuncao-cristas-apoiam-antonio-jose-seguro\/#primaryimage\"},\"thumbnailUrl\":\"https:\/\/portaltela.pt\/s.01k8rhncp4jt1\/2026\/01\/img_1500x1000uu2025-10-13-00-53-21-2241224.jpg\",\"keywords\":[\"Ant\u00f3nio Jos\u00e9 Seguro\",\"Assun\u00e7\u00e3o Cristas\",\"elei\u00e7\u00f5es\",\"Iniciativa Liberal\",\"PS\",\"PSD\/CDS\"],\"articleSection\":[\"Not\u00edcias\",\"Pol\u00edtica\"],\"inLanguage\":\"pt-PT\"},{\"@type\":\"WebPage\",\"@id\":\"https:\/\/portaltela.pt\/noticias\/2026\/01\/23\/carlos-moedas-e-assuncao-cristas-apoiam-antonio-jose-seguro\/\",\"url\":\"https:\/\/portaltela.pt\/noticias\/2026\/01\/23\/carlos-moedas-e-assuncao-cristas-apoiam-antonio-jose-seguro\/\",\"name\":\"Carlos Moedas e Assun\u00e7\u00e3o Cristas apoiam Ant\u00f3nio Jos\u00e9 Seguro - Portal Tela Portugal\",\"isPartOf\":{\"@id\":\"https:\/\/portaltela.pt\/#website\"},\"primaryImageOfPage\":{\"@id\":\"https:\/\/portaltela.pt\/noticias\/2026\/01\/23\/carlos-moedas-e-assuncao-cristas-apoiam-antonio-jose-seguro\/#primaryimage\"},\"image\":{\"@id\":\"https:\/\/portaltela.pt\/noticias\/2026\/01\/23\/carlos-moedas-e-assuncao-cristas-apoiam-antonio-jose-seguro\/#primaryimage\"},\"thumbnailUrl\":\"https:\/\/portaltela.pt\/s.01k8rhncp4jt1\/2026\/01\/img_1500x1000uu2025-10-13-00-53-21-2241224.jpg\",\"datePublished\":\"2026-01-23T08:06:26+00:00\",\"author\":{\"@id\":\"https:\/\/portaltela.pt\/#\/schema\/person\/c4278d4a6028830caff9ee44b42d32ed\"},\"breadcrumb\":{\"@id\":\"https:\/\/portaltela.pt\/noticias\/2026\/01\/23\/carlos-moedas-e-assuncao-cristas-apoiam-antonio-jose-seguro\/#breadcrumb\"},\"inLanguage\":\"pt-PT\",\"potentialAction\":[{\"@type\":\"ReadAction\",\"target\":[\"https:\/\/portaltela.pt\/noticias\/2026\/01\/23\/carlos-moedas-e-assuncao-cristas-apoiam-antonio-jose-seguro\/\"]}]},{\"@type\":\"ImageObject\",\"inLanguage\":\"pt-PT\",\"@id\":\"https:\/\/portaltela.pt\/noticias\/2026\/01\/23\/carlos-moedas-e-assuncao-cristas-apoiam-antonio-jose-seguro\/#primaryimage\",\"url\":\"https:\/\/portaltela.pt\/s.01k8rhncp4jt1\/2026\/01\/img_1500x1000uu2025-10-13-00-53-21-2241224.jpg\",\"contentUrl\":\"https:\/\/portaltela.pt\/s.01k8rhncp4jt1\/2026\/01\/img_1500x1000uu2025-10-13-00-53-21-2241224.jpg\",\"width\":796,\"height\":448,\"caption\":\"Carlos Moedas\"},{\"@type\":\"BreadcrumbList\",\"@id\":\"https:\/\/portaltela.pt\/noticias\/2026\/01\/23\/carlos-moedas-e-assuncao-cristas-apoiam-antonio-jose-seguro\/#breadcrumb\",\"itemListElement\":[{\"@type\":\"ListItem\",\"position\":1,\"name\":\"In\u00edcio\",\"item\":\"https:\/\/portaltela.pt\/\"},{\"@type\":\"ListItem\",\"position\":2,\"name\":\"Carlos Moedas e Assun\u00e7\u00e3o Cristas apoiam Ant\u00f3nio Jos\u00e9 Seguro\"}]},{\"@type\":\"WebSite\",\"@id\":\"https:\/\/portaltela.pt\/#website\",\"url\":\"https:\/\/portaltela.pt\/\",\"name\":\"Portal Tela Portugal\",\"description\":\"\",\"potentialAction\":[{\"@type\":\"SearchAction\",\"target\":{\"@type\":\"EntryPoint\",\"urlTemplate\":\"https:\/\/portaltela.pt\/?s={search_term_string}\"},\"query-input\":{\"@type\":\"PropertyValueSpecification\",\"valueRequired\":true,\"valueName\":\"search_term_string\"}}],\"inLanguage\":\"pt-PT\"},{\"@type\":\"Person\",\"@id\":\"https:\/\/portaltela.pt\/#\/schema\/person\/c4278d4a6028830caff9ee44b42d32ed\",\"name\":\"Telinha\",\"image\":{\"@type\":\"ImageObject\",\"inLanguage\":\"pt-PT\",\"@id\":\"https:\/\/portaltela.pt\/s.01k8rhncp4jt1\/2025\/11\/talking-bot-125x125.png\",\"url\":\"https:\/\/portaltela.pt\/s.01k8rhncp4jt1\/2025\/11\/talking-bot-125x125.png\",\"contentUrl\":\"https:\/\/portaltela.pt\/s.01k8rhncp4jt1\/2025\/11\/talking-bot-125x125.png\",\"caption\":\"Telinha\"},\"sameAs\":[\"https:\/\/portaltela.pt\/\"],\"url\":\"https:\/\/portaltela.pt\/por\/367410592786\/\"}]}<\/script>\n<!-- \/ Yoast SEO plugin. -->","yoast_head_json":{"title":"Carlos Moedas e Assun\u00e7\u00e3o Cristas apoiam Ant\u00f3nio Jos\u00e9 Seguro - Portal Tela Portugal","robots":{"index":"index","follow":"follow","max-snippet":"max-snippet:-1","max-image-preview":"max-image-preview:large","max-video-preview":"max-video-preview:-1"},"og_locale":"pt_PT","og_type":"article","og_title":"Carlos Moedas e Assun\u00e7\u00e3o Cristas apoiam Ant\u00f3nio Jos\u00e9 Seguro - Portal Tela Portugal","og_description":"Carlos Moedas e Assun\u00e7\u00e3o Cristas anunciaram o voto em Ant\u00f3nio Jos\u00e9 Seguro na segunda volta das Presidenciais. Moedas disse ao Expresso que vota em Seguro sem entusiasmo, acrescentando que ele tem de respeitar a maioria social de centro-direita existente no pa\u00eds. Cristas, em artigo de opini\u00e3o no Expresso, defende unir a direita humanista, moderada e democr\u00e1tica no \u00fanico voto poss\u00edvel, lembrando que votou em Lu\u00eds Marques Mendes na primeira volta. Cristas diz que n\u00e3o tem rela\u00e7\u00e3o geracional ou de amizade com Seguro e lamenta ficar sem candidato natural para a direita. A segunda volta \u00e9 no dia 8 de fevereiro, entre Ant\u00f3nio Jos\u00e9 Seguro e Andr\u00e9 Ventura; na primeira volta Seguro teve 31% e Ventura 23%, com os restantes candidatos abaixo.","og_url":"https:\/\/portaltela.pt\/noticias\/2026\/01\/23\/carlos-moedas-e-assuncao-cristas-apoiam-antonio-jose-seguro\/","og_site_name":"Portal Tela Portugal","article_published_time":"2026-01-23T08:06:26+00:00","author":"Telinha","twitter_card":"summary_large_image","twitter_misc":{"Escrito por":"Telinha","Tempo estimado de leitura":"1 minuto"},"schema":{"@context":"https:\/\/schema.org","@graph":[{"@type":"Article","@id":"https:\/\/portaltela.pt\/noticias\/2026\/01\/23\/carlos-moedas-e-assuncao-cristas-apoiam-antonio-jose-seguro\/#article","isPartOf":{"@id":"https:\/\/portaltela.pt\/noticias\/2026\/01\/23\/carlos-moedas-e-assuncao-cristas-apoiam-antonio-jose-seguro\/"},"author":{"name":"Telinha","@id":"https:\/\/portaltela.pt\/#\/schema\/person\/c4278d4a6028830caff9ee44b42d32ed"},"headline":"Carlos Moedas e Assun\u00e7\u00e3o Cristas apoiam Ant\u00f3nio Jos\u00e9 Seguro","datePublished":"2026-01-23T08:06:26+00:00","mainEntityOfPage":{"@id":"https:\/\/portaltela.pt\/noticias\/2026\/01\/23\/carlos-moedas-e-assuncao-cristas-apoiam-antonio-jose-seguro\/"},"wordCount":199,"image":{"@id":"https:\/\/portaltela.pt\/noticias\/2026\/01\/23\/carlos-moedas-e-assuncao-cristas-apoiam-antonio-jose-seguro\/#primaryimage"},"thumbnailUrl":"https:\/\/portaltela.pt\/s.01k8rhncp4jt1\/2026\/01\/img_1500x1000uu2025-10-13-00-53-21-2241224.jpg","keywords":["Ant\u00f3nio Jos\u00e9 Seguro","Assun\u00e7\u00e3o Cristas","elei\u00e7\u00f5es","Iniciativa Liberal","PS","PSD\/CDS"],"articleSection":["Not\u00edcias","Pol\u00edtica"],"inLanguage":"pt-PT"},{"@type":"WebPage","@id":"https:\/\/portaltela.pt\/noticias\/2026\/01\/23\/carlos-moedas-e-assuncao-cristas-apoiam-antonio-jose-seguro\/","url":"https:\/\/portaltela.pt\/noticias\/2026\/01\/23\/carlos-moedas-e-assuncao-cristas-apoiam-antonio-jose-seguro\/","name":"Carlos Moedas e Assun\u00e7\u00e3o Cristas apoiam Ant\u00f3nio Jos\u00e9 Seguro - Portal Tela Portugal","isPartOf":{"@id":"https:\/\/portaltela.pt\/#website"},"primaryImageOfPage":{"@id":"https:\/\/portaltela.pt\/noticias\/2026\/01\/23\/carlos-moedas-e-assuncao-cristas-apoiam-antonio-jose-seguro\/#primaryimage"},"image":{"@id":"https:\/\/portaltela.pt\/noticias\/2026\/01\/23\/carlos-moedas-e-assuncao-cristas-apoiam-antonio-jose-seguro\/#primaryimage"},"thumbnailUrl":"https:\/\/portaltela.pt\/s.01k8rhncp4jt1\/2026\/01\/img_1500x1000uu2025-10-13-00-53-21-2241224.jpg","datePublished":"2026-01-23T08:06:26+00:00","author":{"@id":"https:\/\/portaltela.pt\/#\/schema\/person\/c4278d4a6028830caff9ee44b42d32ed"},"breadcrumb":{"@id":"https:\/\/portaltela.pt\/noticias\/2026\/01\/23\/carlos-moedas-e-assuncao-cristas-apoiam-antonio-jose-seguro\/#breadcrumb"},"inLanguage":"pt-PT","potentialAction":[{"@type":"ReadAction","target":["https:\/\/portaltela.pt\/noticias\/2026\/01\/23\/carlos-moedas-e-assuncao-cristas-apoiam-antonio-jose-seguro\/"]}]},{"@type":"ImageObject","inLanguage":"pt-PT","@id":"https:\/\/portaltela.pt\/noticias\/2026\/01\/23\/carlos-moedas-e-assuncao-cristas-apoiam-antonio-jose-seguro\/#primaryimage","url":"https:\/\/portaltela.pt\/s.01k8rhncp4jt1\/2026\/01\/img_1500x1000uu2025-10-13-00-53-21-2241224.jpg","contentUrl":"https:\/\/portaltela.pt\/s.01k8rhncp4jt1\/2026\/01\/img_1500x1000uu2025-10-13-00-53-21-2241224.jpg","width":796,"height":448,"caption":"Carlos Moedas"},{"@type":"BreadcrumbList","@id":"https:\/\/portaltela.pt\/noticias\/2026\/01\/23\/carlos-moedas-e-assuncao-cristas-apoiam-antonio-jose-seguro\/#breadcrumb","itemListElement":[{"@type":"ListItem","position":1,"name":"In\u00edcio","item":"https:\/\/portaltela.pt\/"},{"@type":"ListItem","position":2,"name":"Carlos Moedas e Assun\u00e7\u00e3o Cristas apoiam Ant\u00f3nio Jos\u00e9 Seguro"}]},{"@type":"WebSite","@id":"https:\/\/portaltela.pt\/#website","url":"https:\/\/portaltela.pt\/","name":"Portal Tela Portugal","description":"","potentialAction":[{"@type":"SearchAction","target":{"@type":"EntryPoint","urlTemplate":"https:\/\/portaltela.pt\/?s={search_term_string}"},"query-input":{"@type":"PropertyValueSpecification","valueRequired":true,"valueName":"search_term_string"}}],"inLanguage":"pt-PT"},{"@type":"Person","@id":"https:\/\/portaltela.pt\/#\/schema\/person\/c4278d4a6028830caff9ee44b42d32ed","name":"Telinha","image":{"@type":"ImageObject","inLanguage":"pt-PT","@id":"https:\/\/portaltela.pt\/s.01k8rhncp4jt1\/2025\/11\/talking-bot-125x125.png","url":"https:\/\/portaltela.pt\/s.01k8rhncp4jt1\/2025\/11\/talking-bot-125x125.png","contentUrl":"https:\/\/portaltela.pt\/s.01k8rhncp4jt1\/2025\/11\/talking-bot-125x125.png","caption":"Telinha"},"sameAs":["https:\/\/portaltela.pt\/"],"url":"https:\/\/portaltela.pt\/por\/367410592786\/"}]}},"_links":{"self":[{"href":"https:\/\/portaltela.pt\/api\/wp\/v2\/posts\/165947","targetHints":{"allow":["GET"]}}],"collection":[{"href":"https:\/\/portaltela.pt\/api\/wp\/v2\/posts"}],"about":[{"href":"https:\/\/portaltela.pt\/api\/wp\/v2\/types\/post"}],"author":[{"embeddable":true,"href":"https:\/\/portaltela.pt\/api\/wp\/v2\/users\/2"}],"replies":[{"embeddable":true,"href":"https:\/\/portaltela.pt\/api\/wp\/v2\/comments?post=165947"}],"version-history":[{"count":0,"href":"https:\/\/portaltela.pt\/api\/wp\/v2\/posts\/165947\/revisions"}],"wp:featuredmedia":[{"embeddable":true,"href":"https:\/\/portaltela.pt\/api\/wp\/v2\/media\/165951"}],"wp:attachment":[{"href":"https:\/\/portaltela.pt\/api\/wp\/v2\/media?parent=165947"}],"wp:term":[{"taxonomy":"category","embeddable":true,"href":"https:\/\/portaltela.pt\/api\/wp\/v2\/categories?post=165947"},{"taxonomy":"post_tag","embeddable":true,"href":"https:\/\/portaltela.pt\/api\/wp\/v2\/tags?post=165947"}],"curies":[{"name":"wp","href":"https:\/\/api.w.org\/{rel}","templated":true}]}}