{"id":165941,"date":"2026-01-23T05:13:00","date_gmt":"2026-01-23T08:13:00","guid":{"rendered":"https:\/\/portaltela.pt\/noticias\/2026\/01\/23\/carlos-moedas-e-assuncao-cristas-anunciam-voto-em-seguro\/"},"modified":"2026-01-23T05:13:00","modified_gmt":"2026-01-23T08:13:00","slug":"carlos-moedas-e-assuncao-cristas-anunciam-voto-em-seguro","status":"publish","type":"post","link":"https:\/\/portaltela.pt\/noticias\/politica\/2026\/01\/23\/carlos-moedas-e-assuncao-cristas-anunciam-voto-em-seguro\/","title":{"rendered":"Carlos Moedas e Assun\u00e7\u00e3o Cristas anunciam voto em Seguro"},"content":{"rendered":"<p>O autarca de Lisboa, Carlos Moedas, anunciou ao Expresso que, sem entusiasmo, votar\u00e1 em Ant\u00f3nio Jos\u00e9 Seguro nas pr\u00f3ximas elei\u00e7\u00f5es presidenciais. Disse tamb\u00e9m que espera que Seguro n\u00e3o provoque divis\u00e3o, mas que respeite a maioria social de centro-direita existente em Portugal.<\/p>\n<p>Assun\u00e7\u00e3o Cristas, na mesma edi\u00e7\u00e3o, defende a uni\u00e3o da direita humanista, moderada e democr\u00e1tica no \u00fanico voto poss\u00edvel. A antiga l\u00edder da Democracia Crist\u00e3 recorda a sua coer\u00eancia na primeira volta ao votar em Lu\u00eds Marques Mendes, candidato apoiado por PSD e CDS-PP.<\/p>\n<p>Cristas lamenta n\u00e3o ter surgido, para si e para muitos portugueses, um candidato natural da sua forma\u00e7\u00e3o pol\u00edtica, decidindo votar em Seguro. Explica que n\u00e3o mant\u00e9m rela\u00e7\u00f5es geracionais ou de amizade com o candidato apoiado pelo PS.<\/p>\n<h3>Resultados da primeira volta<\/h3>\n<p>No dia da vota\u00e7\u00e3o, Ant\u00f3nio Jos\u00e9 Seguro e Andr\u00e9 Ventura lideraram a primeira volta para o Pal\u00e1cio de Bel\u00e9m, com 31% e 23% dos votos, respetivamente, e v\u00e3o disputar a segunda volta a 8 de fevereiro. Seguro recebe apoio adicional de Livre, PCP e BE.<\/p>\n<p>Cotrim Figueiredo, da Iniciativa Liberal, ficou em terceiro com 16%, seguido de Gouveia e Melo (12%) e Marques Mendes (11%), este \u00faltimo apoiado por PSD e CDS-PP. \u00c0 esquerda, Catarina Martins (BE) obteve 2%, Ant\u00f3nio Filipe (PCP) 1,6% e Jorge Pinto (Livre) 0,6%.<\/p>\n<p>Entre os restantes candidatos, destacaram-se Manuel Jo\u00e3o Vieira (artista) com 1%, e os resultados de Humberto Correia (0,08%) e de um sindicalista com 0,2%.<\/p>\n","protected":false},"excerpt":{"rendered":"<ul>\n<li>Moedas afirmou ao Expresso que votar\u00e1 em Ant\u00f3nio Jos\u00e9 Seguro sem entusiasmo, acreditando que Seguro pode n\u00e3o dividir, mas ter\u00e1 de respeitar a maioria social de centro-direita existente em Portugal<\/li>\n<li>Cristas, em artigo de opini\u00e3o no Expresso, defende unir a direita humanista, moderada, tolerante e democr\u00e1tica no \u00fanico voto poss\u00edvel, referindo ser da direita moderada de raiz democrata-crist\u00e3<\/li>\n<li>Cristas comenta que ficou sem candidato natural, votando Ant\u00f3nio Jos\u00e9 Seguro, sem rela\u00e7\u00e3o geracional ou de amizade<\/li>\n<li>No domingo, Ant\u00f3nio Jos\u00e9 Seguro e Andr\u00e9 Ventura foram os mais votados na primeira volta para o Pal\u00e1cio de Bel\u00e9m, com 31% e 23%; a segunda volta \u00e9 em 8 de fevereiro<\/li>\n<li>Restante resultados: Cotrim Figueiredo 16%, Gouveia e Melo 12%, Marques Mendes 11%; \u00e0 esquerda Catarina Martins 2%, Ant\u00f3nio Filipe 1,6%, Jorge Pinto 0,6%; Manuel Jo\u00e3o Vieira 1%; Pestana 0,2%, Humberto Correia 0,08%<\/li>\n<\/ul>\n","protected":false},"author":2,"featured_media":165959,"comment_status":"closed","ping_status":"closed","sticky":false,"template":"","format":"standard","meta":{"footnotes":""},"categories":[1,5],"tags":[3905,68,1482,1732,2832,2458],"class_list":["post-165941","post","type-post","status-publish","format-standard","has-post-thumbnail","hentry","category-noticias","category-politica","tag-assuncao-cristas","tag-eleicoes","tag-iniciativa-liberal","tag-partidos","tag-politica","tag-psd-cds"],"yoast_head":"<!-- This site is optimized with the Yoast SEO plugin v27.2 - https:\/\/yoast.com\/product\/yoast-seo-wordpress\/ -->\n<title>Carlos Moedas e Assun\u00e7\u00e3o Cristas anunciam voto em Seguro - Portal Tela Portugal<\/title>\n<meta name=\"robots\" content=\"index, follow, max-snippet:-1, max-image-preview:large, max-video-preview:-1\" \/>\n<meta property=\"og:locale\" content=\"pt_PT\" \/>\n<meta property=\"og:type\" content=\"article\" \/>\n<meta property=\"og:title\" content=\"Carlos Moedas e Assun\u00e7\u00e3o Cristas anunciam voto em Seguro - Portal Tela Portugal\" \/>\n<meta property=\"og:description\" content=\"Moedas afirmou ao Expresso que votar\u00e1 em Ant\u00f3nio Jos\u00e9 Seguro sem entusiasmo, acreditando que Seguro pode n\u00e3o dividir, mas ter\u00e1 de respeitar a maioria social de centro-direita existente em Portugal Cristas, em artigo de opini\u00e3o no Expresso, defende unir a direita humanista, moderada, tolerante e democr\u00e1tica no \u00fanico voto poss\u00edvel, referindo ser da direita moderada de raiz democrata-crist\u00e3 Cristas comenta que ficou sem candidato natural, votando Ant\u00f3nio Jos\u00e9 Seguro, sem rela\u00e7\u00e3o geracional ou de amizade No domingo, Ant\u00f3nio Jos\u00e9 Seguro e Andr\u00e9 Ventura foram os mais votados na primeira volta para o Pal\u00e1cio de Bel\u00e9m, com 31% e 23%; a segunda volta \u00e9 em 8 de fevereiro Restante resultados: Cotrim Figueiredo 16%, Gouveia e Melo 12%, Marques Mendes 11%; \u00e0 esquerda Catarina Martins 2%, Ant\u00f3nio Filipe 1,6%, Jorge Pinto 0,6%; Manuel Jo\u00e3o Vieira 1%; Pestana 0,2%, Humberto Correia 0,08%\" \/>\n<meta property=\"og:url\" content=\"https:\/\/portaltela.pt\/noticias\/2026\/01\/23\/carlos-moedas-e-assuncao-cristas-anunciam-voto-em-seguro\/\" \/>\n<meta property=\"og:site_name\" content=\"Portal Tela Portugal\" \/>\n<meta property=\"article:published_time\" content=\"2026-01-23T08:13:00+00:00\" \/>\n<meta name=\"author\" content=\"Telinha\" \/>\n<meta name=\"twitter:card\" content=\"summary_large_image\" \/>\n<meta name=\"twitter:label1\" content=\"Escrito por\" \/>\n\t<meta name=\"twitter:data1\" content=\"Telinha\" \/>\n\t<meta name=\"twitter:label2\" content=\"Tempo estimado de leitura\" \/>\n\t<meta name=\"twitter:data2\" content=\"1 minuto\" \/>\n<script type=\"application\/ld+json\" class=\"yoast-schema-graph\">{\"@context\":\"https:\/\/schema.org\",\"@graph\":[{\"@type\":\"Article\",\"@id\":\"https:\/\/portaltela.pt\/noticias\/2026\/01\/23\/carlos-moedas-e-assuncao-cristas-anunciam-voto-em-seguro\/#article\",\"isPartOf\":{\"@id\":\"https:\/\/portaltela.pt\/noticias\/2026\/01\/23\/carlos-moedas-e-assuncao-cristas-anunciam-voto-em-seguro\/\"},\"author\":{\"name\":\"Telinha\",\"@id\":\"https:\/\/portaltela.pt\/#\/schema\/person\/c4278d4a6028830caff9ee44b42d32ed\"},\"headline\":\"Carlos Moedas e Assun\u00e7\u00e3o Cristas anunciam voto em Seguro\",\"datePublished\":\"2026-01-23T08:13:00+00:00\",\"mainEntityOfPage\":{\"@id\":\"https:\/\/portaltela.pt\/noticias\/2026\/01\/23\/carlos-moedas-e-assuncao-cristas-anunciam-voto-em-seguro\/\"},\"wordCount\":261,\"image\":{\"@id\":\"https:\/\/portaltela.pt\/noticias\/2026\/01\/23\/carlos-moedas-e-assuncao-cristas-anunciam-voto-em-seguro\/#primaryimage\"},\"thumbnailUrl\":\"https:\/\/portaltela.pt\/s.01k8rhncp4jt1\/2026\/01\/image-1502.jpg\",\"keywords\":[\"Assun\u00e7\u00e3o Cristas\",\"elei\u00e7\u00f5es\",\"Iniciativa Liberal\",\"partidos\",\"pol\u00edtica\",\"PSD\/CDS\"],\"articleSection\":[\"Not\u00edcias\",\"Pol\u00edtica\"],\"inLanguage\":\"pt-PT\"},{\"@type\":\"WebPage\",\"@id\":\"https:\/\/portaltela.pt\/noticias\/2026\/01\/23\/carlos-moedas-e-assuncao-cristas-anunciam-voto-em-seguro\/\",\"url\":\"https:\/\/portaltela.pt\/noticias\/2026\/01\/23\/carlos-moedas-e-assuncao-cristas-anunciam-voto-em-seguro\/\",\"name\":\"Carlos Moedas e Assun\u00e7\u00e3o Cristas anunciam voto em Seguro - Portal Tela Portugal\",\"isPartOf\":{\"@id\":\"https:\/\/portaltela.pt\/#website\"},\"primaryImageOfPage\":{\"@id\":\"https:\/\/portaltela.pt\/noticias\/2026\/01\/23\/carlos-moedas-e-assuncao-cristas-anunciam-voto-em-seguro\/#primaryimage\"},\"image\":{\"@id\":\"https:\/\/portaltela.pt\/noticias\/2026\/01\/23\/carlos-moedas-e-assuncao-cristas-anunciam-voto-em-seguro\/#primaryimage\"},\"thumbnailUrl\":\"https:\/\/portaltela.pt\/s.01k8rhncp4jt1\/2026\/01\/image-1502.jpg\",\"datePublished\":\"2026-01-23T08:13:00+00:00\",\"author\":{\"@id\":\"https:\/\/portaltela.pt\/#\/schema\/person\/c4278d4a6028830caff9ee44b42d32ed\"},\"breadcrumb\":{\"@id\":\"https:\/\/portaltela.pt\/noticias\/2026\/01\/23\/carlos-moedas-e-assuncao-cristas-anunciam-voto-em-seguro\/#breadcrumb\"},\"inLanguage\":\"pt-PT\",\"potentialAction\":[{\"@type\":\"ReadAction\",\"target\":[\"https:\/\/portaltela.pt\/noticias\/2026\/01\/23\/carlos-moedas-e-assuncao-cristas-anunciam-voto-em-seguro\/\"]}]},{\"@type\":\"ImageObject\",\"inLanguage\":\"pt-PT\",\"@id\":\"https:\/\/portaltela.pt\/noticias\/2026\/01\/23\/carlos-moedas-e-assuncao-cristas-anunciam-voto-em-seguro\/#primaryimage\",\"url\":\"https:\/\/portaltela.pt\/s.01k8rhncp4jt1\/2026\/01\/image-1502.jpg\",\"contentUrl\":\"https:\/\/portaltela.pt\/s.01k8rhncp4jt1\/2026\/01\/image-1502.jpg\",\"width\":796,\"height\":448,\"caption\":\"Carlos Moedas, presidente da C\u00e2mara Municipal de Lisboa\"},{\"@type\":\"BreadcrumbList\",\"@id\":\"https:\/\/portaltela.pt\/noticias\/2026\/01\/23\/carlos-moedas-e-assuncao-cristas-anunciam-voto-em-seguro\/#breadcrumb\",\"itemListElement\":[{\"@type\":\"ListItem\",\"position\":1,\"name\":\"In\u00edcio\",\"item\":\"https:\/\/portaltela.pt\/\"},{\"@type\":\"ListItem\",\"position\":2,\"name\":\"Carlos Moedas e Assun\u00e7\u00e3o Cristas anunciam voto em Seguro\"}]},{\"@type\":\"WebSite\",\"@id\":\"https:\/\/portaltela.pt\/#website\",\"url\":\"https:\/\/portaltela.pt\/\",\"name\":\"Portal Tela Portugal\",\"description\":\"\",\"potentialAction\":[{\"@type\":\"SearchAction\",\"target\":{\"@type\":\"EntryPoint\",\"urlTemplate\":\"https:\/\/portaltela.pt\/?s={search_term_string}\"},\"query-input\":{\"@type\":\"PropertyValueSpecification\",\"valueRequired\":true,\"valueName\":\"search_term_string\"}}],\"inLanguage\":\"pt-PT\"},{\"@type\":\"Person\",\"@id\":\"https:\/\/portaltela.pt\/#\/schema\/person\/c4278d4a6028830caff9ee44b42d32ed\",\"name\":\"Telinha\",\"image\":{\"@type\":\"ImageObject\",\"inLanguage\":\"pt-PT\",\"@id\":\"https:\/\/portaltela.pt\/s.01k8rhncp4jt1\/2025\/11\/talking-bot-125x125.png\",\"url\":\"https:\/\/portaltela.pt\/s.01k8rhncp4jt1\/2025\/11\/talking-bot-125x125.png\",\"contentUrl\":\"https:\/\/portaltela.pt\/s.01k8rhncp4jt1\/2025\/11\/talking-bot-125x125.png\",\"caption\":\"Telinha\"},\"sameAs\":[\"https:\/\/portaltela.pt\/\"],\"url\":\"https:\/\/portaltela.pt\/por\/367410592786\/\"}]}<\/script>\n<!-- \/ Yoast SEO plugin. -->","yoast_head_json":{"title":"Carlos Moedas e Assun\u00e7\u00e3o Cristas anunciam voto em Seguro - Portal Tela Portugal","robots":{"index":"index","follow":"follow","max-snippet":"max-snippet:-1","max-image-preview":"max-image-preview:large","max-video-preview":"max-video-preview:-1"},"og_locale":"pt_PT","og_type":"article","og_title":"Carlos Moedas e Assun\u00e7\u00e3o Cristas anunciam voto em Seguro - Portal Tela Portugal","og_description":"Moedas afirmou ao Expresso que votar\u00e1 em Ant\u00f3nio Jos\u00e9 Seguro sem entusiasmo, acreditando que Seguro pode n\u00e3o dividir, mas ter\u00e1 de respeitar a maioria social de centro-direita existente em Portugal Cristas, em artigo de opini\u00e3o no Expresso, defende unir a direita humanista, moderada, tolerante e democr\u00e1tica no \u00fanico voto poss\u00edvel, referindo ser da direita moderada de raiz democrata-crist\u00e3 Cristas comenta que ficou sem candidato natural, votando Ant\u00f3nio Jos\u00e9 Seguro, sem rela\u00e7\u00e3o geracional ou de amizade No domingo, Ant\u00f3nio Jos\u00e9 Seguro e Andr\u00e9 Ventura foram os mais votados na primeira volta para o Pal\u00e1cio de Bel\u00e9m, com 31% e 23%; a segunda volta \u00e9 em 8 de fevereiro Restante resultados: Cotrim Figueiredo 16%, Gouveia e Melo 12%, Marques Mendes 11%; \u00e0 esquerda Catarina Martins 2%, Ant\u00f3nio Filipe 1,6%, Jorge Pinto 0,6%; Manuel Jo\u00e3o Vieira 1%; Pestana 0,2%, Humberto Correia 0,08%","og_url":"https:\/\/portaltela.pt\/noticias\/2026\/01\/23\/carlos-moedas-e-assuncao-cristas-anunciam-voto-em-seguro\/","og_site_name":"Portal Tela Portugal","article_published_time":"2026-01-23T08:13:00+00:00","author":"Telinha","twitter_card":"summary_large_image","twitter_misc":{"Escrito por":"Telinha","Tempo estimado de leitura":"1 minuto"},"schema":{"@context":"https:\/\/schema.org","@graph":[{"@type":"Article","@id":"https:\/\/portaltela.pt\/noticias\/2026\/01\/23\/carlos-moedas-e-assuncao-cristas-anunciam-voto-em-seguro\/#article","isPartOf":{"@id":"https:\/\/portaltela.pt\/noticias\/2026\/01\/23\/carlos-moedas-e-assuncao-cristas-anunciam-voto-em-seguro\/"},"author":{"name":"Telinha","@id":"https:\/\/portaltela.pt\/#\/schema\/person\/c4278d4a6028830caff9ee44b42d32ed"},"headline":"Carlos Moedas e Assun\u00e7\u00e3o Cristas anunciam voto em Seguro","datePublished":"2026-01-23T08:13:00+00:00","mainEntityOfPage":{"@id":"https:\/\/portaltela.pt\/noticias\/2026\/01\/23\/carlos-moedas-e-assuncao-cristas-anunciam-voto-em-seguro\/"},"wordCount":261,"image":{"@id":"https:\/\/portaltela.pt\/noticias\/2026\/01\/23\/carlos-moedas-e-assuncao-cristas-anunciam-voto-em-seguro\/#primaryimage"},"thumbnailUrl":"https:\/\/portaltela.pt\/s.01k8rhncp4jt1\/2026\/01\/image-1502.jpg","keywords":["Assun\u00e7\u00e3o Cristas","elei\u00e7\u00f5es","Iniciativa Liberal","partidos","pol\u00edtica","PSD\/CDS"],"articleSection":["Not\u00edcias","Pol\u00edtica"],"inLanguage":"pt-PT"},{"@type":"WebPage","@id":"https:\/\/portaltela.pt\/noticias\/2026\/01\/23\/carlos-moedas-e-assuncao-cristas-anunciam-voto-em-seguro\/","url":"https:\/\/portaltela.pt\/noticias\/2026\/01\/23\/carlos-moedas-e-assuncao-cristas-anunciam-voto-em-seguro\/","name":"Carlos Moedas e Assun\u00e7\u00e3o Cristas anunciam voto em Seguro - Portal Tela Portugal","isPartOf":{"@id":"https:\/\/portaltela.pt\/#website"},"primaryImageOfPage":{"@id":"https:\/\/portaltela.pt\/noticias\/2026\/01\/23\/carlos-moedas-e-assuncao-cristas-anunciam-voto-em-seguro\/#primaryimage"},"image":{"@id":"https:\/\/portaltela.pt\/noticias\/2026\/01\/23\/carlos-moedas-e-assuncao-cristas-anunciam-voto-em-seguro\/#primaryimage"},"thumbnailUrl":"https:\/\/portaltela.pt\/s.01k8rhncp4jt1\/2026\/01\/image-1502.jpg","datePublished":"2026-01-23T08:13:00+00:00","author":{"@id":"https:\/\/portaltela.pt\/#\/schema\/person\/c4278d4a6028830caff9ee44b42d32ed"},"breadcrumb":{"@id":"https:\/\/portaltela.pt\/noticias\/2026\/01\/23\/carlos-moedas-e-assuncao-cristas-anunciam-voto-em-seguro\/#breadcrumb"},"inLanguage":"pt-PT","potentialAction":[{"@type":"ReadAction","target":["https:\/\/portaltela.pt\/noticias\/2026\/01\/23\/carlos-moedas-e-assuncao-cristas-anunciam-voto-em-seguro\/"]}]},{"@type":"ImageObject","inLanguage":"pt-PT","@id":"https:\/\/portaltela.pt\/noticias\/2026\/01\/23\/carlos-moedas-e-assuncao-cristas-anunciam-voto-em-seguro\/#primaryimage","url":"https:\/\/portaltela.pt\/s.01k8rhncp4jt1\/2026\/01\/image-1502.jpg","contentUrl":"https:\/\/portaltela.pt\/s.01k8rhncp4jt1\/2026\/01\/image-1502.jpg","width":796,"height":448,"caption":"Carlos Moedas, presidente da C\u00e2mara Municipal de Lisboa"},{"@type":"BreadcrumbList","@id":"https:\/\/portaltela.pt\/noticias\/2026\/01\/23\/carlos-moedas-e-assuncao-cristas-anunciam-voto-em-seguro\/#breadcrumb","itemListElement":[{"@type":"ListItem","position":1,"name":"In\u00edcio","item":"https:\/\/portaltela.pt\/"},{"@type":"ListItem","position":2,"name":"Carlos Moedas e Assun\u00e7\u00e3o Cristas anunciam voto em Seguro"}]},{"@type":"WebSite","@id":"https:\/\/portaltela.pt\/#website","url":"https:\/\/portaltela.pt\/","name":"Portal Tela Portugal","description":"","potentialAction":[{"@type":"SearchAction","target":{"@type":"EntryPoint","urlTemplate":"https:\/\/portaltela.pt\/?s={search_term_string}"},"query-input":{"@type":"PropertyValueSpecification","valueRequired":true,"valueName":"search_term_string"}}],"inLanguage":"pt-PT"},{"@type":"Person","@id":"https:\/\/portaltela.pt\/#\/schema\/person\/c4278d4a6028830caff9ee44b42d32ed","name":"Telinha","image":{"@type":"ImageObject","inLanguage":"pt-PT","@id":"https:\/\/portaltela.pt\/s.01k8rhncp4jt1\/2025\/11\/talking-bot-125x125.png","url":"https:\/\/portaltela.pt\/s.01k8rhncp4jt1\/2025\/11\/talking-bot-125x125.png","contentUrl":"https:\/\/portaltela.pt\/s.01k8rhncp4jt1\/2025\/11\/talking-bot-125x125.png","caption":"Telinha"},"sameAs":["https:\/\/portaltela.pt\/"],"url":"https:\/\/portaltela.pt\/por\/367410592786\/"}]}},"_links":{"self":[{"href":"https:\/\/portaltela.pt\/api\/wp\/v2\/posts\/165941","targetHints":{"allow":["GET"]}}],"collection":[{"href":"https:\/\/portaltela.pt\/api\/wp\/v2\/posts"}],"about":[{"href":"https:\/\/portaltela.pt\/api\/wp\/v2\/types\/post"}],"author":[{"embeddable":true,"href":"https:\/\/portaltela.pt\/api\/wp\/v2\/users\/2"}],"replies":[{"embeddable":true,"href":"https:\/\/portaltela.pt\/api\/wp\/v2\/comments?post=165941"}],"version-history":[{"count":0,"href":"https:\/\/portaltela.pt\/api\/wp\/v2\/posts\/165941\/revisions"}],"wp:featuredmedia":[{"embeddable":true,"href":"https:\/\/portaltela.pt\/api\/wp\/v2\/media\/165959"}],"wp:attachment":[{"href":"https:\/\/portaltela.pt\/api\/wp\/v2\/media?parent=165941"}],"wp:term":[{"taxonomy":"category","embeddable":true,"href":"https:\/\/portaltela.pt\/api\/wp\/v2\/categories?post=165941"},{"taxonomy":"post_tag","embeddable":true,"href":"https:\/\/portaltela.pt\/api\/wp\/v2\/tags?post=165941"}],"curies":[{"name":"wp","href":"https:\/\/api.w.org\/{rel}","templated":true}]}}