{"id":165923,"date":"2026-01-23T04:38:00","date_gmt":"2026-01-23T07:38:00","guid":{"rendered":"https:\/\/portaltela.pt\/noticias\/2026\/01\/23\/deco-esclarece-consumidores-em-santarem\/"},"modified":"2026-01-23T04:38:00","modified_gmt":"2026-01-23T07:38:00","slug":"deco-esclarece-consumidores-em-santarem","status":"publish","type":"post","link":"https:\/\/portaltela.pt\/noticias\/economia\/2026\/01\/23\/deco-esclarece-consumidores-em-santarem\/","title":{"rendered":"Deco esclarece consumidores em Santar\u00e9m"},"content":{"rendered":"<p>O atendimento do jurista da DECO volta a realizar-se em Santar\u00e9m nos dias 2 e 18 de fevereiro, entre as 09h30 e as 12h30, no CIAC \u2013 Centro de Informa\u00e7\u00e3o Aut\u00e1rquico ao Consumidor. O local fica no edif\u00edcio da antiga E Redes, na Avenida Grupo de Forcados Amadores de Santar\u00e9m.<\/p>\n<p>Este servi\u00e7o, gratuito, destina-se exclusivamente aos mun\u00edcipes do concelho de Santar\u00e9m e funciona mediante marca\u00e7\u00e3o pr\u00e9via. As inscri\u00e7\u00f5es podem ser feitas pelos n\u00fameros 243 304 400, 243 304 408 ou 243 329 950, ou via ciac@cm-santarem.pt, fruto de um protocolo entre a C\u00e2mara Municipal de Santar\u00e9m e a DECO.<\/p>\n<p>Durante as sess\u00f5es, \u00e9 poss\u00edvel esclarecer d\u00favidas sobre direitos do consumidor, incluindo energia como servi\u00e7o p\u00fablico essencial, apoios sociais contra a pobreza energ\u00e9tica e programas do Fundo Ambiental ligados \u00e0 transi\u00e7\u00e3o energ\u00e9tica.<\/p>\n<p>O atendimento integra ainda o Balc\u00e3o de Habita\u00e7\u00e3o e Energia, oferecendo apoio em quest\u00f5es de habita\u00e7\u00e3o, media\u00e7\u00e3o imobili\u00e1ria, compra, arrendamento e condom\u00ednio. Informa\u00e7\u00e3o sobre cr\u00e9dito, habita\u00e7\u00e3o, obras, seguros e acessos a apoios tamb\u00e9m est\u00e1 dispon\u00edvel.<\/p>\n<p>Segundo a DECO, as sess\u00f5es mensais visam promover a informa\u00e7\u00e3o e a defesa dos consumidores, ajudando os cidad\u00e3os a conhecer melhor os seus direitos e deveres no dia a dia.<\/p>\n<p>A iniciativa refor\u00e7a o compromisso entre a DECO e a C\u00e2mara Municipal de Santar\u00e9m de aproximar os servi\u00e7os p\u00fablicos dos mun\u00edcipes, promovendo uma cidadania mais informada na \u00e1rea de consumo, energia e habita\u00e7\u00e3o.<\/p>\n","protected":false},"excerpt":{"rendered":"<ul>\n<li>O atendimento do jurista da DECO realiza-se em Santar\u00e9m nos dias 2 e 18 de fevereiro, entre as 09h30 e as 12h30, no CIAC \u2013 Centro de Informa\u00e7\u00e3o Aut\u00e1rquico ao Consumidor, localizado no edif\u00edcio da antiga E Redes, na Avenida Grupo de Forcados Amadores de Santar\u00e9m.<\/li>\n<li>O servi\u00e7o \u00e9 exclusivo para os mun\u00edcipes do concelho de Santar\u00e9m e funciona mediante marca\u00e7\u00e3o pr\u00e9via, via telefone (243 304 400, 243 304 408 ou 243 329 950) ou correio eletr\u00f3nico (ciac@cm-santarem.pt).<\/li>\n<li>A sess\u00e3o \u00e9 gratuita e resulta de protocolo entre a C\u00e2mara Municipal de Santar\u00e9m e a DECO; os cidad\u00e3os podem esclarecer d\u00favidas sobre direitos do consumidor.<\/li>\n<li>Entre os temas abordados est\u00e3o direitos e deveres no setor da energia como servi\u00e7o p\u00fablico essencial, apoios sociais no combate \u00e0 pobreza energ\u00e9tica e programas do Fundo Ambiental ligados \u00e0 transi\u00e7\u00e3o energ\u00e9tica.<\/li>\n<li>O Balc\u00e3o de Habita\u00e7\u00e3o e Energia inclui apoio em habita\u00e7\u00e3o, media\u00e7\u00e3o imobili\u00e1ria, compra, arrendamento, condom\u00ednio, acesso a cr\u00e9dito habita\u00e7\u00e3o e candidaturas a apoios sociais ou programas de reabilita\u00e7\u00e3o habitacional.<\/li>\n<\/ul>\n","protected":false},"author":2,"featured_media":165931,"comment_status":"closed","ping_status":"closed","sticky":false,"template":"","format":"standard","meta":{"footnotes":""},"categories":[2,1],"tags":[2040,174,150,195,1053,898],"class_list":["post-165923","post","type-post","status-publish","format-standard","has-post-thumbnail","hentry","category-economia","category-noticias","tag-deco","tag-energia","tag-habitacao","tag-informacao","tag-pobreza-energetica","tag-santarem"],"yoast_head":"<!-- This site is optimized with the Yoast SEO plugin v27.2 - https:\/\/yoast.com\/product\/yoast-seo-wordpress\/ -->\n<title>Deco esclarece consumidores em Santar\u00e9m - Portal Tela Portugal<\/title>\n<meta name=\"robots\" content=\"index, follow, max-snippet:-1, max-image-preview:large, max-video-preview:-1\" \/>\n<meta property=\"og:locale\" content=\"pt_PT\" \/>\n<meta property=\"og:type\" content=\"article\" \/>\n<meta property=\"og:title\" content=\"Deco esclarece consumidores em Santar\u00e9m - Portal Tela Portugal\" \/>\n<meta property=\"og:description\" content=\"O atendimento do jurista da DECO realiza-se em Santar\u00e9m nos dias 2 e 18 de fevereiro, entre as 09h30 e as 12h30, no CIAC \u2013 Centro de Informa\u00e7\u00e3o Aut\u00e1rquico ao Consumidor, localizado no edif\u00edcio da antiga E Redes, na Avenida Grupo de Forcados Amadores de Santar\u00e9m. O servi\u00e7o \u00e9 exclusivo para os mun\u00edcipes do concelho de Santar\u00e9m e funciona mediante marca\u00e7\u00e3o pr\u00e9via, via telefone (243 304 400, 243 304 408 ou 243 329 950) ou correio eletr\u00f3nico (ciac@cm-santarem.pt). A sess\u00e3o \u00e9 gratuita e resulta de protocolo entre a C\u00e2mara Municipal de Santar\u00e9m e a DECO; os cidad\u00e3os podem esclarecer d\u00favidas sobre direitos do consumidor. Entre os temas abordados est\u00e3o direitos e deveres no setor da energia como servi\u00e7o p\u00fablico essencial, apoios sociais no combate \u00e0 pobreza energ\u00e9tica e programas do Fundo Ambiental ligados \u00e0 transi\u00e7\u00e3o energ\u00e9tica. O Balc\u00e3o de Habita\u00e7\u00e3o e Energia inclui apoio em habita\u00e7\u00e3o, media\u00e7\u00e3o imobili\u00e1ria, compra, arrendamento, condom\u00ednio, acesso a cr\u00e9dito habita\u00e7\u00e3o e candidaturas a apoios sociais ou programas de reabilita\u00e7\u00e3o habitacional.\" \/>\n<meta property=\"og:url\" content=\"https:\/\/portaltela.pt\/noticias\/2026\/01\/23\/deco-esclarece-consumidores-em-santarem\/\" \/>\n<meta property=\"og:site_name\" content=\"Portal Tela Portugal\" \/>\n<meta property=\"article:published_time\" content=\"2026-01-23T07:38:00+00:00\" \/>\n<meta name=\"author\" content=\"Telinha\" \/>\n<meta name=\"twitter:card\" content=\"summary_large_image\" \/>\n<meta name=\"twitter:label1\" content=\"Escrito por\" \/>\n\t<meta name=\"twitter:data1\" content=\"Telinha\" \/>\n\t<meta name=\"twitter:label2\" content=\"Tempo estimado de leitura\" \/>\n\t<meta name=\"twitter:data2\" content=\"1 minuto\" \/>\n<script type=\"application\/ld+json\" class=\"yoast-schema-graph\">{\"@context\":\"https:\/\/schema.org\",\"@graph\":[{\"@type\":\"Article\",\"@id\":\"https:\/\/portaltela.pt\/noticias\/2026\/01\/23\/deco-esclarece-consumidores-em-santarem\/#article\",\"isPartOf\":{\"@id\":\"https:\/\/portaltela.pt\/noticias\/2026\/01\/23\/deco-esclarece-consumidores-em-santarem\/\"},\"author\":{\"name\":\"Telinha\",\"@id\":\"https:\/\/portaltela.pt\/#\/schema\/person\/c4278d4a6028830caff9ee44b42d32ed\"},\"headline\":\"Deco esclarece consumidores em Santar\u00e9m\",\"datePublished\":\"2026-01-23T07:38:00+00:00\",\"mainEntityOfPage\":{\"@id\":\"https:\/\/portaltela.pt\/noticias\/2026\/01\/23\/deco-esclarece-consumidores-em-santarem\/\"},\"wordCount\":267,\"image\":{\"@id\":\"https:\/\/portaltela.pt\/noticias\/2026\/01\/23\/deco-esclarece-consumidores-em-santarem\/#primaryimage\"},\"thumbnailUrl\":\"https:\/\/portaltela.pt\/s.01k8rhncp4jt1\/2026\/01\/Deco.jpg\",\"keywords\":[\"Deco\",\"energia\",\"habita\u00e7\u00e3o\",\"informa\u00e7\u00e3o\",\"pobreza energ\u00e9tica\",\"Santar\u00e9m\"],\"articleSection\":[\"Economia\",\"Not\u00edcias\"],\"inLanguage\":\"pt-PT\"},{\"@type\":\"WebPage\",\"@id\":\"https:\/\/portaltela.pt\/noticias\/2026\/01\/23\/deco-esclarece-consumidores-em-santarem\/\",\"url\":\"https:\/\/portaltela.pt\/noticias\/2026\/01\/23\/deco-esclarece-consumidores-em-santarem\/\",\"name\":\"Deco esclarece consumidores em Santar\u00e9m - Portal Tela Portugal\",\"isPartOf\":{\"@id\":\"https:\/\/portaltela.pt\/#website\"},\"primaryImageOfPage\":{\"@id\":\"https:\/\/portaltela.pt\/noticias\/2026\/01\/23\/deco-esclarece-consumidores-em-santarem\/#primaryimage\"},\"image\":{\"@id\":\"https:\/\/portaltela.pt\/noticias\/2026\/01\/23\/deco-esclarece-consumidores-em-santarem\/#primaryimage\"},\"thumbnailUrl\":\"https:\/\/portaltela.pt\/s.01k8rhncp4jt1\/2026\/01\/Deco.jpg\",\"datePublished\":\"2026-01-23T07:38:00+00:00\",\"author\":{\"@id\":\"https:\/\/portaltela.pt\/#\/schema\/person\/c4278d4a6028830caff9ee44b42d32ed\"},\"breadcrumb\":{\"@id\":\"https:\/\/portaltela.pt\/noticias\/2026\/01\/23\/deco-esclarece-consumidores-em-santarem\/#breadcrumb\"},\"inLanguage\":\"pt-PT\",\"potentialAction\":[{\"@type\":\"ReadAction\",\"target\":[\"https:\/\/portaltela.pt\/noticias\/2026\/01\/23\/deco-esclarece-consumidores-em-santarem\/\"]}]},{\"@type\":\"ImageObject\",\"inLanguage\":\"pt-PT\",\"@id\":\"https:\/\/portaltela.pt\/noticias\/2026\/01\/23\/deco-esclarece-consumidores-em-santarem\/#primaryimage\",\"url\":\"https:\/\/portaltela.pt\/s.01k8rhncp4jt1\/2026\/01\/Deco.jpg\",\"contentUrl\":\"https:\/\/portaltela.pt\/s.01k8rhncp4jt1\/2026\/01\/Deco.jpg\",\"width\":796,\"height\":448,\"caption\":\"Photo\"},{\"@type\":\"BreadcrumbList\",\"@id\":\"https:\/\/portaltela.pt\/noticias\/2026\/01\/23\/deco-esclarece-consumidores-em-santarem\/#breadcrumb\",\"itemListElement\":[{\"@type\":\"ListItem\",\"position\":1,\"name\":\"In\u00edcio\",\"item\":\"https:\/\/portaltela.pt\/\"},{\"@type\":\"ListItem\",\"position\":2,\"name\":\"Deco esclarece consumidores em Santar\u00e9m\"}]},{\"@type\":\"WebSite\",\"@id\":\"https:\/\/portaltela.pt\/#website\",\"url\":\"https:\/\/portaltela.pt\/\",\"name\":\"Portal Tela Portugal\",\"description\":\"\",\"potentialAction\":[{\"@type\":\"SearchAction\",\"target\":{\"@type\":\"EntryPoint\",\"urlTemplate\":\"https:\/\/portaltela.pt\/?s={search_term_string}\"},\"query-input\":{\"@type\":\"PropertyValueSpecification\",\"valueRequired\":true,\"valueName\":\"search_term_string\"}}],\"inLanguage\":\"pt-PT\"},{\"@type\":\"Person\",\"@id\":\"https:\/\/portaltela.pt\/#\/schema\/person\/c4278d4a6028830caff9ee44b42d32ed\",\"name\":\"Telinha\",\"image\":{\"@type\":\"ImageObject\",\"inLanguage\":\"pt-PT\",\"@id\":\"https:\/\/portaltela.pt\/s.01k8rhncp4jt1\/2025\/11\/talking-bot-125x125.png\",\"url\":\"https:\/\/portaltela.pt\/s.01k8rhncp4jt1\/2025\/11\/talking-bot-125x125.png\",\"contentUrl\":\"https:\/\/portaltela.pt\/s.01k8rhncp4jt1\/2025\/11\/talking-bot-125x125.png\",\"caption\":\"Telinha\"},\"sameAs\":[\"https:\/\/portaltela.pt\/\"],\"url\":\"https:\/\/portaltela.pt\/por\/367410592786\/\"}]}<\/script>\n<!-- \/ Yoast SEO plugin. -->","yoast_head_json":{"title":"Deco esclarece consumidores em Santar\u00e9m - Portal Tela Portugal","robots":{"index":"index","follow":"follow","max-snippet":"max-snippet:-1","max-image-preview":"max-image-preview:large","max-video-preview":"max-video-preview:-1"},"og_locale":"pt_PT","og_type":"article","og_title":"Deco esclarece consumidores em Santar\u00e9m - Portal Tela Portugal","og_description":"O atendimento do jurista da DECO realiza-se em Santar\u00e9m nos dias 2 e 18 de fevereiro, entre as 09h30 e as 12h30, no CIAC \u2013 Centro de Informa\u00e7\u00e3o Aut\u00e1rquico ao Consumidor, localizado no edif\u00edcio da antiga E Redes, na Avenida Grupo de Forcados Amadores de Santar\u00e9m. O servi\u00e7o \u00e9 exclusivo para os mun\u00edcipes do concelho de Santar\u00e9m e funciona mediante marca\u00e7\u00e3o pr\u00e9via, via telefone (243 304 400, 243 304 408 ou 243 329 950) ou correio eletr\u00f3nico (ciac@cm-santarem.pt). A sess\u00e3o \u00e9 gratuita e resulta de protocolo entre a C\u00e2mara Municipal de Santar\u00e9m e a DECO; os cidad\u00e3os podem esclarecer d\u00favidas sobre direitos do consumidor. Entre os temas abordados est\u00e3o direitos e deveres no setor da energia como servi\u00e7o p\u00fablico essencial, apoios sociais no combate \u00e0 pobreza energ\u00e9tica e programas do Fundo Ambiental ligados \u00e0 transi\u00e7\u00e3o energ\u00e9tica. O Balc\u00e3o de Habita\u00e7\u00e3o e Energia inclui apoio em habita\u00e7\u00e3o, media\u00e7\u00e3o imobili\u00e1ria, compra, arrendamento, condom\u00ednio, acesso a cr\u00e9dito habita\u00e7\u00e3o e candidaturas a apoios sociais ou programas de reabilita\u00e7\u00e3o habitacional.","og_url":"https:\/\/portaltela.pt\/noticias\/2026\/01\/23\/deco-esclarece-consumidores-em-santarem\/","og_site_name":"Portal Tela Portugal","article_published_time":"2026-01-23T07:38:00+00:00","author":"Telinha","twitter_card":"summary_large_image","twitter_misc":{"Escrito por":"Telinha","Tempo estimado de leitura":"1 minuto"},"schema":{"@context":"https:\/\/schema.org","@graph":[{"@type":"Article","@id":"https:\/\/portaltela.pt\/noticias\/2026\/01\/23\/deco-esclarece-consumidores-em-santarem\/#article","isPartOf":{"@id":"https:\/\/portaltela.pt\/noticias\/2026\/01\/23\/deco-esclarece-consumidores-em-santarem\/"},"author":{"name":"Telinha","@id":"https:\/\/portaltela.pt\/#\/schema\/person\/c4278d4a6028830caff9ee44b42d32ed"},"headline":"Deco esclarece consumidores em Santar\u00e9m","datePublished":"2026-01-23T07:38:00+00:00","mainEntityOfPage":{"@id":"https:\/\/portaltela.pt\/noticias\/2026\/01\/23\/deco-esclarece-consumidores-em-santarem\/"},"wordCount":267,"image":{"@id":"https:\/\/portaltela.pt\/noticias\/2026\/01\/23\/deco-esclarece-consumidores-em-santarem\/#primaryimage"},"thumbnailUrl":"https:\/\/portaltela.pt\/s.01k8rhncp4jt1\/2026\/01\/Deco.jpg","keywords":["Deco","energia","habita\u00e7\u00e3o","informa\u00e7\u00e3o","pobreza energ\u00e9tica","Santar\u00e9m"],"articleSection":["Economia","Not\u00edcias"],"inLanguage":"pt-PT"},{"@type":"WebPage","@id":"https:\/\/portaltela.pt\/noticias\/2026\/01\/23\/deco-esclarece-consumidores-em-santarem\/","url":"https:\/\/portaltela.pt\/noticias\/2026\/01\/23\/deco-esclarece-consumidores-em-santarem\/","name":"Deco esclarece consumidores em Santar\u00e9m - Portal Tela Portugal","isPartOf":{"@id":"https:\/\/portaltela.pt\/#website"},"primaryImageOfPage":{"@id":"https:\/\/portaltela.pt\/noticias\/2026\/01\/23\/deco-esclarece-consumidores-em-santarem\/#primaryimage"},"image":{"@id":"https:\/\/portaltela.pt\/noticias\/2026\/01\/23\/deco-esclarece-consumidores-em-santarem\/#primaryimage"},"thumbnailUrl":"https:\/\/portaltela.pt\/s.01k8rhncp4jt1\/2026\/01\/Deco.jpg","datePublished":"2026-01-23T07:38:00+00:00","author":{"@id":"https:\/\/portaltela.pt\/#\/schema\/person\/c4278d4a6028830caff9ee44b42d32ed"},"breadcrumb":{"@id":"https:\/\/portaltela.pt\/noticias\/2026\/01\/23\/deco-esclarece-consumidores-em-santarem\/#breadcrumb"},"inLanguage":"pt-PT","potentialAction":[{"@type":"ReadAction","target":["https:\/\/portaltela.pt\/noticias\/2026\/01\/23\/deco-esclarece-consumidores-em-santarem\/"]}]},{"@type":"ImageObject","inLanguage":"pt-PT","@id":"https:\/\/portaltela.pt\/noticias\/2026\/01\/23\/deco-esclarece-consumidores-em-santarem\/#primaryimage","url":"https:\/\/portaltela.pt\/s.01k8rhncp4jt1\/2026\/01\/Deco.jpg","contentUrl":"https:\/\/portaltela.pt\/s.01k8rhncp4jt1\/2026\/01\/Deco.jpg","width":796,"height":448,"caption":"Photo"},{"@type":"BreadcrumbList","@id":"https:\/\/portaltela.pt\/noticias\/2026\/01\/23\/deco-esclarece-consumidores-em-santarem\/#breadcrumb","itemListElement":[{"@type":"ListItem","position":1,"name":"In\u00edcio","item":"https:\/\/portaltela.pt\/"},{"@type":"ListItem","position":2,"name":"Deco esclarece consumidores em Santar\u00e9m"}]},{"@type":"WebSite","@id":"https:\/\/portaltela.pt\/#website","url":"https:\/\/portaltela.pt\/","name":"Portal Tela Portugal","description":"","potentialAction":[{"@type":"SearchAction","target":{"@type":"EntryPoint","urlTemplate":"https:\/\/portaltela.pt\/?s={search_term_string}"},"query-input":{"@type":"PropertyValueSpecification","valueRequired":true,"valueName":"search_term_string"}}],"inLanguage":"pt-PT"},{"@type":"Person","@id":"https:\/\/portaltela.pt\/#\/schema\/person\/c4278d4a6028830caff9ee44b42d32ed","name":"Telinha","image":{"@type":"ImageObject","inLanguage":"pt-PT","@id":"https:\/\/portaltela.pt\/s.01k8rhncp4jt1\/2025\/11\/talking-bot-125x125.png","url":"https:\/\/portaltela.pt\/s.01k8rhncp4jt1\/2025\/11\/talking-bot-125x125.png","contentUrl":"https:\/\/portaltela.pt\/s.01k8rhncp4jt1\/2025\/11\/talking-bot-125x125.png","caption":"Telinha"},"sameAs":["https:\/\/portaltela.pt\/"],"url":"https:\/\/portaltela.pt\/por\/367410592786\/"}]}},"_links":{"self":[{"href":"https:\/\/portaltela.pt\/api\/wp\/v2\/posts\/165923","targetHints":{"allow":["GET"]}}],"collection":[{"href":"https:\/\/portaltela.pt\/api\/wp\/v2\/posts"}],"about":[{"href":"https:\/\/portaltela.pt\/api\/wp\/v2\/types\/post"}],"author":[{"embeddable":true,"href":"https:\/\/portaltela.pt\/api\/wp\/v2\/users\/2"}],"replies":[{"embeddable":true,"href":"https:\/\/portaltela.pt\/api\/wp\/v2\/comments?post=165923"}],"version-history":[{"count":0,"href":"https:\/\/portaltela.pt\/api\/wp\/v2\/posts\/165923\/revisions"}],"wp:featuredmedia":[{"embeddable":true,"href":"https:\/\/portaltela.pt\/api\/wp\/v2\/media\/165931"}],"wp:attachment":[{"href":"https:\/\/portaltela.pt\/api\/wp\/v2\/media?parent=165923"}],"wp:term":[{"taxonomy":"category","embeddable":true,"href":"https:\/\/portaltela.pt\/api\/wp\/v2\/categories?post=165923"},{"taxonomy":"post_tag","embeddable":true,"href":"https:\/\/portaltela.pt\/api\/wp\/v2\/tags?post=165923"}],"curies":[{"name":"wp","href":"https:\/\/api.w.org\/{rel}","templated":true}]}}