{"id":165918,"date":"2026-01-23T04:57:09","date_gmt":"2026-01-23T07:57:09","guid":{"rendered":"https:\/\/portaltela.pt\/noticias\/2026\/01\/23\/escolas-fechadas-em-seis-municipios-do-distrito-de-vila-real-por-previsao-de-neve\/"},"modified":"2026-01-23T04:57:09","modified_gmt":"2026-01-23T07:57:09","slug":"escolas-fechadas-em-seis-municipios-do-distrito-de-vila-real-por-previsao-de-neve","status":"publish","type":"post","link":"https:\/\/portaltela.pt\/noticias\/2026\/01\/23\/escolas-fechadas-em-seis-municipios-do-distrito-de-vila-real-por-previsao-de-neve\/","title":{"rendered":"Escolas fechadas em seis munic\u00edpios do distrito de Vila Real por previs\u00e3o de neve"},"content":{"rendered":"<p>Durante a noite, algumas zonas do distrito de Vila Real registaram queda de neve. Pelas 07h00, as estradas ainda se encontravam transit\u00e1veis, segundo a GNR local.<\/p>\n<p>As suspens\u00f5es de transporte escolar e de aulas decorrem desde quinta-feira, ap\u00f3s o IPMA colocar Vila Real, entre outros, em aviso vermelho devido \u00e0 previs\u00e3o de neve. A decis\u00e3o foi tomada preventivamente.<\/p>\n<p>Pelas 23h00 de quinta, o Agrupamento de Escolas de Vila Pouca de Aguiar informou encerramento total na sexta, decis\u00e3o partilhada pela Prote\u00e7\u00e3o Civil Municipal como medida de seguran\u00e7a. O transporte escolar foi tamb\u00e9m suspenso.<\/p>\n<p>Ao longo do dia, o mesmo an\u00fancio chegou a Boticas, Montalegre, Mondim de Basto, Valpa\u00e7os e Ribeira de Pena, refor\u00e7ando o per\u00edodo de interrup\u00e7\u00e3o em v\u00e1rios concelhos.<\/p>\n<h3>Situa\u00e7\u00e3o atual no distrito<\/h3>\n<p>\u00c0s 07h00, a C\u00e2mara de Vila Real comunicou que as estradas no concelho estavam transit\u00e1veis e sem constrangimentos relevantes. A autarquia prometeu atualiza\u00e7\u00e3o \u00e0s 12h00, para reavaliar condi\u00e7\u00f5es e manter a seguran\u00e7a.<\/p>\n<p>Em Sabrosa, o Agrupamento Miguel Torga informou funcionamento normal das escolas e transporte dentro da expectativa, ap\u00f3s avalia\u00e7\u00e3o com Prote\u00e7\u00e3o Civil e GNR. A administra\u00e7\u00e3o acompanharia a evolu\u00e7\u00e3o meteorol\u00f3gica.<\/p>\n<p>O IPMA prev\u00ea chuva, neve, vento e agita\u00e7\u00e3o mar\u00edtima com a passagem da depress\u00e3o Ingrid. O distrito de Vila Real est\u00e1 sob aviso vermelho pela neve, conforme regulado pela Autoridade Nacional de Emerg\u00eancia e Prote\u00e7\u00e3o Civil (ANEPC).<\/p>\n","protected":false},"excerpt":{"rendered":"<ul>\n<li>Nevou durante a noite em v\u00e1rios munic\u00edpios do distrito de Vila Real, levando ao encerramento de transportes escolares e das aulas na sexta-feira, como medida preventiva.<\/li>\n<li>O IPMA colocou Vila Real entre os distritos com aviso vermelho devido \u00e0s previs\u00f5es de queda de neve, com previs\u00e3o de neve, chuva, vento e agita\u00e7\u00e3o mar\u00edtima associadas \u00e0 depress\u00e3o Ingrid.<\/li>\n<li>\u00c0s 07h00 de hoje, as estradas do distrito estavam transit\u00e1veis, com o encerramento de escolas confirmado em Vila Pouca de Aguiar, Boticas, Montalegre, Mondim de Basto, Valpa\u00e7os e Ribeira de Pena.<\/li>\n<li>Em Vila Real e Sabrosa, as escolas mant\u00eam funcionamento normal com transporte assegurado, ap\u00f3s avalia\u00e7\u00e3o com Prote\u00e7\u00e3o Civil e GNR, com novo ponto de situa\u00e7\u00e3o \u00e0s 12h00.<\/li>\n<li>A ANEPC colocou quase todo o territ\u00f3rio continental em estado de prontid\u00e3o especial de n\u00edvel tr\u00eas at\u00e9 s\u00e1bado, devido \u00e0 neve e \u00e0 agita\u00e7\u00e3o mar\u00edtima associadas \u00e0 depress\u00e3o Ingrid.<\/li>\n<\/ul>\n","protected":false},"author":2,"featured_media":165927,"comment_status":"closed","ping_status":"closed","sticky":false,"template":"","format":"standard","meta":{"footnotes":""},"categories":[1],"tags":[2749,101,3913,3912,2146,1665],"class_list":["post-165918","post","type-post","status-publish","format-standard","has-post-thumbnail","hentry","category-noticias","tag-boticas","tag-escolas","tag-montalegre","tag-transporte-escolar","tag-valpacos","tag-vila-real"],"yoast_head":"<!-- This site is optimized with the Yoast SEO plugin v27.2 - https:\/\/yoast.com\/product\/yoast-seo-wordpress\/ -->\n<title>Escolas fechadas em seis munic\u00edpios do distrito de Vila Real por previs\u00e3o de neve - Portal Tela Portugal<\/title>\n<meta name=\"robots\" content=\"index, follow, max-snippet:-1, max-image-preview:large, max-video-preview:-1\" \/>\n<meta property=\"og:locale\" content=\"pt_PT\" \/>\n<meta property=\"og:type\" content=\"article\" \/>\n<meta property=\"og:title\" content=\"Escolas fechadas em seis munic\u00edpios do distrito de Vila Real por previs\u00e3o de neve - Portal Tela Portugal\" \/>\n<meta property=\"og:description\" content=\"Nevou durante a noite em v\u00e1rios munic\u00edpios do distrito de Vila Real, levando ao encerramento de transportes escolares e das aulas na sexta-feira, como medida preventiva. O IPMA colocou Vila Real entre os distritos com aviso vermelho devido \u00e0s previs\u00f5es de queda de neve, com previs\u00e3o de neve, chuva, vento e agita\u00e7\u00e3o mar\u00edtima associadas \u00e0 depress\u00e3o Ingrid. \u00c0s 07h00 de hoje, as estradas do distrito estavam transit\u00e1veis, com o encerramento de escolas confirmado em Vila Pouca de Aguiar, Boticas, Montalegre, Mondim de Basto, Valpa\u00e7os e Ribeira de Pena. Em Vila Real e Sabrosa, as escolas mant\u00eam funcionamento normal com transporte assegurado, ap\u00f3s avalia\u00e7\u00e3o com Prote\u00e7\u00e3o Civil e GNR, com novo ponto de situa\u00e7\u00e3o \u00e0s 12h00. A ANEPC colocou quase todo o territ\u00f3rio continental em estado de prontid\u00e3o especial de n\u00edvel tr\u00eas at\u00e9 s\u00e1bado, devido \u00e0 neve e \u00e0 agita\u00e7\u00e3o mar\u00edtima associadas \u00e0 depress\u00e3o Ingrid.\" \/>\n<meta property=\"og:url\" content=\"https:\/\/portaltela.pt\/noticias\/2026\/01\/23\/escolas-fechadas-em-seis-municipios-do-distrito-de-vila-real-por-previsao-de-neve\/\" \/>\n<meta property=\"og:site_name\" content=\"Portal Tela Portugal\" \/>\n<meta property=\"article:published_time\" content=\"2026-01-23T07:57:09+00:00\" \/>\n<meta name=\"author\" content=\"Telinha\" \/>\n<meta name=\"twitter:card\" content=\"summary_large_image\" \/>\n<meta name=\"twitter:label1\" content=\"Escrito por\" \/>\n\t<meta name=\"twitter:data1\" content=\"Telinha\" \/>\n\t<meta name=\"twitter:label2\" content=\"Tempo estimado de leitura\" \/>\n\t<meta name=\"twitter:data2\" content=\"1 minuto\" \/>\n<script type=\"application\/ld+json\" class=\"yoast-schema-graph\">{\"@context\":\"https:\/\/schema.org\",\"@graph\":[{\"@type\":\"Article\",\"@id\":\"https:\/\/portaltela.pt\/noticias\/2026\/01\/23\/escolas-fechadas-em-seis-municipios-do-distrito-de-vila-real-por-previsao-de-neve\/#article\",\"isPartOf\":{\"@id\":\"https:\/\/portaltela.pt\/noticias\/2026\/01\/23\/escolas-fechadas-em-seis-municipios-do-distrito-de-vila-real-por-previsao-de-neve\/\"},\"author\":{\"name\":\"Telinha\",\"@id\":\"https:\/\/portaltela.pt\/#\/schema\/person\/c4278d4a6028830caff9ee44b42d32ed\"},\"headline\":\"Escolas fechadas em seis munic\u00edpios do distrito de Vila Real por previs\u00e3o de neve\",\"datePublished\":\"2026-01-23T07:57:09+00:00\",\"mainEntityOfPage\":{\"@id\":\"https:\/\/portaltela.pt\/noticias\/2026\/01\/23\/escolas-fechadas-em-seis-municipios-do-distrito-de-vila-real-por-previsao-de-neve\/\"},\"wordCount\":268,\"image\":{\"@id\":\"https:\/\/portaltela.pt\/noticias\/2026\/01\/23\/escolas-fechadas-em-seis-municipios-do-distrito-de-vila-real-por-previsao-de-neve\/#primaryimage\"},\"thumbnailUrl\":\"https:\/\/portaltela.pt\/s.01k8rhncp4jt1\/2026\/01\/img_1500x1000uu2024-01-16-21-18-28-1543253-1.jpg\",\"keywords\":[\"Boticas\",\"escolas\",\"Montalegre\",\"transporte escolar\",\"Valpa\u00e7os\",\"Vila Real\"],\"articleSection\":[\"Not\u00edcias\"],\"inLanguage\":\"pt-PT\"},{\"@type\":\"WebPage\",\"@id\":\"https:\/\/portaltela.pt\/noticias\/2026\/01\/23\/escolas-fechadas-em-seis-municipios-do-distrito-de-vila-real-por-previsao-de-neve\/\",\"url\":\"https:\/\/portaltela.pt\/noticias\/2026\/01\/23\/escolas-fechadas-em-seis-municipios-do-distrito-de-vila-real-por-previsao-de-neve\/\",\"name\":\"Escolas fechadas em seis munic\u00edpios do distrito de Vila Real por previs\u00e3o de neve - Portal Tela Portugal\",\"isPartOf\":{\"@id\":\"https:\/\/portaltela.pt\/#website\"},\"primaryImageOfPage\":{\"@id\":\"https:\/\/portaltela.pt\/noticias\/2026\/01\/23\/escolas-fechadas-em-seis-municipios-do-distrito-de-vila-real-por-previsao-de-neve\/#primaryimage\"},\"image\":{\"@id\":\"https:\/\/portaltela.pt\/noticias\/2026\/01\/23\/escolas-fechadas-em-seis-municipios-do-distrito-de-vila-real-por-previsao-de-neve\/#primaryimage\"},\"thumbnailUrl\":\"https:\/\/portaltela.pt\/s.01k8rhncp4jt1\/2026\/01\/img_1500x1000uu2024-01-16-21-18-28-1543253-1.jpg\",\"datePublished\":\"2026-01-23T07:57:09+00:00\",\"author\":{\"@id\":\"https:\/\/portaltela.pt\/#\/schema\/person\/c4278d4a6028830caff9ee44b42d32ed\"},\"breadcrumb\":{\"@id\":\"https:\/\/portaltela.pt\/noticias\/2026\/01\/23\/escolas-fechadas-em-seis-municipios-do-distrito-de-vila-real-por-previsao-de-neve\/#breadcrumb\"},\"inLanguage\":\"pt-PT\",\"potentialAction\":[{\"@type\":\"ReadAction\",\"target\":[\"https:\/\/portaltela.pt\/noticias\/2026\/01\/23\/escolas-fechadas-em-seis-municipios-do-distrito-de-vila-real-por-previsao-de-neve\/\"]}]},{\"@type\":\"ImageObject\",\"inLanguage\":\"pt-PT\",\"@id\":\"https:\/\/portaltela.pt\/noticias\/2026\/01\/23\/escolas-fechadas-em-seis-municipios-do-distrito-de-vila-real-por-previsao-de-neve\/#primaryimage\",\"url\":\"https:\/\/portaltela.pt\/s.01k8rhncp4jt1\/2026\/01\/img_1500x1000uu2024-01-16-21-18-28-1543253-1.jpg\",\"contentUrl\":\"https:\/\/portaltela.pt\/s.01k8rhncp4jt1\/2026\/01\/img_1500x1000uu2024-01-16-21-18-28-1543253-1.jpg\",\"width\":796,\"height\":448,\"caption\":\"Escolas\"},{\"@type\":\"BreadcrumbList\",\"@id\":\"https:\/\/portaltela.pt\/noticias\/2026\/01\/23\/escolas-fechadas-em-seis-municipios-do-distrito-de-vila-real-por-previsao-de-neve\/#breadcrumb\",\"itemListElement\":[{\"@type\":\"ListItem\",\"position\":1,\"name\":\"In\u00edcio\",\"item\":\"https:\/\/portaltela.pt\/\"},{\"@type\":\"ListItem\",\"position\":2,\"name\":\"Escolas fechadas em seis munic\u00edpios do distrito de Vila Real por previs\u00e3o de neve\"}]},{\"@type\":\"WebSite\",\"@id\":\"https:\/\/portaltela.pt\/#website\",\"url\":\"https:\/\/portaltela.pt\/\",\"name\":\"Portal Tela Portugal\",\"description\":\"\",\"potentialAction\":[{\"@type\":\"SearchAction\",\"target\":{\"@type\":\"EntryPoint\",\"urlTemplate\":\"https:\/\/portaltela.pt\/?s={search_term_string}\"},\"query-input\":{\"@type\":\"PropertyValueSpecification\",\"valueRequired\":true,\"valueName\":\"search_term_string\"}}],\"inLanguage\":\"pt-PT\"},{\"@type\":\"Person\",\"@id\":\"https:\/\/portaltela.pt\/#\/schema\/person\/c4278d4a6028830caff9ee44b42d32ed\",\"name\":\"Telinha\",\"image\":{\"@type\":\"ImageObject\",\"inLanguage\":\"pt-PT\",\"@id\":\"https:\/\/portaltela.pt\/s.01k8rhncp4jt1\/2025\/11\/talking-bot-125x125.png\",\"url\":\"https:\/\/portaltela.pt\/s.01k8rhncp4jt1\/2025\/11\/talking-bot-125x125.png\",\"contentUrl\":\"https:\/\/portaltela.pt\/s.01k8rhncp4jt1\/2025\/11\/talking-bot-125x125.png\",\"caption\":\"Telinha\"},\"sameAs\":[\"https:\/\/portaltela.pt\/\"],\"url\":\"https:\/\/portaltela.pt\/por\/367410592786\/\"}]}<\/script>\n<!-- \/ Yoast SEO plugin. -->","yoast_head_json":{"title":"Escolas fechadas em seis munic\u00edpios do distrito de Vila Real por previs\u00e3o de neve - Portal Tela Portugal","robots":{"index":"index","follow":"follow","max-snippet":"max-snippet:-1","max-image-preview":"max-image-preview:large","max-video-preview":"max-video-preview:-1"},"og_locale":"pt_PT","og_type":"article","og_title":"Escolas fechadas em seis munic\u00edpios do distrito de Vila Real por previs\u00e3o de neve - Portal Tela Portugal","og_description":"Nevou durante a noite em v\u00e1rios munic\u00edpios do distrito de Vila Real, levando ao encerramento de transportes escolares e das aulas na sexta-feira, como medida preventiva. O IPMA colocou Vila Real entre os distritos com aviso vermelho devido \u00e0s previs\u00f5es de queda de neve, com previs\u00e3o de neve, chuva, vento e agita\u00e7\u00e3o mar\u00edtima associadas \u00e0 depress\u00e3o Ingrid. \u00c0s 07h00 de hoje, as estradas do distrito estavam transit\u00e1veis, com o encerramento de escolas confirmado em Vila Pouca de Aguiar, Boticas, Montalegre, Mondim de Basto, Valpa\u00e7os e Ribeira de Pena. Em Vila Real e Sabrosa, as escolas mant\u00eam funcionamento normal com transporte assegurado, ap\u00f3s avalia\u00e7\u00e3o com Prote\u00e7\u00e3o Civil e GNR, com novo ponto de situa\u00e7\u00e3o \u00e0s 12h00. A ANEPC colocou quase todo o territ\u00f3rio continental em estado de prontid\u00e3o especial de n\u00edvel tr\u00eas at\u00e9 s\u00e1bado, devido \u00e0 neve e \u00e0 agita\u00e7\u00e3o mar\u00edtima associadas \u00e0 depress\u00e3o Ingrid.","og_url":"https:\/\/portaltela.pt\/noticias\/2026\/01\/23\/escolas-fechadas-em-seis-municipios-do-distrito-de-vila-real-por-previsao-de-neve\/","og_site_name":"Portal Tela Portugal","article_published_time":"2026-01-23T07:57:09+00:00","author":"Telinha","twitter_card":"summary_large_image","twitter_misc":{"Escrito por":"Telinha","Tempo estimado de leitura":"1 minuto"},"schema":{"@context":"https:\/\/schema.org","@graph":[{"@type":"Article","@id":"https:\/\/portaltela.pt\/noticias\/2026\/01\/23\/escolas-fechadas-em-seis-municipios-do-distrito-de-vila-real-por-previsao-de-neve\/#article","isPartOf":{"@id":"https:\/\/portaltela.pt\/noticias\/2026\/01\/23\/escolas-fechadas-em-seis-municipios-do-distrito-de-vila-real-por-previsao-de-neve\/"},"author":{"name":"Telinha","@id":"https:\/\/portaltela.pt\/#\/schema\/person\/c4278d4a6028830caff9ee44b42d32ed"},"headline":"Escolas fechadas em seis munic\u00edpios do distrito de Vila Real por previs\u00e3o de neve","datePublished":"2026-01-23T07:57:09+00:00","mainEntityOfPage":{"@id":"https:\/\/portaltela.pt\/noticias\/2026\/01\/23\/escolas-fechadas-em-seis-municipios-do-distrito-de-vila-real-por-previsao-de-neve\/"},"wordCount":268,"image":{"@id":"https:\/\/portaltela.pt\/noticias\/2026\/01\/23\/escolas-fechadas-em-seis-municipios-do-distrito-de-vila-real-por-previsao-de-neve\/#primaryimage"},"thumbnailUrl":"https:\/\/portaltela.pt\/s.01k8rhncp4jt1\/2026\/01\/img_1500x1000uu2024-01-16-21-18-28-1543253-1.jpg","keywords":["Boticas","escolas","Montalegre","transporte escolar","Valpa\u00e7os","Vila Real"],"articleSection":["Not\u00edcias"],"inLanguage":"pt-PT"},{"@type":"WebPage","@id":"https:\/\/portaltela.pt\/noticias\/2026\/01\/23\/escolas-fechadas-em-seis-municipios-do-distrito-de-vila-real-por-previsao-de-neve\/","url":"https:\/\/portaltela.pt\/noticias\/2026\/01\/23\/escolas-fechadas-em-seis-municipios-do-distrito-de-vila-real-por-previsao-de-neve\/","name":"Escolas fechadas em seis munic\u00edpios do distrito de Vila Real por previs\u00e3o de neve - Portal Tela Portugal","isPartOf":{"@id":"https:\/\/portaltela.pt\/#website"},"primaryImageOfPage":{"@id":"https:\/\/portaltela.pt\/noticias\/2026\/01\/23\/escolas-fechadas-em-seis-municipios-do-distrito-de-vila-real-por-previsao-de-neve\/#primaryimage"},"image":{"@id":"https:\/\/portaltela.pt\/noticias\/2026\/01\/23\/escolas-fechadas-em-seis-municipios-do-distrito-de-vila-real-por-previsao-de-neve\/#primaryimage"},"thumbnailUrl":"https:\/\/portaltela.pt\/s.01k8rhncp4jt1\/2026\/01\/img_1500x1000uu2024-01-16-21-18-28-1543253-1.jpg","datePublished":"2026-01-23T07:57:09+00:00","author":{"@id":"https:\/\/portaltela.pt\/#\/schema\/person\/c4278d4a6028830caff9ee44b42d32ed"},"breadcrumb":{"@id":"https:\/\/portaltela.pt\/noticias\/2026\/01\/23\/escolas-fechadas-em-seis-municipios-do-distrito-de-vila-real-por-previsao-de-neve\/#breadcrumb"},"inLanguage":"pt-PT","potentialAction":[{"@type":"ReadAction","target":["https:\/\/portaltela.pt\/noticias\/2026\/01\/23\/escolas-fechadas-em-seis-municipios-do-distrito-de-vila-real-por-previsao-de-neve\/"]}]},{"@type":"ImageObject","inLanguage":"pt-PT","@id":"https:\/\/portaltela.pt\/noticias\/2026\/01\/23\/escolas-fechadas-em-seis-municipios-do-distrito-de-vila-real-por-previsao-de-neve\/#primaryimage","url":"https:\/\/portaltela.pt\/s.01k8rhncp4jt1\/2026\/01\/img_1500x1000uu2024-01-16-21-18-28-1543253-1.jpg","contentUrl":"https:\/\/portaltela.pt\/s.01k8rhncp4jt1\/2026\/01\/img_1500x1000uu2024-01-16-21-18-28-1543253-1.jpg","width":796,"height":448,"caption":"Escolas"},{"@type":"BreadcrumbList","@id":"https:\/\/portaltela.pt\/noticias\/2026\/01\/23\/escolas-fechadas-em-seis-municipios-do-distrito-de-vila-real-por-previsao-de-neve\/#breadcrumb","itemListElement":[{"@type":"ListItem","position":1,"name":"In\u00edcio","item":"https:\/\/portaltela.pt\/"},{"@type":"ListItem","position":2,"name":"Escolas fechadas em seis munic\u00edpios do distrito de Vila Real por previs\u00e3o de neve"}]},{"@type":"WebSite","@id":"https:\/\/portaltela.pt\/#website","url":"https:\/\/portaltela.pt\/","name":"Portal Tela Portugal","description":"","potentialAction":[{"@type":"SearchAction","target":{"@type":"EntryPoint","urlTemplate":"https:\/\/portaltela.pt\/?s={search_term_string}"},"query-input":{"@type":"PropertyValueSpecification","valueRequired":true,"valueName":"search_term_string"}}],"inLanguage":"pt-PT"},{"@type":"Person","@id":"https:\/\/portaltela.pt\/#\/schema\/person\/c4278d4a6028830caff9ee44b42d32ed","name":"Telinha","image":{"@type":"ImageObject","inLanguage":"pt-PT","@id":"https:\/\/portaltela.pt\/s.01k8rhncp4jt1\/2025\/11\/talking-bot-125x125.png","url":"https:\/\/portaltela.pt\/s.01k8rhncp4jt1\/2025\/11\/talking-bot-125x125.png","contentUrl":"https:\/\/portaltela.pt\/s.01k8rhncp4jt1\/2025\/11\/talking-bot-125x125.png","caption":"Telinha"},"sameAs":["https:\/\/portaltela.pt\/"],"url":"https:\/\/portaltela.pt\/por\/367410592786\/"}]}},"_links":{"self":[{"href":"https:\/\/portaltela.pt\/api\/wp\/v2\/posts\/165918","targetHints":{"allow":["GET"]}}],"collection":[{"href":"https:\/\/portaltela.pt\/api\/wp\/v2\/posts"}],"about":[{"href":"https:\/\/portaltela.pt\/api\/wp\/v2\/types\/post"}],"author":[{"embeddable":true,"href":"https:\/\/portaltela.pt\/api\/wp\/v2\/users\/2"}],"replies":[{"embeddable":true,"href":"https:\/\/portaltela.pt\/api\/wp\/v2\/comments?post=165918"}],"version-history":[{"count":0,"href":"https:\/\/portaltela.pt\/api\/wp\/v2\/posts\/165918\/revisions"}],"wp:featuredmedia":[{"embeddable":true,"href":"https:\/\/portaltela.pt\/api\/wp\/v2\/media\/165927"}],"wp:attachment":[{"href":"https:\/\/portaltela.pt\/api\/wp\/v2\/media?parent=165918"}],"wp:term":[{"taxonomy":"category","embeddable":true,"href":"https:\/\/portaltela.pt\/api\/wp\/v2\/categories?post=165918"},{"taxonomy":"post_tag","embeddable":true,"href":"https:\/\/portaltela.pt\/api\/wp\/v2\/tags?post=165918"}],"curies":[{"name":"wp","href":"https:\/\/api.w.org\/{rel}","templated":true}]}}