{"id":165905,"date":"2026-01-23T04:44:00","date_gmt":"2026-01-23T07:44:00","guid":{"rendered":"https:\/\/portaltela.pt\/noticias\/2026\/01\/23\/o-dilema-climatico-entre-emissoes-e-adaptacao-sem-solucao-rapida\/"},"modified":"2026-01-23T04:44:00","modified_gmt":"2026-01-23T07:44:00","slug":"o-dilema-climatico-entre-emissoes-e-adaptacao-sem-solucao-rapida","status":"publish","type":"post","link":"https:\/\/portaltela.pt\/noticias\/2026\/01\/23\/o-dilema-climatico-entre-emissoes-e-adaptacao-sem-solucao-rapida\/","title":{"rendered":"O dilema clim\u00e1tico: entre emiss\u00f5es e adapta\u00e7\u00e3o sem solu\u00e7\u00e3o r\u00e1pida"},"content":{"rendered":"<p>O termo catch-22 clim\u00e1tico descreve uma situa\u00e7\u00e3o em que a riqueza de um pa\u00eds restringe a sua a\u00e7\u00e3o clim\u00e1tica. Pa\u00edses desenvolvidos t\u00eam responsabilidade hist\u00f3rica, financiam a transi\u00e7\u00e3o energ\u00e9tica e ajudam na adapta\u00e7\u00e3o. Mesmo assim, \u00e9 dif\u00edcil transformar esse compromisso em medidas concretas.<\/p>\n<p>A ideia parte de um problema de financiamento e de acesso a tecnologias limpas. Sem apoio financeiro internacional, muitos pa\u00edses menos ricos enfrentam barreiras para investir em energia, transporte e efici\u00eancia. Sem investimento, a transi\u00e7\u00e3o demora.<\/p>\n<p>Outra camada \u00e9 a avalia\u00e7\u00e3o de responsabilidades. Enquanto alguns defendem que o dinheiro dos pa\u00edses ricos deve acelerar mudan\u00e7as, outros lembram que os fundos n\u00e3o resolvem automaticamente quest\u00f5es locais de governan\u00e7a, capacidade institucional e custo de implementa\u00e7\u00e3o.<\/p>\n<h3>Origens do termo<\/h3>\n<p>O termo catch-22 vem de uma obra de Joseph Heller, publicada em 1961. A narrativa acompanha militares da For\u00e7a A\u00e9rea dos EUA na Segunda Guerra Mundial, onde a sanidade \u00e9 condicionada a a\u00e7\u00f5es paradoxais. A express\u00e3o passou a simbolizar bloqueios m\u00fatuos.<\/p>\n<p>No contexto clim\u00e1tico, a express\u00e3o \u00e9 usada para indicar que, embora exista vontade de agir, certos mecanismos financeiros e pol\u00edticos criam entraves que dificultam ou atrasam a transi\u00e7\u00e3o energ\u00e9tica global.<\/p>\n","protected":false},"excerpt":{"rendered":"<ul>\n<li>O texto apresenta um \u201ccatch-22\u201d clim\u00e1tico: a riqueza dos pa\u00edses ricos complica financiar a transi\u00e7\u00e3o energ\u00e9tica dos que ainda emergem da pobreza.<\/li>\n<li>Defende que os pa\u00edses ricos devem assumir a responsabilidade hist\u00f3rica, financiando e acelerando a transi\u00e7\u00e3o energ\u00e9tica global.<\/li>\n<li>O conceito de catch-22 vem da obra de Joseph Heller, publicada em 1961, que descreve uma situa\u00e7\u00e3o sem sa\u00edda.<\/li>\n<li>Na narrativa, pilotos n\u00e3o podiam ser dispensados de voar se fossem considerados loucos, o que \u00e9 paradoxal.<\/li>\n<li>No clima, h\u00e1 um paradoxo semelhante: quanto mais ricos, maior a capacidade de financiar mudan\u00e7as, mas menos trazem imediatamente redu\u00e7\u00e3o das emiss\u00f5es dos pa\u00edses mais pobres.<\/li>\n<\/ul>\n","protected":false},"author":2,"featured_media":165908,"comment_status":"closed","ping_status":"closed","sticky":false,"template":"","format":"standard","meta":{"footnotes":""},"categories":[1],"tags":[2053,1272,256,755,1241,2417],"class_list":["post-165905","post","type-post","status-publish","format-standard","has-post-thumbnail","hentry","category-noticias","tag-acao-climatica","tag-adaptacao-climatica","tag-cooperacao-internacional","tag-desenvolvimento-sustentavel","tag-emissoes-de-gases-de-estufa","tag-financiamento"],"yoast_head":"<!-- This site is optimized with the Yoast SEO plugin v27.2 - https:\/\/yoast.com\/product\/yoast-seo-wordpress\/ -->\n<title>O dilema clim\u00e1tico: entre emiss\u00f5es e adapta\u00e7\u00e3o sem solu\u00e7\u00e3o r\u00e1pida - Portal Tela Portugal<\/title>\n<meta name=\"robots\" content=\"index, follow, max-snippet:-1, max-image-preview:large, max-video-preview:-1\" \/>\n<meta property=\"og:locale\" content=\"pt_PT\" \/>\n<meta property=\"og:type\" content=\"article\" \/>\n<meta property=\"og:title\" content=\"O dilema clim\u00e1tico: entre emiss\u00f5es e adapta\u00e7\u00e3o sem solu\u00e7\u00e3o r\u00e1pida - Portal Tela Portugal\" \/>\n<meta property=\"og:description\" content=\"O texto apresenta um \u201ccatch-22\u201d clim\u00e1tico: a riqueza dos pa\u00edses ricos complica financiar a transi\u00e7\u00e3o energ\u00e9tica dos que ainda emergem da pobreza. Defende que os pa\u00edses ricos devem assumir a responsabilidade hist\u00f3rica, financiando e acelerando a transi\u00e7\u00e3o energ\u00e9tica global. O conceito de catch-22 vem da obra de Joseph Heller, publicada em 1961, que descreve uma situa\u00e7\u00e3o sem sa\u00edda. Na narrativa, pilotos n\u00e3o podiam ser dispensados de voar se fossem considerados loucos, o que \u00e9 paradoxal. No clima, h\u00e1 um paradoxo semelhante: quanto mais ricos, maior a capacidade de financiar mudan\u00e7as, mas menos trazem imediatamente redu\u00e7\u00e3o das emiss\u00f5es dos pa\u00edses mais pobres.\" \/>\n<meta property=\"og:url\" content=\"https:\/\/portaltela.pt\/noticias\/2026\/01\/23\/o-dilema-climatico-entre-emissoes-e-adaptacao-sem-solucao-rapida\/\" \/>\n<meta property=\"og:site_name\" content=\"Portal Tela Portugal\" \/>\n<meta property=\"article:published_time\" content=\"2026-01-23T07:44:00+00:00\" \/>\n<meta name=\"author\" content=\"Telinha\" \/>\n<meta name=\"twitter:card\" content=\"summary_large_image\" \/>\n<meta name=\"twitter:label1\" content=\"Escrito por\" \/>\n\t<meta name=\"twitter:data1\" content=\"Telinha\" \/>\n\t<meta name=\"twitter:label2\" content=\"Tempo estimado de leitura\" \/>\n\t<meta name=\"twitter:data2\" content=\"1 minuto\" \/>\n<script type=\"application\/ld+json\" class=\"yoast-schema-graph\">{\"@context\":\"https:\/\/schema.org\",\"@graph\":[{\"@type\":\"Article\",\"@id\":\"https:\/\/portaltela.pt\/noticias\/2026\/01\/23\/o-dilema-climatico-entre-emissoes-e-adaptacao-sem-solucao-rapida\/#article\",\"isPartOf\":{\"@id\":\"https:\/\/portaltela.pt\/noticias\/2026\/01\/23\/o-dilema-climatico-entre-emissoes-e-adaptacao-sem-solucao-rapida\/\"},\"author\":{\"name\":\"Telinha\",\"@id\":\"https:\/\/portaltela.pt\/#\/schema\/person\/c4278d4a6028830caff9ee44b42d32ed\"},\"headline\":\"O dilema clim\u00e1tico: entre emiss\u00f5es e adapta\u00e7\u00e3o sem solu\u00e7\u00e3o r\u00e1pida\",\"datePublished\":\"2026-01-23T07:44:00+00:00\",\"mainEntityOfPage\":{\"@id\":\"https:\/\/portaltela.pt\/noticias\/2026\/01\/23\/o-dilema-climatico-entre-emissoes-e-adaptacao-sem-solucao-rapida\/\"},\"wordCount\":231,\"image\":{\"@id\":\"https:\/\/portaltela.pt\/noticias\/2026\/01\/23\/o-dilema-climatico-entre-emissoes-e-adaptacao-sem-solucao-rapida\/#primaryimage\"},\"thumbnailUrl\":\"https:\/\/portaltela.pt\/s.01k8rhncp4jt1\/2026\/01\/2060901.jpg\",\"keywords\":[\"A\u00e7\u00e3o Clim\u00e1tica\",\"adapta\u00e7\u00e3o clim\u00e1tica\",\"coopera\u00e7\u00e3o internacional\",\"desenvolvimento sustent\u00e1vel\",\"Emiss\u00f5es de Gases de Estufa\",\"financiamento\"],\"articleSection\":[\"Not\u00edcias\"],\"inLanguage\":\"pt-PT\"},{\"@type\":\"WebPage\",\"@id\":\"https:\/\/portaltela.pt\/noticias\/2026\/01\/23\/o-dilema-climatico-entre-emissoes-e-adaptacao-sem-solucao-rapida\/\",\"url\":\"https:\/\/portaltela.pt\/noticias\/2026\/01\/23\/o-dilema-climatico-entre-emissoes-e-adaptacao-sem-solucao-rapida\/\",\"name\":\"O dilema clim\u00e1tico: entre emiss\u00f5es e adapta\u00e7\u00e3o sem solu\u00e7\u00e3o r\u00e1pida - Portal Tela Portugal\",\"isPartOf\":{\"@id\":\"https:\/\/portaltela.pt\/#website\"},\"primaryImageOfPage\":{\"@id\":\"https:\/\/portaltela.pt\/noticias\/2026\/01\/23\/o-dilema-climatico-entre-emissoes-e-adaptacao-sem-solucao-rapida\/#primaryimage\"},\"image\":{\"@id\":\"https:\/\/portaltela.pt\/noticias\/2026\/01\/23\/o-dilema-climatico-entre-emissoes-e-adaptacao-sem-solucao-rapida\/#primaryimage\"},\"thumbnailUrl\":\"https:\/\/portaltela.pt\/s.01k8rhncp4jt1\/2026\/01\/2060901.jpg\",\"datePublished\":\"2026-01-23T07:44:00+00:00\",\"author\":{\"@id\":\"https:\/\/portaltela.pt\/#\/schema\/person\/c4278d4a6028830caff9ee44b42d32ed\"},\"breadcrumb\":{\"@id\":\"https:\/\/portaltela.pt\/noticias\/2026\/01\/23\/o-dilema-climatico-entre-emissoes-e-adaptacao-sem-solucao-rapida\/#breadcrumb\"},\"inLanguage\":\"pt-PT\",\"potentialAction\":[{\"@type\":\"ReadAction\",\"target\":[\"https:\/\/portaltela.pt\/noticias\/2026\/01\/23\/o-dilema-climatico-entre-emissoes-e-adaptacao-sem-solucao-rapida\/\"]}]},{\"@type\":\"ImageObject\",\"inLanguage\":\"pt-PT\",\"@id\":\"https:\/\/portaltela.pt\/noticias\/2026\/01\/23\/o-dilema-climatico-entre-emissoes-e-adaptacao-sem-solucao-rapida\/#primaryimage\",\"url\":\"https:\/\/portaltela.pt\/s.01k8rhncp4jt1\/2026\/01\/2060901.jpg\",\"contentUrl\":\"https:\/\/portaltela.pt\/s.01k8rhncp4jt1\/2026\/01\/2060901.jpg\",\"width\":796,\"height\":448,\"caption\":\"H\u00e1 uma forte liga\u00e7\u00e3o entre a riqueza e a emiss\u00e3o de di\u00f3xido de carbono\"},{\"@type\":\"BreadcrumbList\",\"@id\":\"https:\/\/portaltela.pt\/noticias\/2026\/01\/23\/o-dilema-climatico-entre-emissoes-e-adaptacao-sem-solucao-rapida\/#breadcrumb\",\"itemListElement\":[{\"@type\":\"ListItem\",\"position\":1,\"name\":\"In\u00edcio\",\"item\":\"https:\/\/portaltela.pt\/\"},{\"@type\":\"ListItem\",\"position\":2,\"name\":\"O dilema clim\u00e1tico: entre emiss\u00f5es e adapta\u00e7\u00e3o sem solu\u00e7\u00e3o r\u00e1pida\"}]},{\"@type\":\"WebSite\",\"@id\":\"https:\/\/portaltela.pt\/#website\",\"url\":\"https:\/\/portaltela.pt\/\",\"name\":\"Portal Tela Portugal\",\"description\":\"\",\"potentialAction\":[{\"@type\":\"SearchAction\",\"target\":{\"@type\":\"EntryPoint\",\"urlTemplate\":\"https:\/\/portaltela.pt\/?s={search_term_string}\"},\"query-input\":{\"@type\":\"PropertyValueSpecification\",\"valueRequired\":true,\"valueName\":\"search_term_string\"}}],\"inLanguage\":\"pt-PT\"},{\"@type\":\"Person\",\"@id\":\"https:\/\/portaltela.pt\/#\/schema\/person\/c4278d4a6028830caff9ee44b42d32ed\",\"name\":\"Telinha\",\"image\":{\"@type\":\"ImageObject\",\"inLanguage\":\"pt-PT\",\"@id\":\"https:\/\/portaltela.pt\/s.01k8rhncp4jt1\/2025\/11\/talking-bot-125x125.png\",\"url\":\"https:\/\/portaltela.pt\/s.01k8rhncp4jt1\/2025\/11\/talking-bot-125x125.png\",\"contentUrl\":\"https:\/\/portaltela.pt\/s.01k8rhncp4jt1\/2025\/11\/talking-bot-125x125.png\",\"caption\":\"Telinha\"},\"sameAs\":[\"https:\/\/portaltela.pt\/\"],\"url\":\"https:\/\/portaltela.pt\/por\/367410592786\/\"}]}<\/script>\n<!-- \/ Yoast SEO plugin. -->","yoast_head_json":{"title":"O dilema clim\u00e1tico: entre emiss\u00f5es e adapta\u00e7\u00e3o sem solu\u00e7\u00e3o r\u00e1pida - Portal Tela Portugal","robots":{"index":"index","follow":"follow","max-snippet":"max-snippet:-1","max-image-preview":"max-image-preview:large","max-video-preview":"max-video-preview:-1"},"og_locale":"pt_PT","og_type":"article","og_title":"O dilema clim\u00e1tico: entre emiss\u00f5es e adapta\u00e7\u00e3o sem solu\u00e7\u00e3o r\u00e1pida - Portal Tela Portugal","og_description":"O texto apresenta um \u201ccatch-22\u201d clim\u00e1tico: a riqueza dos pa\u00edses ricos complica financiar a transi\u00e7\u00e3o energ\u00e9tica dos que ainda emergem da pobreza. Defende que os pa\u00edses ricos devem assumir a responsabilidade hist\u00f3rica, financiando e acelerando a transi\u00e7\u00e3o energ\u00e9tica global. O conceito de catch-22 vem da obra de Joseph Heller, publicada em 1961, que descreve uma situa\u00e7\u00e3o sem sa\u00edda. Na narrativa, pilotos n\u00e3o podiam ser dispensados de voar se fossem considerados loucos, o que \u00e9 paradoxal. No clima, h\u00e1 um paradoxo semelhante: quanto mais ricos, maior a capacidade de financiar mudan\u00e7as, mas menos trazem imediatamente redu\u00e7\u00e3o das emiss\u00f5es dos pa\u00edses mais pobres.","og_url":"https:\/\/portaltela.pt\/noticias\/2026\/01\/23\/o-dilema-climatico-entre-emissoes-e-adaptacao-sem-solucao-rapida\/","og_site_name":"Portal Tela Portugal","article_published_time":"2026-01-23T07:44:00+00:00","author":"Telinha","twitter_card":"summary_large_image","twitter_misc":{"Escrito por":"Telinha","Tempo estimado de leitura":"1 minuto"},"schema":{"@context":"https:\/\/schema.org","@graph":[{"@type":"Article","@id":"https:\/\/portaltela.pt\/noticias\/2026\/01\/23\/o-dilema-climatico-entre-emissoes-e-adaptacao-sem-solucao-rapida\/#article","isPartOf":{"@id":"https:\/\/portaltela.pt\/noticias\/2026\/01\/23\/o-dilema-climatico-entre-emissoes-e-adaptacao-sem-solucao-rapida\/"},"author":{"name":"Telinha","@id":"https:\/\/portaltela.pt\/#\/schema\/person\/c4278d4a6028830caff9ee44b42d32ed"},"headline":"O dilema clim\u00e1tico: entre emiss\u00f5es e adapta\u00e7\u00e3o sem solu\u00e7\u00e3o r\u00e1pida","datePublished":"2026-01-23T07:44:00+00:00","mainEntityOfPage":{"@id":"https:\/\/portaltela.pt\/noticias\/2026\/01\/23\/o-dilema-climatico-entre-emissoes-e-adaptacao-sem-solucao-rapida\/"},"wordCount":231,"image":{"@id":"https:\/\/portaltela.pt\/noticias\/2026\/01\/23\/o-dilema-climatico-entre-emissoes-e-adaptacao-sem-solucao-rapida\/#primaryimage"},"thumbnailUrl":"https:\/\/portaltela.pt\/s.01k8rhncp4jt1\/2026\/01\/2060901.jpg","keywords":["A\u00e7\u00e3o Clim\u00e1tica","adapta\u00e7\u00e3o clim\u00e1tica","coopera\u00e7\u00e3o internacional","desenvolvimento sustent\u00e1vel","Emiss\u00f5es de Gases de Estufa","financiamento"],"articleSection":["Not\u00edcias"],"inLanguage":"pt-PT"},{"@type":"WebPage","@id":"https:\/\/portaltela.pt\/noticias\/2026\/01\/23\/o-dilema-climatico-entre-emissoes-e-adaptacao-sem-solucao-rapida\/","url":"https:\/\/portaltela.pt\/noticias\/2026\/01\/23\/o-dilema-climatico-entre-emissoes-e-adaptacao-sem-solucao-rapida\/","name":"O dilema clim\u00e1tico: entre emiss\u00f5es e adapta\u00e7\u00e3o sem solu\u00e7\u00e3o r\u00e1pida - Portal Tela Portugal","isPartOf":{"@id":"https:\/\/portaltela.pt\/#website"},"primaryImageOfPage":{"@id":"https:\/\/portaltela.pt\/noticias\/2026\/01\/23\/o-dilema-climatico-entre-emissoes-e-adaptacao-sem-solucao-rapida\/#primaryimage"},"image":{"@id":"https:\/\/portaltela.pt\/noticias\/2026\/01\/23\/o-dilema-climatico-entre-emissoes-e-adaptacao-sem-solucao-rapida\/#primaryimage"},"thumbnailUrl":"https:\/\/portaltela.pt\/s.01k8rhncp4jt1\/2026\/01\/2060901.jpg","datePublished":"2026-01-23T07:44:00+00:00","author":{"@id":"https:\/\/portaltela.pt\/#\/schema\/person\/c4278d4a6028830caff9ee44b42d32ed"},"breadcrumb":{"@id":"https:\/\/portaltela.pt\/noticias\/2026\/01\/23\/o-dilema-climatico-entre-emissoes-e-adaptacao-sem-solucao-rapida\/#breadcrumb"},"inLanguage":"pt-PT","potentialAction":[{"@type":"ReadAction","target":["https:\/\/portaltela.pt\/noticias\/2026\/01\/23\/o-dilema-climatico-entre-emissoes-e-adaptacao-sem-solucao-rapida\/"]}]},{"@type":"ImageObject","inLanguage":"pt-PT","@id":"https:\/\/portaltela.pt\/noticias\/2026\/01\/23\/o-dilema-climatico-entre-emissoes-e-adaptacao-sem-solucao-rapida\/#primaryimage","url":"https:\/\/portaltela.pt\/s.01k8rhncp4jt1\/2026\/01\/2060901.jpg","contentUrl":"https:\/\/portaltela.pt\/s.01k8rhncp4jt1\/2026\/01\/2060901.jpg","width":796,"height":448,"caption":"H\u00e1 uma forte liga\u00e7\u00e3o entre a riqueza e a emiss\u00e3o de di\u00f3xido de carbono"},{"@type":"BreadcrumbList","@id":"https:\/\/portaltela.pt\/noticias\/2026\/01\/23\/o-dilema-climatico-entre-emissoes-e-adaptacao-sem-solucao-rapida\/#breadcrumb","itemListElement":[{"@type":"ListItem","position":1,"name":"In\u00edcio","item":"https:\/\/portaltela.pt\/"},{"@type":"ListItem","position":2,"name":"O dilema clim\u00e1tico: entre emiss\u00f5es e adapta\u00e7\u00e3o sem solu\u00e7\u00e3o r\u00e1pida"}]},{"@type":"WebSite","@id":"https:\/\/portaltela.pt\/#website","url":"https:\/\/portaltela.pt\/","name":"Portal Tela Portugal","description":"","potentialAction":[{"@type":"SearchAction","target":{"@type":"EntryPoint","urlTemplate":"https:\/\/portaltela.pt\/?s={search_term_string}"},"query-input":{"@type":"PropertyValueSpecification","valueRequired":true,"valueName":"search_term_string"}}],"inLanguage":"pt-PT"},{"@type":"Person","@id":"https:\/\/portaltela.pt\/#\/schema\/person\/c4278d4a6028830caff9ee44b42d32ed","name":"Telinha","image":{"@type":"ImageObject","inLanguage":"pt-PT","@id":"https:\/\/portaltela.pt\/s.01k8rhncp4jt1\/2025\/11\/talking-bot-125x125.png","url":"https:\/\/portaltela.pt\/s.01k8rhncp4jt1\/2025\/11\/talking-bot-125x125.png","contentUrl":"https:\/\/portaltela.pt\/s.01k8rhncp4jt1\/2025\/11\/talking-bot-125x125.png","caption":"Telinha"},"sameAs":["https:\/\/portaltela.pt\/"],"url":"https:\/\/portaltela.pt\/por\/367410592786\/"}]}},"_links":{"self":[{"href":"https:\/\/portaltela.pt\/api\/wp\/v2\/posts\/165905","targetHints":{"allow":["GET"]}}],"collection":[{"href":"https:\/\/portaltela.pt\/api\/wp\/v2\/posts"}],"about":[{"href":"https:\/\/portaltela.pt\/api\/wp\/v2\/types\/post"}],"author":[{"embeddable":true,"href":"https:\/\/portaltela.pt\/api\/wp\/v2\/users\/2"}],"replies":[{"embeddable":true,"href":"https:\/\/portaltela.pt\/api\/wp\/v2\/comments?post=165905"}],"version-history":[{"count":0,"href":"https:\/\/portaltela.pt\/api\/wp\/v2\/posts\/165905\/revisions"}],"wp:featuredmedia":[{"embeddable":true,"href":"https:\/\/portaltela.pt\/api\/wp\/v2\/media\/165908"}],"wp:attachment":[{"href":"https:\/\/portaltela.pt\/api\/wp\/v2\/media?parent=165905"}],"wp:term":[{"taxonomy":"category","embeddable":true,"href":"https:\/\/portaltela.pt\/api\/wp\/v2\/categories?post=165905"},{"taxonomy":"post_tag","embeddable":true,"href":"https:\/\/portaltela.pt\/api\/wp\/v2\/tags?post=165905"}],"curies":[{"name":"wp","href":"https:\/\/api.w.org\/{rel}","templated":true}]}}