{"id":165864,"date":"2026-01-23T04:13:23","date_gmt":"2026-01-23T07:13:23","guid":{"rendered":"https:\/\/portaltela.pt\/noticias\/2026\/01\/23\/elvas-lanca-questionario-do-diagnostico-social-do-concelho\/"},"modified":"2026-01-23T04:13:23","modified_gmt":"2026-01-23T07:13:23","slug":"elvas-lanca-questionario-do-diagnostico-social-do-concelho","status":"publish","type":"post","link":"https:\/\/portaltela.pt\/noticias\/2026\/01\/23\/elvas-lanca-questionario-do-diagnostico-social-do-concelho\/","title":{"rendered":"Elvas lan\u00e7a question\u00e1rio do Diagn\u00f3stico Social do concelho"},"content":{"rendered":"<p>O Munic\u00edpio de Elvas, atrav\u00e9s do Radar Social, lan\u00e7ou o Question\u00e1rio do Diagn\u00f3stico Social do Concelho de Elvas. O objetivo \u00e9 atualizar o diagn\u00f3stico comunit\u00e1rio e fomentar a proximidade, a colabora\u00e7\u00e3o e a interajuda na interpreta\u00e7\u00e3o da realidade social local.<\/p>\n<p>A recolha de dados visa definir orienta\u00e7\u00f5es estrat\u00e9gicas para a Rede Social de Elvas, com foco na resolu\u00e7\u00e3o de problemas que afectam quem est\u00e1 em situa\u00e7\u00e3o de vulnerabilidade, pobreza ou exclus\u00e3o. A participa\u00e7\u00e3o contribui para condi\u00e7\u00f5es futuras mais inclusivas.<\/p>\n<p>O question\u00e1rio \u00e9 volunt\u00e1rio e est\u00e1 dispon\u00edvel at\u00e9 24 de abril de 2025. N\u00e3o existem respostas certas ou erradas; o objetivo \u00e9 obter perspetivas diversas. Os dados s\u00e3o tratados de forma confidencial e global, garantindo o car\u00e1cter an\u00f3nimo do preenchimento.<\/p>\n<p>Para contribuir, as pessoas podem aceder ao Question\u00e1rio do Diagn\u00f3stico Social do Concelho de Elvas atrav\u00e9s do formul\u00e1rio online indicado pela C\u00e2mara Municipal. A equipa t\u00e9cnica do Radar Social de Elvas agradece a participa\u00e7\u00e3o.<\/p>\n<p>O Radar Social de Elvas \u00e9 financiado pelo Mecanismo de Recupera\u00e7\u00e3o e Resili\u00eancia da Comiss\u00e3o Europeia.<\/p>\n","protected":false},"excerpt":{"rendered":"<ul>\n<li>O Radar Social da C\u00e2mara Municipal de Elvas vai aplicar o Question\u00e1rio do Diagn\u00f3stico Social do Concelho de Elvas \u00e0 popula\u00e7\u00e3o de Elvas.<\/li>\n<li>O objetivo \u00e9 atualizar o diagn\u00f3stico, promover proximidade, colabora\u00e7\u00e3o e interajuda para interpretar a realidade social de Elvas e orientar o planeamento da Rede Social de Elvas.<\/li>\n<li>A informa\u00e7\u00e3o recolhida visa criar orienta\u00e7\u00f5es estrat\u00e9gicas de planeamento e a\u00e7\u00e3o para problemas de vulnerabilidade, pobreza e exclus\u00e3o social.<\/li>\n<li>Pedem-se respostas volunt\u00e1rias at\u00e9 ao dia 24 de abril de 2025, com question\u00e1rio totalmente an\u00f3nimo e sem respostas certas ou erradas.<\/li>\n<li>O Radar Social de Elvas recebe financiamento do Mecanismo de Recupera\u00e7\u00e3o e Resili\u00eancia da Comiss\u00e3o Europeia.<\/li>\n<\/ul>\n","protected":false},"author":2,"featured_media":165871,"comment_status":"closed","ping_status":"closed","sticky":false,"template":"","format":"standard","meta":{"footnotes":""},"categories":[1],"tags":[3035,144,2805,1089,1249,2484],"class_list":["post-165864","post","type-post","status-publish","format-standard","has-post-thumbnail","hentry","category-noticias","tag-comunidade","tag-concelho","tag-diagnostico","tag-elvas","tag-participacao","tag-radar-social"],"yoast_head":"<!-- This site is optimized with the Yoast SEO plugin v27.2 - https:\/\/yoast.com\/product\/yoast-seo-wordpress\/ -->\n<title>Elvas lan\u00e7a question\u00e1rio do Diagn\u00f3stico Social do concelho - Portal Tela Portugal<\/title>\n<meta name=\"robots\" content=\"index, follow, max-snippet:-1, max-image-preview:large, max-video-preview:-1\" \/>\n<meta property=\"og:locale\" content=\"pt_PT\" \/>\n<meta property=\"og:type\" content=\"article\" \/>\n<meta property=\"og:title\" content=\"Elvas lan\u00e7a question\u00e1rio do Diagn\u00f3stico Social do concelho - Portal Tela Portugal\" \/>\n<meta property=\"og:description\" content=\"O Radar Social da C\u00e2mara Municipal de Elvas vai aplicar o Question\u00e1rio do Diagn\u00f3stico Social do Concelho de Elvas \u00e0 popula\u00e7\u00e3o de Elvas. O objetivo \u00e9 atualizar o diagn\u00f3stico, promover proximidade, colabora\u00e7\u00e3o e interajuda para interpretar a realidade social de Elvas e orientar o planeamento da Rede Social de Elvas. A informa\u00e7\u00e3o recolhida visa criar orienta\u00e7\u00f5es estrat\u00e9gicas de planeamento e a\u00e7\u00e3o para problemas de vulnerabilidade, pobreza e exclus\u00e3o social. Pedem-se respostas volunt\u00e1rias at\u00e9 ao dia 24 de abril de 2025, com question\u00e1rio totalmente an\u00f3nimo e sem respostas certas ou erradas. O Radar Social de Elvas recebe financiamento do Mecanismo de Recupera\u00e7\u00e3o e Resili\u00eancia da Comiss\u00e3o Europeia.\" \/>\n<meta property=\"og:url\" content=\"https:\/\/portaltela.pt\/noticias\/2026\/01\/23\/elvas-lanca-questionario-do-diagnostico-social-do-concelho\/\" \/>\n<meta property=\"og:site_name\" content=\"Portal Tela Portugal\" \/>\n<meta property=\"article:published_time\" content=\"2026-01-23T07:13:23+00:00\" \/>\n<meta name=\"author\" content=\"Telinha\" \/>\n<meta name=\"twitter:card\" content=\"summary_large_image\" \/>\n<meta name=\"twitter:label1\" content=\"Escrito por\" \/>\n\t<meta name=\"twitter:data1\" content=\"Telinha\" \/>\n\t<meta name=\"twitter:label2\" content=\"Tempo estimado de leitura\" \/>\n\t<meta name=\"twitter:data2\" content=\"1 minuto\" \/>\n<script type=\"application\/ld+json\" class=\"yoast-schema-graph\">{\"@context\":\"https:\/\/schema.org\",\"@graph\":[{\"@type\":\"Article\",\"@id\":\"https:\/\/portaltela.pt\/noticias\/2026\/01\/23\/elvas-lanca-questionario-do-diagnostico-social-do-concelho\/#article\",\"isPartOf\":{\"@id\":\"https:\/\/portaltela.pt\/noticias\/2026\/01\/23\/elvas-lanca-questionario-do-diagnostico-social-do-concelho\/\"},\"author\":{\"name\":\"Telinha\",\"@id\":\"https:\/\/portaltela.pt\/#\/schema\/person\/c4278d4a6028830caff9ee44b42d32ed\"},\"headline\":\"Elvas lan\u00e7a question\u00e1rio do Diagn\u00f3stico Social do concelho\",\"datePublished\":\"2026-01-23T07:13:23+00:00\",\"mainEntityOfPage\":{\"@id\":\"https:\/\/portaltela.pt\/noticias\/2026\/01\/23\/elvas-lanca-questionario-do-diagnostico-social-do-concelho\/\"},\"wordCount\":207,\"image\":{\"@id\":\"https:\/\/portaltela.pt\/noticias\/2026\/01\/23\/elvas-lanca-questionario-do-diagnostico-social-do-concelho\/#primaryimage\"},\"thumbnailUrl\":\"https:\/\/portaltela.pt\/s.01k8rhncp4jt1\/2026\/01\/unnamed-file-4710.jpg\",\"keywords\":[\"comunidade\",\"concelho\",\"diagn\u00f3stico\",\"Elvas\",\"participa\u00e7\u00e3o\",\"Radar Social\"],\"articleSection\":[\"Not\u00edcias\"],\"inLanguage\":\"pt-PT\"},{\"@type\":\"WebPage\",\"@id\":\"https:\/\/portaltela.pt\/noticias\/2026\/01\/23\/elvas-lanca-questionario-do-diagnostico-social-do-concelho\/\",\"url\":\"https:\/\/portaltela.pt\/noticias\/2026\/01\/23\/elvas-lanca-questionario-do-diagnostico-social-do-concelho\/\",\"name\":\"Elvas lan\u00e7a question\u00e1rio do Diagn\u00f3stico Social do concelho - Portal Tela Portugal\",\"isPartOf\":{\"@id\":\"https:\/\/portaltela.pt\/#website\"},\"primaryImageOfPage\":{\"@id\":\"https:\/\/portaltela.pt\/noticias\/2026\/01\/23\/elvas-lanca-questionario-do-diagnostico-social-do-concelho\/#primaryimage\"},\"image\":{\"@id\":\"https:\/\/portaltela.pt\/noticias\/2026\/01\/23\/elvas-lanca-questionario-do-diagnostico-social-do-concelho\/#primaryimage\"},\"thumbnailUrl\":\"https:\/\/portaltela.pt\/s.01k8rhncp4jt1\/2026\/01\/unnamed-file-4710.jpg\",\"datePublished\":\"2026-01-23T07:13:23+00:00\",\"author\":{\"@id\":\"https:\/\/portaltela.pt\/#\/schema\/person\/c4278d4a6028830caff9ee44b42d32ed\"},\"breadcrumb\":{\"@id\":\"https:\/\/portaltela.pt\/noticias\/2026\/01\/23\/elvas-lanca-questionario-do-diagnostico-social-do-concelho\/#breadcrumb\"},\"inLanguage\":\"pt-PT\",\"potentialAction\":[{\"@type\":\"ReadAction\",\"target\":[\"https:\/\/portaltela.pt\/noticias\/2026\/01\/23\/elvas-lanca-questionario-do-diagnostico-social-do-concelho\/\"]}]},{\"@type\":\"ImageObject\",\"inLanguage\":\"pt-PT\",\"@id\":\"https:\/\/portaltela.pt\/noticias\/2026\/01\/23\/elvas-lanca-questionario-do-diagnostico-social-do-concelho\/#primaryimage\",\"url\":\"https:\/\/portaltela.pt\/s.01k8rhncp4jt1\/2026\/01\/unnamed-file-4710.jpg\",\"contentUrl\":\"https:\/\/portaltela.pt\/s.01k8rhncp4jt1\/2026\/01\/unnamed-file-4710.jpg\",\"width\":796,\"height\":448,\"caption\":\"Question\u00e1rio do Diagn\u00f3stico Social do Concelho de Elvas\"},{\"@type\":\"BreadcrumbList\",\"@id\":\"https:\/\/portaltela.pt\/noticias\/2026\/01\/23\/elvas-lanca-questionario-do-diagnostico-social-do-concelho\/#breadcrumb\",\"itemListElement\":[{\"@type\":\"ListItem\",\"position\":1,\"name\":\"In\u00edcio\",\"item\":\"https:\/\/portaltela.pt\/\"},{\"@type\":\"ListItem\",\"position\":2,\"name\":\"Elvas lan\u00e7a question\u00e1rio do Diagn\u00f3stico Social do concelho\"}]},{\"@type\":\"WebSite\",\"@id\":\"https:\/\/portaltela.pt\/#website\",\"url\":\"https:\/\/portaltela.pt\/\",\"name\":\"Portal Tela Portugal\",\"description\":\"\",\"potentialAction\":[{\"@type\":\"SearchAction\",\"target\":{\"@type\":\"EntryPoint\",\"urlTemplate\":\"https:\/\/portaltela.pt\/?s={search_term_string}\"},\"query-input\":{\"@type\":\"PropertyValueSpecification\",\"valueRequired\":true,\"valueName\":\"search_term_string\"}}],\"inLanguage\":\"pt-PT\"},{\"@type\":\"Person\",\"@id\":\"https:\/\/portaltela.pt\/#\/schema\/person\/c4278d4a6028830caff9ee44b42d32ed\",\"name\":\"Telinha\",\"image\":{\"@type\":\"ImageObject\",\"inLanguage\":\"pt-PT\",\"@id\":\"https:\/\/portaltela.pt\/s.01k8rhncp4jt1\/2025\/11\/talking-bot-125x125.png\",\"url\":\"https:\/\/portaltela.pt\/s.01k8rhncp4jt1\/2025\/11\/talking-bot-125x125.png\",\"contentUrl\":\"https:\/\/portaltela.pt\/s.01k8rhncp4jt1\/2025\/11\/talking-bot-125x125.png\",\"caption\":\"Telinha\"},\"sameAs\":[\"https:\/\/portaltela.pt\/\"],\"url\":\"https:\/\/portaltela.pt\/por\/367410592786\/\"}]}<\/script>\n<!-- \/ Yoast SEO plugin. -->","yoast_head_json":{"title":"Elvas lan\u00e7a question\u00e1rio do Diagn\u00f3stico Social do concelho - Portal Tela Portugal","robots":{"index":"index","follow":"follow","max-snippet":"max-snippet:-1","max-image-preview":"max-image-preview:large","max-video-preview":"max-video-preview:-1"},"og_locale":"pt_PT","og_type":"article","og_title":"Elvas lan\u00e7a question\u00e1rio do Diagn\u00f3stico Social do concelho - Portal Tela Portugal","og_description":"O Radar Social da C\u00e2mara Municipal de Elvas vai aplicar o Question\u00e1rio do Diagn\u00f3stico Social do Concelho de Elvas \u00e0 popula\u00e7\u00e3o de Elvas. O objetivo \u00e9 atualizar o diagn\u00f3stico, promover proximidade, colabora\u00e7\u00e3o e interajuda para interpretar a realidade social de Elvas e orientar o planeamento da Rede Social de Elvas. A informa\u00e7\u00e3o recolhida visa criar orienta\u00e7\u00f5es estrat\u00e9gicas de planeamento e a\u00e7\u00e3o para problemas de vulnerabilidade, pobreza e exclus\u00e3o social. Pedem-se respostas volunt\u00e1rias at\u00e9 ao dia 24 de abril de 2025, com question\u00e1rio totalmente an\u00f3nimo e sem respostas certas ou erradas. O Radar Social de Elvas recebe financiamento do Mecanismo de Recupera\u00e7\u00e3o e Resili\u00eancia da Comiss\u00e3o Europeia.","og_url":"https:\/\/portaltela.pt\/noticias\/2026\/01\/23\/elvas-lanca-questionario-do-diagnostico-social-do-concelho\/","og_site_name":"Portal Tela Portugal","article_published_time":"2026-01-23T07:13:23+00:00","author":"Telinha","twitter_card":"summary_large_image","twitter_misc":{"Escrito por":"Telinha","Tempo estimado de leitura":"1 minuto"},"schema":{"@context":"https:\/\/schema.org","@graph":[{"@type":"Article","@id":"https:\/\/portaltela.pt\/noticias\/2026\/01\/23\/elvas-lanca-questionario-do-diagnostico-social-do-concelho\/#article","isPartOf":{"@id":"https:\/\/portaltela.pt\/noticias\/2026\/01\/23\/elvas-lanca-questionario-do-diagnostico-social-do-concelho\/"},"author":{"name":"Telinha","@id":"https:\/\/portaltela.pt\/#\/schema\/person\/c4278d4a6028830caff9ee44b42d32ed"},"headline":"Elvas lan\u00e7a question\u00e1rio do Diagn\u00f3stico Social do concelho","datePublished":"2026-01-23T07:13:23+00:00","mainEntityOfPage":{"@id":"https:\/\/portaltela.pt\/noticias\/2026\/01\/23\/elvas-lanca-questionario-do-diagnostico-social-do-concelho\/"},"wordCount":207,"image":{"@id":"https:\/\/portaltela.pt\/noticias\/2026\/01\/23\/elvas-lanca-questionario-do-diagnostico-social-do-concelho\/#primaryimage"},"thumbnailUrl":"https:\/\/portaltela.pt\/s.01k8rhncp4jt1\/2026\/01\/unnamed-file-4710.jpg","keywords":["comunidade","concelho","diagn\u00f3stico","Elvas","participa\u00e7\u00e3o","Radar Social"],"articleSection":["Not\u00edcias"],"inLanguage":"pt-PT"},{"@type":"WebPage","@id":"https:\/\/portaltela.pt\/noticias\/2026\/01\/23\/elvas-lanca-questionario-do-diagnostico-social-do-concelho\/","url":"https:\/\/portaltela.pt\/noticias\/2026\/01\/23\/elvas-lanca-questionario-do-diagnostico-social-do-concelho\/","name":"Elvas lan\u00e7a question\u00e1rio do Diagn\u00f3stico Social do concelho - Portal Tela Portugal","isPartOf":{"@id":"https:\/\/portaltela.pt\/#website"},"primaryImageOfPage":{"@id":"https:\/\/portaltela.pt\/noticias\/2026\/01\/23\/elvas-lanca-questionario-do-diagnostico-social-do-concelho\/#primaryimage"},"image":{"@id":"https:\/\/portaltela.pt\/noticias\/2026\/01\/23\/elvas-lanca-questionario-do-diagnostico-social-do-concelho\/#primaryimage"},"thumbnailUrl":"https:\/\/portaltela.pt\/s.01k8rhncp4jt1\/2026\/01\/unnamed-file-4710.jpg","datePublished":"2026-01-23T07:13:23+00:00","author":{"@id":"https:\/\/portaltela.pt\/#\/schema\/person\/c4278d4a6028830caff9ee44b42d32ed"},"breadcrumb":{"@id":"https:\/\/portaltela.pt\/noticias\/2026\/01\/23\/elvas-lanca-questionario-do-diagnostico-social-do-concelho\/#breadcrumb"},"inLanguage":"pt-PT","potentialAction":[{"@type":"ReadAction","target":["https:\/\/portaltela.pt\/noticias\/2026\/01\/23\/elvas-lanca-questionario-do-diagnostico-social-do-concelho\/"]}]},{"@type":"ImageObject","inLanguage":"pt-PT","@id":"https:\/\/portaltela.pt\/noticias\/2026\/01\/23\/elvas-lanca-questionario-do-diagnostico-social-do-concelho\/#primaryimage","url":"https:\/\/portaltela.pt\/s.01k8rhncp4jt1\/2026\/01\/unnamed-file-4710.jpg","contentUrl":"https:\/\/portaltela.pt\/s.01k8rhncp4jt1\/2026\/01\/unnamed-file-4710.jpg","width":796,"height":448,"caption":"Question\u00e1rio do Diagn\u00f3stico Social do Concelho de Elvas"},{"@type":"BreadcrumbList","@id":"https:\/\/portaltela.pt\/noticias\/2026\/01\/23\/elvas-lanca-questionario-do-diagnostico-social-do-concelho\/#breadcrumb","itemListElement":[{"@type":"ListItem","position":1,"name":"In\u00edcio","item":"https:\/\/portaltela.pt\/"},{"@type":"ListItem","position":2,"name":"Elvas lan\u00e7a question\u00e1rio do Diagn\u00f3stico Social do concelho"}]},{"@type":"WebSite","@id":"https:\/\/portaltela.pt\/#website","url":"https:\/\/portaltela.pt\/","name":"Portal Tela Portugal","description":"","potentialAction":[{"@type":"SearchAction","target":{"@type":"EntryPoint","urlTemplate":"https:\/\/portaltela.pt\/?s={search_term_string}"},"query-input":{"@type":"PropertyValueSpecification","valueRequired":true,"valueName":"search_term_string"}}],"inLanguage":"pt-PT"},{"@type":"Person","@id":"https:\/\/portaltela.pt\/#\/schema\/person\/c4278d4a6028830caff9ee44b42d32ed","name":"Telinha","image":{"@type":"ImageObject","inLanguage":"pt-PT","@id":"https:\/\/portaltela.pt\/s.01k8rhncp4jt1\/2025\/11\/talking-bot-125x125.png","url":"https:\/\/portaltela.pt\/s.01k8rhncp4jt1\/2025\/11\/talking-bot-125x125.png","contentUrl":"https:\/\/portaltela.pt\/s.01k8rhncp4jt1\/2025\/11\/talking-bot-125x125.png","caption":"Telinha"},"sameAs":["https:\/\/portaltela.pt\/"],"url":"https:\/\/portaltela.pt\/por\/367410592786\/"}]}},"_links":{"self":[{"href":"https:\/\/portaltela.pt\/api\/wp\/v2\/posts\/165864","targetHints":{"allow":["GET"]}}],"collection":[{"href":"https:\/\/portaltela.pt\/api\/wp\/v2\/posts"}],"about":[{"href":"https:\/\/portaltela.pt\/api\/wp\/v2\/types\/post"}],"author":[{"embeddable":true,"href":"https:\/\/portaltela.pt\/api\/wp\/v2\/users\/2"}],"replies":[{"embeddable":true,"href":"https:\/\/portaltela.pt\/api\/wp\/v2\/comments?post=165864"}],"version-history":[{"count":0,"href":"https:\/\/portaltela.pt\/api\/wp\/v2\/posts\/165864\/revisions"}],"wp:featuredmedia":[{"embeddable":true,"href":"https:\/\/portaltela.pt\/api\/wp\/v2\/media\/165871"}],"wp:attachment":[{"href":"https:\/\/portaltela.pt\/api\/wp\/v2\/media?parent=165864"}],"wp:term":[{"taxonomy":"category","embeddable":true,"href":"https:\/\/portaltela.pt\/api\/wp\/v2\/categories?post=165864"},{"taxonomy":"post_tag","embeddable":true,"href":"https:\/\/portaltela.pt\/api\/wp\/v2\/tags?post=165864"}],"curies":[{"name":"wp","href":"https:\/\/api.w.org\/{rel}","templated":true}]}}