{"id":165837,"date":"2026-01-23T04:01:00","date_gmt":"2026-01-23T07:01:00","guid":{"rendered":"https:\/\/portaltela.pt\/noticias\/2026\/01\/23\/concursos-de-saude-simultaneos-colocam-publico-e-privado-a-competir-por-medicos\/"},"modified":"2026-01-23T04:01:00","modified_gmt":"2026-01-23T07:01:00","slug":"concursos-de-saude-simultaneos-colocam-publico-e-privado-a-competir-por-medicos","status":"publish","type":"post","link":"https:\/\/portaltela.pt\/noticias\/2026\/01\/23\/concursos-de-saude-simultaneos-colocam-publico-e-privado-a-competir-por-medicos\/","title":{"rendered":"Concursos de sa\u00fade simult\u00e2neos colocam p\u00fablico e privado a competir por m\u00e9dicos"},"content":{"rendered":"<p>Os concursos que visam criar unidades de sa\u00fade familiar com gest\u00e3o privada (modelo C) decorreram em simult\u00e2neo com o concurso nacional para m\u00e9dicos de fam\u00edlia que terminar\u00e1 de preencher vagas. A coincid\u00eancia provocou cr\u00edticas sobre a concorr\u00eancia entre SNS e setor privado pelos mesmos profissionais.<\/p>\n<p>Os primeiros concursos criados pelas unidades locais de sa\u00fade (ULS) para USF com gest\u00e3o privada j\u00e1 estavam aprovados h\u00e1 mais de um ano. O objetivo \u00e9 aumentar a cobertura de utentes com m\u00e9dico de fam\u00edlia, segundo a Administra\u00e7\u00e3o Central do Sistema de Sa\u00fade (ACSS).<\/p>\n<p>O concurso nacional abriu em dezembro e fechou na semana passada, com 142 vagas inicialmente dispon\u00edveis. J\u00e1 foram ocupadas 50 vagas, numa corrida que envolve m\u00e9dicos formados na segunda \u00e9poca de 2025. A ocupa\u00e7\u00e3o parcial gerou preocupa\u00e7\u00f5es sobre a disputa por talentos entre setores.<\/p>\n<h3>Contexto e condi\u00e7\u00f5es de contrata\u00e7\u00e3o<\/h3>\n<p>M\u00e9dicos alertam para os riscos da concorr\u00eancia entre SNS e privado, sobretudo em rela\u00e7\u00e3o a contratos de trabalho. A USF-C, por exemplo, n\u00e3o pode contratar m\u00e9dicos com v\u00ednculo ao SNS nos \u00faltimos tr\u00eas anos. Contudo, pode recrutar internos ou rec\u00e9m-formados sem contrato de especialista.<\/p>\n<p>A ACSS afirmou que n\u00e3o houve interfer\u00eancia entre os dois procedimentos. Alega que as solu\u00e7\u00f5es visam apenas aumentar a disponibilidade de m\u00e9dicos de fam\u00edlia para os utentes. A posi\u00e7\u00e3o oficial sustenta que os concursos operam de forma independente, com foco em ampliar a cobertura.<\/p>\n","protected":false},"excerpt":{"rendered":"<ul>\n<li>As USF-C n\u00e3o podem contratar m\u00e9dicos com v\u00ednculo ao SNS nos \u00faltimos tr\u00eas anos, mas podem recrutar internos ou rec\u00e9m-formados sem contrato de especialista.<\/li>\n<li>Os primeiros concursos para criar unidades de sa\u00fade familiar com gest\u00e3o privada (modelo C) decorreram a par do concurso nacional para m\u00e9dicos de fam\u00edlia formados na segunda \u00e9poca de 2025.<\/li>\n<li>O procedimento abriu em dezembro e fechou na semana passada, preenchendo 50 das 142 vagas dispon\u00edveis.<\/li>\n<li>A coincid\u00eancia entre processos foi criticada por colocar o SNS e o setor privado a competir pelos mesmos m\u00e9dicos.<\/li>\n<li>A Administra\u00e7\u00e3o Central do Sistema de Sa\u00fade (ACSS) garante que n\u00e3o houve interfer\u00eancia entre os procedimentos e que o objetivo \u00e9 aumentar a cobertura de utentes com m\u00e9dico de fam\u00edlia.<\/li>\n<\/ul>\n","protected":false},"author":2,"featured_media":165843,"comment_status":"closed","ping_status":"closed","sticky":false,"template":"","format":"standard","meta":{"footnotes":""},"categories":[1],"tags":[3863,164,172,271,2824,1775],"class_list":["post-165837","post","type-post","status-publish","format-standard","has-post-thumbnail","hentry","category-noticias","tag-acss","tag-concurso","tag-saude","tag-saude-publica","tag-setor-publico","tag-sns"],"yoast_head":"<!-- This site is optimized with the Yoast SEO plugin v27.2 - https:\/\/yoast.com\/product\/yoast-seo-wordpress\/ -->\n<title>Concursos de sa\u00fade simult\u00e2neos colocam p\u00fablico e privado a competir por m\u00e9dicos - Portal Tela Portugal<\/title>\n<meta name=\"robots\" content=\"index, follow, max-snippet:-1, max-image-preview:large, max-video-preview:-1\" \/>\n<meta property=\"og:locale\" content=\"pt_PT\" \/>\n<meta property=\"og:type\" content=\"article\" \/>\n<meta property=\"og:title\" content=\"Concursos de sa\u00fade simult\u00e2neos colocam p\u00fablico e privado a competir por m\u00e9dicos - Portal Tela Portugal\" \/>\n<meta property=\"og:description\" content=\"As USF-C n\u00e3o podem contratar m\u00e9dicos com v\u00ednculo ao SNS nos \u00faltimos tr\u00eas anos, mas podem recrutar internos ou rec\u00e9m-formados sem contrato de especialista. Os primeiros concursos para criar unidades de sa\u00fade familiar com gest\u00e3o privada (modelo C) decorreram a par do concurso nacional para m\u00e9dicos de fam\u00edlia formados na segunda \u00e9poca de 2025. O procedimento abriu em dezembro e fechou na semana passada, preenchendo 50 das 142 vagas dispon\u00edveis. A coincid\u00eancia entre processos foi criticada por colocar o SNS e o setor privado a competir pelos mesmos m\u00e9dicos. A Administra\u00e7\u00e3o Central do Sistema de Sa\u00fade (ACSS) garante que n\u00e3o houve interfer\u00eancia entre os procedimentos e que o objetivo \u00e9 aumentar a cobertura de utentes com m\u00e9dico de fam\u00edlia.\" \/>\n<meta property=\"og:url\" content=\"https:\/\/portaltela.pt\/noticias\/2026\/01\/23\/concursos-de-saude-simultaneos-colocam-publico-e-privado-a-competir-por-medicos\/\" \/>\n<meta property=\"og:site_name\" content=\"Portal Tela Portugal\" \/>\n<meta property=\"article:published_time\" content=\"2026-01-23T07:01:00+00:00\" \/>\n<meta name=\"author\" content=\"Telinha\" \/>\n<meta name=\"twitter:card\" content=\"summary_large_image\" \/>\n<meta name=\"twitter:label1\" content=\"Escrito por\" \/>\n\t<meta name=\"twitter:data1\" content=\"Telinha\" \/>\n\t<meta name=\"twitter:label2\" content=\"Tempo estimado de leitura\" \/>\n\t<meta name=\"twitter:data2\" content=\"1 minuto\" \/>\n<script type=\"application\/ld+json\" class=\"yoast-schema-graph\">{\"@context\":\"https:\/\/schema.org\",\"@graph\":[{\"@type\":\"Article\",\"@id\":\"https:\/\/portaltela.pt\/noticias\/2026\/01\/23\/concursos-de-saude-simultaneos-colocam-publico-e-privado-a-competir-por-medicos\/#article\",\"isPartOf\":{\"@id\":\"https:\/\/portaltela.pt\/noticias\/2026\/01\/23\/concursos-de-saude-simultaneos-colocam-publico-e-privado-a-competir-por-medicos\/\"},\"author\":{\"name\":\"Telinha\",\"@id\":\"https:\/\/portaltela.pt\/#\/schema\/person\/c4278d4a6028830caff9ee44b42d32ed\"},\"headline\":\"Concursos de sa\u00fade simult\u00e2neos colocam p\u00fablico e privado a competir por m\u00e9dicos\",\"datePublished\":\"2026-01-23T07:01:00+00:00\",\"mainEntityOfPage\":{\"@id\":\"https:\/\/portaltela.pt\/noticias\/2026\/01\/23\/concursos-de-saude-simultaneos-colocam-publico-e-privado-a-competir-por-medicos\/\"},\"wordCount\":272,\"image\":{\"@id\":\"https:\/\/portaltela.pt\/noticias\/2026\/01\/23\/concursos-de-saude-simultaneos-colocam-publico-e-privado-a-competir-por-medicos\/#primaryimage\"},\"thumbnailUrl\":\"https:\/\/portaltela.pt\/s.01k8rhncp4jt1\/2026\/01\/2060725.jpg\",\"keywords\":[\"ACSS\",\"concurso\",\"sa\u00fade\",\"sa\u00fade p\u00fablica\",\"setor p\u00fablico\",\"SNS\"],\"articleSection\":[\"Not\u00edcias\"],\"inLanguage\":\"pt-PT\"},{\"@type\":\"WebPage\",\"@id\":\"https:\/\/portaltela.pt\/noticias\/2026\/01\/23\/concursos-de-saude-simultaneos-colocam-publico-e-privado-a-competir-por-medicos\/\",\"url\":\"https:\/\/portaltela.pt\/noticias\/2026\/01\/23\/concursos-de-saude-simultaneos-colocam-publico-e-privado-a-competir-por-medicos\/\",\"name\":\"Concursos de sa\u00fade simult\u00e2neos colocam p\u00fablico e privado a competir por m\u00e9dicos - Portal Tela Portugal\",\"isPartOf\":{\"@id\":\"https:\/\/portaltela.pt\/#website\"},\"primaryImageOfPage\":{\"@id\":\"https:\/\/portaltela.pt\/noticias\/2026\/01\/23\/concursos-de-saude-simultaneos-colocam-publico-e-privado-a-competir-por-medicos\/#primaryimage\"},\"image\":{\"@id\":\"https:\/\/portaltela.pt\/noticias\/2026\/01\/23\/concursos-de-saude-simultaneos-colocam-publico-e-privado-a-competir-por-medicos\/#primaryimage\"},\"thumbnailUrl\":\"https:\/\/portaltela.pt\/s.01k8rhncp4jt1\/2026\/01\/2060725.jpg\",\"datePublished\":\"2026-01-23T07:01:00+00:00\",\"author\":{\"@id\":\"https:\/\/portaltela.pt\/#\/schema\/person\/c4278d4a6028830caff9ee44b42d32ed\"},\"breadcrumb\":{\"@id\":\"https:\/\/portaltela.pt\/noticias\/2026\/01\/23\/concursos-de-saude-simultaneos-colocam-publico-e-privado-a-competir-por-medicos\/#breadcrumb\"},\"inLanguage\":\"pt-PT\",\"potentialAction\":[{\"@type\":\"ReadAction\",\"target\":[\"https:\/\/portaltela.pt\/noticias\/2026\/01\/23\/concursos-de-saude-simultaneos-colocam-publico-e-privado-a-competir-por-medicos\/\"]}]},{\"@type\":\"ImageObject\",\"inLanguage\":\"pt-PT\",\"@id\":\"https:\/\/portaltela.pt\/noticias\/2026\/01\/23\/concursos-de-saude-simultaneos-colocam-publico-e-privado-a-competir-por-medicos\/#primaryimage\",\"url\":\"https:\/\/portaltela.pt\/s.01k8rhncp4jt1\/2026\/01\/2060725.jpg\",\"contentUrl\":\"https:\/\/portaltela.pt\/s.01k8rhncp4jt1\/2026\/01\/2060725.jpg\",\"width\":796,\"height\":448,\"caption\":\"Os m\u00e9dicos que terminaram a especialidade na segunda \u00e9poca de 2025 puderam escolher entre as USF com gest\u00e3o p\u00fablica e as USF com gest\u00e3o privada\"},{\"@type\":\"BreadcrumbList\",\"@id\":\"https:\/\/portaltela.pt\/noticias\/2026\/01\/23\/concursos-de-saude-simultaneos-colocam-publico-e-privado-a-competir-por-medicos\/#breadcrumb\",\"itemListElement\":[{\"@type\":\"ListItem\",\"position\":1,\"name\":\"In\u00edcio\",\"item\":\"https:\/\/portaltela.pt\/\"},{\"@type\":\"ListItem\",\"position\":2,\"name\":\"Concursos de sa\u00fade simult\u00e2neos colocam p\u00fablico e privado a competir por m\u00e9dicos\"}]},{\"@type\":\"WebSite\",\"@id\":\"https:\/\/portaltela.pt\/#website\",\"url\":\"https:\/\/portaltela.pt\/\",\"name\":\"Portal Tela Portugal\",\"description\":\"\",\"potentialAction\":[{\"@type\":\"SearchAction\",\"target\":{\"@type\":\"EntryPoint\",\"urlTemplate\":\"https:\/\/portaltela.pt\/?s={search_term_string}\"},\"query-input\":{\"@type\":\"PropertyValueSpecification\",\"valueRequired\":true,\"valueName\":\"search_term_string\"}}],\"inLanguage\":\"pt-PT\"},{\"@type\":\"Person\",\"@id\":\"https:\/\/portaltela.pt\/#\/schema\/person\/c4278d4a6028830caff9ee44b42d32ed\",\"name\":\"Telinha\",\"image\":{\"@type\":\"ImageObject\",\"inLanguage\":\"pt-PT\",\"@id\":\"https:\/\/portaltela.pt\/s.01k8rhncp4jt1\/2025\/11\/talking-bot-125x125.png\",\"url\":\"https:\/\/portaltela.pt\/s.01k8rhncp4jt1\/2025\/11\/talking-bot-125x125.png\",\"contentUrl\":\"https:\/\/portaltela.pt\/s.01k8rhncp4jt1\/2025\/11\/talking-bot-125x125.png\",\"caption\":\"Telinha\"},\"sameAs\":[\"https:\/\/portaltela.pt\/\"],\"url\":\"https:\/\/portaltela.pt\/por\/367410592786\/\"}]}<\/script>\n<!-- \/ Yoast SEO plugin. -->","yoast_head_json":{"title":"Concursos de sa\u00fade simult\u00e2neos colocam p\u00fablico e privado a competir por m\u00e9dicos - Portal Tela Portugal","robots":{"index":"index","follow":"follow","max-snippet":"max-snippet:-1","max-image-preview":"max-image-preview:large","max-video-preview":"max-video-preview:-1"},"og_locale":"pt_PT","og_type":"article","og_title":"Concursos de sa\u00fade simult\u00e2neos colocam p\u00fablico e privado a competir por m\u00e9dicos - Portal Tela Portugal","og_description":"As USF-C n\u00e3o podem contratar m\u00e9dicos com v\u00ednculo ao SNS nos \u00faltimos tr\u00eas anos, mas podem recrutar internos ou rec\u00e9m-formados sem contrato de especialista. Os primeiros concursos para criar unidades de sa\u00fade familiar com gest\u00e3o privada (modelo C) decorreram a par do concurso nacional para m\u00e9dicos de fam\u00edlia formados na segunda \u00e9poca de 2025. O procedimento abriu em dezembro e fechou na semana passada, preenchendo 50 das 142 vagas dispon\u00edveis. A coincid\u00eancia entre processos foi criticada por colocar o SNS e o setor privado a competir pelos mesmos m\u00e9dicos. A Administra\u00e7\u00e3o Central do Sistema de Sa\u00fade (ACSS) garante que n\u00e3o houve interfer\u00eancia entre os procedimentos e que o objetivo \u00e9 aumentar a cobertura de utentes com m\u00e9dico de fam\u00edlia.","og_url":"https:\/\/portaltela.pt\/noticias\/2026\/01\/23\/concursos-de-saude-simultaneos-colocam-publico-e-privado-a-competir-por-medicos\/","og_site_name":"Portal Tela Portugal","article_published_time":"2026-01-23T07:01:00+00:00","author":"Telinha","twitter_card":"summary_large_image","twitter_misc":{"Escrito por":"Telinha","Tempo estimado de leitura":"1 minuto"},"schema":{"@context":"https:\/\/schema.org","@graph":[{"@type":"Article","@id":"https:\/\/portaltela.pt\/noticias\/2026\/01\/23\/concursos-de-saude-simultaneos-colocam-publico-e-privado-a-competir-por-medicos\/#article","isPartOf":{"@id":"https:\/\/portaltela.pt\/noticias\/2026\/01\/23\/concursos-de-saude-simultaneos-colocam-publico-e-privado-a-competir-por-medicos\/"},"author":{"name":"Telinha","@id":"https:\/\/portaltela.pt\/#\/schema\/person\/c4278d4a6028830caff9ee44b42d32ed"},"headline":"Concursos de sa\u00fade simult\u00e2neos colocam p\u00fablico e privado a competir por m\u00e9dicos","datePublished":"2026-01-23T07:01:00+00:00","mainEntityOfPage":{"@id":"https:\/\/portaltela.pt\/noticias\/2026\/01\/23\/concursos-de-saude-simultaneos-colocam-publico-e-privado-a-competir-por-medicos\/"},"wordCount":272,"image":{"@id":"https:\/\/portaltela.pt\/noticias\/2026\/01\/23\/concursos-de-saude-simultaneos-colocam-publico-e-privado-a-competir-por-medicos\/#primaryimage"},"thumbnailUrl":"https:\/\/portaltela.pt\/s.01k8rhncp4jt1\/2026\/01\/2060725.jpg","keywords":["ACSS","concurso","sa\u00fade","sa\u00fade p\u00fablica","setor p\u00fablico","SNS"],"articleSection":["Not\u00edcias"],"inLanguage":"pt-PT"},{"@type":"WebPage","@id":"https:\/\/portaltela.pt\/noticias\/2026\/01\/23\/concursos-de-saude-simultaneos-colocam-publico-e-privado-a-competir-por-medicos\/","url":"https:\/\/portaltela.pt\/noticias\/2026\/01\/23\/concursos-de-saude-simultaneos-colocam-publico-e-privado-a-competir-por-medicos\/","name":"Concursos de sa\u00fade simult\u00e2neos colocam p\u00fablico e privado a competir por m\u00e9dicos - Portal Tela Portugal","isPartOf":{"@id":"https:\/\/portaltela.pt\/#website"},"primaryImageOfPage":{"@id":"https:\/\/portaltela.pt\/noticias\/2026\/01\/23\/concursos-de-saude-simultaneos-colocam-publico-e-privado-a-competir-por-medicos\/#primaryimage"},"image":{"@id":"https:\/\/portaltela.pt\/noticias\/2026\/01\/23\/concursos-de-saude-simultaneos-colocam-publico-e-privado-a-competir-por-medicos\/#primaryimage"},"thumbnailUrl":"https:\/\/portaltela.pt\/s.01k8rhncp4jt1\/2026\/01\/2060725.jpg","datePublished":"2026-01-23T07:01:00+00:00","author":{"@id":"https:\/\/portaltela.pt\/#\/schema\/person\/c4278d4a6028830caff9ee44b42d32ed"},"breadcrumb":{"@id":"https:\/\/portaltela.pt\/noticias\/2026\/01\/23\/concursos-de-saude-simultaneos-colocam-publico-e-privado-a-competir-por-medicos\/#breadcrumb"},"inLanguage":"pt-PT","potentialAction":[{"@type":"ReadAction","target":["https:\/\/portaltela.pt\/noticias\/2026\/01\/23\/concursos-de-saude-simultaneos-colocam-publico-e-privado-a-competir-por-medicos\/"]}]},{"@type":"ImageObject","inLanguage":"pt-PT","@id":"https:\/\/portaltela.pt\/noticias\/2026\/01\/23\/concursos-de-saude-simultaneos-colocam-publico-e-privado-a-competir-por-medicos\/#primaryimage","url":"https:\/\/portaltela.pt\/s.01k8rhncp4jt1\/2026\/01\/2060725.jpg","contentUrl":"https:\/\/portaltela.pt\/s.01k8rhncp4jt1\/2026\/01\/2060725.jpg","width":796,"height":448,"caption":"Os m\u00e9dicos que terminaram a especialidade na segunda \u00e9poca de 2025 puderam escolher entre as USF com gest\u00e3o p\u00fablica e as USF com gest\u00e3o privada"},{"@type":"BreadcrumbList","@id":"https:\/\/portaltela.pt\/noticias\/2026\/01\/23\/concursos-de-saude-simultaneos-colocam-publico-e-privado-a-competir-por-medicos\/#breadcrumb","itemListElement":[{"@type":"ListItem","position":1,"name":"In\u00edcio","item":"https:\/\/portaltela.pt\/"},{"@type":"ListItem","position":2,"name":"Concursos de sa\u00fade simult\u00e2neos colocam p\u00fablico e privado a competir por m\u00e9dicos"}]},{"@type":"WebSite","@id":"https:\/\/portaltela.pt\/#website","url":"https:\/\/portaltela.pt\/","name":"Portal Tela Portugal","description":"","potentialAction":[{"@type":"SearchAction","target":{"@type":"EntryPoint","urlTemplate":"https:\/\/portaltela.pt\/?s={search_term_string}"},"query-input":{"@type":"PropertyValueSpecification","valueRequired":true,"valueName":"search_term_string"}}],"inLanguage":"pt-PT"},{"@type":"Person","@id":"https:\/\/portaltela.pt\/#\/schema\/person\/c4278d4a6028830caff9ee44b42d32ed","name":"Telinha","image":{"@type":"ImageObject","inLanguage":"pt-PT","@id":"https:\/\/portaltela.pt\/s.01k8rhncp4jt1\/2025\/11\/talking-bot-125x125.png","url":"https:\/\/portaltela.pt\/s.01k8rhncp4jt1\/2025\/11\/talking-bot-125x125.png","contentUrl":"https:\/\/portaltela.pt\/s.01k8rhncp4jt1\/2025\/11\/talking-bot-125x125.png","caption":"Telinha"},"sameAs":["https:\/\/portaltela.pt\/"],"url":"https:\/\/portaltela.pt\/por\/367410592786\/"}]}},"_links":{"self":[{"href":"https:\/\/portaltela.pt\/api\/wp\/v2\/posts\/165837","targetHints":{"allow":["GET"]}}],"collection":[{"href":"https:\/\/portaltela.pt\/api\/wp\/v2\/posts"}],"about":[{"href":"https:\/\/portaltela.pt\/api\/wp\/v2\/types\/post"}],"author":[{"embeddable":true,"href":"https:\/\/portaltela.pt\/api\/wp\/v2\/users\/2"}],"replies":[{"embeddable":true,"href":"https:\/\/portaltela.pt\/api\/wp\/v2\/comments?post=165837"}],"version-history":[{"count":0,"href":"https:\/\/portaltela.pt\/api\/wp\/v2\/posts\/165837\/revisions"}],"wp:featuredmedia":[{"embeddable":true,"href":"https:\/\/portaltela.pt\/api\/wp\/v2\/media\/165843"}],"wp:attachment":[{"href":"https:\/\/portaltela.pt\/api\/wp\/v2\/media?parent=165837"}],"wp:term":[{"taxonomy":"category","embeddable":true,"href":"https:\/\/portaltela.pt\/api\/wp\/v2\/categories?post=165837"},{"taxonomy":"post_tag","embeddable":true,"href":"https:\/\/portaltela.pt\/api\/wp\/v2\/tags?post=165837"}],"curies":[{"name":"wp","href":"https:\/\/api.w.org\/{rel}","templated":true}]}}