{"id":165783,"date":"2026-01-22T21:13:00","date_gmt":"2026-01-23T00:13:00","guid":{"rendered":"https:\/\/portaltela.pt\/noticias\/2026\/01\/22\/fim-de-era-no-triangulo-do-poder\/"},"modified":"2026-01-22T21:13:00","modified_gmt":"2026-01-23T00:13:00","slug":"fim-de-era-no-triangulo-do-poder","status":"publish","type":"post","link":"https:\/\/portaltela.pt\/noticias\/politica\/2026\/01\/22\/fim-de-era-no-triangulo-do-poder\/","title":{"rendered":"Fim de era no tri\u00e2ngulo do poder"},"content":{"rendered":"<p>Durante quase uma d\u00e9cada, Portugal viveu sob a influ\u00eancia de um tri\u00e2ngulo entre Marcelo Rebelo de Sousa, Ant\u00f3nio Costa e Lu\u00eds Marques Mendes. N\u00e3o houve alian\u00e7a formal, mas, articulados em \u00e2ngulos distintos \u2014 institucional, governativo e medi\u00e1tico \u2014 moldaram o debate p\u00fablico e o tom do pa\u00eds.<\/p>\n<p>O Presidente Marcelo Rebelo de Sousa funcionou como o v\u00e9rtice institucional, ocupando o espa\u00e7o p\u00fablico com frequ\u00eancia. A presen\u00e7a constante na comunica\u00e7\u00e3o social transformou Bel\u00e9m num centro de media\u00e7\u00e3o informal, ao influenciar agendas e interpretar crises. O estilo tornou-se rotina no pa\u00eds.<\/p>\n<p>Ant\u00f3nio Costa representou o v\u00e9rtice governativo, mantendo estabilidade pol\u00edticas num cen\u00e1rio europeu vol\u00e1til. A lideran\u00e7a permitiu a forma\u00e7\u00e3o de uma maioria parlamentar ap\u00f3s a Geringon\u00e7a, consolidando uma posi\u00e7\u00e3o central no sistema. A sua sa\u00edda exp\u00f4s fragilidades da depend\u00eancia de uma \u00fanica figura.<\/p>\n<p>Lu\u00eds Marques Mendes foi o v\u00e9rtice medi\u00e1tico, com contributo via coment\u00e1rio televisivo semanal. A sua visibilidade foi determinante na antecipa\u00e7\u00e3o de decis\u00f5es e na defini\u00e7\u00e3o de temas, sem deter cargo executivo. Com o tempo, a centralidade medi\u00e1tica perdeu for\u00e7a.<\/p>\n<p>&gt; A rela\u00e7\u00e3o entre o PSD e Marques Mendes passou a depender da percep\u00e7\u00e3o p\u00fablica, n\u00e3o de resultados eleitorais. A popularidade vs. notoriedade acabou por n\u00e3o se traduzir em voto, e o partido viu as pontes constru\u00eddas sofrerem o teste do escrut\u00ednio.<\/p>\n<p>A conclus\u00e3o sustenta que o tri\u00e2ngulo deixou de funcionar como modelo dominante. N\u00e3o houve ruptura abrupta, mas obsolesc\u00eancia e atraso face \u00e0 mudan\u00e7a de contexto pol\u00edtico e social. Os tr\u00eas v\u00e9rtices n\u00e3o perceberam ainda a geometria alterada do pa\u00eds.<\/p>\n<h3>Mudan\u00e7a de geometria no poder<\/h3>\n<p>Observa-se que o pa\u00eds tem reagido a novas din\u00e2micas institucionais e medi\u00e1ticas. A agenda p\u00fablica est\u00e1 menos dependente de uma \u00fanica figura e mais diversificada, com m\u00faltiplos atores a influenciar decis\u00f5es. O entendimento atual indica uma reorganiza\u00e7\u00e3o estrutural em curso.<\/p>\n<p>A leitura de cen\u00e1rios aponta para uma pol\u00edtica com diferentes ciclos de visibilidade e uma imprensa que ganha pluralidade de vozes. Embora o tri\u00e2ngulo tenha moldado uma era, novas fontes de influ\u00eancia passam a ditar o ritmo do debate nacional.<\/p>\n","protected":false},"excerpt":{"rendered":"<ul>\n<li>Durante quase uma d\u00e9cada, o pa\u00eds foi influenciado por um \u201ctri\u00e2ngulo\u201d de poder formado pelo Presidente Marcelo Rebelo de Sousa, pelo Primeiro-Ministro Ant\u00f3nio Costa e pelo comentador Lu\u00eds Marques Mendes, cada um num \u00e2ngulo institucional, governativo e medi\u00e1tico.<\/li>\n<li>Marcelo Rebelo de Sousa tornou Bel\u00e9m num centro de media\u00e7\u00e3o informal, exercendo um presidencialismo de opini\u00e3o que dominava o debate p\u00fablico, mas o modelo acabou por saturar.<\/li>\n<li>Ant\u00f3nio Costa liderou o governo, construiu a Geringon\u00e7a, assegurou uma maioria absoluta e tornou\u2011se o centro grav\u00edtico do sistema; a sua sa\u00edda exp\u00f4s fragilidades de depender de uma \u00fanica figura.<\/li>\n<li>Lu\u00eds Marques Mendes, v\u00e9rtice medi\u00e1tico, influenciou atrav\u00e9s de coment\u00e1rios semanais e da presen\u00e7a constante na imprensa, antecipando decis\u00f5es, mas a centralidade medi\u00e1tica perdeu for\u00e7a na pol\u00edtica.<\/li>\n<li>O tri\u00e2ngulo terminou n\u00e3o por ruptura, mas por ficar obsoleto; o pa\u00eds mudou de geometria e j\u00e1 n\u00e3o responde \u00e0s mesmas figuras.<\/li>\n<\/ul>\n","protected":false},"author":2,"featured_media":165791,"comment_status":"closed","ping_status":"closed","sticky":false,"template":"","format":"standard","meta":{"footnotes":""},"categories":[1,5],"tags":[3777,34,506,2612,2877,2832],"class_list":["post-165783","post","type-post","status-publish","format-standard","has-post-thumbnail","hentry","category-noticias","category-politica","tag-antonio-costa","tag-governo","tag-imprensa","tag-luis-marques-mendes","tag-marcelo-rebelo-de-sousa","tag-politica"],"yoast_head":"<!-- This site is optimized with the Yoast SEO plugin v27.2 - https:\/\/yoast.com\/product\/yoast-seo-wordpress\/ -->\n<title>Fim de era no tri\u00e2ngulo do poder - Portal Tela Portugal<\/title>\n<meta name=\"robots\" content=\"index, follow, max-snippet:-1, max-image-preview:large, max-video-preview:-1\" \/>\n<meta property=\"og:locale\" content=\"pt_PT\" \/>\n<meta property=\"og:type\" content=\"article\" \/>\n<meta property=\"og:title\" content=\"Fim de era no tri\u00e2ngulo do poder - Portal Tela Portugal\" \/>\n<meta property=\"og:description\" content=\"Durante quase uma d\u00e9cada, o pa\u00eds foi influenciado por um \u201ctri\u00e2ngulo\u201d de poder formado pelo Presidente Marcelo Rebelo de Sousa, pelo Primeiro-Ministro Ant\u00f3nio Costa e pelo comentador Lu\u00eds Marques Mendes, cada um num \u00e2ngulo institucional, governativo e medi\u00e1tico. Marcelo Rebelo de Sousa tornou Bel\u00e9m num centro de media\u00e7\u00e3o informal, exercendo um presidencialismo de opini\u00e3o que dominava o debate p\u00fablico, mas o modelo acabou por saturar. Ant\u00f3nio Costa liderou o governo, construiu a Geringon\u00e7a, assegurou uma maioria absoluta e tornou\u2011se o centro grav\u00edtico do sistema; a sua sa\u00edda exp\u00f4s fragilidades de depender de uma \u00fanica figura. Lu\u00eds Marques Mendes, v\u00e9rtice medi\u00e1tico, influenciou atrav\u00e9s de coment\u00e1rios semanais e da presen\u00e7a constante na imprensa, antecipando decis\u00f5es, mas a centralidade medi\u00e1tica perdeu for\u00e7a na pol\u00edtica. O tri\u00e2ngulo terminou n\u00e3o por ruptura, mas por ficar obsoleto; o pa\u00eds mudou de geometria e j\u00e1 n\u00e3o responde \u00e0s mesmas figuras.\" \/>\n<meta property=\"og:url\" content=\"https:\/\/portaltela.pt\/noticias\/2026\/01\/22\/fim-de-era-no-triangulo-do-poder\/\" \/>\n<meta property=\"og:site_name\" content=\"Portal Tela Portugal\" \/>\n<meta property=\"article:published_time\" content=\"2026-01-23T00:13:00+00:00\" \/>\n<meta name=\"author\" content=\"Telinha\" \/>\n<meta name=\"twitter:card\" content=\"summary_large_image\" \/>\n<meta name=\"twitter:label1\" content=\"Escrito por\" \/>\n\t<meta name=\"twitter:data1\" content=\"Telinha\" \/>\n\t<meta name=\"twitter:label2\" content=\"Tempo estimado de leitura\" \/>\n\t<meta name=\"twitter:data2\" content=\"2 minutos\" \/>\n<script type=\"application\/ld+json\" class=\"yoast-schema-graph\">{\"@context\":\"https:\/\/schema.org\",\"@graph\":[{\"@type\":\"Article\",\"@id\":\"https:\/\/portaltela.pt\/noticias\/2026\/01\/22\/fim-de-era-no-triangulo-do-poder\/#article\",\"isPartOf\":{\"@id\":\"https:\/\/portaltela.pt\/noticias\/2026\/01\/22\/fim-de-era-no-triangulo-do-poder\/\"},\"author\":{\"name\":\"Telinha\",\"@id\":\"https:\/\/portaltela.pt\/#\/schema\/person\/c4278d4a6028830caff9ee44b42d32ed\"},\"headline\":\"Fim de era no tri\u00e2ngulo do poder\",\"datePublished\":\"2026-01-23T00:13:00+00:00\",\"mainEntityOfPage\":{\"@id\":\"https:\/\/portaltela.pt\/noticias\/2026\/01\/22\/fim-de-era-no-triangulo-do-poder\/\"},\"wordCount\":411,\"image\":{\"@id\":\"https:\/\/portaltela.pt\/noticias\/2026\/01\/22\/fim-de-era-no-triangulo-do-poder\/#primaryimage\"},\"thumbnailUrl\":\"https:\/\/portaltela.pt\/s.01k8rhncp4jt1\/2026\/01\/maria-elisa-manero-18-1.jpg\",\"keywords\":[\"Ant\u00f3nio Costa\",\"governo\",\"imprensa\",\"Lu\u00eds Marques Mendes\",\"Marcelo Rebelo de Sousa\",\"pol\u00edtica\"],\"articleSection\":[\"Not\u00edcias\",\"Pol\u00edtica\"],\"inLanguage\":\"pt-PT\"},{\"@type\":\"WebPage\",\"@id\":\"https:\/\/portaltela.pt\/noticias\/2026\/01\/22\/fim-de-era-no-triangulo-do-poder\/\",\"url\":\"https:\/\/portaltela.pt\/noticias\/2026\/01\/22\/fim-de-era-no-triangulo-do-poder\/\",\"name\":\"Fim de era no tri\u00e2ngulo do poder - Portal Tela Portugal\",\"isPartOf\":{\"@id\":\"https:\/\/portaltela.pt\/#website\"},\"primaryImageOfPage\":{\"@id\":\"https:\/\/portaltela.pt\/noticias\/2026\/01\/22\/fim-de-era-no-triangulo-do-poder\/#primaryimage\"},\"image\":{\"@id\":\"https:\/\/portaltela.pt\/noticias\/2026\/01\/22\/fim-de-era-no-triangulo-do-poder\/#primaryimage\"},\"thumbnailUrl\":\"https:\/\/portaltela.pt\/s.01k8rhncp4jt1\/2026\/01\/maria-elisa-manero-18-1.jpg\",\"datePublished\":\"2026-01-23T00:13:00+00:00\",\"author\":{\"@id\":\"https:\/\/portaltela.pt\/#\/schema\/person\/c4278d4a6028830caff9ee44b42d32ed\"},\"breadcrumb\":{\"@id\":\"https:\/\/portaltela.pt\/noticias\/2026\/01\/22\/fim-de-era-no-triangulo-do-poder\/#breadcrumb\"},\"inLanguage\":\"pt-PT\",\"potentialAction\":[{\"@type\":\"ReadAction\",\"target\":[\"https:\/\/portaltela.pt\/noticias\/2026\/01\/22\/fim-de-era-no-triangulo-do-poder\/\"]}]},{\"@type\":\"ImageObject\",\"inLanguage\":\"pt-PT\",\"@id\":\"https:\/\/portaltela.pt\/noticias\/2026\/01\/22\/fim-de-era-no-triangulo-do-poder\/#primaryimage\",\"url\":\"https:\/\/portaltela.pt\/s.01k8rhncp4jt1\/2026\/01\/maria-elisa-manero-18-1.jpg\",\"contentUrl\":\"https:\/\/portaltela.pt\/s.01k8rhncp4jt1\/2026\/01\/maria-elisa-manero-18-1.jpg\",\"width\":796,\"height\":448,\"caption\":\"Photo\"},{\"@type\":\"BreadcrumbList\",\"@id\":\"https:\/\/portaltela.pt\/noticias\/2026\/01\/22\/fim-de-era-no-triangulo-do-poder\/#breadcrumb\",\"itemListElement\":[{\"@type\":\"ListItem\",\"position\":1,\"name\":\"In\u00edcio\",\"item\":\"https:\/\/portaltela.pt\/\"},{\"@type\":\"ListItem\",\"position\":2,\"name\":\"Fim de era no tri\u00e2ngulo do poder\"}]},{\"@type\":\"WebSite\",\"@id\":\"https:\/\/portaltela.pt\/#website\",\"url\":\"https:\/\/portaltela.pt\/\",\"name\":\"Portal Tela Portugal\",\"description\":\"\",\"potentialAction\":[{\"@type\":\"SearchAction\",\"target\":{\"@type\":\"EntryPoint\",\"urlTemplate\":\"https:\/\/portaltela.pt\/?s={search_term_string}\"},\"query-input\":{\"@type\":\"PropertyValueSpecification\",\"valueRequired\":true,\"valueName\":\"search_term_string\"}}],\"inLanguage\":\"pt-PT\"},{\"@type\":\"Person\",\"@id\":\"https:\/\/portaltela.pt\/#\/schema\/person\/c4278d4a6028830caff9ee44b42d32ed\",\"name\":\"Telinha\",\"image\":{\"@type\":\"ImageObject\",\"inLanguage\":\"pt-PT\",\"@id\":\"https:\/\/portaltela.pt\/s.01k8rhncp4jt1\/2025\/11\/talking-bot-125x125.png\",\"url\":\"https:\/\/portaltela.pt\/s.01k8rhncp4jt1\/2025\/11\/talking-bot-125x125.png\",\"contentUrl\":\"https:\/\/portaltela.pt\/s.01k8rhncp4jt1\/2025\/11\/talking-bot-125x125.png\",\"caption\":\"Telinha\"},\"sameAs\":[\"https:\/\/portaltela.pt\/\"],\"url\":\"https:\/\/portaltela.pt\/por\/367410592786\/\"}]}<\/script>\n<!-- \/ Yoast SEO plugin. -->","yoast_head_json":{"title":"Fim de era no tri\u00e2ngulo do poder - Portal Tela Portugal","robots":{"index":"index","follow":"follow","max-snippet":"max-snippet:-1","max-image-preview":"max-image-preview:large","max-video-preview":"max-video-preview:-1"},"og_locale":"pt_PT","og_type":"article","og_title":"Fim de era no tri\u00e2ngulo do poder - Portal Tela Portugal","og_description":"Durante quase uma d\u00e9cada, o pa\u00eds foi influenciado por um \u201ctri\u00e2ngulo\u201d de poder formado pelo Presidente Marcelo Rebelo de Sousa, pelo Primeiro-Ministro Ant\u00f3nio Costa e pelo comentador Lu\u00eds Marques Mendes, cada um num \u00e2ngulo institucional, governativo e medi\u00e1tico. Marcelo Rebelo de Sousa tornou Bel\u00e9m num centro de media\u00e7\u00e3o informal, exercendo um presidencialismo de opini\u00e3o que dominava o debate p\u00fablico, mas o modelo acabou por saturar. Ant\u00f3nio Costa liderou o governo, construiu a Geringon\u00e7a, assegurou uma maioria absoluta e tornou\u2011se o centro grav\u00edtico do sistema; a sua sa\u00edda exp\u00f4s fragilidades de depender de uma \u00fanica figura. Lu\u00eds Marques Mendes, v\u00e9rtice medi\u00e1tico, influenciou atrav\u00e9s de coment\u00e1rios semanais e da presen\u00e7a constante na imprensa, antecipando decis\u00f5es, mas a centralidade medi\u00e1tica perdeu for\u00e7a na pol\u00edtica. O tri\u00e2ngulo terminou n\u00e3o por ruptura, mas por ficar obsoleto; o pa\u00eds mudou de geometria e j\u00e1 n\u00e3o responde \u00e0s mesmas figuras.","og_url":"https:\/\/portaltela.pt\/noticias\/2026\/01\/22\/fim-de-era-no-triangulo-do-poder\/","og_site_name":"Portal Tela Portugal","article_published_time":"2026-01-23T00:13:00+00:00","author":"Telinha","twitter_card":"summary_large_image","twitter_misc":{"Escrito por":"Telinha","Tempo estimado de leitura":"2 minutos"},"schema":{"@context":"https:\/\/schema.org","@graph":[{"@type":"Article","@id":"https:\/\/portaltela.pt\/noticias\/2026\/01\/22\/fim-de-era-no-triangulo-do-poder\/#article","isPartOf":{"@id":"https:\/\/portaltela.pt\/noticias\/2026\/01\/22\/fim-de-era-no-triangulo-do-poder\/"},"author":{"name":"Telinha","@id":"https:\/\/portaltela.pt\/#\/schema\/person\/c4278d4a6028830caff9ee44b42d32ed"},"headline":"Fim de era no tri\u00e2ngulo do poder","datePublished":"2026-01-23T00:13:00+00:00","mainEntityOfPage":{"@id":"https:\/\/portaltela.pt\/noticias\/2026\/01\/22\/fim-de-era-no-triangulo-do-poder\/"},"wordCount":411,"image":{"@id":"https:\/\/portaltela.pt\/noticias\/2026\/01\/22\/fim-de-era-no-triangulo-do-poder\/#primaryimage"},"thumbnailUrl":"https:\/\/portaltela.pt\/s.01k8rhncp4jt1\/2026\/01\/maria-elisa-manero-18-1.jpg","keywords":["Ant\u00f3nio Costa","governo","imprensa","Lu\u00eds Marques Mendes","Marcelo Rebelo de Sousa","pol\u00edtica"],"articleSection":["Not\u00edcias","Pol\u00edtica"],"inLanguage":"pt-PT"},{"@type":"WebPage","@id":"https:\/\/portaltela.pt\/noticias\/2026\/01\/22\/fim-de-era-no-triangulo-do-poder\/","url":"https:\/\/portaltela.pt\/noticias\/2026\/01\/22\/fim-de-era-no-triangulo-do-poder\/","name":"Fim de era no tri\u00e2ngulo do poder - Portal Tela Portugal","isPartOf":{"@id":"https:\/\/portaltela.pt\/#website"},"primaryImageOfPage":{"@id":"https:\/\/portaltela.pt\/noticias\/2026\/01\/22\/fim-de-era-no-triangulo-do-poder\/#primaryimage"},"image":{"@id":"https:\/\/portaltela.pt\/noticias\/2026\/01\/22\/fim-de-era-no-triangulo-do-poder\/#primaryimage"},"thumbnailUrl":"https:\/\/portaltela.pt\/s.01k8rhncp4jt1\/2026\/01\/maria-elisa-manero-18-1.jpg","datePublished":"2026-01-23T00:13:00+00:00","author":{"@id":"https:\/\/portaltela.pt\/#\/schema\/person\/c4278d4a6028830caff9ee44b42d32ed"},"breadcrumb":{"@id":"https:\/\/portaltela.pt\/noticias\/2026\/01\/22\/fim-de-era-no-triangulo-do-poder\/#breadcrumb"},"inLanguage":"pt-PT","potentialAction":[{"@type":"ReadAction","target":["https:\/\/portaltela.pt\/noticias\/2026\/01\/22\/fim-de-era-no-triangulo-do-poder\/"]}]},{"@type":"ImageObject","inLanguage":"pt-PT","@id":"https:\/\/portaltela.pt\/noticias\/2026\/01\/22\/fim-de-era-no-triangulo-do-poder\/#primaryimage","url":"https:\/\/portaltela.pt\/s.01k8rhncp4jt1\/2026\/01\/maria-elisa-manero-18-1.jpg","contentUrl":"https:\/\/portaltela.pt\/s.01k8rhncp4jt1\/2026\/01\/maria-elisa-manero-18-1.jpg","width":796,"height":448,"caption":"Photo"},{"@type":"BreadcrumbList","@id":"https:\/\/portaltela.pt\/noticias\/2026\/01\/22\/fim-de-era-no-triangulo-do-poder\/#breadcrumb","itemListElement":[{"@type":"ListItem","position":1,"name":"In\u00edcio","item":"https:\/\/portaltela.pt\/"},{"@type":"ListItem","position":2,"name":"Fim de era no tri\u00e2ngulo do poder"}]},{"@type":"WebSite","@id":"https:\/\/portaltela.pt\/#website","url":"https:\/\/portaltela.pt\/","name":"Portal Tela Portugal","description":"","potentialAction":[{"@type":"SearchAction","target":{"@type":"EntryPoint","urlTemplate":"https:\/\/portaltela.pt\/?s={search_term_string}"},"query-input":{"@type":"PropertyValueSpecification","valueRequired":true,"valueName":"search_term_string"}}],"inLanguage":"pt-PT"},{"@type":"Person","@id":"https:\/\/portaltela.pt\/#\/schema\/person\/c4278d4a6028830caff9ee44b42d32ed","name":"Telinha","image":{"@type":"ImageObject","inLanguage":"pt-PT","@id":"https:\/\/portaltela.pt\/s.01k8rhncp4jt1\/2025\/11\/talking-bot-125x125.png","url":"https:\/\/portaltela.pt\/s.01k8rhncp4jt1\/2025\/11\/talking-bot-125x125.png","contentUrl":"https:\/\/portaltela.pt\/s.01k8rhncp4jt1\/2025\/11\/talking-bot-125x125.png","caption":"Telinha"},"sameAs":["https:\/\/portaltela.pt\/"],"url":"https:\/\/portaltela.pt\/por\/367410592786\/"}]}},"_links":{"self":[{"href":"https:\/\/portaltela.pt\/api\/wp\/v2\/posts\/165783","targetHints":{"allow":["GET"]}}],"collection":[{"href":"https:\/\/portaltela.pt\/api\/wp\/v2\/posts"}],"about":[{"href":"https:\/\/portaltela.pt\/api\/wp\/v2\/types\/post"}],"author":[{"embeddable":true,"href":"https:\/\/portaltela.pt\/api\/wp\/v2\/users\/2"}],"replies":[{"embeddable":true,"href":"https:\/\/portaltela.pt\/api\/wp\/v2\/comments?post=165783"}],"version-history":[{"count":0,"href":"https:\/\/portaltela.pt\/api\/wp\/v2\/posts\/165783\/revisions"}],"wp:featuredmedia":[{"embeddable":true,"href":"https:\/\/portaltela.pt\/api\/wp\/v2\/media\/165791"}],"wp:attachment":[{"href":"https:\/\/portaltela.pt\/api\/wp\/v2\/media?parent=165783"}],"wp:term":[{"taxonomy":"category","embeddable":true,"href":"https:\/\/portaltela.pt\/api\/wp\/v2\/categories?post=165783"},{"taxonomy":"post_tag","embeddable":true,"href":"https:\/\/portaltela.pt\/api\/wp\/v2\/tags?post=165783"}],"curies":[{"name":"wp","href":"https:\/\/api.w.org\/{rel}","templated":true}]}}