{"id":165637,"date":"2026-01-22T21:32:00","date_gmt":"2026-01-23T00:32:00","guid":{"rendered":"https:\/\/portaltela.pt\/noticias\/2026\/01\/22\/renovacao-de-alanzinho-enfrenta-impasse-entre-clubes\/"},"modified":"2026-01-22T21:32:00","modified_gmt":"2026-01-23T00:32:00","slug":"renovacao-de-alanzinho-enfrenta-impasse-entre-clubes","status":"publish","type":"post","link":"https:\/\/portaltela.pt\/desporto\/futebol\/2026\/01\/22\/renovacao-de-alanzinho-enfrenta-impasse-entre-clubes\/","title":{"rendered":"Renova\u00e7\u00e3o de Alanzinho enfrenta impasse entre clubes"},"content":{"rendered":"<p>O Moreirense concluiu a renova\u00e7\u00e3o de Marac\u00e1s, que fica contratado at\u00e9 2029. A informa\u00e7\u00e3o foi confirmada pela SAD do clube.<\/p>\n<p>Enquanto isso, as negocia\u00e7\u00f5es com Alanzinho para prolongar o seu v\u00ednculo continuam em crise. O processo, iniciado h\u00e1 v\u00e1rios meses, chegou a um impasse, segundo o jornal Record.<\/p>\n<p>A dire\u00e7\u00e3o considera ainda a possibilidade de vender Alanzinho j\u00e1 em janeiro, dependendo do andamento das conversa\u00e7\u00f5es e das propostas recebidas. N\u00e3o houve confirma\u00e7\u00e3o de propostas formais at\u00e9 ao momento.<\/p>\n<h3>Detalhes da negocia\u00e7\u00e3o<\/h3>\n<p>O clube n\u00e3o avan\u00e7ou com novos tempos para a conclus\u00e3o das conversas nem com declara\u00e7\u00f5es p\u00fablicas sobre o tema. A equipa mant\u00e9m o foco nas competi\u00e7\u00f5es oficiais enquanto avalia cen\u00e1rios para o futuro do jogador.<\/p>\n","protected":false},"excerpt":{"rendered":"<ul>\n<li>A SAD do Moreirense admite ainda vender o m\u00e9dio Alanzinho j\u00e1 em janeiro.<\/li>\n<li>O clube terminou a renova\u00e7\u00e3o de Marac\u00e1s, que fica v\u00e1lido at\u00e9 2029.<\/li>\n<li>As negocia\u00e7\u00f5es com Alanzinho, iniciadas h\u00e1 v\u00e1rios meses, chegaram a um impasse.<\/li>\n<li>A informa\u00e7\u00e3o foi reportada pelo di\u00e1rio Record.<\/li>\n<\/ul>\n","protected":false},"author":2,"featured_media":165638,"comment_status":"closed","ping_status":"closed","sticky":false,"template":"","format":"standard","meta":{"footnotes":""},"categories":[21,24],"tags":[1125,32,50,2036,2107,2050],"class_list":["post-165637","post","type-post","status-publish","format-standard","has-post-thumbnail","hentry","category-desporto","category-futebol","tag-contratos","tag-futebol","tag-mercado-da-bola","tag-negociacoes-internacionais","tag-propostas","tag-transferencias"],"yoast_head":"<!-- This site is optimized with the Yoast SEO plugin v27.2 - https:\/\/yoast.com\/product\/yoast-seo-wordpress\/ -->\n<title>Renova\u00e7\u00e3o de Alanzinho enfrenta impasse entre clubes - Portal Tela Portugal<\/title>\n<meta name=\"robots\" content=\"index, follow, max-snippet:-1, max-image-preview:large, max-video-preview:-1\" \/>\n<meta property=\"og:locale\" content=\"pt_PT\" \/>\n<meta property=\"og:type\" content=\"article\" \/>\n<meta property=\"og:title\" content=\"Renova\u00e7\u00e3o de Alanzinho enfrenta impasse entre clubes - Portal Tela Portugal\" \/>\n<meta property=\"og:description\" content=\"A SAD do Moreirense admite ainda vender o m\u00e9dio Alanzinho j\u00e1 em janeiro. O clube terminou a renova\u00e7\u00e3o de Marac\u00e1s, que fica v\u00e1lido at\u00e9 2029. As negocia\u00e7\u00f5es com Alanzinho, iniciadas h\u00e1 v\u00e1rios meses, chegaram a um impasse. A informa\u00e7\u00e3o foi reportada pelo di\u00e1rio Record.\" \/>\n<meta property=\"og:url\" content=\"https:\/\/portaltela.pt\/noticias\/2026\/01\/22\/renovacao-de-alanzinho-enfrenta-impasse-entre-clubes\/\" \/>\n<meta property=\"og:site_name\" content=\"Portal Tela Portugal\" \/>\n<meta property=\"article:published_time\" content=\"2026-01-23T00:32:00+00:00\" \/>\n<meta name=\"author\" content=\"Telinha\" \/>\n<meta name=\"twitter:card\" content=\"summary_large_image\" \/>\n<meta name=\"twitter:label1\" content=\"Escrito por\" \/>\n\t<meta name=\"twitter:data1\" content=\"Telinha\" \/>\n\t<meta name=\"twitter:label2\" content=\"Tempo estimado de leitura\" \/>\n\t<meta name=\"twitter:data2\" content=\"1 minuto\" \/>\n<script type=\"application\/ld+json\" class=\"yoast-schema-graph\">{\"@context\":\"https:\/\/schema.org\",\"@graph\":[{\"@type\":\"Article\",\"@id\":\"https:\/\/portaltela.pt\/noticias\/2026\/01\/22\/renovacao-de-alanzinho-enfrenta-impasse-entre-clubes\/#article\",\"isPartOf\":{\"@id\":\"https:\/\/portaltela.pt\/noticias\/2026\/01\/22\/renovacao-de-alanzinho-enfrenta-impasse-entre-clubes\/\"},\"author\":{\"name\":\"Telinha\",\"@id\":\"https:\/\/portaltela.pt\/#\/schema\/person\/c4278d4a6028830caff9ee44b42d32ed\"},\"headline\":\"Renova\u00e7\u00e3o de Alanzinho enfrenta impasse entre clubes\",\"datePublished\":\"2026-01-23T00:32:00+00:00\",\"mainEntityOfPage\":{\"@id\":\"https:\/\/portaltela.pt\/noticias\/2026\/01\/22\/renovacao-de-alanzinho-enfrenta-impasse-entre-clubes\/\"},\"wordCount\":142,\"image\":{\"@id\":\"https:\/\/portaltela.pt\/noticias\/2026\/01\/22\/renovacao-de-alanzinho-enfrenta-impasse-entre-clubes\/#primaryimage\"},\"thumbnailUrl\":\"https:\/\/portaltela.pt\/s.01k8rhncp4jt1\/2026\/01\/img_920x518uu2025-05-22-08-30-41-2364570-2.jpg\",\"keywords\":[\"contratos\",\"futebol\",\"mercado da bola\",\"negocia\u00e7\u00f5es internacionais\",\"propostas\",\"transfer\u00eancias\"],\"articleSection\":[\"Desporto\",\"Futebol\"],\"inLanguage\":\"pt-PT\"},{\"@type\":\"WebPage\",\"@id\":\"https:\/\/portaltela.pt\/noticias\/2026\/01\/22\/renovacao-de-alanzinho-enfrenta-impasse-entre-clubes\/\",\"url\":\"https:\/\/portaltela.pt\/noticias\/2026\/01\/22\/renovacao-de-alanzinho-enfrenta-impasse-entre-clubes\/\",\"name\":\"Renova\u00e7\u00e3o de Alanzinho enfrenta impasse entre clubes - Portal Tela Portugal\",\"isPartOf\":{\"@id\":\"https:\/\/portaltela.pt\/#website\"},\"primaryImageOfPage\":{\"@id\":\"https:\/\/portaltela.pt\/noticias\/2026\/01\/22\/renovacao-de-alanzinho-enfrenta-impasse-entre-clubes\/#primaryimage\"},\"image\":{\"@id\":\"https:\/\/portaltela.pt\/noticias\/2026\/01\/22\/renovacao-de-alanzinho-enfrenta-impasse-entre-clubes\/#primaryimage\"},\"thumbnailUrl\":\"https:\/\/portaltela.pt\/s.01k8rhncp4jt1\/2026\/01\/img_920x518uu2025-05-22-08-30-41-2364570-2.jpg\",\"datePublished\":\"2026-01-23T00:32:00+00:00\",\"author\":{\"@id\":\"https:\/\/portaltela.pt\/#\/schema\/person\/c4278d4a6028830caff9ee44b42d32ed\"},\"breadcrumb\":{\"@id\":\"https:\/\/portaltela.pt\/noticias\/2026\/01\/22\/renovacao-de-alanzinho-enfrenta-impasse-entre-clubes\/#breadcrumb\"},\"inLanguage\":\"pt-PT\",\"potentialAction\":[{\"@type\":\"ReadAction\",\"target\":[\"https:\/\/portaltela.pt\/noticias\/2026\/01\/22\/renovacao-de-alanzinho-enfrenta-impasse-entre-clubes\/\"]}]},{\"@type\":\"ImageObject\",\"inLanguage\":\"pt-PT\",\"@id\":\"https:\/\/portaltela.pt\/noticias\/2026\/01\/22\/renovacao-de-alanzinho-enfrenta-impasse-entre-clubes\/#primaryimage\",\"url\":\"https:\/\/portaltela.pt\/s.01k8rhncp4jt1\/2026\/01\/img_920x518uu2025-05-22-08-30-41-2364570-2.jpg\",\"contentUrl\":\"https:\/\/portaltela.pt\/s.01k8rhncp4jt1\/2026\/01\/img_920x518uu2025-05-22-08-30-41-2364570-2.jpg\",\"width\":796,\"height\":448,\"caption\":\"Alanzinho, jogador do Moreirense\"},{\"@type\":\"BreadcrumbList\",\"@id\":\"https:\/\/portaltela.pt\/noticias\/2026\/01\/22\/renovacao-de-alanzinho-enfrenta-impasse-entre-clubes\/#breadcrumb\",\"itemListElement\":[{\"@type\":\"ListItem\",\"position\":1,\"name\":\"In\u00edcio\",\"item\":\"https:\/\/portaltela.pt\/\"},{\"@type\":\"ListItem\",\"position\":2,\"name\":\"Renova\u00e7\u00e3o de Alanzinho enfrenta impasse entre clubes\"}]},{\"@type\":\"WebSite\",\"@id\":\"https:\/\/portaltela.pt\/#website\",\"url\":\"https:\/\/portaltela.pt\/\",\"name\":\"Portal Tela Portugal\",\"description\":\"\",\"potentialAction\":[{\"@type\":\"SearchAction\",\"target\":{\"@type\":\"EntryPoint\",\"urlTemplate\":\"https:\/\/portaltela.pt\/?s={search_term_string}\"},\"query-input\":{\"@type\":\"PropertyValueSpecification\",\"valueRequired\":true,\"valueName\":\"search_term_string\"}}],\"inLanguage\":\"pt-PT\"},{\"@type\":\"Person\",\"@id\":\"https:\/\/portaltela.pt\/#\/schema\/person\/c4278d4a6028830caff9ee44b42d32ed\",\"name\":\"Telinha\",\"image\":{\"@type\":\"ImageObject\",\"inLanguage\":\"pt-PT\",\"@id\":\"https:\/\/portaltela.pt\/s.01k8rhncp4jt1\/2025\/11\/talking-bot-125x125.png\",\"url\":\"https:\/\/portaltela.pt\/s.01k8rhncp4jt1\/2025\/11\/talking-bot-125x125.png\",\"contentUrl\":\"https:\/\/portaltela.pt\/s.01k8rhncp4jt1\/2025\/11\/talking-bot-125x125.png\",\"caption\":\"Telinha\"},\"sameAs\":[\"https:\/\/portaltela.pt\/\"],\"url\":\"https:\/\/portaltela.pt\/por\/367410592786\/\"}]}<\/script>\n<!-- \/ Yoast SEO plugin. -->","yoast_head_json":{"title":"Renova\u00e7\u00e3o de Alanzinho enfrenta impasse entre clubes - Portal Tela Portugal","robots":{"index":"index","follow":"follow","max-snippet":"max-snippet:-1","max-image-preview":"max-image-preview:large","max-video-preview":"max-video-preview:-1"},"og_locale":"pt_PT","og_type":"article","og_title":"Renova\u00e7\u00e3o de Alanzinho enfrenta impasse entre clubes - Portal Tela Portugal","og_description":"A SAD do Moreirense admite ainda vender o m\u00e9dio Alanzinho j\u00e1 em janeiro. O clube terminou a renova\u00e7\u00e3o de Marac\u00e1s, que fica v\u00e1lido at\u00e9 2029. As negocia\u00e7\u00f5es com Alanzinho, iniciadas h\u00e1 v\u00e1rios meses, chegaram a um impasse. A informa\u00e7\u00e3o foi reportada pelo di\u00e1rio Record.","og_url":"https:\/\/portaltela.pt\/noticias\/2026\/01\/22\/renovacao-de-alanzinho-enfrenta-impasse-entre-clubes\/","og_site_name":"Portal Tela Portugal","article_published_time":"2026-01-23T00:32:00+00:00","author":"Telinha","twitter_card":"summary_large_image","twitter_misc":{"Escrito por":"Telinha","Tempo estimado de leitura":"1 minuto"},"schema":{"@context":"https:\/\/schema.org","@graph":[{"@type":"Article","@id":"https:\/\/portaltela.pt\/noticias\/2026\/01\/22\/renovacao-de-alanzinho-enfrenta-impasse-entre-clubes\/#article","isPartOf":{"@id":"https:\/\/portaltela.pt\/noticias\/2026\/01\/22\/renovacao-de-alanzinho-enfrenta-impasse-entre-clubes\/"},"author":{"name":"Telinha","@id":"https:\/\/portaltela.pt\/#\/schema\/person\/c4278d4a6028830caff9ee44b42d32ed"},"headline":"Renova\u00e7\u00e3o de Alanzinho enfrenta impasse entre clubes","datePublished":"2026-01-23T00:32:00+00:00","mainEntityOfPage":{"@id":"https:\/\/portaltela.pt\/noticias\/2026\/01\/22\/renovacao-de-alanzinho-enfrenta-impasse-entre-clubes\/"},"wordCount":142,"image":{"@id":"https:\/\/portaltela.pt\/noticias\/2026\/01\/22\/renovacao-de-alanzinho-enfrenta-impasse-entre-clubes\/#primaryimage"},"thumbnailUrl":"https:\/\/portaltela.pt\/s.01k8rhncp4jt1\/2026\/01\/img_920x518uu2025-05-22-08-30-41-2364570-2.jpg","keywords":["contratos","futebol","mercado da bola","negocia\u00e7\u00f5es internacionais","propostas","transfer\u00eancias"],"articleSection":["Desporto","Futebol"],"inLanguage":"pt-PT"},{"@type":"WebPage","@id":"https:\/\/portaltela.pt\/noticias\/2026\/01\/22\/renovacao-de-alanzinho-enfrenta-impasse-entre-clubes\/","url":"https:\/\/portaltela.pt\/noticias\/2026\/01\/22\/renovacao-de-alanzinho-enfrenta-impasse-entre-clubes\/","name":"Renova\u00e7\u00e3o de Alanzinho enfrenta impasse entre clubes - Portal Tela Portugal","isPartOf":{"@id":"https:\/\/portaltela.pt\/#website"},"primaryImageOfPage":{"@id":"https:\/\/portaltela.pt\/noticias\/2026\/01\/22\/renovacao-de-alanzinho-enfrenta-impasse-entre-clubes\/#primaryimage"},"image":{"@id":"https:\/\/portaltela.pt\/noticias\/2026\/01\/22\/renovacao-de-alanzinho-enfrenta-impasse-entre-clubes\/#primaryimage"},"thumbnailUrl":"https:\/\/portaltela.pt\/s.01k8rhncp4jt1\/2026\/01\/img_920x518uu2025-05-22-08-30-41-2364570-2.jpg","datePublished":"2026-01-23T00:32:00+00:00","author":{"@id":"https:\/\/portaltela.pt\/#\/schema\/person\/c4278d4a6028830caff9ee44b42d32ed"},"breadcrumb":{"@id":"https:\/\/portaltela.pt\/noticias\/2026\/01\/22\/renovacao-de-alanzinho-enfrenta-impasse-entre-clubes\/#breadcrumb"},"inLanguage":"pt-PT","potentialAction":[{"@type":"ReadAction","target":["https:\/\/portaltela.pt\/noticias\/2026\/01\/22\/renovacao-de-alanzinho-enfrenta-impasse-entre-clubes\/"]}]},{"@type":"ImageObject","inLanguage":"pt-PT","@id":"https:\/\/portaltela.pt\/noticias\/2026\/01\/22\/renovacao-de-alanzinho-enfrenta-impasse-entre-clubes\/#primaryimage","url":"https:\/\/portaltela.pt\/s.01k8rhncp4jt1\/2026\/01\/img_920x518uu2025-05-22-08-30-41-2364570-2.jpg","contentUrl":"https:\/\/portaltela.pt\/s.01k8rhncp4jt1\/2026\/01\/img_920x518uu2025-05-22-08-30-41-2364570-2.jpg","width":796,"height":448,"caption":"Alanzinho, jogador do Moreirense"},{"@type":"BreadcrumbList","@id":"https:\/\/portaltela.pt\/noticias\/2026\/01\/22\/renovacao-de-alanzinho-enfrenta-impasse-entre-clubes\/#breadcrumb","itemListElement":[{"@type":"ListItem","position":1,"name":"In\u00edcio","item":"https:\/\/portaltela.pt\/"},{"@type":"ListItem","position":2,"name":"Renova\u00e7\u00e3o de Alanzinho enfrenta impasse entre clubes"}]},{"@type":"WebSite","@id":"https:\/\/portaltela.pt\/#website","url":"https:\/\/portaltela.pt\/","name":"Portal Tela Portugal","description":"","potentialAction":[{"@type":"SearchAction","target":{"@type":"EntryPoint","urlTemplate":"https:\/\/portaltela.pt\/?s={search_term_string}"},"query-input":{"@type":"PropertyValueSpecification","valueRequired":true,"valueName":"search_term_string"}}],"inLanguage":"pt-PT"},{"@type":"Person","@id":"https:\/\/portaltela.pt\/#\/schema\/person\/c4278d4a6028830caff9ee44b42d32ed","name":"Telinha","image":{"@type":"ImageObject","inLanguage":"pt-PT","@id":"https:\/\/portaltela.pt\/s.01k8rhncp4jt1\/2025\/11\/talking-bot-125x125.png","url":"https:\/\/portaltela.pt\/s.01k8rhncp4jt1\/2025\/11\/talking-bot-125x125.png","contentUrl":"https:\/\/portaltela.pt\/s.01k8rhncp4jt1\/2025\/11\/talking-bot-125x125.png","caption":"Telinha"},"sameAs":["https:\/\/portaltela.pt\/"],"url":"https:\/\/portaltela.pt\/por\/367410592786\/"}]}},"_links":{"self":[{"href":"https:\/\/portaltela.pt\/api\/wp\/v2\/posts\/165637","targetHints":{"allow":["GET"]}}],"collection":[{"href":"https:\/\/portaltela.pt\/api\/wp\/v2\/posts"}],"about":[{"href":"https:\/\/portaltela.pt\/api\/wp\/v2\/types\/post"}],"author":[{"embeddable":true,"href":"https:\/\/portaltela.pt\/api\/wp\/v2\/users\/2"}],"replies":[{"embeddable":true,"href":"https:\/\/portaltela.pt\/api\/wp\/v2\/comments?post=165637"}],"version-history":[{"count":0,"href":"https:\/\/portaltela.pt\/api\/wp\/v2\/posts\/165637\/revisions"}],"wp:featuredmedia":[{"embeddable":true,"href":"https:\/\/portaltela.pt\/api\/wp\/v2\/media\/165638"}],"wp:attachment":[{"href":"https:\/\/portaltela.pt\/api\/wp\/v2\/media?parent=165637"}],"wp:term":[{"taxonomy":"category","embeddable":true,"href":"https:\/\/portaltela.pt\/api\/wp\/v2\/categories?post=165637"},{"taxonomy":"post_tag","embeddable":true,"href":"https:\/\/portaltela.pt\/api\/wp\/v2\/tags?post=165637"}],"curies":[{"name":"wp","href":"https:\/\/api.w.org\/{rel}","templated":true}]}}