{"id":165609,"date":"2026-01-22T21:09:00","date_gmt":"2026-01-23T00:09:00","guid":{"rendered":"https:\/\/portaltela.pt\/noticias\/2026\/01\/22\/tacografos-passam-a-ser-obrigatorios-em-percursos-com-menos-de-50-km\/"},"modified":"2026-01-22T21:09:00","modified_gmt":"2026-01-23T00:09:00","slug":"tacografos-passam-a-ser-obrigatorios-em-percursos-com-menos-de-50-km","status":"publish","type":"post","link":"https:\/\/portaltela.pt\/noticias\/2026\/01\/22\/tacografos-passam-a-ser-obrigatorios-em-percursos-com-menos-de-50-km\/","title":{"rendered":"Tac\u00f3grafos passam a ser obrigat\u00f3rios em percursos com menos de 50 km"},"content":{"rendered":"<p>O Governo vai tornar obrigat\u00f3rios os tac\u00f3grafos em percursos com menos de 50 km nos ve\u00edculos pesados de transporte de passageiros e mercadorias. A decis\u00e3o foi anunciada pelo ministro das Infraestruturas, Miguel Pinto Luz, ap\u00f3s o Conselho de Ministros.<\/p>\n<p>A medida visa garantir o cumprimento estrito das horas de condu\u00e7\u00e3o permitidas e refor\u00e7ar a seguran\u00e7a rodovi\u00e1ria em viagens curtas. A op\u00e7\u00e3o surgiu numa altura em que se t\u00eam levantado quest\u00f5es sobre o controlo do tempo de trabalho de motoristas.<\/p>\n<p>Em janeiro, o presidente do IMT j\u00e1 tinha pedido uma revis\u00e3o legal para limitar o tempo de trabalho dos motoristas. A preocupa\u00e7\u00e3o envolve tanto autocarros como cami\u00f5es, especialmente na micro log\u00edstica urbana onde alguns condutores n\u00e3o utilizam tac\u00f3grafos em dist\u00e2ncias inferiores a 50 km.<\/p>\n<h3>Regime para ve\u00edculos euro-modulares<\/h3>\n<p>O Governo aprovou um regime para os ve\u00edculos euro-modulares, passando o comprimento de 25,25 para 32 metros e o peso m\u00e1ximo de 60 para 72 toneladas. O novo regime inclui o transporte de mat\u00e9rias perigosas em percursos como o do Aeroporto de Lisboa.<\/p>\n<p>Segundo o ministro, os euro-modulares podem circular em Espanha, mas n\u00e3o em Portugal, devido \u00e0 necessidade de separar contentores ao entrar no territ\u00f3rio nacional. O Governo mant\u00e9m a restri\u00e7\u00e3o na legisla\u00e7\u00e3o vigente para a circula\u00e7\u00e3o entre os dois pa\u00edses.<\/p>\n<h3>Medidas no setor de mobilidade e rent-a-car<\/h3>\n<p>Tamb\u00e9m foi aprovada a desmaterializa\u00e7\u00e3o dos contratos de aluguer de ve\u00edculos e a sua passagem \u00e0 vers\u00e3o digital. Foi ainda alargada a idade m\u00e1xima dos ve\u00edculos de rent-a-cargo de 5 para 15 anos.<\/p>\n<p>Entre as medidas aprovadas destacam-se a aquisi\u00e7\u00e3o de comboios pela CP para a Alta Velocidade e o regulamento para supervis\u00e3o e licenciamento de modos de transporte como metro, elevadores, funiculares, e comboios ligeiros e tur\u00edsticos.<\/p>\n","protected":false},"excerpt":{"rendered":"<ul>\n<li>O Governo vai tornar obrigat\u00f3rio o uso de tac\u00f3grafos em ve\u00edculos pesados que fa\u00e7am percursos inferiores a cinquenta quil\u00f3metros, visando cumprir de forma estrita as horas de condu\u00e7\u00e3o e aumentar a seguran\u00e7a rodovi\u00e1ria.<\/li>\n<li>A medida foi anunciada pelo ministro das Infraestruturas, Miguel Pinto Luz, ap\u00f3s o Conselho de Ministros.<\/li>\n<li>O Conselho de Ministros aprovou tamb\u00e9m um regime para ve\u00edculos euro-modulares (douduplas de mercadorias), aumentando o comprimento de 25,25 metros para 32 metros e o peso de 60 para 72 toneladas, com circula\u00e7\u00e3o nas vias nacionais.<\/li>\n<li>O novo regime permite o transporte de mat\u00e9rias perigosas em percursos como o do Aeroporto de Lisboa, embora haja restri\u00e7\u00f5es para circula\u00e7\u00e3o em Portugal sob a atual lei, que exige separar contentores ao entrar no pa\u00eds.<\/li>\n<li>Foram ainda aprovadas medidas adicionais: desmaterializa\u00e7\u00e3o dos contratos de aluguer de ve\u00edculos de rent-a-car, aumento da idade m\u00e1xima dos ve\u00edculos de rent-a-cargo para 15 anos, e regulamentos de supervis\u00e3o e licenciamento de modos de transporte, entre outras medidas de mobilidade.<\/li>\n<\/ul>\n","protected":false},"author":2,"featured_media":165616,"comment_status":"closed","ping_status":"closed","sticky":false,"template":"","format":"standard","meta":{"footnotes":""},"categories":[1],"tags":[3683,3191,2110,2761,192,1505],"class_list":["post-165609","post","type-post","status-publish","format-standard","has-post-thumbnail","hentry","category-noticias","tag-comboios","tag-cp","tag-mobilidade","tag-seguranca-rodoviaria","tag-transporte","tag-transportes-rodoviarios"],"yoast_head":"<!-- This site is optimized with the Yoast SEO plugin v27.2 - https:\/\/yoast.com\/product\/yoast-seo-wordpress\/ -->\n<title>Tac\u00f3grafos passam a ser obrigat\u00f3rios em percursos com menos de 50 km - Portal Tela Portugal<\/title>\n<meta name=\"robots\" content=\"index, follow, max-snippet:-1, max-image-preview:large, max-video-preview:-1\" \/>\n<meta property=\"og:locale\" content=\"pt_PT\" \/>\n<meta property=\"og:type\" content=\"article\" \/>\n<meta property=\"og:title\" content=\"Tac\u00f3grafos passam a ser obrigat\u00f3rios em percursos com menos de 50 km - Portal Tela Portugal\" \/>\n<meta property=\"og:description\" content=\"O Governo vai tornar obrigat\u00f3rio o uso de tac\u00f3grafos em ve\u00edculos pesados que fa\u00e7am percursos inferiores a cinquenta quil\u00f3metros, visando cumprir de forma estrita as horas de condu\u00e7\u00e3o e aumentar a seguran\u00e7a rodovi\u00e1ria. A medida foi anunciada pelo ministro das Infraestruturas, Miguel Pinto Luz, ap\u00f3s o Conselho de Ministros. O Conselho de Ministros aprovou tamb\u00e9m um regime para ve\u00edculos euro-modulares (douduplas de mercadorias), aumentando o comprimento de 25,25 metros para 32 metros e o peso de 60 para 72 toneladas, com circula\u00e7\u00e3o nas vias nacionais. O novo regime permite o transporte de mat\u00e9rias perigosas em percursos como o do Aeroporto de Lisboa, embora haja restri\u00e7\u00f5es para circula\u00e7\u00e3o em Portugal sob a atual lei, que exige separar contentores ao entrar no pa\u00eds. Foram ainda aprovadas medidas adicionais: desmaterializa\u00e7\u00e3o dos contratos de aluguer de ve\u00edculos de rent-a-car, aumento da idade m\u00e1xima dos ve\u00edculos de rent-a-cargo para 15 anos, e regulamentos de supervis\u00e3o e licenciamento de modos de transporte, entre outras medidas de mobilidade.\" \/>\n<meta property=\"og:url\" content=\"https:\/\/portaltela.pt\/noticias\/2026\/01\/22\/tacografos-passam-a-ser-obrigatorios-em-percursos-com-menos-de-50-km\/\" \/>\n<meta property=\"og:site_name\" content=\"Portal Tela Portugal\" \/>\n<meta property=\"article:published_time\" content=\"2026-01-23T00:09:00+00:00\" \/>\n<meta name=\"author\" content=\"Telinha\" \/>\n<meta name=\"twitter:card\" content=\"summary_large_image\" \/>\n<meta name=\"twitter:label1\" content=\"Escrito por\" \/>\n\t<meta name=\"twitter:data1\" content=\"Telinha\" \/>\n\t<meta name=\"twitter:label2\" content=\"Tempo estimado de leitura\" \/>\n\t<meta name=\"twitter:data2\" content=\"2 minutos\" \/>\n<script type=\"application\/ld+json\" class=\"yoast-schema-graph\">{\"@context\":\"https:\/\/schema.org\",\"@graph\":[{\"@type\":\"Article\",\"@id\":\"https:\/\/portaltela.pt\/noticias\/2026\/01\/22\/tacografos-passam-a-ser-obrigatorios-em-percursos-com-menos-de-50-km\/#article\",\"isPartOf\":{\"@id\":\"https:\/\/portaltela.pt\/noticias\/2026\/01\/22\/tacografos-passam-a-ser-obrigatorios-em-percursos-com-menos-de-50-km\/\"},\"author\":{\"name\":\"Telinha\",\"@id\":\"https:\/\/portaltela.pt\/#\/schema\/person\/c4278d4a6028830caff9ee44b42d32ed\"},\"headline\":\"Tac\u00f3grafos passam a ser obrigat\u00f3rios em percursos com menos de 50 km\",\"datePublished\":\"2026-01-23T00:09:00+00:00\",\"mainEntityOfPage\":{\"@id\":\"https:\/\/portaltela.pt\/noticias\/2026\/01\/22\/tacografos-passam-a-ser-obrigatorios-em-percursos-com-menos-de-50-km\/\"},\"wordCount\":326,\"image\":{\"@id\":\"https:\/\/portaltela.pt\/noticias\/2026\/01\/22\/tacografos-passam-a-ser-obrigatorios-em-percursos-com-menos-de-50-km\/#primaryimage\"},\"thumbnailUrl\":\"https:\/\/portaltela.pt\/s.01k8rhncp4jt1\/2026\/01\/unnamed-file-4693.jpg\",\"keywords\":[\"comboios\",\"CP\",\"mobilidade\",\"seguran\u00e7a rodovi\u00e1ria\",\"transporte\",\"Transportes Rodovi\u00e1rios\"],\"articleSection\":[\"Not\u00edcias\"],\"inLanguage\":\"pt-PT\"},{\"@type\":\"WebPage\",\"@id\":\"https:\/\/portaltela.pt\/noticias\/2026\/01\/22\/tacografos-passam-a-ser-obrigatorios-em-percursos-com-menos-de-50-km\/\",\"url\":\"https:\/\/portaltela.pt\/noticias\/2026\/01\/22\/tacografos-passam-a-ser-obrigatorios-em-percursos-com-menos-de-50-km\/\",\"name\":\"Tac\u00f3grafos passam a ser obrigat\u00f3rios em percursos com menos de 50 km - Portal Tela Portugal\",\"isPartOf\":{\"@id\":\"https:\/\/portaltela.pt\/#website\"},\"primaryImageOfPage\":{\"@id\":\"https:\/\/portaltela.pt\/noticias\/2026\/01\/22\/tacografos-passam-a-ser-obrigatorios-em-percursos-com-menos-de-50-km\/#primaryimage\"},\"image\":{\"@id\":\"https:\/\/portaltela.pt\/noticias\/2026\/01\/22\/tacografos-passam-a-ser-obrigatorios-em-percursos-com-menos-de-50-km\/#primaryimage\"},\"thumbnailUrl\":\"https:\/\/portaltela.pt\/s.01k8rhncp4jt1\/2026\/01\/unnamed-file-4693.jpg\",\"datePublished\":\"2026-01-23T00:09:00+00:00\",\"author\":{\"@id\":\"https:\/\/portaltela.pt\/#\/schema\/person\/c4278d4a6028830caff9ee44b42d32ed\"},\"breadcrumb\":{\"@id\":\"https:\/\/portaltela.pt\/noticias\/2026\/01\/22\/tacografos-passam-a-ser-obrigatorios-em-percursos-com-menos-de-50-km\/#breadcrumb\"},\"inLanguage\":\"pt-PT\",\"potentialAction\":[{\"@type\":\"ReadAction\",\"target\":[\"https:\/\/portaltela.pt\/noticias\/2026\/01\/22\/tacografos-passam-a-ser-obrigatorios-em-percursos-com-menos-de-50-km\/\"]}]},{\"@type\":\"ImageObject\",\"inLanguage\":\"pt-PT\",\"@id\":\"https:\/\/portaltela.pt\/noticias\/2026\/01\/22\/tacografos-passam-a-ser-obrigatorios-em-percursos-com-menos-de-50-km\/#primaryimage\",\"url\":\"https:\/\/portaltela.pt\/s.01k8rhncp4jt1\/2026\/01\/unnamed-file-4693.jpg\",\"contentUrl\":\"https:\/\/portaltela.pt\/s.01k8rhncp4jt1\/2026\/01\/unnamed-file-4693.jpg\",\"width\":796,\"height\":448,\"caption\":\"Tac\u00f3grafos v\u00e3o ser obrigat\u00f3rios em percursos inferiores a 50 km\"},{\"@type\":\"BreadcrumbList\",\"@id\":\"https:\/\/portaltela.pt\/noticias\/2026\/01\/22\/tacografos-passam-a-ser-obrigatorios-em-percursos-com-menos-de-50-km\/#breadcrumb\",\"itemListElement\":[{\"@type\":\"ListItem\",\"position\":1,\"name\":\"In\u00edcio\",\"item\":\"https:\/\/portaltela.pt\/\"},{\"@type\":\"ListItem\",\"position\":2,\"name\":\"Tac\u00f3grafos passam a ser obrigat\u00f3rios em percursos com menos de 50 km\"}]},{\"@type\":\"WebSite\",\"@id\":\"https:\/\/portaltela.pt\/#website\",\"url\":\"https:\/\/portaltela.pt\/\",\"name\":\"Portal Tela Portugal\",\"description\":\"\",\"potentialAction\":[{\"@type\":\"SearchAction\",\"target\":{\"@type\":\"EntryPoint\",\"urlTemplate\":\"https:\/\/portaltela.pt\/?s={search_term_string}\"},\"query-input\":{\"@type\":\"PropertyValueSpecification\",\"valueRequired\":true,\"valueName\":\"search_term_string\"}}],\"inLanguage\":\"pt-PT\"},{\"@type\":\"Person\",\"@id\":\"https:\/\/portaltela.pt\/#\/schema\/person\/c4278d4a6028830caff9ee44b42d32ed\",\"name\":\"Telinha\",\"image\":{\"@type\":\"ImageObject\",\"inLanguage\":\"pt-PT\",\"@id\":\"https:\/\/portaltela.pt\/s.01k8rhncp4jt1\/2025\/11\/talking-bot-125x125.png\",\"url\":\"https:\/\/portaltela.pt\/s.01k8rhncp4jt1\/2025\/11\/talking-bot-125x125.png\",\"contentUrl\":\"https:\/\/portaltela.pt\/s.01k8rhncp4jt1\/2025\/11\/talking-bot-125x125.png\",\"caption\":\"Telinha\"},\"sameAs\":[\"https:\/\/portaltela.pt\/\"],\"url\":\"https:\/\/portaltela.pt\/por\/367410592786\/\"}]}<\/script>\n<!-- \/ Yoast SEO plugin. -->","yoast_head_json":{"title":"Tac\u00f3grafos passam a ser obrigat\u00f3rios em percursos com menos de 50 km - Portal Tela Portugal","robots":{"index":"index","follow":"follow","max-snippet":"max-snippet:-1","max-image-preview":"max-image-preview:large","max-video-preview":"max-video-preview:-1"},"og_locale":"pt_PT","og_type":"article","og_title":"Tac\u00f3grafos passam a ser obrigat\u00f3rios em percursos com menos de 50 km - Portal Tela Portugal","og_description":"O Governo vai tornar obrigat\u00f3rio o uso de tac\u00f3grafos em ve\u00edculos pesados que fa\u00e7am percursos inferiores a cinquenta quil\u00f3metros, visando cumprir de forma estrita as horas de condu\u00e7\u00e3o e aumentar a seguran\u00e7a rodovi\u00e1ria. A medida foi anunciada pelo ministro das Infraestruturas, Miguel Pinto Luz, ap\u00f3s o Conselho de Ministros. O Conselho de Ministros aprovou tamb\u00e9m um regime para ve\u00edculos euro-modulares (douduplas de mercadorias), aumentando o comprimento de 25,25 metros para 32 metros e o peso de 60 para 72 toneladas, com circula\u00e7\u00e3o nas vias nacionais. O novo regime permite o transporte de mat\u00e9rias perigosas em percursos como o do Aeroporto de Lisboa, embora haja restri\u00e7\u00f5es para circula\u00e7\u00e3o em Portugal sob a atual lei, que exige separar contentores ao entrar no pa\u00eds. Foram ainda aprovadas medidas adicionais: desmaterializa\u00e7\u00e3o dos contratos de aluguer de ve\u00edculos de rent-a-car, aumento da idade m\u00e1xima dos ve\u00edculos de rent-a-cargo para 15 anos, e regulamentos de supervis\u00e3o e licenciamento de modos de transporte, entre outras medidas de mobilidade.","og_url":"https:\/\/portaltela.pt\/noticias\/2026\/01\/22\/tacografos-passam-a-ser-obrigatorios-em-percursos-com-menos-de-50-km\/","og_site_name":"Portal Tela Portugal","article_published_time":"2026-01-23T00:09:00+00:00","author":"Telinha","twitter_card":"summary_large_image","twitter_misc":{"Escrito por":"Telinha","Tempo estimado de leitura":"2 minutos"},"schema":{"@context":"https:\/\/schema.org","@graph":[{"@type":"Article","@id":"https:\/\/portaltela.pt\/noticias\/2026\/01\/22\/tacografos-passam-a-ser-obrigatorios-em-percursos-com-menos-de-50-km\/#article","isPartOf":{"@id":"https:\/\/portaltela.pt\/noticias\/2026\/01\/22\/tacografos-passam-a-ser-obrigatorios-em-percursos-com-menos-de-50-km\/"},"author":{"name":"Telinha","@id":"https:\/\/portaltela.pt\/#\/schema\/person\/c4278d4a6028830caff9ee44b42d32ed"},"headline":"Tac\u00f3grafos passam a ser obrigat\u00f3rios em percursos com menos de 50 km","datePublished":"2026-01-23T00:09:00+00:00","mainEntityOfPage":{"@id":"https:\/\/portaltela.pt\/noticias\/2026\/01\/22\/tacografos-passam-a-ser-obrigatorios-em-percursos-com-menos-de-50-km\/"},"wordCount":326,"image":{"@id":"https:\/\/portaltela.pt\/noticias\/2026\/01\/22\/tacografos-passam-a-ser-obrigatorios-em-percursos-com-menos-de-50-km\/#primaryimage"},"thumbnailUrl":"https:\/\/portaltela.pt\/s.01k8rhncp4jt1\/2026\/01\/unnamed-file-4693.jpg","keywords":["comboios","CP","mobilidade","seguran\u00e7a rodovi\u00e1ria","transporte","Transportes Rodovi\u00e1rios"],"articleSection":["Not\u00edcias"],"inLanguage":"pt-PT"},{"@type":"WebPage","@id":"https:\/\/portaltela.pt\/noticias\/2026\/01\/22\/tacografos-passam-a-ser-obrigatorios-em-percursos-com-menos-de-50-km\/","url":"https:\/\/portaltela.pt\/noticias\/2026\/01\/22\/tacografos-passam-a-ser-obrigatorios-em-percursos-com-menos-de-50-km\/","name":"Tac\u00f3grafos passam a ser obrigat\u00f3rios em percursos com menos de 50 km - Portal Tela Portugal","isPartOf":{"@id":"https:\/\/portaltela.pt\/#website"},"primaryImageOfPage":{"@id":"https:\/\/portaltela.pt\/noticias\/2026\/01\/22\/tacografos-passam-a-ser-obrigatorios-em-percursos-com-menos-de-50-km\/#primaryimage"},"image":{"@id":"https:\/\/portaltela.pt\/noticias\/2026\/01\/22\/tacografos-passam-a-ser-obrigatorios-em-percursos-com-menos-de-50-km\/#primaryimage"},"thumbnailUrl":"https:\/\/portaltela.pt\/s.01k8rhncp4jt1\/2026\/01\/unnamed-file-4693.jpg","datePublished":"2026-01-23T00:09:00+00:00","author":{"@id":"https:\/\/portaltela.pt\/#\/schema\/person\/c4278d4a6028830caff9ee44b42d32ed"},"breadcrumb":{"@id":"https:\/\/portaltela.pt\/noticias\/2026\/01\/22\/tacografos-passam-a-ser-obrigatorios-em-percursos-com-menos-de-50-km\/#breadcrumb"},"inLanguage":"pt-PT","potentialAction":[{"@type":"ReadAction","target":["https:\/\/portaltela.pt\/noticias\/2026\/01\/22\/tacografos-passam-a-ser-obrigatorios-em-percursos-com-menos-de-50-km\/"]}]},{"@type":"ImageObject","inLanguage":"pt-PT","@id":"https:\/\/portaltela.pt\/noticias\/2026\/01\/22\/tacografos-passam-a-ser-obrigatorios-em-percursos-com-menos-de-50-km\/#primaryimage","url":"https:\/\/portaltela.pt\/s.01k8rhncp4jt1\/2026\/01\/unnamed-file-4693.jpg","contentUrl":"https:\/\/portaltela.pt\/s.01k8rhncp4jt1\/2026\/01\/unnamed-file-4693.jpg","width":796,"height":448,"caption":"Tac\u00f3grafos v\u00e3o ser obrigat\u00f3rios em percursos inferiores a 50 km"},{"@type":"BreadcrumbList","@id":"https:\/\/portaltela.pt\/noticias\/2026\/01\/22\/tacografos-passam-a-ser-obrigatorios-em-percursos-com-menos-de-50-km\/#breadcrumb","itemListElement":[{"@type":"ListItem","position":1,"name":"In\u00edcio","item":"https:\/\/portaltela.pt\/"},{"@type":"ListItem","position":2,"name":"Tac\u00f3grafos passam a ser obrigat\u00f3rios em percursos com menos de 50 km"}]},{"@type":"WebSite","@id":"https:\/\/portaltela.pt\/#website","url":"https:\/\/portaltela.pt\/","name":"Portal Tela Portugal","description":"","potentialAction":[{"@type":"SearchAction","target":{"@type":"EntryPoint","urlTemplate":"https:\/\/portaltela.pt\/?s={search_term_string}"},"query-input":{"@type":"PropertyValueSpecification","valueRequired":true,"valueName":"search_term_string"}}],"inLanguage":"pt-PT"},{"@type":"Person","@id":"https:\/\/portaltela.pt\/#\/schema\/person\/c4278d4a6028830caff9ee44b42d32ed","name":"Telinha","image":{"@type":"ImageObject","inLanguage":"pt-PT","@id":"https:\/\/portaltela.pt\/s.01k8rhncp4jt1\/2025\/11\/talking-bot-125x125.png","url":"https:\/\/portaltela.pt\/s.01k8rhncp4jt1\/2025\/11\/talking-bot-125x125.png","contentUrl":"https:\/\/portaltela.pt\/s.01k8rhncp4jt1\/2025\/11\/talking-bot-125x125.png","caption":"Telinha"},"sameAs":["https:\/\/portaltela.pt\/"],"url":"https:\/\/portaltela.pt\/por\/367410592786\/"}]}},"_links":{"self":[{"href":"https:\/\/portaltela.pt\/api\/wp\/v2\/posts\/165609","targetHints":{"allow":["GET"]}}],"collection":[{"href":"https:\/\/portaltela.pt\/api\/wp\/v2\/posts"}],"about":[{"href":"https:\/\/portaltela.pt\/api\/wp\/v2\/types\/post"}],"author":[{"embeddable":true,"href":"https:\/\/portaltela.pt\/api\/wp\/v2\/users\/2"}],"replies":[{"embeddable":true,"href":"https:\/\/portaltela.pt\/api\/wp\/v2\/comments?post=165609"}],"version-history":[{"count":0,"href":"https:\/\/portaltela.pt\/api\/wp\/v2\/posts\/165609\/revisions"}],"wp:featuredmedia":[{"embeddable":true,"href":"https:\/\/portaltela.pt\/api\/wp\/v2\/media\/165616"}],"wp:attachment":[{"href":"https:\/\/portaltela.pt\/api\/wp\/v2\/media?parent=165609"}],"wp:term":[{"taxonomy":"category","embeddable":true,"href":"https:\/\/portaltela.pt\/api\/wp\/v2\/categories?post=165609"},{"taxonomy":"post_tag","embeddable":true,"href":"https:\/\/portaltela.pt\/api\/wp\/v2\/tags?post=165609"}],"curies":[{"name":"wp","href":"https:\/\/api.w.org\/{rel}","templated":true}]}}