{"id":165521,"date":"2026-01-22T19:46:00","date_gmt":"2026-01-22T22:46:00","guid":{"rendered":"https:\/\/portaltela.pt\/noticias\/2026\/01\/22\/chishkala-assina-pelo-sporting-e-marca-ja-na-estreia\/"},"modified":"2026-01-22T19:46:00","modified_gmt":"2026-01-22T22:46:00","slug":"chishkala-assina-pelo-sporting-e-marca-ja-na-estreia","status":"publish","type":"post","link":"https:\/\/portaltela.pt\/desporto\/futebol\/2026\/01\/22\/chishkala-assina-pelo-sporting-e-marca-ja-na-estreia\/","title":{"rendered":"Chishkala assina pelo Sporting e marca j\u00e1 na estreia"},"content":{"rendered":"<p>No dia em que assinou contrato com o Sporting, Chishkala entrou em campo num treino jogado \u00e0 porta fechada. O encontro, de car\u00e1ter particular, terminou 14-0 a favor dos le\u00f5es diante do Pocari\u00e7a.<\/p>\n<p>A Open\u00edcia do Sporting a Leiria serviu para oferecer minutos a jogadores n\u00e3o convocados para as provas internacionais. A equipa distrital da AF Leiria foi o advers\u00e1rio neste encontro.<\/p>\n<p>Ao lado de Chishkala, destacaram-se Taynan com quatro golos, Bruno Pinto e Allan Guilherme com tr\u00eas cada, Henrique Rafagnin e Jo\u00e3o Carvalho com um tento a cada, e o jovem de 16 anos estreou-se pelo clube principal.<\/p>\n<p>Zicky Fernandes permaneceu no banco de suplentes, embora tenha protagonizado atua\u00e7\u00f5es apreciadas pelos jovens seguidores presentes no recinto.<\/p>\n<p>O jogo realizou-se na freguesia de Maceira, Leiria, aproveitando a pausa das competi\u00e7\u00f5es nacionais para o Europeu e a Copa Am\u00e9rica de futsal.<\/p>\n","protected":false},"excerpt":{"rendered":"<ul>\n<li>Chishkala assinou pelo Sporting e entrou em campo, marcando no triunfo de 14-0 sobre o Pocari\u00e7a, num particular jogado em Leiria, durante a pausa das competi\u00e7\u00f5es.<\/li>\n<li>A desloca\u00e7\u00e3o aconteceu na freguesia de Maceira, aproveitando a interrup\u00e7\u00e3o para Europeu e Copa Am\u00e9rica de futsal.<\/li>\n<li>Os golos dos vice-campe\u00f5es nacionais ficaram assim: Taynan (quatro), Bruno Pinto (tr\u00eas), Allan Guilherme (tr\u00eas), Chishkala (dois), Henrique Rafagnin e Jo\u00e3o Carvalho.<\/li>\n<li>Jo\u00e3o Carvalho, jovem de dezasseis anos, foi lan\u00e7ado por Nuno Dias pela primeira vez nesta quinta-feira.<\/li>\n<li>Zicky permaneceu no banco de suplentes durante o encontro.<\/li>\n<\/ul>\n","protected":false},"author":2,"featured_media":165531,"comment_status":"closed","ping_status":"closed","sticky":false,"template":"","format":"standard","meta":{"footnotes":""},"categories":[21,24],"tags":[3088,152,161,2844,1385,1652],"class_list":["post-165521","post","type-post","status-publish","format-standard","has-post-thumbnail","hentry","category-desporto","category-futebol","tag-af-leiria","tag-desporto","tag-futsal","tag-jovens","tag-leiria","tag-sporting"],"yoast_head":"<!-- This site is optimized with the Yoast SEO plugin v27.2 - https:\/\/yoast.com\/product\/yoast-seo-wordpress\/ -->\n<title>Chishkala assina pelo Sporting e marca j\u00e1 na estreia - Portal Tela Portugal<\/title>\n<meta name=\"robots\" content=\"index, follow, max-snippet:-1, max-image-preview:large, max-video-preview:-1\" \/>\n<meta property=\"og:locale\" content=\"pt_PT\" \/>\n<meta property=\"og:type\" content=\"article\" \/>\n<meta property=\"og:title\" content=\"Chishkala assina pelo Sporting e marca j\u00e1 na estreia - Portal Tela Portugal\" \/>\n<meta property=\"og:description\" content=\"Chishkala assinou pelo Sporting e entrou em campo, marcando no triunfo de 14-0 sobre o Pocari\u00e7a, num particular jogado em Leiria, durante a pausa das competi\u00e7\u00f5es. A desloca\u00e7\u00e3o aconteceu na freguesia de Maceira, aproveitando a interrup\u00e7\u00e3o para Europeu e Copa Am\u00e9rica de futsal. Os golos dos vice-campe\u00f5es nacionais ficaram assim: Taynan (quatro), Bruno Pinto (tr\u00eas), Allan Guilherme (tr\u00eas), Chishkala (dois), Henrique Rafagnin e Jo\u00e3o Carvalho. Jo\u00e3o Carvalho, jovem de dezasseis anos, foi lan\u00e7ado por Nuno Dias pela primeira vez nesta quinta-feira. Zicky permaneceu no banco de suplentes durante o encontro.\" \/>\n<meta property=\"og:url\" content=\"https:\/\/portaltela.pt\/noticias\/2026\/01\/22\/chishkala-assina-pelo-sporting-e-marca-ja-na-estreia\/\" \/>\n<meta property=\"og:site_name\" content=\"Portal Tela Portugal\" \/>\n<meta property=\"article:published_time\" content=\"2026-01-22T22:46:00+00:00\" \/>\n<meta name=\"author\" content=\"Telinha\" \/>\n<meta name=\"twitter:card\" content=\"summary_large_image\" \/>\n<meta name=\"twitter:label1\" content=\"Escrito por\" \/>\n\t<meta name=\"twitter:data1\" content=\"Telinha\" \/>\n\t<meta name=\"twitter:label2\" content=\"Tempo estimado de leitura\" \/>\n\t<meta name=\"twitter:data2\" content=\"1 minuto\" \/>\n<script type=\"application\/ld+json\" class=\"yoast-schema-graph\">{\"@context\":\"https:\/\/schema.org\",\"@graph\":[{\"@type\":\"Article\",\"@id\":\"https:\/\/portaltela.pt\/noticias\/2026\/01\/22\/chishkala-assina-pelo-sporting-e-marca-ja-na-estreia\/#article\",\"isPartOf\":{\"@id\":\"https:\/\/portaltela.pt\/noticias\/2026\/01\/22\/chishkala-assina-pelo-sporting-e-marca-ja-na-estreia\/\"},\"author\":{\"name\":\"Telinha\",\"@id\":\"https:\/\/portaltela.pt\/#\/schema\/person\/c4278d4a6028830caff9ee44b42d32ed\"},\"headline\":\"Chishkala assina pelo Sporting e marca j\u00e1 na estreia\",\"datePublished\":\"2026-01-22T22:46:00+00:00\",\"mainEntityOfPage\":{\"@id\":\"https:\/\/portaltela.pt\/noticias\/2026\/01\/22\/chishkala-assina-pelo-sporting-e-marca-ja-na-estreia\/\"},\"wordCount\":158,\"image\":{\"@id\":\"https:\/\/portaltela.pt\/noticias\/2026\/01\/22\/chishkala-assina-pelo-sporting-e-marca-ja-na-estreia\/#primaryimage\"},\"thumbnailUrl\":\"https:\/\/portaltela.pt\/s.01k8rhncp4jt1\/2026\/01\/img_920x518uu2026-01-22-22-46-30-2416758-2.jpg\",\"keywords\":[\"AF Leiria\",\"desporto\",\"futsal\",\"jovens\",\"Leiria\",\"Sporting\"],\"articleSection\":[\"Desporto\",\"Futebol\"],\"inLanguage\":\"pt-PT\"},{\"@type\":\"WebPage\",\"@id\":\"https:\/\/portaltela.pt\/noticias\/2026\/01\/22\/chishkala-assina-pelo-sporting-e-marca-ja-na-estreia\/\",\"url\":\"https:\/\/portaltela.pt\/noticias\/2026\/01\/22\/chishkala-assina-pelo-sporting-e-marca-ja-na-estreia\/\",\"name\":\"Chishkala assina pelo Sporting e marca j\u00e1 na estreia - Portal Tela Portugal\",\"isPartOf\":{\"@id\":\"https:\/\/portaltela.pt\/#website\"},\"primaryImageOfPage\":{\"@id\":\"https:\/\/portaltela.pt\/noticias\/2026\/01\/22\/chishkala-assina-pelo-sporting-e-marca-ja-na-estreia\/#primaryimage\"},\"image\":{\"@id\":\"https:\/\/portaltela.pt\/noticias\/2026\/01\/22\/chishkala-assina-pelo-sporting-e-marca-ja-na-estreia\/#primaryimage\"},\"thumbnailUrl\":\"https:\/\/portaltela.pt\/s.01k8rhncp4jt1\/2026\/01\/img_920x518uu2026-01-22-22-46-30-2416758-2.jpg\",\"datePublished\":\"2026-01-22T22:46:00+00:00\",\"author\":{\"@id\":\"https:\/\/portaltela.pt\/#\/schema\/person\/c4278d4a6028830caff9ee44b42d32ed\"},\"breadcrumb\":{\"@id\":\"https:\/\/portaltela.pt\/noticias\/2026\/01\/22\/chishkala-assina-pelo-sporting-e-marca-ja-na-estreia\/#breadcrumb\"},\"inLanguage\":\"pt-PT\",\"potentialAction\":[{\"@type\":\"ReadAction\",\"target\":[\"https:\/\/portaltela.pt\/noticias\/2026\/01\/22\/chishkala-assina-pelo-sporting-e-marca-ja-na-estreia\/\"]}]},{\"@type\":\"ImageObject\",\"inLanguage\":\"pt-PT\",\"@id\":\"https:\/\/portaltela.pt\/noticias\/2026\/01\/22\/chishkala-assina-pelo-sporting-e-marca-ja-na-estreia\/#primaryimage\",\"url\":\"https:\/\/portaltela.pt\/s.01k8rhncp4jt1\/2026\/01\/img_920x518uu2026-01-22-22-46-30-2416758-2.jpg\",\"contentUrl\":\"https:\/\/portaltela.pt\/s.01k8rhncp4jt1\/2026\/01\/img_920x518uu2026-01-22-22-46-30-2416758-2.jpg\",\"width\":796,\"height\":448,\"caption\":\"Chishkala em particular contra o Pocari\u00e7a\"},{\"@type\":\"BreadcrumbList\",\"@id\":\"https:\/\/portaltela.pt\/noticias\/2026\/01\/22\/chishkala-assina-pelo-sporting-e-marca-ja-na-estreia\/#breadcrumb\",\"itemListElement\":[{\"@type\":\"ListItem\",\"position\":1,\"name\":\"In\u00edcio\",\"item\":\"https:\/\/portaltela.pt\/\"},{\"@type\":\"ListItem\",\"position\":2,\"name\":\"Chishkala assina pelo Sporting e marca j\u00e1 na estreia\"}]},{\"@type\":\"WebSite\",\"@id\":\"https:\/\/portaltela.pt\/#website\",\"url\":\"https:\/\/portaltela.pt\/\",\"name\":\"Portal Tela Portugal\",\"description\":\"\",\"potentialAction\":[{\"@type\":\"SearchAction\",\"target\":{\"@type\":\"EntryPoint\",\"urlTemplate\":\"https:\/\/portaltela.pt\/?s={search_term_string}\"},\"query-input\":{\"@type\":\"PropertyValueSpecification\",\"valueRequired\":true,\"valueName\":\"search_term_string\"}}],\"inLanguage\":\"pt-PT\"},{\"@type\":\"Person\",\"@id\":\"https:\/\/portaltela.pt\/#\/schema\/person\/c4278d4a6028830caff9ee44b42d32ed\",\"name\":\"Telinha\",\"image\":{\"@type\":\"ImageObject\",\"inLanguage\":\"pt-PT\",\"@id\":\"https:\/\/portaltela.pt\/s.01k8rhncp4jt1\/2025\/11\/talking-bot-125x125.png\",\"url\":\"https:\/\/portaltela.pt\/s.01k8rhncp4jt1\/2025\/11\/talking-bot-125x125.png\",\"contentUrl\":\"https:\/\/portaltela.pt\/s.01k8rhncp4jt1\/2025\/11\/talking-bot-125x125.png\",\"caption\":\"Telinha\"},\"sameAs\":[\"https:\/\/portaltela.pt\/\"],\"url\":\"https:\/\/portaltela.pt\/por\/367410592786\/\"}]}<\/script>\n<!-- \/ Yoast SEO plugin. -->","yoast_head_json":{"title":"Chishkala assina pelo Sporting e marca j\u00e1 na estreia - Portal Tela Portugal","robots":{"index":"index","follow":"follow","max-snippet":"max-snippet:-1","max-image-preview":"max-image-preview:large","max-video-preview":"max-video-preview:-1"},"og_locale":"pt_PT","og_type":"article","og_title":"Chishkala assina pelo Sporting e marca j\u00e1 na estreia - Portal Tela Portugal","og_description":"Chishkala assinou pelo Sporting e entrou em campo, marcando no triunfo de 14-0 sobre o Pocari\u00e7a, num particular jogado em Leiria, durante a pausa das competi\u00e7\u00f5es. A desloca\u00e7\u00e3o aconteceu na freguesia de Maceira, aproveitando a interrup\u00e7\u00e3o para Europeu e Copa Am\u00e9rica de futsal. Os golos dos vice-campe\u00f5es nacionais ficaram assim: Taynan (quatro), Bruno Pinto (tr\u00eas), Allan Guilherme (tr\u00eas), Chishkala (dois), Henrique Rafagnin e Jo\u00e3o Carvalho. Jo\u00e3o Carvalho, jovem de dezasseis anos, foi lan\u00e7ado por Nuno Dias pela primeira vez nesta quinta-feira. Zicky permaneceu no banco de suplentes durante o encontro.","og_url":"https:\/\/portaltela.pt\/noticias\/2026\/01\/22\/chishkala-assina-pelo-sporting-e-marca-ja-na-estreia\/","og_site_name":"Portal Tela Portugal","article_published_time":"2026-01-22T22:46:00+00:00","author":"Telinha","twitter_card":"summary_large_image","twitter_misc":{"Escrito por":"Telinha","Tempo estimado de leitura":"1 minuto"},"schema":{"@context":"https:\/\/schema.org","@graph":[{"@type":"Article","@id":"https:\/\/portaltela.pt\/noticias\/2026\/01\/22\/chishkala-assina-pelo-sporting-e-marca-ja-na-estreia\/#article","isPartOf":{"@id":"https:\/\/portaltela.pt\/noticias\/2026\/01\/22\/chishkala-assina-pelo-sporting-e-marca-ja-na-estreia\/"},"author":{"name":"Telinha","@id":"https:\/\/portaltela.pt\/#\/schema\/person\/c4278d4a6028830caff9ee44b42d32ed"},"headline":"Chishkala assina pelo Sporting e marca j\u00e1 na estreia","datePublished":"2026-01-22T22:46:00+00:00","mainEntityOfPage":{"@id":"https:\/\/portaltela.pt\/noticias\/2026\/01\/22\/chishkala-assina-pelo-sporting-e-marca-ja-na-estreia\/"},"wordCount":158,"image":{"@id":"https:\/\/portaltela.pt\/noticias\/2026\/01\/22\/chishkala-assina-pelo-sporting-e-marca-ja-na-estreia\/#primaryimage"},"thumbnailUrl":"https:\/\/portaltela.pt\/s.01k8rhncp4jt1\/2026\/01\/img_920x518uu2026-01-22-22-46-30-2416758-2.jpg","keywords":["AF Leiria","desporto","futsal","jovens","Leiria","Sporting"],"articleSection":["Desporto","Futebol"],"inLanguage":"pt-PT"},{"@type":"WebPage","@id":"https:\/\/portaltela.pt\/noticias\/2026\/01\/22\/chishkala-assina-pelo-sporting-e-marca-ja-na-estreia\/","url":"https:\/\/portaltela.pt\/noticias\/2026\/01\/22\/chishkala-assina-pelo-sporting-e-marca-ja-na-estreia\/","name":"Chishkala assina pelo Sporting e marca j\u00e1 na estreia - Portal Tela Portugal","isPartOf":{"@id":"https:\/\/portaltela.pt\/#website"},"primaryImageOfPage":{"@id":"https:\/\/portaltela.pt\/noticias\/2026\/01\/22\/chishkala-assina-pelo-sporting-e-marca-ja-na-estreia\/#primaryimage"},"image":{"@id":"https:\/\/portaltela.pt\/noticias\/2026\/01\/22\/chishkala-assina-pelo-sporting-e-marca-ja-na-estreia\/#primaryimage"},"thumbnailUrl":"https:\/\/portaltela.pt\/s.01k8rhncp4jt1\/2026\/01\/img_920x518uu2026-01-22-22-46-30-2416758-2.jpg","datePublished":"2026-01-22T22:46:00+00:00","author":{"@id":"https:\/\/portaltela.pt\/#\/schema\/person\/c4278d4a6028830caff9ee44b42d32ed"},"breadcrumb":{"@id":"https:\/\/portaltela.pt\/noticias\/2026\/01\/22\/chishkala-assina-pelo-sporting-e-marca-ja-na-estreia\/#breadcrumb"},"inLanguage":"pt-PT","potentialAction":[{"@type":"ReadAction","target":["https:\/\/portaltela.pt\/noticias\/2026\/01\/22\/chishkala-assina-pelo-sporting-e-marca-ja-na-estreia\/"]}]},{"@type":"ImageObject","inLanguage":"pt-PT","@id":"https:\/\/portaltela.pt\/noticias\/2026\/01\/22\/chishkala-assina-pelo-sporting-e-marca-ja-na-estreia\/#primaryimage","url":"https:\/\/portaltela.pt\/s.01k8rhncp4jt1\/2026\/01\/img_920x518uu2026-01-22-22-46-30-2416758-2.jpg","contentUrl":"https:\/\/portaltela.pt\/s.01k8rhncp4jt1\/2026\/01\/img_920x518uu2026-01-22-22-46-30-2416758-2.jpg","width":796,"height":448,"caption":"Chishkala em particular contra o Pocari\u00e7a"},{"@type":"BreadcrumbList","@id":"https:\/\/portaltela.pt\/noticias\/2026\/01\/22\/chishkala-assina-pelo-sporting-e-marca-ja-na-estreia\/#breadcrumb","itemListElement":[{"@type":"ListItem","position":1,"name":"In\u00edcio","item":"https:\/\/portaltela.pt\/"},{"@type":"ListItem","position":2,"name":"Chishkala assina pelo Sporting e marca j\u00e1 na estreia"}]},{"@type":"WebSite","@id":"https:\/\/portaltela.pt\/#website","url":"https:\/\/portaltela.pt\/","name":"Portal Tela Portugal","description":"","potentialAction":[{"@type":"SearchAction","target":{"@type":"EntryPoint","urlTemplate":"https:\/\/portaltela.pt\/?s={search_term_string}"},"query-input":{"@type":"PropertyValueSpecification","valueRequired":true,"valueName":"search_term_string"}}],"inLanguage":"pt-PT"},{"@type":"Person","@id":"https:\/\/portaltela.pt\/#\/schema\/person\/c4278d4a6028830caff9ee44b42d32ed","name":"Telinha","image":{"@type":"ImageObject","inLanguage":"pt-PT","@id":"https:\/\/portaltela.pt\/s.01k8rhncp4jt1\/2025\/11\/talking-bot-125x125.png","url":"https:\/\/portaltela.pt\/s.01k8rhncp4jt1\/2025\/11\/talking-bot-125x125.png","contentUrl":"https:\/\/portaltela.pt\/s.01k8rhncp4jt1\/2025\/11\/talking-bot-125x125.png","caption":"Telinha"},"sameAs":["https:\/\/portaltela.pt\/"],"url":"https:\/\/portaltela.pt\/por\/367410592786\/"}]}},"_links":{"self":[{"href":"https:\/\/portaltela.pt\/api\/wp\/v2\/posts\/165521","targetHints":{"allow":["GET"]}}],"collection":[{"href":"https:\/\/portaltela.pt\/api\/wp\/v2\/posts"}],"about":[{"href":"https:\/\/portaltela.pt\/api\/wp\/v2\/types\/post"}],"author":[{"embeddable":true,"href":"https:\/\/portaltela.pt\/api\/wp\/v2\/users\/2"}],"replies":[{"embeddable":true,"href":"https:\/\/portaltela.pt\/api\/wp\/v2\/comments?post=165521"}],"version-history":[{"count":0,"href":"https:\/\/portaltela.pt\/api\/wp\/v2\/posts\/165521\/revisions"}],"wp:featuredmedia":[{"embeddable":true,"href":"https:\/\/portaltela.pt\/api\/wp\/v2\/media\/165531"}],"wp:attachment":[{"href":"https:\/\/portaltela.pt\/api\/wp\/v2\/media?parent=165521"}],"wp:term":[{"taxonomy":"category","embeddable":true,"href":"https:\/\/portaltela.pt\/api\/wp\/v2\/categories?post=165521"},{"taxonomy":"post_tag","embeddable":true,"href":"https:\/\/portaltela.pt\/api\/wp\/v2\/tags?post=165521"}],"curies":[{"name":"wp","href":"https:\/\/api.w.org\/{rel}","templated":true}]}}