{"id":165496,"date":"2026-01-22T20:47:00","date_gmt":"2026-01-22T23:47:00","guid":{"rendered":"https:\/\/portaltela.pt\/noticias\/2026\/01\/22\/porto-casal-manteve-cadaver-de-mulher-por-dois-anos-em-casa\/"},"modified":"2026-01-22T20:47:00","modified_gmt":"2026-01-22T23:47:00","slug":"porto-casal-manteve-cadaver-de-mulher-por-dois-anos-em-casa","status":"publish","type":"post","link":"https:\/\/portaltela.pt\/noticias\/2026\/01\/22\/porto-casal-manteve-cadaver-de-mulher-por-dois-anos-em-casa\/","title":{"rendered":"Porto: casal manteve cad\u00e1ver de mulher por dois anos em casa"},"content":{"rendered":"<p>O que aconteceu<\/p>\n<p>Um caso de isolamento extremo foi identificado no Porto, onde uma idosa de 73 anos foi encontrada morta na sua habita\u00e7\u00e3o, no Bairro S. Roque da Lameira, em Campanh\u00e3. A descoberta ocorreu ap\u00f3s um alerta m\u00e9dico de fam\u00edlia.<\/p>\n<p>Quem est\u00e1 envolvido<\/p>\n<p>A v\u00edtima foi identificada pela fam\u00edlia como uma mulher de idade avan\u00e7ada que, segundo relatos, n\u00e3o tolerava que algu\u00e9m falasse com ela. A C\u00e2mara Municipal do Porto esteve envolvida em dilig\u00eancias relacionadas com a renda do im\u00f3vel.<\/p>\n<p>Quando e onde<\/p>\n<p>O acontecimento remonta aos \u00faltimos dois anos, altura em que a morte ter\u00e1 ocorrido, sem que algu\u00e9m notasse a aus\u00eancia da moradora. O apartamento fica no Bairro S. Roque da Lameira, na cidade do Porto.<\/p>\n<p>Porqu\u00ea<\/p>\n<p>Segundo informa\u00e7\u00f5es oficiais, a mulher vivia isolada com pouca ou nenhuma intera\u00e7\u00e3o social, o que agravou o desfecho. A C\u00e2mara do Porto tentou, durante esse per\u00edodo, despej\u00e1-la por morosidade no pagamento de renda, sem sucesso.<\/p>\n<p>Desdobramentos<\/p>\n<p>As autoridades est\u00e3o a averiguar as circunst\u00e2ncias da morte e o hist\u00f3rico de habita\u00e7\u00e3o social no caso. A investiga\u00e7\u00e3o segue para determinar responsabilidades e eventuais medidas administrativas associadas ao im\u00f3vel.<\/p>\n","protected":false},"excerpt":{"rendered":"<ul>\n<li>Uma idosa de 73 anos foi encontrada morta na casa, no Bairro S. Roque da Lameira, no Porto, ap\u00f3s alerta da m\u00e9dica de fam\u00edlia.<\/li>\n<li>A mulher viveu isolada durante a \u00faltima d\u00e9cada e morreu h\u00e1 dois anos sem que ningu\u00e9m se apercebesse.<\/li>\n<li>A moradora, Fernanda, n\u00e3o gostava que ningu\u00e9m falasse com ela, mantendo a solid\u00e3o at\u00e9 ao fim.<\/li>\n<li>A C\u00e2mara do Porto tentou despej\u00e1-la ao longo do tempo por n\u00e3o pagar a renda.<\/li>\n<li>O epis\u00f3dio provocou surpresa e incredulidade sobre a falta de verifica\u00e7\u00e3o da situa\u00e7\u00e3o durante tanto tempo.<\/li>\n<\/ul>\n","protected":false},"author":2,"featured_media":165503,"comment_status":"closed","ping_status":"closed","sticky":false,"template":"","format":"standard","meta":{"footnotes":""},"categories":[1],"tags":[150,1167,215,217,982,2842],"class_list":["post-165496","post","type-post","status-publish","format-standard","has-post-thumbnail","hentry","category-noticias","tag-habitacao","tag-habitacao-social","tag-investigacao","tag-investigacao-criminal","tag-porto","tag-renda"],"yoast_head":"<!-- This site is optimized with the Yoast SEO plugin v27.2 - https:\/\/yoast.com\/product\/yoast-seo-wordpress\/ -->\n<title>Porto: casal manteve cad\u00e1ver de mulher por dois anos em casa - Portal Tela Portugal<\/title>\n<meta name=\"robots\" content=\"index, follow, max-snippet:-1, max-image-preview:large, max-video-preview:-1\" \/>\n<meta property=\"og:locale\" content=\"pt_PT\" \/>\n<meta property=\"og:type\" content=\"article\" \/>\n<meta property=\"og:title\" content=\"Porto: casal manteve cad\u00e1ver de mulher por dois anos em casa - Portal Tela Portugal\" \/>\n<meta property=\"og:description\" content=\"Uma idosa de 73 anos foi encontrada morta na casa, no Bairro S. Roque da Lameira, no Porto, ap\u00f3s alerta da m\u00e9dica de fam\u00edlia. A mulher viveu isolada durante a \u00faltima d\u00e9cada e morreu h\u00e1 dois anos sem que ningu\u00e9m se apercebesse. A moradora, Fernanda, n\u00e3o gostava que ningu\u00e9m falasse com ela, mantendo a solid\u00e3o at\u00e9 ao fim. A C\u00e2mara do Porto tentou despej\u00e1-la ao longo do tempo por n\u00e3o pagar a renda. O epis\u00f3dio provocou surpresa e incredulidade sobre a falta de verifica\u00e7\u00e3o da situa\u00e7\u00e3o durante tanto tempo.\" \/>\n<meta property=\"og:url\" content=\"https:\/\/portaltela.pt\/noticias\/2026\/01\/22\/porto-casal-manteve-cadaver-de-mulher-por-dois-anos-em-casa\/\" \/>\n<meta property=\"og:site_name\" content=\"Portal Tela Portugal\" \/>\n<meta property=\"article:published_time\" content=\"2026-01-22T23:47:00+00:00\" \/>\n<meta name=\"author\" content=\"Telinha\" \/>\n<meta name=\"twitter:card\" content=\"summary_large_image\" \/>\n<meta name=\"twitter:label1\" content=\"Escrito por\" \/>\n\t<meta name=\"twitter:data1\" content=\"Telinha\" \/>\n\t<meta name=\"twitter:label2\" content=\"Tempo estimado de leitura\" \/>\n\t<meta name=\"twitter:data2\" content=\"1 minuto\" \/>\n<script type=\"application\/ld+json\" class=\"yoast-schema-graph\">{\"@context\":\"https:\/\/schema.org\",\"@graph\":[{\"@type\":\"Article\",\"@id\":\"https:\/\/portaltela.pt\/noticias\/2026\/01\/22\/porto-casal-manteve-cadaver-de-mulher-por-dois-anos-em-casa\/#article\",\"isPartOf\":{\"@id\":\"https:\/\/portaltela.pt\/noticias\/2026\/01\/22\/porto-casal-manteve-cadaver-de-mulher-por-dois-anos-em-casa\/\"},\"author\":{\"name\":\"Telinha\",\"@id\":\"https:\/\/portaltela.pt\/#\/schema\/person\/c4278d4a6028830caff9ee44b42d32ed\"},\"headline\":\"Porto: casal manteve cad\u00e1ver de mulher por dois anos em casa\",\"datePublished\":\"2026-01-22T23:47:00+00:00\",\"mainEntityOfPage\":{\"@id\":\"https:\/\/portaltela.pt\/noticias\/2026\/01\/22\/porto-casal-manteve-cadaver-de-mulher-por-dois-anos-em-casa\/\"},\"wordCount\":222,\"image\":{\"@id\":\"https:\/\/portaltela.pt\/noticias\/2026\/01\/22\/porto-casal-manteve-cadaver-de-mulher-por-dois-anos-em-casa\/#primaryimage\"},\"thumbnailUrl\":\"https:\/\/portaltela.pt\/s.01k8rhncp4jt1\/2026\/01\/image-1490.jpg\",\"keywords\":[\"habita\u00e7\u00e3o\",\"habita\u00e7\u00e3o social\",\"investiga\u00e7\u00e3o\",\"investiga\u00e7\u00e3o criminal\",\"Porto\",\"renda\"],\"articleSection\":[\"Not\u00edcias\"],\"inLanguage\":\"pt-PT\"},{\"@type\":\"WebPage\",\"@id\":\"https:\/\/portaltela.pt\/noticias\/2026\/01\/22\/porto-casal-manteve-cadaver-de-mulher-por-dois-anos-em-casa\/\",\"url\":\"https:\/\/portaltela.pt\/noticias\/2026\/01\/22\/porto-casal-manteve-cadaver-de-mulher-por-dois-anos-em-casa\/\",\"name\":\"Porto: casal manteve cad\u00e1ver de mulher por dois anos em casa - Portal Tela Portugal\",\"isPartOf\":{\"@id\":\"https:\/\/portaltela.pt\/#website\"},\"primaryImageOfPage\":{\"@id\":\"https:\/\/portaltela.pt\/noticias\/2026\/01\/22\/porto-casal-manteve-cadaver-de-mulher-por-dois-anos-em-casa\/#primaryimage\"},\"image\":{\"@id\":\"https:\/\/portaltela.pt\/noticias\/2026\/01\/22\/porto-casal-manteve-cadaver-de-mulher-por-dois-anos-em-casa\/#primaryimage\"},\"thumbnailUrl\":\"https:\/\/portaltela.pt\/s.01k8rhncp4jt1\/2026\/01\/image-1490.jpg\",\"datePublished\":\"2026-01-22T23:47:00+00:00\",\"author\":{\"@id\":\"https:\/\/portaltela.pt\/#\/schema\/person\/c4278d4a6028830caff9ee44b42d32ed\"},\"breadcrumb\":{\"@id\":\"https:\/\/portaltela.pt\/noticias\/2026\/01\/22\/porto-casal-manteve-cadaver-de-mulher-por-dois-anos-em-casa\/#breadcrumb\"},\"inLanguage\":\"pt-PT\",\"potentialAction\":[{\"@type\":\"ReadAction\",\"target\":[\"https:\/\/portaltela.pt\/noticias\/2026\/01\/22\/porto-casal-manteve-cadaver-de-mulher-por-dois-anos-em-casa\/\"]}]},{\"@type\":\"ImageObject\",\"inLanguage\":\"pt-PT\",\"@id\":\"https:\/\/portaltela.pt\/noticias\/2026\/01\/22\/porto-casal-manteve-cadaver-de-mulher-por-dois-anos-em-casa\/#primaryimage\",\"url\":\"https:\/\/portaltela.pt\/s.01k8rhncp4jt1\/2026\/01\/image-1490.jpg\",\"contentUrl\":\"https:\/\/portaltela.pt\/s.01k8rhncp4jt1\/2026\/01\/image-1490.jpg\",\"width\":796,\"height\":448,\"caption\":\"Idalina Sousa, vizinha do andar de baixo\"},{\"@type\":\"BreadcrumbList\",\"@id\":\"https:\/\/portaltela.pt\/noticias\/2026\/01\/22\/porto-casal-manteve-cadaver-de-mulher-por-dois-anos-em-casa\/#breadcrumb\",\"itemListElement\":[{\"@type\":\"ListItem\",\"position\":1,\"name\":\"In\u00edcio\",\"item\":\"https:\/\/portaltela.pt\/\"},{\"@type\":\"ListItem\",\"position\":2,\"name\":\"Porto: casal manteve cad\u00e1ver de mulher por dois anos em casa\"}]},{\"@type\":\"WebSite\",\"@id\":\"https:\/\/portaltela.pt\/#website\",\"url\":\"https:\/\/portaltela.pt\/\",\"name\":\"Portal Tela Portugal\",\"description\":\"\",\"potentialAction\":[{\"@type\":\"SearchAction\",\"target\":{\"@type\":\"EntryPoint\",\"urlTemplate\":\"https:\/\/portaltela.pt\/?s={search_term_string}\"},\"query-input\":{\"@type\":\"PropertyValueSpecification\",\"valueRequired\":true,\"valueName\":\"search_term_string\"}}],\"inLanguage\":\"pt-PT\"},{\"@type\":\"Person\",\"@id\":\"https:\/\/portaltela.pt\/#\/schema\/person\/c4278d4a6028830caff9ee44b42d32ed\",\"name\":\"Telinha\",\"image\":{\"@type\":\"ImageObject\",\"inLanguage\":\"pt-PT\",\"@id\":\"https:\/\/portaltela.pt\/s.01k8rhncp4jt1\/2025\/11\/talking-bot-125x125.png\",\"url\":\"https:\/\/portaltela.pt\/s.01k8rhncp4jt1\/2025\/11\/talking-bot-125x125.png\",\"contentUrl\":\"https:\/\/portaltela.pt\/s.01k8rhncp4jt1\/2025\/11\/talking-bot-125x125.png\",\"caption\":\"Telinha\"},\"sameAs\":[\"https:\/\/portaltela.pt\/\"],\"url\":\"https:\/\/portaltela.pt\/por\/367410592786\/\"}]}<\/script>\n<!-- \/ Yoast SEO plugin. -->","yoast_head_json":{"title":"Porto: casal manteve cad\u00e1ver de mulher por dois anos em casa - Portal Tela Portugal","robots":{"index":"index","follow":"follow","max-snippet":"max-snippet:-1","max-image-preview":"max-image-preview:large","max-video-preview":"max-video-preview:-1"},"og_locale":"pt_PT","og_type":"article","og_title":"Porto: casal manteve cad\u00e1ver de mulher por dois anos em casa - Portal Tela Portugal","og_description":"Uma idosa de 73 anos foi encontrada morta na casa, no Bairro S. Roque da Lameira, no Porto, ap\u00f3s alerta da m\u00e9dica de fam\u00edlia. A mulher viveu isolada durante a \u00faltima d\u00e9cada e morreu h\u00e1 dois anos sem que ningu\u00e9m se apercebesse. A moradora, Fernanda, n\u00e3o gostava que ningu\u00e9m falasse com ela, mantendo a solid\u00e3o at\u00e9 ao fim. A C\u00e2mara do Porto tentou despej\u00e1-la ao longo do tempo por n\u00e3o pagar a renda. O epis\u00f3dio provocou surpresa e incredulidade sobre a falta de verifica\u00e7\u00e3o da situa\u00e7\u00e3o durante tanto tempo.","og_url":"https:\/\/portaltela.pt\/noticias\/2026\/01\/22\/porto-casal-manteve-cadaver-de-mulher-por-dois-anos-em-casa\/","og_site_name":"Portal Tela Portugal","article_published_time":"2026-01-22T23:47:00+00:00","author":"Telinha","twitter_card":"summary_large_image","twitter_misc":{"Escrito por":"Telinha","Tempo estimado de leitura":"1 minuto"},"schema":{"@context":"https:\/\/schema.org","@graph":[{"@type":"Article","@id":"https:\/\/portaltela.pt\/noticias\/2026\/01\/22\/porto-casal-manteve-cadaver-de-mulher-por-dois-anos-em-casa\/#article","isPartOf":{"@id":"https:\/\/portaltela.pt\/noticias\/2026\/01\/22\/porto-casal-manteve-cadaver-de-mulher-por-dois-anos-em-casa\/"},"author":{"name":"Telinha","@id":"https:\/\/portaltela.pt\/#\/schema\/person\/c4278d4a6028830caff9ee44b42d32ed"},"headline":"Porto: casal manteve cad\u00e1ver de mulher por dois anos em casa","datePublished":"2026-01-22T23:47:00+00:00","mainEntityOfPage":{"@id":"https:\/\/portaltela.pt\/noticias\/2026\/01\/22\/porto-casal-manteve-cadaver-de-mulher-por-dois-anos-em-casa\/"},"wordCount":222,"image":{"@id":"https:\/\/portaltela.pt\/noticias\/2026\/01\/22\/porto-casal-manteve-cadaver-de-mulher-por-dois-anos-em-casa\/#primaryimage"},"thumbnailUrl":"https:\/\/portaltela.pt\/s.01k8rhncp4jt1\/2026\/01\/image-1490.jpg","keywords":["habita\u00e7\u00e3o","habita\u00e7\u00e3o social","investiga\u00e7\u00e3o","investiga\u00e7\u00e3o criminal","Porto","renda"],"articleSection":["Not\u00edcias"],"inLanguage":"pt-PT"},{"@type":"WebPage","@id":"https:\/\/portaltela.pt\/noticias\/2026\/01\/22\/porto-casal-manteve-cadaver-de-mulher-por-dois-anos-em-casa\/","url":"https:\/\/portaltela.pt\/noticias\/2026\/01\/22\/porto-casal-manteve-cadaver-de-mulher-por-dois-anos-em-casa\/","name":"Porto: casal manteve cad\u00e1ver de mulher por dois anos em casa - Portal Tela Portugal","isPartOf":{"@id":"https:\/\/portaltela.pt\/#website"},"primaryImageOfPage":{"@id":"https:\/\/portaltela.pt\/noticias\/2026\/01\/22\/porto-casal-manteve-cadaver-de-mulher-por-dois-anos-em-casa\/#primaryimage"},"image":{"@id":"https:\/\/portaltela.pt\/noticias\/2026\/01\/22\/porto-casal-manteve-cadaver-de-mulher-por-dois-anos-em-casa\/#primaryimage"},"thumbnailUrl":"https:\/\/portaltela.pt\/s.01k8rhncp4jt1\/2026\/01\/image-1490.jpg","datePublished":"2026-01-22T23:47:00+00:00","author":{"@id":"https:\/\/portaltela.pt\/#\/schema\/person\/c4278d4a6028830caff9ee44b42d32ed"},"breadcrumb":{"@id":"https:\/\/portaltela.pt\/noticias\/2026\/01\/22\/porto-casal-manteve-cadaver-de-mulher-por-dois-anos-em-casa\/#breadcrumb"},"inLanguage":"pt-PT","potentialAction":[{"@type":"ReadAction","target":["https:\/\/portaltela.pt\/noticias\/2026\/01\/22\/porto-casal-manteve-cadaver-de-mulher-por-dois-anos-em-casa\/"]}]},{"@type":"ImageObject","inLanguage":"pt-PT","@id":"https:\/\/portaltela.pt\/noticias\/2026\/01\/22\/porto-casal-manteve-cadaver-de-mulher-por-dois-anos-em-casa\/#primaryimage","url":"https:\/\/portaltela.pt\/s.01k8rhncp4jt1\/2026\/01\/image-1490.jpg","contentUrl":"https:\/\/portaltela.pt\/s.01k8rhncp4jt1\/2026\/01\/image-1490.jpg","width":796,"height":448,"caption":"Idalina Sousa, vizinha do andar de baixo"},{"@type":"BreadcrumbList","@id":"https:\/\/portaltela.pt\/noticias\/2026\/01\/22\/porto-casal-manteve-cadaver-de-mulher-por-dois-anos-em-casa\/#breadcrumb","itemListElement":[{"@type":"ListItem","position":1,"name":"In\u00edcio","item":"https:\/\/portaltela.pt\/"},{"@type":"ListItem","position":2,"name":"Porto: casal manteve cad\u00e1ver de mulher por dois anos em casa"}]},{"@type":"WebSite","@id":"https:\/\/portaltela.pt\/#website","url":"https:\/\/portaltela.pt\/","name":"Portal Tela Portugal","description":"","potentialAction":[{"@type":"SearchAction","target":{"@type":"EntryPoint","urlTemplate":"https:\/\/portaltela.pt\/?s={search_term_string}"},"query-input":{"@type":"PropertyValueSpecification","valueRequired":true,"valueName":"search_term_string"}}],"inLanguage":"pt-PT"},{"@type":"Person","@id":"https:\/\/portaltela.pt\/#\/schema\/person\/c4278d4a6028830caff9ee44b42d32ed","name":"Telinha","image":{"@type":"ImageObject","inLanguage":"pt-PT","@id":"https:\/\/portaltela.pt\/s.01k8rhncp4jt1\/2025\/11\/talking-bot-125x125.png","url":"https:\/\/portaltela.pt\/s.01k8rhncp4jt1\/2025\/11\/talking-bot-125x125.png","contentUrl":"https:\/\/portaltela.pt\/s.01k8rhncp4jt1\/2025\/11\/talking-bot-125x125.png","caption":"Telinha"},"sameAs":["https:\/\/portaltela.pt\/"],"url":"https:\/\/portaltela.pt\/por\/367410592786\/"}]}},"_links":{"self":[{"href":"https:\/\/portaltela.pt\/api\/wp\/v2\/posts\/165496","targetHints":{"allow":["GET"]}}],"collection":[{"href":"https:\/\/portaltela.pt\/api\/wp\/v2\/posts"}],"about":[{"href":"https:\/\/portaltela.pt\/api\/wp\/v2\/types\/post"}],"author":[{"embeddable":true,"href":"https:\/\/portaltela.pt\/api\/wp\/v2\/users\/2"}],"replies":[{"embeddable":true,"href":"https:\/\/portaltela.pt\/api\/wp\/v2\/comments?post=165496"}],"version-history":[{"count":0,"href":"https:\/\/portaltela.pt\/api\/wp\/v2\/posts\/165496\/revisions"}],"wp:featuredmedia":[{"embeddable":true,"href":"https:\/\/portaltela.pt\/api\/wp\/v2\/media\/165503"}],"wp:attachment":[{"href":"https:\/\/portaltela.pt\/api\/wp\/v2\/media?parent=165496"}],"wp:term":[{"taxonomy":"category","embeddable":true,"href":"https:\/\/portaltela.pt\/api\/wp\/v2\/categories?post=165496"},{"taxonomy":"post_tag","embeddable":true,"href":"https:\/\/portaltela.pt\/api\/wp\/v2\/tags?post=165496"}],"curies":[{"name":"wp","href":"https:\/\/api.w.org\/{rel}","templated":true}]}}