{"id":165490,"date":"2026-01-22T20:51:00","date_gmt":"2026-01-22T23:51:00","guid":{"rendered":"https:\/\/portaltela.pt\/noticias\/2026\/01\/22\/ps-anuncia-viabilizacao-do-orcamento-da-camara-municipal-de-setubal\/"},"modified":"2026-01-22T20:51:00","modified_gmt":"2026-01-22T23:51:00","slug":"ps-anuncia-viabilizacao-do-orcamento-da-camara-municipal-de-setubal","status":"publish","type":"post","link":"https:\/\/portaltela.pt\/noticias\/2026\/01\/22\/ps-anuncia-viabilizacao-do-orcamento-da-camara-municipal-de-setubal\/","title":{"rendered":"PS anuncia viabiliza\u00e7\u00e3o do or\u00e7amento da C\u00e2mara Municipal de Set\u00fabal"},"content":{"rendered":"<p>O PS garantiu viabilizar o or\u00e7amento da C\u00e2mara de Set\u00fabal para 2026 e o or\u00e7amento dos Servi\u00e7os Municipalizados (SMS), mas votar\u00e1 contra o tarif\u00e1rio devido aos aumentos considerados penalizadores para fam\u00edlias e empresas. A posi\u00e7\u00e3o foi antecipada em confer\u00eancia de imprensa, a poucos dias da reuni\u00e3o de c\u00e2mara.<\/p>\n<p>Os socialistas destacaram tr\u00eas pontos-chave para justificar a viabiliza\u00e7\u00e3o: a rela\u00e7\u00e3o com o IMI, os apoios sociais mantidos e a redu\u00e7\u00e3o de 10 euros no passe municipal. A absten\u00e7\u00e3o do PS \u00e9 apresentada como forma de viabilizar o or\u00e7amento, mantendo controlo sobre o tarif\u00e1rio.<\/p>\n<h3>Tarif\u00e1rio em foco<\/h3>\n<p>Fernando Jos\u00e9, vereador socialista, revelou que o IMI n\u00e3o sofre piora para os mun\u00edcipes e que a redu\u00e7\u00e3o deve manter o patamar de 2025. Contudo, o grupo entende que \u00e9 poss\u00edvel ir mais longe na redu\u00e7\u00e3o do imposto.<\/p>\n<p>No que diz respeito aos SMS, o PS sustenta a necessidade de investimento na rede de saneamento e de abastecimento de \u00e1gua, sob amea\u00e7a de rupturas no fornecimento. O vereador aponta falhas no acompanhamento do contrato com a \u00c1guas do Sado que terminou em 2022, com a gest\u00e3o p\u00fablica a assumir novamente.<\/p>\n<p>Quanto ao tarif\u00e1rio, os socialistas v\u00e3o votar contra por aumentos de cerca de 37% nas tarifas de res\u00edduos e cerca de 7% no saneamento, o que representa um acr\u00e9scimo pr\u00f3ximo de 9% na fatura das fam\u00edlias, apesar de uma poss\u00edvel redu\u00e7\u00e3o no pre\u00e7o da \u00e1gua.<\/p>\n<h3>Abertura para a Pol\u00edcia Municipal<\/h3>\n<p>Os eleitos do PS manifestaram apoio \u00e0 cria\u00e7\u00e3o da Pol\u00edcia Municipal, alicer\u00e7ada pela maioria liderada pela ex-presidente comunista Maria das Dores Meira. O estudo para a nova for\u00e7a inclui tamb\u00e9m videovigil\u00e2ncia, com a ressalva de n\u00e3o comprometer o refor\u00e7o da bombeiros de Set\u00fabal.<\/p>\n<p>Joel Marques, tamb\u00e9m do PS, lamentou a aus\u00eancia de propostas para equipamentos municipais abandonados, nomeadamente a Pra\u00e7a de Touros Carlos Relvas e o parque industrial Imapark, no or\u00e7amento de 2026. A defesa \u00e9 pela reavalia\u00e7\u00e3o de necessidades de investimento.<\/p>\n<p>O or\u00e7amento municipal, o or\u00e7amento dos SMS e o novo tarif\u00e1rio v\u00e3o a vota\u00e7\u00e3o na reuni\u00e3o de c\u00e2mara marcada para as 16h30 de sexta-feira. A C\u00e2mara de Set\u00fabal \u00e9 chefiada por Maria das Dores Meira e conta com quatro deputados do Movimento Set\u00fabal de Volta, quatro do PS, dois do Chega e um da CDU.<\/p>\n","protected":false},"excerpt":{"rendered":"<ul>\n<li>O Partido Socialista garantiu viabilizar o or\u00e7amento da C\u00e2mara de Set\u00fabal para 2026 e o or\u00e7amento dos Servi\u00e7os Municipalizados, abstendo-se no processo, mas votando contra o tarif\u00e1rio por aumentos considerados penalizadores para fam\u00edlias e empresas.<\/li>\n<li>O or\u00e7amento municipal mant\u00e9m apoios sociais e inclui uma redu\u00e7\u00e3o de 10 euros no passe municipal.<\/li>\n<li>Os Socialistas alertam para a necessidade de investimento nos pr\u00f3ximos anos nos Servi\u00e7os Municipalizados e criticam a aus\u00eancia de acompanhamento do contrato de concess\u00e3o com a \u00c1guas do Sado, que terminou em 17 de dezembro de 2022, passando a gest\u00e3o p\u00fablica.<\/li>\n<li>O tarif\u00e1rio dos Servi\u00e7os Municipalizados dever\u00e1 subir cerca de 37% nos res\u00edduos e 7% no saneamento, representando um acr\u00e9scimo de cerca de 9% na fatura para as fam\u00edlias, ainda com previs\u00e3o de redu\u00e7\u00e3o do pre\u00e7o da \u00e1gua.<\/li>\n<li>Sobre a Pol\u00edcia Municipal, o PS deve votar a favor, dependendo de estudos que incluem videovigil\u00e2ncia, desde que o investimento n\u00e3o comprometa o refor\u00e7o dos bombeiros; h\u00e1 tamb\u00e9m cr\u00edticas a equipamentos municipais abandonados, como a Pra\u00e7a de Touros Carlos Relvas e o parque Imapark.<\/li>\n<\/ul>\n","protected":false},"author":2,"featured_media":165501,"comment_status":"closed","ping_status":"closed","sticky":false,"template":"","format":"standard","meta":{"footnotes":""},"categories":[1],"tags":[1503,703,1208,2874,1123,994],"class_list":["post-165490","post","type-post","status-publish","format-standard","has-post-thumbnail","hentry","category-noticias","tag-abastecimento-de-agua","tag-camara","tag-imi","tag-policia-municipal","tag-saneamento","tag-setubal"],"yoast_head":"<!-- This site is optimized with the Yoast SEO plugin v27.2 - https:\/\/yoast.com\/product\/yoast-seo-wordpress\/ -->\n<title>PS anuncia viabiliza\u00e7\u00e3o do or\u00e7amento da C\u00e2mara Municipal de Set\u00fabal - Portal Tela Portugal<\/title>\n<meta name=\"robots\" content=\"index, follow, max-snippet:-1, max-image-preview:large, max-video-preview:-1\" \/>\n<meta property=\"og:locale\" content=\"pt_PT\" \/>\n<meta property=\"og:type\" content=\"article\" \/>\n<meta property=\"og:title\" content=\"PS anuncia viabiliza\u00e7\u00e3o do or\u00e7amento da C\u00e2mara Municipal de Set\u00fabal - Portal Tela Portugal\" \/>\n<meta property=\"og:description\" content=\"O Partido Socialista garantiu viabilizar o or\u00e7amento da C\u00e2mara de Set\u00fabal para 2026 e o or\u00e7amento dos Servi\u00e7os Municipalizados, abstendo-se no processo, mas votando contra o tarif\u00e1rio por aumentos considerados penalizadores para fam\u00edlias e empresas. O or\u00e7amento municipal mant\u00e9m apoios sociais e inclui uma redu\u00e7\u00e3o de 10 euros no passe municipal. Os Socialistas alertam para a necessidade de investimento nos pr\u00f3ximos anos nos Servi\u00e7os Municipalizados e criticam a aus\u00eancia de acompanhamento do contrato de concess\u00e3o com a \u00c1guas do Sado, que terminou em 17 de dezembro de 2022, passando a gest\u00e3o p\u00fablica. O tarif\u00e1rio dos Servi\u00e7os Municipalizados dever\u00e1 subir cerca de 37% nos res\u00edduos e 7% no saneamento, representando um acr\u00e9scimo de cerca de 9% na fatura para as fam\u00edlias, ainda com previs\u00e3o de redu\u00e7\u00e3o do pre\u00e7o da \u00e1gua. Sobre a Pol\u00edcia Municipal, o PS deve votar a favor, dependendo de estudos que incluem videovigil\u00e2ncia, desde que o investimento n\u00e3o comprometa o refor\u00e7o dos bombeiros; h\u00e1 tamb\u00e9m cr\u00edticas a equipamentos municipais abandonados, como a Pra\u00e7a de Touros Carlos Relvas e o parque Imapark.\" \/>\n<meta property=\"og:url\" content=\"https:\/\/portaltela.pt\/noticias\/2026\/01\/22\/ps-anuncia-viabilizacao-do-orcamento-da-camara-municipal-de-setubal\/\" \/>\n<meta property=\"og:site_name\" content=\"Portal Tela Portugal\" \/>\n<meta property=\"article:published_time\" content=\"2026-01-22T23:51:00+00:00\" \/>\n<meta name=\"author\" content=\"Telinha\" \/>\n<meta name=\"twitter:card\" content=\"summary_large_image\" \/>\n<meta name=\"twitter:label1\" content=\"Escrito por\" \/>\n\t<meta name=\"twitter:data1\" content=\"Telinha\" \/>\n\t<meta name=\"twitter:label2\" content=\"Tempo estimado de leitura\" \/>\n\t<meta name=\"twitter:data2\" content=\"2 minutos\" \/>\n<script type=\"application\/ld+json\" class=\"yoast-schema-graph\">{\"@context\":\"https:\/\/schema.org\",\"@graph\":[{\"@type\":\"Article\",\"@id\":\"https:\/\/portaltela.pt\/noticias\/2026\/01\/22\/ps-anuncia-viabilizacao-do-orcamento-da-camara-municipal-de-setubal\/#article\",\"isPartOf\":{\"@id\":\"https:\/\/portaltela.pt\/noticias\/2026\/01\/22\/ps-anuncia-viabilizacao-do-orcamento-da-camara-municipal-de-setubal\/\"},\"author\":{\"name\":\"Telinha\",\"@id\":\"https:\/\/portaltela.pt\/#\/schema\/person\/c4278d4a6028830caff9ee44b42d32ed\"},\"headline\":\"PS anuncia viabiliza\u00e7\u00e3o do or\u00e7amento da C\u00e2mara Municipal de Set\u00fabal\",\"datePublished\":\"2026-01-22T23:51:00+00:00\",\"mainEntityOfPage\":{\"@id\":\"https:\/\/portaltela.pt\/noticias\/2026\/01\/22\/ps-anuncia-viabilizacao-do-orcamento-da-camara-municipal-de-setubal\/\"},\"wordCount\":434,\"image\":{\"@id\":\"https:\/\/portaltela.pt\/noticias\/2026\/01\/22\/ps-anuncia-viabilizacao-do-orcamento-da-camara-municipal-de-setubal\/#primaryimage\"},\"thumbnailUrl\":\"https:\/\/portaltela.pt\/s.01k8rhncp4jt1\/2026\/01\/captura-de-ecra-2025-08-18-as-231538.jpg\",\"keywords\":[\"abastecimento de \u00e1gua\",\"c\u00e2mara\",\"IMI\",\"pol\u00edcia municipal\",\"saneamento\",\"Set\u00fabal\"],\"articleSection\":[\"Not\u00edcias\"],\"inLanguage\":\"pt-PT\"},{\"@type\":\"WebPage\",\"@id\":\"https:\/\/portaltela.pt\/noticias\/2026\/01\/22\/ps-anuncia-viabilizacao-do-orcamento-da-camara-municipal-de-setubal\/\",\"url\":\"https:\/\/portaltela.pt\/noticias\/2026\/01\/22\/ps-anuncia-viabilizacao-do-orcamento-da-camara-municipal-de-setubal\/\",\"name\":\"PS anuncia viabiliza\u00e7\u00e3o do or\u00e7amento da C\u00e2mara Municipal de Set\u00fabal - Portal Tela Portugal\",\"isPartOf\":{\"@id\":\"https:\/\/portaltela.pt\/#website\"},\"primaryImageOfPage\":{\"@id\":\"https:\/\/portaltela.pt\/noticias\/2026\/01\/22\/ps-anuncia-viabilizacao-do-orcamento-da-camara-municipal-de-setubal\/#primaryimage\"},\"image\":{\"@id\":\"https:\/\/portaltela.pt\/noticias\/2026\/01\/22\/ps-anuncia-viabilizacao-do-orcamento-da-camara-municipal-de-setubal\/#primaryimage\"},\"thumbnailUrl\":\"https:\/\/portaltela.pt\/s.01k8rhncp4jt1\/2026\/01\/captura-de-ecra-2025-08-18-as-231538.jpg\",\"datePublished\":\"2026-01-22T23:51:00+00:00\",\"author\":{\"@id\":\"https:\/\/portaltela.pt\/#\/schema\/person\/c4278d4a6028830caff9ee44b42d32ed\"},\"breadcrumb\":{\"@id\":\"https:\/\/portaltela.pt\/noticias\/2026\/01\/22\/ps-anuncia-viabilizacao-do-orcamento-da-camara-municipal-de-setubal\/#breadcrumb\"},\"inLanguage\":\"pt-PT\",\"potentialAction\":[{\"@type\":\"ReadAction\",\"target\":[\"https:\/\/portaltela.pt\/noticias\/2026\/01\/22\/ps-anuncia-viabilizacao-do-orcamento-da-camara-municipal-de-setubal\/\"]}]},{\"@type\":\"ImageObject\",\"inLanguage\":\"pt-PT\",\"@id\":\"https:\/\/portaltela.pt\/noticias\/2026\/01\/22\/ps-anuncia-viabilizacao-do-orcamento-da-camara-municipal-de-setubal\/#primaryimage\",\"url\":\"https:\/\/portaltela.pt\/s.01k8rhncp4jt1\/2026\/01\/captura-de-ecra-2025-08-18-as-231538.jpg\",\"contentUrl\":\"https:\/\/portaltela.pt\/s.01k8rhncp4jt1\/2026\/01\/captura-de-ecra-2025-08-18-as-231538.jpg\",\"width\":796,\"height\":448,\"caption\":\"C\u00e2mara Municipal de Set\u00fabal\"},{\"@type\":\"BreadcrumbList\",\"@id\":\"https:\/\/portaltela.pt\/noticias\/2026\/01\/22\/ps-anuncia-viabilizacao-do-orcamento-da-camara-municipal-de-setubal\/#breadcrumb\",\"itemListElement\":[{\"@type\":\"ListItem\",\"position\":1,\"name\":\"In\u00edcio\",\"item\":\"https:\/\/portaltela.pt\/\"},{\"@type\":\"ListItem\",\"position\":2,\"name\":\"PS anuncia viabiliza\u00e7\u00e3o do or\u00e7amento da C\u00e2mara Municipal de Set\u00fabal\"}]},{\"@type\":\"WebSite\",\"@id\":\"https:\/\/portaltela.pt\/#website\",\"url\":\"https:\/\/portaltela.pt\/\",\"name\":\"Portal Tela Portugal\",\"description\":\"\",\"potentialAction\":[{\"@type\":\"SearchAction\",\"target\":{\"@type\":\"EntryPoint\",\"urlTemplate\":\"https:\/\/portaltela.pt\/?s={search_term_string}\"},\"query-input\":{\"@type\":\"PropertyValueSpecification\",\"valueRequired\":true,\"valueName\":\"search_term_string\"}}],\"inLanguage\":\"pt-PT\"},{\"@type\":\"Person\",\"@id\":\"https:\/\/portaltela.pt\/#\/schema\/person\/c4278d4a6028830caff9ee44b42d32ed\",\"name\":\"Telinha\",\"image\":{\"@type\":\"ImageObject\",\"inLanguage\":\"pt-PT\",\"@id\":\"https:\/\/portaltela.pt\/s.01k8rhncp4jt1\/2025\/11\/talking-bot-125x125.png\",\"url\":\"https:\/\/portaltela.pt\/s.01k8rhncp4jt1\/2025\/11\/talking-bot-125x125.png\",\"contentUrl\":\"https:\/\/portaltela.pt\/s.01k8rhncp4jt1\/2025\/11\/talking-bot-125x125.png\",\"caption\":\"Telinha\"},\"sameAs\":[\"https:\/\/portaltela.pt\/\"],\"url\":\"https:\/\/portaltela.pt\/por\/367410592786\/\"}]}<\/script>\n<!-- \/ Yoast SEO plugin. -->","yoast_head_json":{"title":"PS anuncia viabiliza\u00e7\u00e3o do or\u00e7amento da C\u00e2mara Municipal de Set\u00fabal - Portal Tela Portugal","robots":{"index":"index","follow":"follow","max-snippet":"max-snippet:-1","max-image-preview":"max-image-preview:large","max-video-preview":"max-video-preview:-1"},"og_locale":"pt_PT","og_type":"article","og_title":"PS anuncia viabiliza\u00e7\u00e3o do or\u00e7amento da C\u00e2mara Municipal de Set\u00fabal - Portal Tela Portugal","og_description":"O Partido Socialista garantiu viabilizar o or\u00e7amento da C\u00e2mara de Set\u00fabal para 2026 e o or\u00e7amento dos Servi\u00e7os Municipalizados, abstendo-se no processo, mas votando contra o tarif\u00e1rio por aumentos considerados penalizadores para fam\u00edlias e empresas. O or\u00e7amento municipal mant\u00e9m apoios sociais e inclui uma redu\u00e7\u00e3o de 10 euros no passe municipal. Os Socialistas alertam para a necessidade de investimento nos pr\u00f3ximos anos nos Servi\u00e7os Municipalizados e criticam a aus\u00eancia de acompanhamento do contrato de concess\u00e3o com a \u00c1guas do Sado, que terminou em 17 de dezembro de 2022, passando a gest\u00e3o p\u00fablica. O tarif\u00e1rio dos Servi\u00e7os Municipalizados dever\u00e1 subir cerca de 37% nos res\u00edduos e 7% no saneamento, representando um acr\u00e9scimo de cerca de 9% na fatura para as fam\u00edlias, ainda com previs\u00e3o de redu\u00e7\u00e3o do pre\u00e7o da \u00e1gua. Sobre a Pol\u00edcia Municipal, o PS deve votar a favor, dependendo de estudos que incluem videovigil\u00e2ncia, desde que o investimento n\u00e3o comprometa o refor\u00e7o dos bombeiros; h\u00e1 tamb\u00e9m cr\u00edticas a equipamentos municipais abandonados, como a Pra\u00e7a de Touros Carlos Relvas e o parque Imapark.","og_url":"https:\/\/portaltela.pt\/noticias\/2026\/01\/22\/ps-anuncia-viabilizacao-do-orcamento-da-camara-municipal-de-setubal\/","og_site_name":"Portal Tela Portugal","article_published_time":"2026-01-22T23:51:00+00:00","author":"Telinha","twitter_card":"summary_large_image","twitter_misc":{"Escrito por":"Telinha","Tempo estimado de leitura":"2 minutos"},"schema":{"@context":"https:\/\/schema.org","@graph":[{"@type":"Article","@id":"https:\/\/portaltela.pt\/noticias\/2026\/01\/22\/ps-anuncia-viabilizacao-do-orcamento-da-camara-municipal-de-setubal\/#article","isPartOf":{"@id":"https:\/\/portaltela.pt\/noticias\/2026\/01\/22\/ps-anuncia-viabilizacao-do-orcamento-da-camara-municipal-de-setubal\/"},"author":{"name":"Telinha","@id":"https:\/\/portaltela.pt\/#\/schema\/person\/c4278d4a6028830caff9ee44b42d32ed"},"headline":"PS anuncia viabiliza\u00e7\u00e3o do or\u00e7amento da C\u00e2mara Municipal de Set\u00fabal","datePublished":"2026-01-22T23:51:00+00:00","mainEntityOfPage":{"@id":"https:\/\/portaltela.pt\/noticias\/2026\/01\/22\/ps-anuncia-viabilizacao-do-orcamento-da-camara-municipal-de-setubal\/"},"wordCount":434,"image":{"@id":"https:\/\/portaltela.pt\/noticias\/2026\/01\/22\/ps-anuncia-viabilizacao-do-orcamento-da-camara-municipal-de-setubal\/#primaryimage"},"thumbnailUrl":"https:\/\/portaltela.pt\/s.01k8rhncp4jt1\/2026\/01\/captura-de-ecra-2025-08-18-as-231538.jpg","keywords":["abastecimento de \u00e1gua","c\u00e2mara","IMI","pol\u00edcia municipal","saneamento","Set\u00fabal"],"articleSection":["Not\u00edcias"],"inLanguage":"pt-PT"},{"@type":"WebPage","@id":"https:\/\/portaltela.pt\/noticias\/2026\/01\/22\/ps-anuncia-viabilizacao-do-orcamento-da-camara-municipal-de-setubal\/","url":"https:\/\/portaltela.pt\/noticias\/2026\/01\/22\/ps-anuncia-viabilizacao-do-orcamento-da-camara-municipal-de-setubal\/","name":"PS anuncia viabiliza\u00e7\u00e3o do or\u00e7amento da C\u00e2mara Municipal de Set\u00fabal - Portal Tela Portugal","isPartOf":{"@id":"https:\/\/portaltela.pt\/#website"},"primaryImageOfPage":{"@id":"https:\/\/portaltela.pt\/noticias\/2026\/01\/22\/ps-anuncia-viabilizacao-do-orcamento-da-camara-municipal-de-setubal\/#primaryimage"},"image":{"@id":"https:\/\/portaltela.pt\/noticias\/2026\/01\/22\/ps-anuncia-viabilizacao-do-orcamento-da-camara-municipal-de-setubal\/#primaryimage"},"thumbnailUrl":"https:\/\/portaltela.pt\/s.01k8rhncp4jt1\/2026\/01\/captura-de-ecra-2025-08-18-as-231538.jpg","datePublished":"2026-01-22T23:51:00+00:00","author":{"@id":"https:\/\/portaltela.pt\/#\/schema\/person\/c4278d4a6028830caff9ee44b42d32ed"},"breadcrumb":{"@id":"https:\/\/portaltela.pt\/noticias\/2026\/01\/22\/ps-anuncia-viabilizacao-do-orcamento-da-camara-municipal-de-setubal\/#breadcrumb"},"inLanguage":"pt-PT","potentialAction":[{"@type":"ReadAction","target":["https:\/\/portaltela.pt\/noticias\/2026\/01\/22\/ps-anuncia-viabilizacao-do-orcamento-da-camara-municipal-de-setubal\/"]}]},{"@type":"ImageObject","inLanguage":"pt-PT","@id":"https:\/\/portaltela.pt\/noticias\/2026\/01\/22\/ps-anuncia-viabilizacao-do-orcamento-da-camara-municipal-de-setubal\/#primaryimage","url":"https:\/\/portaltela.pt\/s.01k8rhncp4jt1\/2026\/01\/captura-de-ecra-2025-08-18-as-231538.jpg","contentUrl":"https:\/\/portaltela.pt\/s.01k8rhncp4jt1\/2026\/01\/captura-de-ecra-2025-08-18-as-231538.jpg","width":796,"height":448,"caption":"C\u00e2mara Municipal de Set\u00fabal"},{"@type":"BreadcrumbList","@id":"https:\/\/portaltela.pt\/noticias\/2026\/01\/22\/ps-anuncia-viabilizacao-do-orcamento-da-camara-municipal-de-setubal\/#breadcrumb","itemListElement":[{"@type":"ListItem","position":1,"name":"In\u00edcio","item":"https:\/\/portaltela.pt\/"},{"@type":"ListItem","position":2,"name":"PS anuncia viabiliza\u00e7\u00e3o do or\u00e7amento da C\u00e2mara Municipal de Set\u00fabal"}]},{"@type":"WebSite","@id":"https:\/\/portaltela.pt\/#website","url":"https:\/\/portaltela.pt\/","name":"Portal Tela Portugal","description":"","potentialAction":[{"@type":"SearchAction","target":{"@type":"EntryPoint","urlTemplate":"https:\/\/portaltela.pt\/?s={search_term_string}"},"query-input":{"@type":"PropertyValueSpecification","valueRequired":true,"valueName":"search_term_string"}}],"inLanguage":"pt-PT"},{"@type":"Person","@id":"https:\/\/portaltela.pt\/#\/schema\/person\/c4278d4a6028830caff9ee44b42d32ed","name":"Telinha","image":{"@type":"ImageObject","inLanguage":"pt-PT","@id":"https:\/\/portaltela.pt\/s.01k8rhncp4jt1\/2025\/11\/talking-bot-125x125.png","url":"https:\/\/portaltela.pt\/s.01k8rhncp4jt1\/2025\/11\/talking-bot-125x125.png","contentUrl":"https:\/\/portaltela.pt\/s.01k8rhncp4jt1\/2025\/11\/talking-bot-125x125.png","caption":"Telinha"},"sameAs":["https:\/\/portaltela.pt\/"],"url":"https:\/\/portaltela.pt\/por\/367410592786\/"}]}},"_links":{"self":[{"href":"https:\/\/portaltela.pt\/api\/wp\/v2\/posts\/165490","targetHints":{"allow":["GET"]}}],"collection":[{"href":"https:\/\/portaltela.pt\/api\/wp\/v2\/posts"}],"about":[{"href":"https:\/\/portaltela.pt\/api\/wp\/v2\/types\/post"}],"author":[{"embeddable":true,"href":"https:\/\/portaltela.pt\/api\/wp\/v2\/users\/2"}],"replies":[{"embeddable":true,"href":"https:\/\/portaltela.pt\/api\/wp\/v2\/comments?post=165490"}],"version-history":[{"count":0,"href":"https:\/\/portaltela.pt\/api\/wp\/v2\/posts\/165490\/revisions"}],"wp:featuredmedia":[{"embeddable":true,"href":"https:\/\/portaltela.pt\/api\/wp\/v2\/media\/165501"}],"wp:attachment":[{"href":"https:\/\/portaltela.pt\/api\/wp\/v2\/media?parent=165490"}],"wp:term":[{"taxonomy":"category","embeddable":true,"href":"https:\/\/portaltela.pt\/api\/wp\/v2\/categories?post=165490"},{"taxonomy":"post_tag","embeddable":true,"href":"https:\/\/portaltela.pt\/api\/wp\/v2\/tags?post=165490"}],"curies":[{"name":"wp","href":"https:\/\/api.w.org\/{rel}","templated":true}]}}