{"id":165447,"date":"2026-01-22T20:29:00","date_gmt":"2026-01-22T23:29:00","guid":{"rendered":"https:\/\/portaltela.pt\/noticias\/2026\/01\/22\/carney-responde-a-trump-canada-nao-vive-gracas-aos-eua\/"},"modified":"2026-01-22T20:29:00","modified_gmt":"2026-01-22T23:29:00","slug":"carney-responde-a-trump-canada-nao-vive-gracas-aos-eua","status":"publish","type":"post","link":"https:\/\/portaltela.pt\/noticias\/politica\/2026\/01\/22\/carney-responde-a-trump-canada-nao-vive-gracas-aos-eua\/","title":{"rendered":"Carney responde a Trump: Canad\u00e1 n\u00e3o vive gra\u00e7as aos EUA"},"content":{"rendered":"<p>O primeiro-ministro canadiano, Mark Carney, afirmou que o Canad\u00e1 \u201cn\u00e3o vive por causa dos Estados Unidos\u201d, respondendo aos ataques de Donald Trump no F\u00f3rum Econ\u00f3mico Mundial de Davos. Carney falava em Quebeque, no Canad\u00e1.<\/p>\n<p>O l\u00edder reagiu ao coment\u00e1rio de Trump de Davos, que disse que \u201co Canad\u00e1 vive gra\u00e7as aos Estados Unidos\u201d e deixou a frase para recordar o pa\u00eds. A troca ocorreu num momento de tens\u00f5es entre ambos os pa\u00edses.<\/p>\n<p>Carney reiterou o conte\u00fado do seu discurso em Davos, defendendo que o Canad\u00e1 prospera com pol\u00edticas sustent\u00e1veis e inclusivas, respeitando a diversidade e combatendo o \u00f3dio. Afirmou que o pa\u00eds \u00e9 dono da sua casa e do seu futuro.<\/p>\n<p>Segundo o chefe do Governo de Otava, o Canad\u00e1 optou por desenvolver-se de forma sustent\u00e1vel, enfrentando as altera\u00e7\u00f5es clim\u00e1ticas e promovendo inclus\u00e3o, mesmo diante de press\u00f5es externas. A rela\u00e7\u00e3o com os EUA \u00e9 descrita como uma parceria extraordin\u00e1ria.<\/p>\n<p>\u201cConstru\u00edmos uma parceria econ\u00f3mica, de seguran\u00e7a e interc\u00e2mbio cultural\u201d, afirmou Carney, que destacou o direito de fazer escolhas nacionais. Reiterou: \u201cEscolhemos o Canad\u00e1\u201d e que este \u00e9 o nosso futuro.<\/p>\n<p>Anteriormente, Carney alertou para a ascens\u00e3o do populismo e do nacionalismo, defendendo que a diversidade pode ser uma for\u00e7a. Pontuou que o Canad\u00e1 pode mostrar um modelo aberto e seguro ao mesmo tempo.<\/p>\n<p>Na guardar do tema, Trump publicou fotos geradas por Intelig\u00eancia Artificial na sua rede Truth Social, com a imagem da Sala Oval rodeada por l\u00edderes europeus e um mapa que inclui Canad\u00e1, Gronel\u00e2ndia e Venezuela.<\/p>\n<p>As rela\u00e7\u00f5es bilaterais entre Washington e Otava permanecem tensas desde o regresso de Trump \u00e0 Casa Branca, h\u00e1 um ano, com a imposi\u00e7\u00e3o de tarifas sobre alguns produtos canadenses que afetaram a economia do pa\u00eds.<\/p>\n","protected":false},"excerpt":{"rendered":"<ul>\n<li>O primeiro-ministro do Canad\u00e1, Mark Carney, afirmou que o Canad\u00e1 n\u00e3o vive por causa dos Estados Unidos, em resposta aos ataques de Donald Trump em Davos.<\/li>\n<li>Em Quebeque, Carney disse que o Canad\u00e1 prospera por ser canadiano, que \u00e9 dono da pr\u00f3pria casa e que este \u00e9 o seu pa\u00eds e futuro, pretendendo torn\u00e1-lo num farol.<\/li>\n<li>Trump alegou, tamb\u00e9m em Davos, que o Canad\u00e1 vive gra\u00e7as aos EUA e deixou um recado para Carney, lembrando-o da declara\u00e7\u00e3o futura.<\/li>\n<li>Carney reiterou, no contexto do F\u00f3rum Econ\u00f3mico Mundial, que o Canad\u00e1 optou por um desenvolvimento sustent\u00e1vel, inclusivo, respeitando a diversidade e combatendo o \u00f3dio.<\/li>\n<li>As rela\u00e7\u00f5es entre Washington e Otava permanecem tensas desde o regresso de Trump \u00e0 Casa Branca, com a imposi\u00e7\u00e3o de tarifas canadianas e um impacto econ\u00f3mico no pa\u00eds vizinho.<\/li>\n<\/ul>\n","protected":false},"author":2,"featured_media":165448,"comment_status":"closed","ping_status":"closed","sticky":false,"template":"","format":"standard","meta":{"footnotes":""},"categories":[1,5],"tags":[2015,755,1600,2290,2934,27],"class_list":["post-165447","post","type-post","status-publish","format-standard","has-post-thumbnail","hentry","category-noticias","category-politica","tag-canada","tag-desenvolvimento-sustentavel","tag-estados-unidos","tag-intercambios-internacionais","tag-multiculturalidade","tag-relacoes-internacionais"],"yoast_head":"<!-- This site is optimized with the Yoast SEO plugin v27.2 - https:\/\/yoast.com\/product\/yoast-seo-wordpress\/ -->\n<title>Carney responde a Trump: Canad\u00e1 n\u00e3o vive gra\u00e7as aos EUA - Portal Tela Portugal<\/title>\n<meta name=\"robots\" content=\"index, follow, max-snippet:-1, max-image-preview:large, max-video-preview:-1\" \/>\n<meta property=\"og:locale\" content=\"pt_PT\" \/>\n<meta property=\"og:type\" content=\"article\" \/>\n<meta property=\"og:title\" content=\"Carney responde a Trump: Canad\u00e1 n\u00e3o vive gra\u00e7as aos EUA - Portal Tela Portugal\" \/>\n<meta property=\"og:description\" content=\"O primeiro-ministro do Canad\u00e1, Mark Carney, afirmou que o Canad\u00e1 n\u00e3o vive por causa dos Estados Unidos, em resposta aos ataques de Donald Trump em Davos. Em Quebeque, Carney disse que o Canad\u00e1 prospera por ser canadiano, que \u00e9 dono da pr\u00f3pria casa e que este \u00e9 o seu pa\u00eds e futuro, pretendendo torn\u00e1-lo num farol. Trump alegou, tamb\u00e9m em Davos, que o Canad\u00e1 vive gra\u00e7as aos EUA e deixou um recado para Carney, lembrando-o da declara\u00e7\u00e3o futura. Carney reiterou, no contexto do F\u00f3rum Econ\u00f3mico Mundial, que o Canad\u00e1 optou por um desenvolvimento sustent\u00e1vel, inclusivo, respeitando a diversidade e combatendo o \u00f3dio. As rela\u00e7\u00f5es entre Washington e Otava permanecem tensas desde o regresso de Trump \u00e0 Casa Branca, com a imposi\u00e7\u00e3o de tarifas canadianas e um impacto econ\u00f3mico no pa\u00eds vizinho.\" \/>\n<meta property=\"og:url\" content=\"https:\/\/portaltela.pt\/noticias\/2026\/01\/22\/carney-responde-a-trump-canada-nao-vive-gracas-aos-eua\/\" \/>\n<meta property=\"og:site_name\" content=\"Portal Tela Portugal\" \/>\n<meta property=\"article:published_time\" content=\"2026-01-22T23:29:00+00:00\" \/>\n<meta name=\"author\" content=\"Telinha\" \/>\n<meta name=\"twitter:card\" content=\"summary_large_image\" \/>\n<meta name=\"twitter:label1\" content=\"Escrito por\" \/>\n\t<meta name=\"twitter:data1\" content=\"Telinha\" \/>\n\t<meta name=\"twitter:label2\" content=\"Tempo estimado de leitura\" \/>\n\t<meta name=\"twitter:data2\" content=\"2 minutos\" \/>\n<script type=\"application\/ld+json\" class=\"yoast-schema-graph\">{\"@context\":\"https:\/\/schema.org\",\"@graph\":[{\"@type\":\"Article\",\"@id\":\"https:\/\/portaltela.pt\/noticias\/2026\/01\/22\/carney-responde-a-trump-canada-nao-vive-gracas-aos-eua\/#article\",\"isPartOf\":{\"@id\":\"https:\/\/portaltela.pt\/noticias\/2026\/01\/22\/carney-responde-a-trump-canada-nao-vive-gracas-aos-eua\/\"},\"author\":{\"name\":\"Telinha\",\"@id\":\"https:\/\/portaltela.pt\/#\/schema\/person\/c4278d4a6028830caff9ee44b42d32ed\"},\"headline\":\"Carney responde a Trump: Canad\u00e1 n\u00e3o vive gra\u00e7as aos EUA\",\"datePublished\":\"2026-01-22T23:29:00+00:00\",\"mainEntityOfPage\":{\"@id\":\"https:\/\/portaltela.pt\/noticias\/2026\/01\/22\/carney-responde-a-trump-canada-nao-vive-gracas-aos-eua\/\"},\"wordCount\":322,\"image\":{\"@id\":\"https:\/\/portaltela.pt\/noticias\/2026\/01\/22\/carney-responde-a-trump-canada-nao-vive-gracas-aos-eua\/#primaryimage\"},\"thumbnailUrl\":\"https:\/\/portaltela.pt\/s.01k8rhncp4jt1\/2026\/01\/46362373.jpg\",\"keywords\":[\"Canad\u00e1\",\"desenvolvimento sustent\u00e1vel\",\"Estados Unidos\",\"interc\u00e2mbios internacionais\",\"multiculturalidade\",\"rela\u00e7\u00f5es internacionais\"],\"articleSection\":[\"Not\u00edcias\",\"Pol\u00edtica\"],\"inLanguage\":\"pt-PT\"},{\"@type\":\"WebPage\",\"@id\":\"https:\/\/portaltela.pt\/noticias\/2026\/01\/22\/carney-responde-a-trump-canada-nao-vive-gracas-aos-eua\/\",\"url\":\"https:\/\/portaltela.pt\/noticias\/2026\/01\/22\/carney-responde-a-trump-canada-nao-vive-gracas-aos-eua\/\",\"name\":\"Carney responde a Trump: Canad\u00e1 n\u00e3o vive gra\u00e7as aos EUA - Portal Tela Portugal\",\"isPartOf\":{\"@id\":\"https:\/\/portaltela.pt\/#website\"},\"primaryImageOfPage\":{\"@id\":\"https:\/\/portaltela.pt\/noticias\/2026\/01\/22\/carney-responde-a-trump-canada-nao-vive-gracas-aos-eua\/#primaryimage\"},\"image\":{\"@id\":\"https:\/\/portaltela.pt\/noticias\/2026\/01\/22\/carney-responde-a-trump-canada-nao-vive-gracas-aos-eua\/#primaryimage\"},\"thumbnailUrl\":\"https:\/\/portaltela.pt\/s.01k8rhncp4jt1\/2026\/01\/46362373.jpg\",\"datePublished\":\"2026-01-22T23:29:00+00:00\",\"author\":{\"@id\":\"https:\/\/portaltela.pt\/#\/schema\/person\/c4278d4a6028830caff9ee44b42d32ed\"},\"breadcrumb\":{\"@id\":\"https:\/\/portaltela.pt\/noticias\/2026\/01\/22\/carney-responde-a-trump-canada-nao-vive-gracas-aos-eua\/#breadcrumb\"},\"inLanguage\":\"pt-PT\",\"potentialAction\":[{\"@type\":\"ReadAction\",\"target\":[\"https:\/\/portaltela.pt\/noticias\/2026\/01\/22\/carney-responde-a-trump-canada-nao-vive-gracas-aos-eua\/\"]}]},{\"@type\":\"ImageObject\",\"inLanguage\":\"pt-PT\",\"@id\":\"https:\/\/portaltela.pt\/noticias\/2026\/01\/22\/carney-responde-a-trump-canada-nao-vive-gracas-aos-eua\/#primaryimage\",\"url\":\"https:\/\/portaltela.pt\/s.01k8rhncp4jt1\/2026\/01\/46362373.jpg\",\"contentUrl\":\"https:\/\/portaltela.pt\/s.01k8rhncp4jt1\/2026\/01\/46362373.jpg\",\"width\":796,\"height\":448,\"caption\":\"Mark Carney durante uma confer\u00eancia de imprensa em Pequim, China, 16 de janeiro de 2026.\"},{\"@type\":\"BreadcrumbList\",\"@id\":\"https:\/\/portaltela.pt\/noticias\/2026\/01\/22\/carney-responde-a-trump-canada-nao-vive-gracas-aos-eua\/#breadcrumb\",\"itemListElement\":[{\"@type\":\"ListItem\",\"position\":1,\"name\":\"In\u00edcio\",\"item\":\"https:\/\/portaltela.pt\/\"},{\"@type\":\"ListItem\",\"position\":2,\"name\":\"Carney responde a Trump: Canad\u00e1 n\u00e3o vive gra\u00e7as aos EUA\"}]},{\"@type\":\"WebSite\",\"@id\":\"https:\/\/portaltela.pt\/#website\",\"url\":\"https:\/\/portaltela.pt\/\",\"name\":\"Portal Tela Portugal\",\"description\":\"\",\"potentialAction\":[{\"@type\":\"SearchAction\",\"target\":{\"@type\":\"EntryPoint\",\"urlTemplate\":\"https:\/\/portaltela.pt\/?s={search_term_string}\"},\"query-input\":{\"@type\":\"PropertyValueSpecification\",\"valueRequired\":true,\"valueName\":\"search_term_string\"}}],\"inLanguage\":\"pt-PT\"},{\"@type\":\"Person\",\"@id\":\"https:\/\/portaltela.pt\/#\/schema\/person\/c4278d4a6028830caff9ee44b42d32ed\",\"name\":\"Telinha\",\"image\":{\"@type\":\"ImageObject\",\"inLanguage\":\"pt-PT\",\"@id\":\"https:\/\/portaltela.pt\/s.01k8rhncp4jt1\/2025\/11\/talking-bot-125x125.png\",\"url\":\"https:\/\/portaltela.pt\/s.01k8rhncp4jt1\/2025\/11\/talking-bot-125x125.png\",\"contentUrl\":\"https:\/\/portaltela.pt\/s.01k8rhncp4jt1\/2025\/11\/talking-bot-125x125.png\",\"caption\":\"Telinha\"},\"sameAs\":[\"https:\/\/portaltela.pt\/\"],\"url\":\"https:\/\/portaltela.pt\/por\/367410592786\/\"}]}<\/script>\n<!-- \/ Yoast SEO plugin. -->","yoast_head_json":{"title":"Carney responde a Trump: Canad\u00e1 n\u00e3o vive gra\u00e7as aos EUA - Portal Tela Portugal","robots":{"index":"index","follow":"follow","max-snippet":"max-snippet:-1","max-image-preview":"max-image-preview:large","max-video-preview":"max-video-preview:-1"},"og_locale":"pt_PT","og_type":"article","og_title":"Carney responde a Trump: Canad\u00e1 n\u00e3o vive gra\u00e7as aos EUA - Portal Tela Portugal","og_description":"O primeiro-ministro do Canad\u00e1, Mark Carney, afirmou que o Canad\u00e1 n\u00e3o vive por causa dos Estados Unidos, em resposta aos ataques de Donald Trump em Davos. Em Quebeque, Carney disse que o Canad\u00e1 prospera por ser canadiano, que \u00e9 dono da pr\u00f3pria casa e que este \u00e9 o seu pa\u00eds e futuro, pretendendo torn\u00e1-lo num farol. Trump alegou, tamb\u00e9m em Davos, que o Canad\u00e1 vive gra\u00e7as aos EUA e deixou um recado para Carney, lembrando-o da declara\u00e7\u00e3o futura. Carney reiterou, no contexto do F\u00f3rum Econ\u00f3mico Mundial, que o Canad\u00e1 optou por um desenvolvimento sustent\u00e1vel, inclusivo, respeitando a diversidade e combatendo o \u00f3dio. As rela\u00e7\u00f5es entre Washington e Otava permanecem tensas desde o regresso de Trump \u00e0 Casa Branca, com a imposi\u00e7\u00e3o de tarifas canadianas e um impacto econ\u00f3mico no pa\u00eds vizinho.","og_url":"https:\/\/portaltela.pt\/noticias\/2026\/01\/22\/carney-responde-a-trump-canada-nao-vive-gracas-aos-eua\/","og_site_name":"Portal Tela Portugal","article_published_time":"2026-01-22T23:29:00+00:00","author":"Telinha","twitter_card":"summary_large_image","twitter_misc":{"Escrito por":"Telinha","Tempo estimado de leitura":"2 minutos"},"schema":{"@context":"https:\/\/schema.org","@graph":[{"@type":"Article","@id":"https:\/\/portaltela.pt\/noticias\/2026\/01\/22\/carney-responde-a-trump-canada-nao-vive-gracas-aos-eua\/#article","isPartOf":{"@id":"https:\/\/portaltela.pt\/noticias\/2026\/01\/22\/carney-responde-a-trump-canada-nao-vive-gracas-aos-eua\/"},"author":{"name":"Telinha","@id":"https:\/\/portaltela.pt\/#\/schema\/person\/c4278d4a6028830caff9ee44b42d32ed"},"headline":"Carney responde a Trump: Canad\u00e1 n\u00e3o vive gra\u00e7as aos EUA","datePublished":"2026-01-22T23:29:00+00:00","mainEntityOfPage":{"@id":"https:\/\/portaltela.pt\/noticias\/2026\/01\/22\/carney-responde-a-trump-canada-nao-vive-gracas-aos-eua\/"},"wordCount":322,"image":{"@id":"https:\/\/portaltela.pt\/noticias\/2026\/01\/22\/carney-responde-a-trump-canada-nao-vive-gracas-aos-eua\/#primaryimage"},"thumbnailUrl":"https:\/\/portaltela.pt\/s.01k8rhncp4jt1\/2026\/01\/46362373.jpg","keywords":["Canad\u00e1","desenvolvimento sustent\u00e1vel","Estados Unidos","interc\u00e2mbios internacionais","multiculturalidade","rela\u00e7\u00f5es internacionais"],"articleSection":["Not\u00edcias","Pol\u00edtica"],"inLanguage":"pt-PT"},{"@type":"WebPage","@id":"https:\/\/portaltela.pt\/noticias\/2026\/01\/22\/carney-responde-a-trump-canada-nao-vive-gracas-aos-eua\/","url":"https:\/\/portaltela.pt\/noticias\/2026\/01\/22\/carney-responde-a-trump-canada-nao-vive-gracas-aos-eua\/","name":"Carney responde a Trump: Canad\u00e1 n\u00e3o vive gra\u00e7as aos EUA - Portal Tela Portugal","isPartOf":{"@id":"https:\/\/portaltela.pt\/#website"},"primaryImageOfPage":{"@id":"https:\/\/portaltela.pt\/noticias\/2026\/01\/22\/carney-responde-a-trump-canada-nao-vive-gracas-aos-eua\/#primaryimage"},"image":{"@id":"https:\/\/portaltela.pt\/noticias\/2026\/01\/22\/carney-responde-a-trump-canada-nao-vive-gracas-aos-eua\/#primaryimage"},"thumbnailUrl":"https:\/\/portaltela.pt\/s.01k8rhncp4jt1\/2026\/01\/46362373.jpg","datePublished":"2026-01-22T23:29:00+00:00","author":{"@id":"https:\/\/portaltela.pt\/#\/schema\/person\/c4278d4a6028830caff9ee44b42d32ed"},"breadcrumb":{"@id":"https:\/\/portaltela.pt\/noticias\/2026\/01\/22\/carney-responde-a-trump-canada-nao-vive-gracas-aos-eua\/#breadcrumb"},"inLanguage":"pt-PT","potentialAction":[{"@type":"ReadAction","target":["https:\/\/portaltela.pt\/noticias\/2026\/01\/22\/carney-responde-a-trump-canada-nao-vive-gracas-aos-eua\/"]}]},{"@type":"ImageObject","inLanguage":"pt-PT","@id":"https:\/\/portaltela.pt\/noticias\/2026\/01\/22\/carney-responde-a-trump-canada-nao-vive-gracas-aos-eua\/#primaryimage","url":"https:\/\/portaltela.pt\/s.01k8rhncp4jt1\/2026\/01\/46362373.jpg","contentUrl":"https:\/\/portaltela.pt\/s.01k8rhncp4jt1\/2026\/01\/46362373.jpg","width":796,"height":448,"caption":"Mark Carney durante uma confer\u00eancia de imprensa em Pequim, China, 16 de janeiro de 2026."},{"@type":"BreadcrumbList","@id":"https:\/\/portaltela.pt\/noticias\/2026\/01\/22\/carney-responde-a-trump-canada-nao-vive-gracas-aos-eua\/#breadcrumb","itemListElement":[{"@type":"ListItem","position":1,"name":"In\u00edcio","item":"https:\/\/portaltela.pt\/"},{"@type":"ListItem","position":2,"name":"Carney responde a Trump: Canad\u00e1 n\u00e3o vive gra\u00e7as aos EUA"}]},{"@type":"WebSite","@id":"https:\/\/portaltela.pt\/#website","url":"https:\/\/portaltela.pt\/","name":"Portal Tela Portugal","description":"","potentialAction":[{"@type":"SearchAction","target":{"@type":"EntryPoint","urlTemplate":"https:\/\/portaltela.pt\/?s={search_term_string}"},"query-input":{"@type":"PropertyValueSpecification","valueRequired":true,"valueName":"search_term_string"}}],"inLanguage":"pt-PT"},{"@type":"Person","@id":"https:\/\/portaltela.pt\/#\/schema\/person\/c4278d4a6028830caff9ee44b42d32ed","name":"Telinha","image":{"@type":"ImageObject","inLanguage":"pt-PT","@id":"https:\/\/portaltela.pt\/s.01k8rhncp4jt1\/2025\/11\/talking-bot-125x125.png","url":"https:\/\/portaltela.pt\/s.01k8rhncp4jt1\/2025\/11\/talking-bot-125x125.png","contentUrl":"https:\/\/portaltela.pt\/s.01k8rhncp4jt1\/2025\/11\/talking-bot-125x125.png","caption":"Telinha"},"sameAs":["https:\/\/portaltela.pt\/"],"url":"https:\/\/portaltela.pt\/por\/367410592786\/"}]}},"_links":{"self":[{"href":"https:\/\/portaltela.pt\/api\/wp\/v2\/posts\/165447","targetHints":{"allow":["GET"]}}],"collection":[{"href":"https:\/\/portaltela.pt\/api\/wp\/v2\/posts"}],"about":[{"href":"https:\/\/portaltela.pt\/api\/wp\/v2\/types\/post"}],"author":[{"embeddable":true,"href":"https:\/\/portaltela.pt\/api\/wp\/v2\/users\/2"}],"replies":[{"embeddable":true,"href":"https:\/\/portaltela.pt\/api\/wp\/v2\/comments?post=165447"}],"version-history":[{"count":0,"href":"https:\/\/portaltela.pt\/api\/wp\/v2\/posts\/165447\/revisions"}],"wp:featuredmedia":[{"embeddable":true,"href":"https:\/\/portaltela.pt\/api\/wp\/v2\/media\/165448"}],"wp:attachment":[{"href":"https:\/\/portaltela.pt\/api\/wp\/v2\/media?parent=165447"}],"wp:term":[{"taxonomy":"category","embeddable":true,"href":"https:\/\/portaltela.pt\/api\/wp\/v2\/categories?post=165447"},{"taxonomy":"post_tag","embeddable":true,"href":"https:\/\/portaltela.pt\/api\/wp\/v2\/tags?post=165447"}],"curies":[{"name":"wp","href":"https:\/\/api.w.org\/{rel}","templated":true}]}}