{"id":165413,"date":"2026-01-22T20:15:00","date_gmt":"2026-01-22T23:15:00","guid":{"rendered":"https:\/\/portaltela.pt\/noticias\/2026\/01\/22\/confronto-entre-unai-emery-e-tielemans-gerou-empurroes-durante-encontro\/"},"modified":"2026-01-22T20:15:00","modified_gmt":"2026-01-22T23:15:00","slug":"confronto-entre-unai-emery-e-tielemans-gerou-empurroes-durante-encontro","status":"publish","type":"post","link":"https:\/\/portaltela.pt\/desporto\/futebol\/2026\/01\/22\/confronto-entre-unai-emery-e-tielemans-gerou-empurroes-durante-encontro\/","title":{"rendered":"Confronto entre Unai Emery e Tielemans gerou empurr\u00f5es durante encontro"},"content":{"rendered":"<p>O t\u00e9cnico espanhol Unai Emery, treinador do Aston Villa, protagonizou uma discuss\u00e3o acesa com o m\u00e9dio belga Youri Tielemans durante um jogo recente. O epis\u00f3dio aconteceu ap\u00f3s Tielemans reagir mal \u00e0 substitui\u00e7\u00e3o, levando a um confronto direto entre ambos no banco de suplentes. Em termos de contexto, ocorreu num encontro da Premier League, com a tens\u00e3o t\u00edpica de partidas competitivas.<\/p>\n<p>Relatos descrevem que a troca de palavras cresceu para um momento de empurr\u00f5es, sinalizando frustra\u00e7\u00e3o de ambas as partes. Emery tentou manter a compostura, mas o incidente ficou evidente para quem assistia ao jogo e ao v\u00eddeo que circulou nas redes sociais.<\/p>\n<p>Este epis\u00f3dio evidencia o ambiente de alta press\u00e3o no futebol ingl\u00eas, onde as emo\u00e7\u00f5es podem transbordar. Emery, conhecido pela firmeza, reiterou depois que a rela\u00e7\u00e3o com Tielemans se mant\u00e9m s\u00f3lida, destacando a import\u00e2ncia da disciplina e do foco coletivo.<\/p>\n<h3>Rela\u00e7\u00e3o treinador-jogador<\/h3>\n<p>Segundo a ficha do encontro, a situa\u00e7\u00e3o foi rapidamente contornada pela equipa t\u00e9cnica e pelo staff. O Aston Villa assegurou que o incidente n\u00e3o ir\u00e1 afetar o funcionamento do grupo nem a performance em campo.<\/p>\n<p>A comunica\u00e7\u00e3o entre Emery e Tielemans permanece direta, com foco na recupera\u00e7\u00e3o do desempenho individual e coletivo. O clube n\u00e3o divulgou detalhes adicionais sobre san\u00e7\u00f5es, mantendo a privacidade interna da equipa.<\/p>\n","protected":false},"excerpt":{"rendered":"<ul>\n<li>Unai Emery, treinador do Aston Villa, envolveu-se numa discuss\u00e3o com o m\u00e9dio Youri Tielemans durante um jogo recente.<\/li>\n<li>Tielemans reagiu mal ao ser substitu\u00eddo, o que desencadeou o confronto entre os dois.<\/li>\n<li>A troca escalou para empurr\u00f5es, com a situa\u00e7\u00e3o vis\u00edvel para quem assistia ao epis\u00f3dio divulgado nas redes sociais.<\/li>\n<li>Emery afirmou mais tarde que a rela\u00e7\u00e3o com Tielemans permanece forte e destacou a import\u00e2ncia da disciplina e foco na equipa.<\/li>\n<li>O incidente \u00e9 visto como exemplo da press\u00e3o e intensidade que se vive na Premier League, sem impacto duradouro na rela\u00e7\u00e3o entre treinador e jogador.<\/li>\n<\/ul>\n","protected":false},"author":2,"featured_media":165422,"comment_status":"closed","ping_status":"closed","sticky":false,"template":"","format":"standard","meta":{"footnotes":""},"categories":[21,24],"tags":[178,32,242,3369,2477,2393],"class_list":["post-165413","post","type-post","status-publish","format-standard","has-post-thumbnail","hentry","category-desporto","category-futebol","tag-confrontos","tag-futebol","tag-jogadores","tag-premier-league","tag-treinadores","tag-unai-emery"],"yoast_head":"<!-- This site is optimized with the Yoast SEO plugin v27.2 - https:\/\/yoast.com\/product\/yoast-seo-wordpress\/ -->\n<title>Confronto entre Unai Emery e Tielemans gerou empurr\u00f5es durante encontro - Portal Tela Portugal<\/title>\n<meta name=\"robots\" content=\"index, follow, max-snippet:-1, max-image-preview:large, max-video-preview:-1\" \/>\n<meta property=\"og:locale\" content=\"pt_PT\" \/>\n<meta property=\"og:type\" content=\"article\" \/>\n<meta property=\"og:title\" content=\"Confronto entre Unai Emery e Tielemans gerou empurr\u00f5es durante encontro - Portal Tela Portugal\" \/>\n<meta property=\"og:description\" content=\"Unai Emery, treinador do Aston Villa, envolveu-se numa discuss\u00e3o com o m\u00e9dio Youri Tielemans durante um jogo recente. Tielemans reagiu mal ao ser substitu\u00eddo, o que desencadeou o confronto entre os dois. A troca escalou para empurr\u00f5es, com a situa\u00e7\u00e3o vis\u00edvel para quem assistia ao epis\u00f3dio divulgado nas redes sociais. Emery afirmou mais tarde que a rela\u00e7\u00e3o com Tielemans permanece forte e destacou a import\u00e2ncia da disciplina e foco na equipa. O incidente \u00e9 visto como exemplo da press\u00e3o e intensidade que se vive na Premier League, sem impacto duradouro na rela\u00e7\u00e3o entre treinador e jogador.\" \/>\n<meta property=\"og:url\" content=\"https:\/\/portaltela.pt\/noticias\/2026\/01\/22\/confronto-entre-unai-emery-e-tielemans-gerou-empurroes-durante-encontro\/\" \/>\n<meta property=\"og:site_name\" content=\"Portal Tela Portugal\" \/>\n<meta property=\"article:published_time\" content=\"2026-01-22T23:15:00+00:00\" \/>\n<meta name=\"author\" content=\"Telinha\" \/>\n<meta name=\"twitter:card\" content=\"summary_large_image\" \/>\n<meta name=\"twitter:label1\" content=\"Escrito por\" \/>\n\t<meta name=\"twitter:data1\" content=\"Telinha\" \/>\n\t<meta name=\"twitter:label2\" content=\"Tempo estimado de leitura\" \/>\n\t<meta name=\"twitter:data2\" content=\"1 minuto\" \/>\n<script type=\"application\/ld+json\" class=\"yoast-schema-graph\">{\"@context\":\"https:\/\/schema.org\",\"@graph\":[{\"@type\":\"Article\",\"@id\":\"https:\/\/portaltela.pt\/noticias\/2026\/01\/22\/confronto-entre-unai-emery-e-tielemans-gerou-empurroes-durante-encontro\/#article\",\"isPartOf\":{\"@id\":\"https:\/\/portaltela.pt\/noticias\/2026\/01\/22\/confronto-entre-unai-emery-e-tielemans-gerou-empurroes-durante-encontro\/\"},\"author\":{\"name\":\"Telinha\",\"@id\":\"https:\/\/portaltela.pt\/#\/schema\/person\/c4278d4a6028830caff9ee44b42d32ed\"},\"headline\":\"Confronto entre Unai Emery e Tielemans gerou empurr\u00f5es durante encontro\",\"datePublished\":\"2026-01-22T23:15:00+00:00\",\"mainEntityOfPage\":{\"@id\":\"https:\/\/portaltela.pt\/noticias\/2026\/01\/22\/confronto-entre-unai-emery-e-tielemans-gerou-empurroes-durante-encontro\/\"},\"wordCount\":246,\"image\":{\"@id\":\"https:\/\/portaltela.pt\/noticias\/2026\/01\/22\/confronto-entre-unai-emery-e-tielemans-gerou-empurroes-durante-encontro\/#primaryimage\"},\"thumbnailUrl\":\"https:\/\/portaltela.pt\/s.01k8rhncp4jt1\/2026\/01\/64c4cc4a-0365-48e8-9589-2f3b3e75c0c9.jpg\",\"keywords\":[\"confrontos\",\"futebol\",\"jogadores\",\"Premier League\",\"treinadores\",\"Unai Emery\"],\"articleSection\":[\"Desporto\",\"Futebol\"],\"inLanguage\":\"pt-PT\"},{\"@type\":\"WebPage\",\"@id\":\"https:\/\/portaltela.pt\/noticias\/2026\/01\/22\/confronto-entre-unai-emery-e-tielemans-gerou-empurroes-durante-encontro\/\",\"url\":\"https:\/\/portaltela.pt\/noticias\/2026\/01\/22\/confronto-entre-unai-emery-e-tielemans-gerou-empurroes-durante-encontro\/\",\"name\":\"Confronto entre Unai Emery e Tielemans gerou empurr\u00f5es durante encontro - Portal Tela Portugal\",\"isPartOf\":{\"@id\":\"https:\/\/portaltela.pt\/#website\"},\"primaryImageOfPage\":{\"@id\":\"https:\/\/portaltela.pt\/noticias\/2026\/01\/22\/confronto-entre-unai-emery-e-tielemans-gerou-empurroes-durante-encontro\/#primaryimage\"},\"image\":{\"@id\":\"https:\/\/portaltela.pt\/noticias\/2026\/01\/22\/confronto-entre-unai-emery-e-tielemans-gerou-empurroes-durante-encontro\/#primaryimage\"},\"thumbnailUrl\":\"https:\/\/portaltela.pt\/s.01k8rhncp4jt1\/2026\/01\/64c4cc4a-0365-48e8-9589-2f3b3e75c0c9.jpg\",\"datePublished\":\"2026-01-22T23:15:00+00:00\",\"author\":{\"@id\":\"https:\/\/portaltela.pt\/#\/schema\/person\/c4278d4a6028830caff9ee44b42d32ed\"},\"breadcrumb\":{\"@id\":\"https:\/\/portaltela.pt\/noticias\/2026\/01\/22\/confronto-entre-unai-emery-e-tielemans-gerou-empurroes-durante-encontro\/#breadcrumb\"},\"inLanguage\":\"pt-PT\",\"potentialAction\":[{\"@type\":\"ReadAction\",\"target\":[\"https:\/\/portaltela.pt\/noticias\/2026\/01\/22\/confronto-entre-unai-emery-e-tielemans-gerou-empurroes-durante-encontro\/\"]}]},{\"@type\":\"ImageObject\",\"inLanguage\":\"pt-PT\",\"@id\":\"https:\/\/portaltela.pt\/noticias\/2026\/01\/22\/confronto-entre-unai-emery-e-tielemans-gerou-empurroes-durante-encontro\/#primaryimage\",\"url\":\"https:\/\/portaltela.pt\/s.01k8rhncp4jt1\/2026\/01\/64c4cc4a-0365-48e8-9589-2f3b3e75c0c9.jpg\",\"contentUrl\":\"https:\/\/portaltela.pt\/s.01k8rhncp4jt1\/2026\/01\/64c4cc4a-0365-48e8-9589-2f3b3e75c0c9.jpg\",\"width\":796,\"height\":448,\"caption\":\"Discuss\u00e3o e empurr\u00f5es: Unai Emery 'pegou-se' com Tielemans\"},{\"@type\":\"BreadcrumbList\",\"@id\":\"https:\/\/portaltela.pt\/noticias\/2026\/01\/22\/confronto-entre-unai-emery-e-tielemans-gerou-empurroes-durante-encontro\/#breadcrumb\",\"itemListElement\":[{\"@type\":\"ListItem\",\"position\":1,\"name\":\"In\u00edcio\",\"item\":\"https:\/\/portaltela.pt\/\"},{\"@type\":\"ListItem\",\"position\":2,\"name\":\"Confronto entre Unai Emery e Tielemans gerou empurr\u00f5es durante encontro\"}]},{\"@type\":\"WebSite\",\"@id\":\"https:\/\/portaltela.pt\/#website\",\"url\":\"https:\/\/portaltela.pt\/\",\"name\":\"Portal Tela Portugal\",\"description\":\"\",\"potentialAction\":[{\"@type\":\"SearchAction\",\"target\":{\"@type\":\"EntryPoint\",\"urlTemplate\":\"https:\/\/portaltela.pt\/?s={search_term_string}\"},\"query-input\":{\"@type\":\"PropertyValueSpecification\",\"valueRequired\":true,\"valueName\":\"search_term_string\"}}],\"inLanguage\":\"pt-PT\"},{\"@type\":\"Person\",\"@id\":\"https:\/\/portaltela.pt\/#\/schema\/person\/c4278d4a6028830caff9ee44b42d32ed\",\"name\":\"Telinha\",\"image\":{\"@type\":\"ImageObject\",\"inLanguage\":\"pt-PT\",\"@id\":\"https:\/\/portaltela.pt\/s.01k8rhncp4jt1\/2025\/11\/talking-bot-125x125.png\",\"url\":\"https:\/\/portaltela.pt\/s.01k8rhncp4jt1\/2025\/11\/talking-bot-125x125.png\",\"contentUrl\":\"https:\/\/portaltela.pt\/s.01k8rhncp4jt1\/2025\/11\/talking-bot-125x125.png\",\"caption\":\"Telinha\"},\"sameAs\":[\"https:\/\/portaltela.pt\/\"],\"url\":\"https:\/\/portaltela.pt\/por\/367410592786\/\"}]}<\/script>\n<!-- \/ Yoast SEO plugin. -->","yoast_head_json":{"title":"Confronto entre Unai Emery e Tielemans gerou empurr\u00f5es durante encontro - Portal Tela Portugal","robots":{"index":"index","follow":"follow","max-snippet":"max-snippet:-1","max-image-preview":"max-image-preview:large","max-video-preview":"max-video-preview:-1"},"og_locale":"pt_PT","og_type":"article","og_title":"Confronto entre Unai Emery e Tielemans gerou empurr\u00f5es durante encontro - Portal Tela Portugal","og_description":"Unai Emery, treinador do Aston Villa, envolveu-se numa discuss\u00e3o com o m\u00e9dio Youri Tielemans durante um jogo recente. Tielemans reagiu mal ao ser substitu\u00eddo, o que desencadeou o confronto entre os dois. A troca escalou para empurr\u00f5es, com a situa\u00e7\u00e3o vis\u00edvel para quem assistia ao epis\u00f3dio divulgado nas redes sociais. Emery afirmou mais tarde que a rela\u00e7\u00e3o com Tielemans permanece forte e destacou a import\u00e2ncia da disciplina e foco na equipa. O incidente \u00e9 visto como exemplo da press\u00e3o e intensidade que se vive na Premier League, sem impacto duradouro na rela\u00e7\u00e3o entre treinador e jogador.","og_url":"https:\/\/portaltela.pt\/noticias\/2026\/01\/22\/confronto-entre-unai-emery-e-tielemans-gerou-empurroes-durante-encontro\/","og_site_name":"Portal Tela Portugal","article_published_time":"2026-01-22T23:15:00+00:00","author":"Telinha","twitter_card":"summary_large_image","twitter_misc":{"Escrito por":"Telinha","Tempo estimado de leitura":"1 minuto"},"schema":{"@context":"https:\/\/schema.org","@graph":[{"@type":"Article","@id":"https:\/\/portaltela.pt\/noticias\/2026\/01\/22\/confronto-entre-unai-emery-e-tielemans-gerou-empurroes-durante-encontro\/#article","isPartOf":{"@id":"https:\/\/portaltela.pt\/noticias\/2026\/01\/22\/confronto-entre-unai-emery-e-tielemans-gerou-empurroes-durante-encontro\/"},"author":{"name":"Telinha","@id":"https:\/\/portaltela.pt\/#\/schema\/person\/c4278d4a6028830caff9ee44b42d32ed"},"headline":"Confronto entre Unai Emery e Tielemans gerou empurr\u00f5es durante encontro","datePublished":"2026-01-22T23:15:00+00:00","mainEntityOfPage":{"@id":"https:\/\/portaltela.pt\/noticias\/2026\/01\/22\/confronto-entre-unai-emery-e-tielemans-gerou-empurroes-durante-encontro\/"},"wordCount":246,"image":{"@id":"https:\/\/portaltela.pt\/noticias\/2026\/01\/22\/confronto-entre-unai-emery-e-tielemans-gerou-empurroes-durante-encontro\/#primaryimage"},"thumbnailUrl":"https:\/\/portaltela.pt\/s.01k8rhncp4jt1\/2026\/01\/64c4cc4a-0365-48e8-9589-2f3b3e75c0c9.jpg","keywords":["confrontos","futebol","jogadores","Premier League","treinadores","Unai Emery"],"articleSection":["Desporto","Futebol"],"inLanguage":"pt-PT"},{"@type":"WebPage","@id":"https:\/\/portaltela.pt\/noticias\/2026\/01\/22\/confronto-entre-unai-emery-e-tielemans-gerou-empurroes-durante-encontro\/","url":"https:\/\/portaltela.pt\/noticias\/2026\/01\/22\/confronto-entre-unai-emery-e-tielemans-gerou-empurroes-durante-encontro\/","name":"Confronto entre Unai Emery e Tielemans gerou empurr\u00f5es durante encontro - Portal Tela Portugal","isPartOf":{"@id":"https:\/\/portaltela.pt\/#website"},"primaryImageOfPage":{"@id":"https:\/\/portaltela.pt\/noticias\/2026\/01\/22\/confronto-entre-unai-emery-e-tielemans-gerou-empurroes-durante-encontro\/#primaryimage"},"image":{"@id":"https:\/\/portaltela.pt\/noticias\/2026\/01\/22\/confronto-entre-unai-emery-e-tielemans-gerou-empurroes-durante-encontro\/#primaryimage"},"thumbnailUrl":"https:\/\/portaltela.pt\/s.01k8rhncp4jt1\/2026\/01\/64c4cc4a-0365-48e8-9589-2f3b3e75c0c9.jpg","datePublished":"2026-01-22T23:15:00+00:00","author":{"@id":"https:\/\/portaltela.pt\/#\/schema\/person\/c4278d4a6028830caff9ee44b42d32ed"},"breadcrumb":{"@id":"https:\/\/portaltela.pt\/noticias\/2026\/01\/22\/confronto-entre-unai-emery-e-tielemans-gerou-empurroes-durante-encontro\/#breadcrumb"},"inLanguage":"pt-PT","potentialAction":[{"@type":"ReadAction","target":["https:\/\/portaltela.pt\/noticias\/2026\/01\/22\/confronto-entre-unai-emery-e-tielemans-gerou-empurroes-durante-encontro\/"]}]},{"@type":"ImageObject","inLanguage":"pt-PT","@id":"https:\/\/portaltela.pt\/noticias\/2026\/01\/22\/confronto-entre-unai-emery-e-tielemans-gerou-empurroes-durante-encontro\/#primaryimage","url":"https:\/\/portaltela.pt\/s.01k8rhncp4jt1\/2026\/01\/64c4cc4a-0365-48e8-9589-2f3b3e75c0c9.jpg","contentUrl":"https:\/\/portaltela.pt\/s.01k8rhncp4jt1\/2026\/01\/64c4cc4a-0365-48e8-9589-2f3b3e75c0c9.jpg","width":796,"height":448,"caption":"Discuss\u00e3o e empurr\u00f5es: Unai Emery 'pegou-se' com Tielemans"},{"@type":"BreadcrumbList","@id":"https:\/\/portaltela.pt\/noticias\/2026\/01\/22\/confronto-entre-unai-emery-e-tielemans-gerou-empurroes-durante-encontro\/#breadcrumb","itemListElement":[{"@type":"ListItem","position":1,"name":"In\u00edcio","item":"https:\/\/portaltela.pt\/"},{"@type":"ListItem","position":2,"name":"Confronto entre Unai Emery e Tielemans gerou empurr\u00f5es durante encontro"}]},{"@type":"WebSite","@id":"https:\/\/portaltela.pt\/#website","url":"https:\/\/portaltela.pt\/","name":"Portal Tela Portugal","description":"","potentialAction":[{"@type":"SearchAction","target":{"@type":"EntryPoint","urlTemplate":"https:\/\/portaltela.pt\/?s={search_term_string}"},"query-input":{"@type":"PropertyValueSpecification","valueRequired":true,"valueName":"search_term_string"}}],"inLanguage":"pt-PT"},{"@type":"Person","@id":"https:\/\/portaltela.pt\/#\/schema\/person\/c4278d4a6028830caff9ee44b42d32ed","name":"Telinha","image":{"@type":"ImageObject","inLanguage":"pt-PT","@id":"https:\/\/portaltela.pt\/s.01k8rhncp4jt1\/2025\/11\/talking-bot-125x125.png","url":"https:\/\/portaltela.pt\/s.01k8rhncp4jt1\/2025\/11\/talking-bot-125x125.png","contentUrl":"https:\/\/portaltela.pt\/s.01k8rhncp4jt1\/2025\/11\/talking-bot-125x125.png","caption":"Telinha"},"sameAs":["https:\/\/portaltela.pt\/"],"url":"https:\/\/portaltela.pt\/por\/367410592786\/"}]}},"_links":{"self":[{"href":"https:\/\/portaltela.pt\/api\/wp\/v2\/posts\/165413","targetHints":{"allow":["GET"]}}],"collection":[{"href":"https:\/\/portaltela.pt\/api\/wp\/v2\/posts"}],"about":[{"href":"https:\/\/portaltela.pt\/api\/wp\/v2\/types\/post"}],"author":[{"embeddable":true,"href":"https:\/\/portaltela.pt\/api\/wp\/v2\/users\/2"}],"replies":[{"embeddable":true,"href":"https:\/\/portaltela.pt\/api\/wp\/v2\/comments?post=165413"}],"version-history":[{"count":0,"href":"https:\/\/portaltela.pt\/api\/wp\/v2\/posts\/165413\/revisions"}],"wp:featuredmedia":[{"embeddable":true,"href":"https:\/\/portaltela.pt\/api\/wp\/v2\/media\/165422"}],"wp:attachment":[{"href":"https:\/\/portaltela.pt\/api\/wp\/v2\/media?parent=165413"}],"wp:term":[{"taxonomy":"category","embeddable":true,"href":"https:\/\/portaltela.pt\/api\/wp\/v2\/categories?post=165413"},{"taxonomy":"post_tag","embeddable":true,"href":"https:\/\/portaltela.pt\/api\/wp\/v2\/tags?post=165413"}],"curies":[{"name":"wp","href":"https:\/\/api.w.org\/{rel}","templated":true}]}}