{"id":165337,"date":"2026-01-22T19:50:07","date_gmt":"2026-01-22T22:50:07","guid":{"rendered":"https:\/\/portaltela.pt\/noticias\/2026\/01\/22\/covilha-pais-denunciam-sensacao-de-frio-em-criancas-na-eb1-do-refugio\/"},"modified":"2026-01-22T19:50:07","modified_gmt":"2026-01-22T22:50:07","slug":"covilha-pais-denunciam-sensacao-de-frio-em-criancas-na-eb1-do-refugio","status":"publish","type":"post","link":"https:\/\/portaltela.pt\/noticias\/2026\/01\/22\/covilha-pais-denunciam-sensacao-de-frio-em-criancas-na-eb1-do-refugio\/","title":{"rendered":"Covilh\u00e3: Pais denunciam sensa\u00e7\u00e3o de frio em crian\u00e7as na EB1 do Ref\u00fagio"},"content":{"rendered":"<p>A fam\u00edlia de alunos da EB1 do Ref\u00fagio, na Covilh\u00e3, denunciou que crian\u00e7as ficam expostas ao frio durante as pausas e \u00e0 espera dos encarregados de educa\u00e7\u00e3o. A den\u00fancia foi publicada num grupo de Facebook e chegou \u00e0 Beira Baixa TV. O relato descreve que as crian\u00e7as chegam a sentir frio no t\u00fanel desabrigado onde aguardam.<\/p>\n<p>Segundo a associa\u00e7\u00e3o de pais, a situa\u00e7\u00e3o no t\u00fanel persiste desde que a dire\u00e7\u00e3o atual tomou posse, em novembro de 2025. Foram reportadas \u00e0s entidades competentes no final de 2025 e, no in\u00edcio de 2026, ao Departamento de Educa\u00e7\u00e3o da C\u00e2mara Municipal. A associa\u00e7\u00e3o aponta a necessidade de solu\u00e7\u00f5es de aquecimento e de espa\u00e7o adequado.<\/p>\n<h3>Situa\u00e7\u00e3o atual e respostas oficiais<\/h3>\n<p>A C\u00e2mara Municipal da Covilh\u00e3 assegura que a caldeira funciona, garantindo o aquecimento di\u00e1rio da escola. Admitida uma avaria t\u00e9cnica, a repara\u00e7\u00e3o depende da substitui\u00e7\u00e3o de uma pe\u00e7a ainda n\u00e3o entregue, sendo aplicada uma solu\u00e7\u00e3o provis\u00f3ria com liga\u00e7\u00e3o manual di\u00e1ria.<\/p>\n<p>O espa\u00e7o designado como t\u00fanel \u00e9 descrito pela autarquia como um antigo telheiro, destinado a atividades f\u00edsicas e \u00e0 CAF. Em dias de mau tempo, a autarquia afirma que devem ser procuradas alternativas de utiliza\u00e7\u00e3o e que a comunidade \u00e9 informada sobre o entendimento destas regras.<\/p>\n<h3>A\u00e7\u00f5es e pr\u00f3ximos passos<\/h3>\n<p>A associa\u00e7\u00e3o de pais refor\u00e7a que compete \u00e0s entidades competentes resolver as quest\u00f5es de infraestrutura. O objetivo \u00e9 encontrar solu\u00e7\u00f5es com o munic\u00edpio, a fim de assegurar condi\u00e7\u00f5es adequadas para as crian\u00e7as. A CAF funciona no refeit\u00f3rio entre as 17h30 e as 19h00, com atividades de apoio \u00e0s fam\u00edlias.<\/p>\n","protected":false},"excerpt":{"rendered":"<ul>\n<li>Familiares de alunos da EB1 do Ref\u00fagio, na Covilh\u00e3, denunciam que as crian\u00e7as ficam expostas ao frio durante as pausas e \u00e0 espera dos encarregados de educa\u00e7\u00e3o, num t\u00fanel sem aquecimento.<\/li>\n<li>A \u00fanica sala de acolhimento \u00e9 considerada pequena para o n\u00famero de alunos, segundo a den\u00fancia.<\/li>\n<li>A Associa\u00e7\u00e3o de Pais Sementes do Ref\u00fagio afirma ter reportado a situa\u00e7\u00e3o desde novembro de 2025 e j\u00e1 comunicou o Departamento de Educa\u00e7\u00e3o da C\u00e2mara Municipal da Covilh\u00e3.<\/li>\n<li>A C\u00e2mara Municipal da Covilh\u00e3 (CMC) diz que a caldeira est\u00e1 em funcionamento, mas h\u00e1 uma avaria t\u00e9cnica cuja pe\u00e7a ainda n\u00e3o chegou; foi implementada uma solu\u00e7\u00e3o provis\u00f3ria com liga\u00e7\u00e3o manual di\u00e1ria.<\/li>\n<li>O t\u00fanel \u00e9 um telheiro antigo, usado para atividades f\u00edsicas e pela Componente de Apoio \u00e0 Fam\u00edlia, e a C\u00e2mara indica que, em tempo de mau tempo, devem ser utilizadas solu\u00e7\u00f5es alternativas.<\/li>\n<\/ul>\n","protected":false},"author":2,"featured_media":165393,"comment_status":"closed","ping_status":"closed","sticky":false,"template":"","format":"standard","meta":{"footnotes":""},"categories":[1],"tags":[2671,3035,1306,163,101,1615],"class_list":["post-165337","post","type-post","status-publish","format-standard","has-post-thumbnail","hentry","category-noticias","tag-aquecimento","tag-comunidade","tag-covilha","tag-educacao","tag-escolas","tag-infraestrutura"],"yoast_head":"<!-- This site is optimized with the Yoast SEO plugin v27.2 - https:\/\/yoast.com\/product\/yoast-seo-wordpress\/ -->\n<title>Covilh\u00e3: Pais denunciam sensa\u00e7\u00e3o de frio em crian\u00e7as na EB1 do Ref\u00fagio - Portal Tela Portugal<\/title>\n<meta name=\"robots\" content=\"index, follow, max-snippet:-1, max-image-preview:large, max-video-preview:-1\" \/>\n<meta property=\"og:locale\" content=\"pt_PT\" \/>\n<meta property=\"og:type\" content=\"article\" \/>\n<meta property=\"og:title\" content=\"Covilh\u00e3: Pais denunciam sensa\u00e7\u00e3o de frio em crian\u00e7as na EB1 do Ref\u00fagio - Portal Tela Portugal\" \/>\n<meta property=\"og:description\" content=\"Familiares de alunos da EB1 do Ref\u00fagio, na Covilh\u00e3, denunciam que as crian\u00e7as ficam expostas ao frio durante as pausas e \u00e0 espera dos encarregados de educa\u00e7\u00e3o, num t\u00fanel sem aquecimento. A \u00fanica sala de acolhimento \u00e9 considerada pequena para o n\u00famero de alunos, segundo a den\u00fancia. A Associa\u00e7\u00e3o de Pais Sementes do Ref\u00fagio afirma ter reportado a situa\u00e7\u00e3o desde novembro de 2025 e j\u00e1 comunicou o Departamento de Educa\u00e7\u00e3o da C\u00e2mara Municipal da Covilh\u00e3. A C\u00e2mara Municipal da Covilh\u00e3 (CMC) diz que a caldeira est\u00e1 em funcionamento, mas h\u00e1 uma avaria t\u00e9cnica cuja pe\u00e7a ainda n\u00e3o chegou; foi implementada uma solu\u00e7\u00e3o provis\u00f3ria com liga\u00e7\u00e3o manual di\u00e1ria. O t\u00fanel \u00e9 um telheiro antigo, usado para atividades f\u00edsicas e pela Componente de Apoio \u00e0 Fam\u00edlia, e a C\u00e2mara indica que, em tempo de mau tempo, devem ser utilizadas solu\u00e7\u00f5es alternativas.\" \/>\n<meta property=\"og:url\" content=\"https:\/\/portaltela.pt\/noticias\/2026\/01\/22\/covilha-pais-denunciam-sensacao-de-frio-em-criancas-na-eb1-do-refugio\/\" \/>\n<meta property=\"og:site_name\" content=\"Portal Tela Portugal\" \/>\n<meta property=\"article:published_time\" content=\"2026-01-22T22:50:07+00:00\" \/>\n<meta name=\"author\" content=\"Telinha\" \/>\n<meta name=\"twitter:card\" content=\"summary_large_image\" \/>\n<meta name=\"twitter:label1\" content=\"Escrito por\" \/>\n\t<meta name=\"twitter:data1\" content=\"Telinha\" \/>\n\t<meta name=\"twitter:label2\" content=\"Tempo estimado de leitura\" \/>\n\t<meta name=\"twitter:data2\" content=\"1 minuto\" \/>\n<script type=\"application\/ld+json\" class=\"yoast-schema-graph\">{\"@context\":\"https:\/\/schema.org\",\"@graph\":[{\"@type\":\"Article\",\"@id\":\"https:\/\/portaltela.pt\/noticias\/2026\/01\/22\/covilha-pais-denunciam-sensacao-de-frio-em-criancas-na-eb1-do-refugio\/#article\",\"isPartOf\":{\"@id\":\"https:\/\/portaltela.pt\/noticias\/2026\/01\/22\/covilha-pais-denunciam-sensacao-de-frio-em-criancas-na-eb1-do-refugio\/\"},\"author\":{\"name\":\"Telinha\",\"@id\":\"https:\/\/portaltela.pt\/#\/schema\/person\/c4278d4a6028830caff9ee44b42d32ed\"},\"headline\":\"Covilh\u00e3: Pais denunciam sensa\u00e7\u00e3o de frio em crian\u00e7as na EB1 do Ref\u00fagio\",\"datePublished\":\"2026-01-22T22:50:07+00:00\",\"mainEntityOfPage\":{\"@id\":\"https:\/\/portaltela.pt\/noticias\/2026\/01\/22\/covilha-pais-denunciam-sensacao-de-frio-em-criancas-na-eb1-do-refugio\/\"},\"wordCount\":305,\"image\":{\"@id\":\"https:\/\/portaltela.pt\/noticias\/2026\/01\/22\/covilha-pais-denunciam-sensacao-de-frio-em-criancas-na-eb1-do-refugio\/#primaryimage\"},\"thumbnailUrl\":\"https:\/\/portaltela.pt\/s.01k8rhncp4jt1\/2026\/01\/unnamed-file-4684.jpg\",\"keywords\":[\"aquecimento\",\"comunidade\",\"Covilh\u00e3\",\"educa\u00e7\u00e3o\",\"escolas\",\"infraestrutura\"],\"articleSection\":[\"Not\u00edcias\"],\"inLanguage\":\"pt-PT\"},{\"@type\":\"WebPage\",\"@id\":\"https:\/\/portaltela.pt\/noticias\/2026\/01\/22\/covilha-pais-denunciam-sensacao-de-frio-em-criancas-na-eb1-do-refugio\/\",\"url\":\"https:\/\/portaltela.pt\/noticias\/2026\/01\/22\/covilha-pais-denunciam-sensacao-de-frio-em-criancas-na-eb1-do-refugio\/\",\"name\":\"Covilh\u00e3: Pais denunciam sensa\u00e7\u00e3o de frio em crian\u00e7as na EB1 do Ref\u00fagio - Portal Tela Portugal\",\"isPartOf\":{\"@id\":\"https:\/\/portaltela.pt\/#website\"},\"primaryImageOfPage\":{\"@id\":\"https:\/\/portaltela.pt\/noticias\/2026\/01\/22\/covilha-pais-denunciam-sensacao-de-frio-em-criancas-na-eb1-do-refugio\/#primaryimage\"},\"image\":{\"@id\":\"https:\/\/portaltela.pt\/noticias\/2026\/01\/22\/covilha-pais-denunciam-sensacao-de-frio-em-criancas-na-eb1-do-refugio\/#primaryimage\"},\"thumbnailUrl\":\"https:\/\/portaltela.pt\/s.01k8rhncp4jt1\/2026\/01\/unnamed-file-4684.jpg\",\"datePublished\":\"2026-01-22T22:50:07+00:00\",\"author\":{\"@id\":\"https:\/\/portaltela.pt\/#\/schema\/person\/c4278d4a6028830caff9ee44b42d32ed\"},\"breadcrumb\":{\"@id\":\"https:\/\/portaltela.pt\/noticias\/2026\/01\/22\/covilha-pais-denunciam-sensacao-de-frio-em-criancas-na-eb1-do-refugio\/#breadcrumb\"},\"inLanguage\":\"pt-PT\",\"potentialAction\":[{\"@type\":\"ReadAction\",\"target\":[\"https:\/\/portaltela.pt\/noticias\/2026\/01\/22\/covilha-pais-denunciam-sensacao-de-frio-em-criancas-na-eb1-do-refugio\/\"]}]},{\"@type\":\"ImageObject\",\"inLanguage\":\"pt-PT\",\"@id\":\"https:\/\/portaltela.pt\/noticias\/2026\/01\/22\/covilha-pais-denunciam-sensacao-de-frio-em-criancas-na-eb1-do-refugio\/#primaryimage\",\"url\":\"https:\/\/portaltela.pt\/s.01k8rhncp4jt1\/2026\/01\/unnamed-file-4684.jpg\",\"contentUrl\":\"https:\/\/portaltela.pt\/s.01k8rhncp4jt1\/2026\/01\/unnamed-file-4684.jpg\",\"width\":796,\"height\":448,\"caption\":\"Covilh\u00e3: Familiares denunciam frio sentido por crian\u00e7as na EB1 do Ref\u00fagio\"},{\"@type\":\"BreadcrumbList\",\"@id\":\"https:\/\/portaltela.pt\/noticias\/2026\/01\/22\/covilha-pais-denunciam-sensacao-de-frio-em-criancas-na-eb1-do-refugio\/#breadcrumb\",\"itemListElement\":[{\"@type\":\"ListItem\",\"position\":1,\"name\":\"In\u00edcio\",\"item\":\"https:\/\/portaltela.pt\/\"},{\"@type\":\"ListItem\",\"position\":2,\"name\":\"Covilh\u00e3: Pais denunciam sensa\u00e7\u00e3o de frio em crian\u00e7as na EB1 do Ref\u00fagio\"}]},{\"@type\":\"WebSite\",\"@id\":\"https:\/\/portaltela.pt\/#website\",\"url\":\"https:\/\/portaltela.pt\/\",\"name\":\"Portal Tela Portugal\",\"description\":\"\",\"potentialAction\":[{\"@type\":\"SearchAction\",\"target\":{\"@type\":\"EntryPoint\",\"urlTemplate\":\"https:\/\/portaltela.pt\/?s={search_term_string}\"},\"query-input\":{\"@type\":\"PropertyValueSpecification\",\"valueRequired\":true,\"valueName\":\"search_term_string\"}}],\"inLanguage\":\"pt-PT\"},{\"@type\":\"Person\",\"@id\":\"https:\/\/portaltela.pt\/#\/schema\/person\/c4278d4a6028830caff9ee44b42d32ed\",\"name\":\"Telinha\",\"image\":{\"@type\":\"ImageObject\",\"inLanguage\":\"pt-PT\",\"@id\":\"https:\/\/portaltela.pt\/s.01k8rhncp4jt1\/2025\/11\/talking-bot-125x125.png\",\"url\":\"https:\/\/portaltela.pt\/s.01k8rhncp4jt1\/2025\/11\/talking-bot-125x125.png\",\"contentUrl\":\"https:\/\/portaltela.pt\/s.01k8rhncp4jt1\/2025\/11\/talking-bot-125x125.png\",\"caption\":\"Telinha\"},\"sameAs\":[\"https:\/\/portaltela.pt\/\"],\"url\":\"https:\/\/portaltela.pt\/por\/367410592786\/\"}]}<\/script>\n<!-- \/ Yoast SEO plugin. -->","yoast_head_json":{"title":"Covilh\u00e3: Pais denunciam sensa\u00e7\u00e3o de frio em crian\u00e7as na EB1 do Ref\u00fagio - Portal Tela Portugal","robots":{"index":"index","follow":"follow","max-snippet":"max-snippet:-1","max-image-preview":"max-image-preview:large","max-video-preview":"max-video-preview:-1"},"og_locale":"pt_PT","og_type":"article","og_title":"Covilh\u00e3: Pais denunciam sensa\u00e7\u00e3o de frio em crian\u00e7as na EB1 do Ref\u00fagio - Portal Tela Portugal","og_description":"Familiares de alunos da EB1 do Ref\u00fagio, na Covilh\u00e3, denunciam que as crian\u00e7as ficam expostas ao frio durante as pausas e \u00e0 espera dos encarregados de educa\u00e7\u00e3o, num t\u00fanel sem aquecimento. A \u00fanica sala de acolhimento \u00e9 considerada pequena para o n\u00famero de alunos, segundo a den\u00fancia. A Associa\u00e7\u00e3o de Pais Sementes do Ref\u00fagio afirma ter reportado a situa\u00e7\u00e3o desde novembro de 2025 e j\u00e1 comunicou o Departamento de Educa\u00e7\u00e3o da C\u00e2mara Municipal da Covilh\u00e3. A C\u00e2mara Municipal da Covilh\u00e3 (CMC) diz que a caldeira est\u00e1 em funcionamento, mas h\u00e1 uma avaria t\u00e9cnica cuja pe\u00e7a ainda n\u00e3o chegou; foi implementada uma solu\u00e7\u00e3o provis\u00f3ria com liga\u00e7\u00e3o manual di\u00e1ria. O t\u00fanel \u00e9 um telheiro antigo, usado para atividades f\u00edsicas e pela Componente de Apoio \u00e0 Fam\u00edlia, e a C\u00e2mara indica que, em tempo de mau tempo, devem ser utilizadas solu\u00e7\u00f5es alternativas.","og_url":"https:\/\/portaltela.pt\/noticias\/2026\/01\/22\/covilha-pais-denunciam-sensacao-de-frio-em-criancas-na-eb1-do-refugio\/","og_site_name":"Portal Tela Portugal","article_published_time":"2026-01-22T22:50:07+00:00","author":"Telinha","twitter_card":"summary_large_image","twitter_misc":{"Escrito por":"Telinha","Tempo estimado de leitura":"1 minuto"},"schema":{"@context":"https:\/\/schema.org","@graph":[{"@type":"Article","@id":"https:\/\/portaltela.pt\/noticias\/2026\/01\/22\/covilha-pais-denunciam-sensacao-de-frio-em-criancas-na-eb1-do-refugio\/#article","isPartOf":{"@id":"https:\/\/portaltela.pt\/noticias\/2026\/01\/22\/covilha-pais-denunciam-sensacao-de-frio-em-criancas-na-eb1-do-refugio\/"},"author":{"name":"Telinha","@id":"https:\/\/portaltela.pt\/#\/schema\/person\/c4278d4a6028830caff9ee44b42d32ed"},"headline":"Covilh\u00e3: Pais denunciam sensa\u00e7\u00e3o de frio em crian\u00e7as na EB1 do Ref\u00fagio","datePublished":"2026-01-22T22:50:07+00:00","mainEntityOfPage":{"@id":"https:\/\/portaltela.pt\/noticias\/2026\/01\/22\/covilha-pais-denunciam-sensacao-de-frio-em-criancas-na-eb1-do-refugio\/"},"wordCount":305,"image":{"@id":"https:\/\/portaltela.pt\/noticias\/2026\/01\/22\/covilha-pais-denunciam-sensacao-de-frio-em-criancas-na-eb1-do-refugio\/#primaryimage"},"thumbnailUrl":"https:\/\/portaltela.pt\/s.01k8rhncp4jt1\/2026\/01\/unnamed-file-4684.jpg","keywords":["aquecimento","comunidade","Covilh\u00e3","educa\u00e7\u00e3o","escolas","infraestrutura"],"articleSection":["Not\u00edcias"],"inLanguage":"pt-PT"},{"@type":"WebPage","@id":"https:\/\/portaltela.pt\/noticias\/2026\/01\/22\/covilha-pais-denunciam-sensacao-de-frio-em-criancas-na-eb1-do-refugio\/","url":"https:\/\/portaltela.pt\/noticias\/2026\/01\/22\/covilha-pais-denunciam-sensacao-de-frio-em-criancas-na-eb1-do-refugio\/","name":"Covilh\u00e3: Pais denunciam sensa\u00e7\u00e3o de frio em crian\u00e7as na EB1 do Ref\u00fagio - Portal Tela Portugal","isPartOf":{"@id":"https:\/\/portaltela.pt\/#website"},"primaryImageOfPage":{"@id":"https:\/\/portaltela.pt\/noticias\/2026\/01\/22\/covilha-pais-denunciam-sensacao-de-frio-em-criancas-na-eb1-do-refugio\/#primaryimage"},"image":{"@id":"https:\/\/portaltela.pt\/noticias\/2026\/01\/22\/covilha-pais-denunciam-sensacao-de-frio-em-criancas-na-eb1-do-refugio\/#primaryimage"},"thumbnailUrl":"https:\/\/portaltela.pt\/s.01k8rhncp4jt1\/2026\/01\/unnamed-file-4684.jpg","datePublished":"2026-01-22T22:50:07+00:00","author":{"@id":"https:\/\/portaltela.pt\/#\/schema\/person\/c4278d4a6028830caff9ee44b42d32ed"},"breadcrumb":{"@id":"https:\/\/portaltela.pt\/noticias\/2026\/01\/22\/covilha-pais-denunciam-sensacao-de-frio-em-criancas-na-eb1-do-refugio\/#breadcrumb"},"inLanguage":"pt-PT","potentialAction":[{"@type":"ReadAction","target":["https:\/\/portaltela.pt\/noticias\/2026\/01\/22\/covilha-pais-denunciam-sensacao-de-frio-em-criancas-na-eb1-do-refugio\/"]}]},{"@type":"ImageObject","inLanguage":"pt-PT","@id":"https:\/\/portaltela.pt\/noticias\/2026\/01\/22\/covilha-pais-denunciam-sensacao-de-frio-em-criancas-na-eb1-do-refugio\/#primaryimage","url":"https:\/\/portaltela.pt\/s.01k8rhncp4jt1\/2026\/01\/unnamed-file-4684.jpg","contentUrl":"https:\/\/portaltela.pt\/s.01k8rhncp4jt1\/2026\/01\/unnamed-file-4684.jpg","width":796,"height":448,"caption":"Covilh\u00e3: Familiares denunciam frio sentido por crian\u00e7as na EB1 do Ref\u00fagio"},{"@type":"BreadcrumbList","@id":"https:\/\/portaltela.pt\/noticias\/2026\/01\/22\/covilha-pais-denunciam-sensacao-de-frio-em-criancas-na-eb1-do-refugio\/#breadcrumb","itemListElement":[{"@type":"ListItem","position":1,"name":"In\u00edcio","item":"https:\/\/portaltela.pt\/"},{"@type":"ListItem","position":2,"name":"Covilh\u00e3: Pais denunciam sensa\u00e7\u00e3o de frio em crian\u00e7as na EB1 do Ref\u00fagio"}]},{"@type":"WebSite","@id":"https:\/\/portaltela.pt\/#website","url":"https:\/\/portaltela.pt\/","name":"Portal Tela Portugal","description":"","potentialAction":[{"@type":"SearchAction","target":{"@type":"EntryPoint","urlTemplate":"https:\/\/portaltela.pt\/?s={search_term_string}"},"query-input":{"@type":"PropertyValueSpecification","valueRequired":true,"valueName":"search_term_string"}}],"inLanguage":"pt-PT"},{"@type":"Person","@id":"https:\/\/portaltela.pt\/#\/schema\/person\/c4278d4a6028830caff9ee44b42d32ed","name":"Telinha","image":{"@type":"ImageObject","inLanguage":"pt-PT","@id":"https:\/\/portaltela.pt\/s.01k8rhncp4jt1\/2025\/11\/talking-bot-125x125.png","url":"https:\/\/portaltela.pt\/s.01k8rhncp4jt1\/2025\/11\/talking-bot-125x125.png","contentUrl":"https:\/\/portaltela.pt\/s.01k8rhncp4jt1\/2025\/11\/talking-bot-125x125.png","caption":"Telinha"},"sameAs":["https:\/\/portaltela.pt\/"],"url":"https:\/\/portaltela.pt\/por\/367410592786\/"}]}},"_links":{"self":[{"href":"https:\/\/portaltela.pt\/api\/wp\/v2\/posts\/165337","targetHints":{"allow":["GET"]}}],"collection":[{"href":"https:\/\/portaltela.pt\/api\/wp\/v2\/posts"}],"about":[{"href":"https:\/\/portaltela.pt\/api\/wp\/v2\/types\/post"}],"author":[{"embeddable":true,"href":"https:\/\/portaltela.pt\/api\/wp\/v2\/users\/2"}],"replies":[{"embeddable":true,"href":"https:\/\/portaltela.pt\/api\/wp\/v2\/comments?post=165337"}],"version-history":[{"count":0,"href":"https:\/\/portaltela.pt\/api\/wp\/v2\/posts\/165337\/revisions"}],"wp:featuredmedia":[{"embeddable":true,"href":"https:\/\/portaltela.pt\/api\/wp\/v2\/media\/165393"}],"wp:attachment":[{"href":"https:\/\/portaltela.pt\/api\/wp\/v2\/media?parent=165337"}],"wp:term":[{"taxonomy":"category","embeddable":true,"href":"https:\/\/portaltela.pt\/api\/wp\/v2\/categories?post=165337"},{"taxonomy":"post_tag","embeddable":true,"href":"https:\/\/portaltela.pt\/api\/wp\/v2\/tags?post=165337"}],"curies":[{"name":"wp","href":"https:\/\/api.w.org\/{rel}","templated":true}]}}