{"id":165284,"date":"2026-01-22T19:30:53","date_gmt":"2026-01-22T22:30:53","guid":{"rendered":"https:\/\/portaltela.pt\/noticias\/2026\/01\/22\/dybala-abre-caminho-ao-bis-de-pisilli\/"},"modified":"2026-01-22T19:30:53","modified_gmt":"2026-01-22T22:30:53","slug":"dybala-abre-caminho-ao-bis-de-pisilli","status":"publish","type":"post","link":"https:\/\/portaltela.pt\/desporto\/futebol\/2026\/01\/22\/dybala-abre-caminho-ao-bis-de-pisilli\/","title":{"rendered":"Dybala abre caminho ao bis de Pisilli"},"content":{"rendered":"<p>Dybala ajudou Niccol\u00f2 Pisilli a alcan\u00e7ar um bis em Roma, diante do Estugarda, na Liga Europa. O argentino ofereceu as assist\u00eancias para os dois gols do jovem m\u00e9dio, garantindo a vit\u00f3ria em casa.<\/p>\n<p>Pisilli, jovem m\u00e9dio da Roma, estreou-se na temporada com presta\u00e7\u00e3o decisiva ao marcar duas redes. O triunfo refor\u00e7ou a import\u00e2ncia do criativo italiano na manobra ofensiva da equipa.<\/p>\n<h3>Detalhes do jogo<\/h3>\n<p>A partida ocorreu em Roma, num encontro da fase de regular da competi\u00e7\u00e3o. A dupla Dybala-Pisilli foi o principal destaque, com o atacante a facilitar as finaliza\u00e7\u00f5es do compatriota.<\/p>\n<p>A vit\u00f3ria coloca a Roma numa posi\u00e7\u00e3o favor\u00e1vel na fase de grupos, enquanto o Estugarda busca recuperar o caminho das vit\u00f3rias nas pr\u00f3ximas jornadas.<\/p>\n","protected":false},"excerpt":{"rendered":"<ul>\n<li>Paulo Dybala assistiu pela terceira vez consecutiva a um jogo em que Pisilli marcou.<\/li>\n<li>Pisilli, jovem m\u00e9dio, bisou pela primeira vez nesta temporada.<\/li>\n<li>Os dois golos foram marcados em Roma, frente ao Estugarda, em jogo da Liga Europa.<\/li>\n<li>O feito garantiu o triunfo da Roma sobre o Estugarda.<\/li>\n<li>A not\u00edcia destaca a repeti\u00e7\u00e3o de involvement de Dybala ao longo da temporada europeia.<\/li>\n<\/ul>\n","protected":false},"author":2,"featured_media":165290,"comment_status":"closed","ping_status":"closed","sticky":false,"template":"","format":"standard","meta":{"footnotes":""},"categories":[21,24],"tags":[2112,60,1229,2487,32,1857],"class_list":["post-165284","post","type-post","status-publish","format-standard","has-post-thumbnail","hentry","category-desporto","category-futebol","tag-dybala","tag-esportes","tag-estugarda","tag-europa","tag-futebol","tag-italia"],"yoast_head":"<!-- This site is optimized with the Yoast SEO plugin v27.2 - https:\/\/yoast.com\/product\/yoast-seo-wordpress\/ -->\n<title>Dybala abre caminho ao bis de Pisilli - Portal Tela Portugal<\/title>\n<meta name=\"robots\" content=\"index, follow, max-snippet:-1, max-image-preview:large, max-video-preview:-1\" \/>\n<meta property=\"og:locale\" content=\"pt_PT\" \/>\n<meta property=\"og:type\" content=\"article\" \/>\n<meta property=\"og:title\" content=\"Dybala abre caminho ao bis de Pisilli - Portal Tela Portugal\" \/>\n<meta property=\"og:description\" content=\"Paulo Dybala assistiu pela terceira vez consecutiva a um jogo em que Pisilli marcou. Pisilli, jovem m\u00e9dio, bisou pela primeira vez nesta temporada. Os dois golos foram marcados em Roma, frente ao Estugarda, em jogo da Liga Europa. O feito garantiu o triunfo da Roma sobre o Estugarda. A not\u00edcia destaca a repeti\u00e7\u00e3o de involvement de Dybala ao longo da temporada europeia.\" \/>\n<meta property=\"og:url\" content=\"https:\/\/portaltela.pt\/noticias\/2026\/01\/22\/dybala-abre-caminho-ao-bis-de-pisilli\/\" \/>\n<meta property=\"og:site_name\" content=\"Portal Tela Portugal\" \/>\n<meta property=\"article:published_time\" content=\"2026-01-22T22:30:53+00:00\" \/>\n<meta name=\"author\" content=\"Telinha\" \/>\n<meta name=\"twitter:card\" content=\"summary_large_image\" \/>\n<meta name=\"twitter:label1\" content=\"Escrito por\" \/>\n\t<meta name=\"twitter:data1\" content=\"Telinha\" \/>\n\t<meta name=\"twitter:label2\" content=\"Tempo estimado de leitura\" \/>\n\t<meta name=\"twitter:data2\" content=\"1 minuto\" \/>\n<script type=\"application\/ld+json\" class=\"yoast-schema-graph\">{\"@context\":\"https:\/\/schema.org\",\"@graph\":[{\"@type\":\"Article\",\"@id\":\"https:\/\/portaltela.pt\/noticias\/2026\/01\/22\/dybala-abre-caminho-ao-bis-de-pisilli\/#article\",\"isPartOf\":{\"@id\":\"https:\/\/portaltela.pt\/noticias\/2026\/01\/22\/dybala-abre-caminho-ao-bis-de-pisilli\/\"},\"author\":{\"name\":\"Telinha\",\"@id\":\"https:\/\/portaltela.pt\/#\/schema\/person\/c4278d4a6028830caff9ee44b42d32ed\"},\"headline\":\"Dybala abre caminho ao bis de Pisilli\",\"datePublished\":\"2026-01-22T22:30:53+00:00\",\"mainEntityOfPage\":{\"@id\":\"https:\/\/portaltela.pt\/noticias\/2026\/01\/22\/dybala-abre-caminho-ao-bis-de-pisilli\/\"},\"wordCount\":139,\"image\":{\"@id\":\"https:\/\/portaltela.pt\/noticias\/2026\/01\/22\/dybala-abre-caminho-ao-bis-de-pisilli\/#primaryimage\"},\"thumbnailUrl\":\"https:\/\/portaltela.pt\/s.01k8rhncp4jt1\/2026\/01\/87d7a66e-98b6-4be4-8658-661a8350db56.jpg\",\"keywords\":[\"Dybala\",\"esportes\",\"Estugarda\",\"Europa\",\"futebol\",\"It\u00e1lia\"],\"articleSection\":[\"Desporto\",\"Futebol\"],\"inLanguage\":\"pt-PT\"},{\"@type\":\"WebPage\",\"@id\":\"https:\/\/portaltela.pt\/noticias\/2026\/01\/22\/dybala-abre-caminho-ao-bis-de-pisilli\/\",\"url\":\"https:\/\/portaltela.pt\/noticias\/2026\/01\/22\/dybala-abre-caminho-ao-bis-de-pisilli\/\",\"name\":\"Dybala abre caminho ao bis de Pisilli - Portal Tela Portugal\",\"isPartOf\":{\"@id\":\"https:\/\/portaltela.pt\/#website\"},\"primaryImageOfPage\":{\"@id\":\"https:\/\/portaltela.pt\/noticias\/2026\/01\/22\/dybala-abre-caminho-ao-bis-de-pisilli\/#primaryimage\"},\"image\":{\"@id\":\"https:\/\/portaltela.pt\/noticias\/2026\/01\/22\/dybala-abre-caminho-ao-bis-de-pisilli\/#primaryimage\"},\"thumbnailUrl\":\"https:\/\/portaltela.pt\/s.01k8rhncp4jt1\/2026\/01\/87d7a66e-98b6-4be4-8658-661a8350db56.jpg\",\"datePublished\":\"2026-01-22T22:30:53+00:00\",\"author\":{\"@id\":\"https:\/\/portaltela.pt\/#\/schema\/person\/c4278d4a6028830caff9ee44b42d32ed\"},\"breadcrumb\":{\"@id\":\"https:\/\/portaltela.pt\/noticias\/2026\/01\/22\/dybala-abre-caminho-ao-bis-de-pisilli\/#breadcrumb\"},\"inLanguage\":\"pt-PT\",\"potentialAction\":[{\"@type\":\"ReadAction\",\"target\":[\"https:\/\/portaltela.pt\/noticias\/2026\/01\/22\/dybala-abre-caminho-ao-bis-de-pisilli\/\"]}]},{\"@type\":\"ImageObject\",\"inLanguage\":\"pt-PT\",\"@id\":\"https:\/\/portaltela.pt\/noticias\/2026\/01\/22\/dybala-abre-caminho-ao-bis-de-pisilli\/#primaryimage\",\"url\":\"https:\/\/portaltela.pt\/s.01k8rhncp4jt1\/2026\/01\/87d7a66e-98b6-4be4-8658-661a8350db56.jpg\",\"contentUrl\":\"https:\/\/portaltela.pt\/s.01k8rhncp4jt1\/2026\/01\/87d7a66e-98b6-4be4-8658-661a8350db56.jpg\",\"width\":796,\"height\":448,\"caption\":\"Dybala estende a passadeira vermelha para o bis de Pisilli\"},{\"@type\":\"BreadcrumbList\",\"@id\":\"https:\/\/portaltela.pt\/noticias\/2026\/01\/22\/dybala-abre-caminho-ao-bis-de-pisilli\/#breadcrumb\",\"itemListElement\":[{\"@type\":\"ListItem\",\"position\":1,\"name\":\"In\u00edcio\",\"item\":\"https:\/\/portaltela.pt\/\"},{\"@type\":\"ListItem\",\"position\":2,\"name\":\"Dybala abre caminho ao bis de Pisilli\"}]},{\"@type\":\"WebSite\",\"@id\":\"https:\/\/portaltela.pt\/#website\",\"url\":\"https:\/\/portaltela.pt\/\",\"name\":\"Portal Tela Portugal\",\"description\":\"\",\"potentialAction\":[{\"@type\":\"SearchAction\",\"target\":{\"@type\":\"EntryPoint\",\"urlTemplate\":\"https:\/\/portaltela.pt\/?s={search_term_string}\"},\"query-input\":{\"@type\":\"PropertyValueSpecification\",\"valueRequired\":true,\"valueName\":\"search_term_string\"}}],\"inLanguage\":\"pt-PT\"},{\"@type\":\"Person\",\"@id\":\"https:\/\/portaltela.pt\/#\/schema\/person\/c4278d4a6028830caff9ee44b42d32ed\",\"name\":\"Telinha\",\"image\":{\"@type\":\"ImageObject\",\"inLanguage\":\"pt-PT\",\"@id\":\"https:\/\/portaltela.pt\/s.01k8rhncp4jt1\/2025\/11\/talking-bot-125x125.png\",\"url\":\"https:\/\/portaltela.pt\/s.01k8rhncp4jt1\/2025\/11\/talking-bot-125x125.png\",\"contentUrl\":\"https:\/\/portaltela.pt\/s.01k8rhncp4jt1\/2025\/11\/talking-bot-125x125.png\",\"caption\":\"Telinha\"},\"sameAs\":[\"https:\/\/portaltela.pt\/\"],\"url\":\"https:\/\/portaltela.pt\/por\/367410592786\/\"}]}<\/script>\n<!-- \/ Yoast SEO plugin. -->","yoast_head_json":{"title":"Dybala abre caminho ao bis de Pisilli - Portal Tela Portugal","robots":{"index":"index","follow":"follow","max-snippet":"max-snippet:-1","max-image-preview":"max-image-preview:large","max-video-preview":"max-video-preview:-1"},"og_locale":"pt_PT","og_type":"article","og_title":"Dybala abre caminho ao bis de Pisilli - Portal Tela Portugal","og_description":"Paulo Dybala assistiu pela terceira vez consecutiva a um jogo em que Pisilli marcou. Pisilli, jovem m\u00e9dio, bisou pela primeira vez nesta temporada. Os dois golos foram marcados em Roma, frente ao Estugarda, em jogo da Liga Europa. O feito garantiu o triunfo da Roma sobre o Estugarda. A not\u00edcia destaca a repeti\u00e7\u00e3o de involvement de Dybala ao longo da temporada europeia.","og_url":"https:\/\/portaltela.pt\/noticias\/2026\/01\/22\/dybala-abre-caminho-ao-bis-de-pisilli\/","og_site_name":"Portal Tela Portugal","article_published_time":"2026-01-22T22:30:53+00:00","author":"Telinha","twitter_card":"summary_large_image","twitter_misc":{"Escrito por":"Telinha","Tempo estimado de leitura":"1 minuto"},"schema":{"@context":"https:\/\/schema.org","@graph":[{"@type":"Article","@id":"https:\/\/portaltela.pt\/noticias\/2026\/01\/22\/dybala-abre-caminho-ao-bis-de-pisilli\/#article","isPartOf":{"@id":"https:\/\/portaltela.pt\/noticias\/2026\/01\/22\/dybala-abre-caminho-ao-bis-de-pisilli\/"},"author":{"name":"Telinha","@id":"https:\/\/portaltela.pt\/#\/schema\/person\/c4278d4a6028830caff9ee44b42d32ed"},"headline":"Dybala abre caminho ao bis de Pisilli","datePublished":"2026-01-22T22:30:53+00:00","mainEntityOfPage":{"@id":"https:\/\/portaltela.pt\/noticias\/2026\/01\/22\/dybala-abre-caminho-ao-bis-de-pisilli\/"},"wordCount":139,"image":{"@id":"https:\/\/portaltela.pt\/noticias\/2026\/01\/22\/dybala-abre-caminho-ao-bis-de-pisilli\/#primaryimage"},"thumbnailUrl":"https:\/\/portaltela.pt\/s.01k8rhncp4jt1\/2026\/01\/87d7a66e-98b6-4be4-8658-661a8350db56.jpg","keywords":["Dybala","esportes","Estugarda","Europa","futebol","It\u00e1lia"],"articleSection":["Desporto","Futebol"],"inLanguage":"pt-PT"},{"@type":"WebPage","@id":"https:\/\/portaltela.pt\/noticias\/2026\/01\/22\/dybala-abre-caminho-ao-bis-de-pisilli\/","url":"https:\/\/portaltela.pt\/noticias\/2026\/01\/22\/dybala-abre-caminho-ao-bis-de-pisilli\/","name":"Dybala abre caminho ao bis de Pisilli - Portal Tela Portugal","isPartOf":{"@id":"https:\/\/portaltela.pt\/#website"},"primaryImageOfPage":{"@id":"https:\/\/portaltela.pt\/noticias\/2026\/01\/22\/dybala-abre-caminho-ao-bis-de-pisilli\/#primaryimage"},"image":{"@id":"https:\/\/portaltela.pt\/noticias\/2026\/01\/22\/dybala-abre-caminho-ao-bis-de-pisilli\/#primaryimage"},"thumbnailUrl":"https:\/\/portaltela.pt\/s.01k8rhncp4jt1\/2026\/01\/87d7a66e-98b6-4be4-8658-661a8350db56.jpg","datePublished":"2026-01-22T22:30:53+00:00","author":{"@id":"https:\/\/portaltela.pt\/#\/schema\/person\/c4278d4a6028830caff9ee44b42d32ed"},"breadcrumb":{"@id":"https:\/\/portaltela.pt\/noticias\/2026\/01\/22\/dybala-abre-caminho-ao-bis-de-pisilli\/#breadcrumb"},"inLanguage":"pt-PT","potentialAction":[{"@type":"ReadAction","target":["https:\/\/portaltela.pt\/noticias\/2026\/01\/22\/dybala-abre-caminho-ao-bis-de-pisilli\/"]}]},{"@type":"ImageObject","inLanguage":"pt-PT","@id":"https:\/\/portaltela.pt\/noticias\/2026\/01\/22\/dybala-abre-caminho-ao-bis-de-pisilli\/#primaryimage","url":"https:\/\/portaltela.pt\/s.01k8rhncp4jt1\/2026\/01\/87d7a66e-98b6-4be4-8658-661a8350db56.jpg","contentUrl":"https:\/\/portaltela.pt\/s.01k8rhncp4jt1\/2026\/01\/87d7a66e-98b6-4be4-8658-661a8350db56.jpg","width":796,"height":448,"caption":"Dybala estende a passadeira vermelha para o bis de Pisilli"},{"@type":"BreadcrumbList","@id":"https:\/\/portaltela.pt\/noticias\/2026\/01\/22\/dybala-abre-caminho-ao-bis-de-pisilli\/#breadcrumb","itemListElement":[{"@type":"ListItem","position":1,"name":"In\u00edcio","item":"https:\/\/portaltela.pt\/"},{"@type":"ListItem","position":2,"name":"Dybala abre caminho ao bis de Pisilli"}]},{"@type":"WebSite","@id":"https:\/\/portaltela.pt\/#website","url":"https:\/\/portaltela.pt\/","name":"Portal Tela Portugal","description":"","potentialAction":[{"@type":"SearchAction","target":{"@type":"EntryPoint","urlTemplate":"https:\/\/portaltela.pt\/?s={search_term_string}"},"query-input":{"@type":"PropertyValueSpecification","valueRequired":true,"valueName":"search_term_string"}}],"inLanguage":"pt-PT"},{"@type":"Person","@id":"https:\/\/portaltela.pt\/#\/schema\/person\/c4278d4a6028830caff9ee44b42d32ed","name":"Telinha","image":{"@type":"ImageObject","inLanguage":"pt-PT","@id":"https:\/\/portaltela.pt\/s.01k8rhncp4jt1\/2025\/11\/talking-bot-125x125.png","url":"https:\/\/portaltela.pt\/s.01k8rhncp4jt1\/2025\/11\/talking-bot-125x125.png","contentUrl":"https:\/\/portaltela.pt\/s.01k8rhncp4jt1\/2025\/11\/talking-bot-125x125.png","caption":"Telinha"},"sameAs":["https:\/\/portaltela.pt\/"],"url":"https:\/\/portaltela.pt\/por\/367410592786\/"}]}},"_links":{"self":[{"href":"https:\/\/portaltela.pt\/api\/wp\/v2\/posts\/165284","targetHints":{"allow":["GET"]}}],"collection":[{"href":"https:\/\/portaltela.pt\/api\/wp\/v2\/posts"}],"about":[{"href":"https:\/\/portaltela.pt\/api\/wp\/v2\/types\/post"}],"author":[{"embeddable":true,"href":"https:\/\/portaltela.pt\/api\/wp\/v2\/users\/2"}],"replies":[{"embeddable":true,"href":"https:\/\/portaltela.pt\/api\/wp\/v2\/comments?post=165284"}],"version-history":[{"count":0,"href":"https:\/\/portaltela.pt\/api\/wp\/v2\/posts\/165284\/revisions"}],"wp:featuredmedia":[{"embeddable":true,"href":"https:\/\/portaltela.pt\/api\/wp\/v2\/media\/165290"}],"wp:attachment":[{"href":"https:\/\/portaltela.pt\/api\/wp\/v2\/media?parent=165284"}],"wp:term":[{"taxonomy":"category","embeddable":true,"href":"https:\/\/portaltela.pt\/api\/wp\/v2\/categories?post=165284"},{"taxonomy":"post_tag","embeddable":true,"href":"https:\/\/portaltela.pt\/api\/wp\/v2\/tags?post=165284"}],"curies":[{"name":"wp","href":"https:\/\/api.w.org\/{rel}","templated":true}]}}