{"id":165178,"date":"2026-01-22T18:24:00","date_gmt":"2026-01-22T21:24:00","guid":{"rendered":"https:\/\/portaltela.pt\/noticias\/2026\/01\/22\/mais-de-134-000-deslocados-na-siria-apos-confrontos-entre-exercito-e-curdos\/"},"modified":"2026-01-22T18:24:00","modified_gmt":"2026-01-22T21:24:00","slug":"mais-de-134-000-deslocados-na-siria-apos-confrontos-entre-exercito-e-curdos","status":"publish","type":"post","link":"https:\/\/portaltela.pt\/noticias\/2026\/01\/22\/mais-de-134-000-deslocados-na-siria-apos-confrontos-entre-exercito-e-curdos\/","title":{"rendered":"Mais de 134.000 deslocados na S\u00edria ap\u00f3s confrontos entre Ex\u00e9rcito e curdos"},"content":{"rendered":"<p>Mais de 134 mil pessoas foram deslocadas no nordeste da S\u00edria, ap\u00f3s confrontos entre o Ex\u00e9rcito s\u00edrio e as For\u00e7as Democr\u00e1ticas da S\u00edria (FDS). O an\u00fancio foi feito hoje pela Organiza\u00e7\u00e3o Internacional para as Migra\u00e7\u00f5es (OIM). A desloca\u00e7\u00e3o ocorreu sobretudo na prov\u00edncia de Hasakah.<\/p>\n<p>Nos \u00faltimos tr\u00eas dias, o n\u00famero de deslocados em Hasakah aumentou para 134.803, face a 5.725 registados no domingo, segundo a OIM. As autoridades temem agravamento da crise humanit\u00e1ria na regi\u00e3o.<\/p>\n<p>As FDS, bra\u00e7o armado da administra\u00e7\u00e3o aut\u00f3noma curda, foram expulsas de Alepo no in\u00edcio de janeiro e recuaram para Hasakah, depois de ataques que tamb\u00e9m atingiram Raqqa e Deir Ezzor. O epis\u00f3dio intensificou o refugiamento.<\/p>\n<p>O Presidente interino s\u00edrio, Ahmad al-Sharaa, ordenou um cessar-fogo de quatro dias para permitir um plano de integra\u00e7\u00e3o pac\u00edfica da prov\u00edncia de maioria curda. A medida visa reduzir as tens\u00f5es na regi\u00e3o.<\/p>\n<p>Segundo a OIM, as desloca\u00e7\u00f5es refletem o medo de novos confrontos entre as FDS e as for\u00e7as governamentais, especialmente perto de pris\u00f5es e quart\u00e9is-general das FDS. A organiza\u00e7\u00e3o sublinha a urg\u00eancia de alimentos e bens b\u00e1sicos.<\/p>\n<p>Mais de 41.000 deslocados encontraram abrigo em ref\u00fagios coletivos na prov\u00edncia de Hasakah, onde h\u00e1 car\u00eancia de alimenta\u00e7\u00e3o, almofadas e cobertores. A OIM tamb\u00e9m contabilizou 1.647 deslocados que procuraram ref\u00fagio em Kobani.<\/p>\n<p>Kobani surge como cidade curda fronteiri\u00e7a com a Turquia, onde os moradores relatam falta de \u00e1gua, alimento e eletricidade h\u00e1 quase quatro dias. Hoje come\u00e7ou a nevar e a enfrentar frio intenso.<\/p>\n<p>A cidade de Kobani ficou conhecida pela vit\u00f3ria curda sobre o Estado Isl\u00e2mico em 2015, com apoio da coliga\u00e7\u00e3o liderada pelos EUA. A retirada de for\u00e7as inimigas abriu caminho para a consolida\u00e7\u00e3o das FDS.<\/p>\n<p>Os Estados Unidos tinham pressionado as FDS a avan\u00e7ar a aplica\u00e7\u00e3o de um acordo de integra\u00e7\u00e3o previamente assinado em 2025. As negocia\u00e7\u00f5es, por\u00e9m, enfrentam diverg\u00eancias sobre a inclus\u00e3o de membros curdos nas for\u00e7as do Estado.<\/p>\n<p>Nesrin Abdullah, comandante das YPJ, afirmou que o atual processo \u00e9 visto como uma conspira\u00e7\u00e3o internacional contra os s\u00edrios, sobretudo contra o povo curdo. N\u00e3o houve confirma\u00e7\u00e3o de avan\u00e7os significativos.<\/p>\n<p>A comandante referiu que as partes teriam aceitado integrar as unidades femininas, mas a outra parte retirou o apoio sem aviso. O futuro da forma\u00e7\u00e3o manter-se-\u00e1 em avalia\u00e7\u00e3o, com poss\u00edveis passos para uma for\u00e7a conjunta.<\/p>\n","protected":false},"excerpt":{"rendered":"<ul>\n<li>Mais de 134.803 pessoas foram deslocadas no nordeste da S\u00edria, na prov\u00edncia de Hasakah, nos \u00faltimos tr\u00eas dias, segundo a Organiza\u00e7\u00e3o Internacional para as Migra\u00e7\u00f5es (OIM).<\/li>\n<li>As desloca\u00e7\u00f5es seguem os confrontos entre o Ex\u00e9rcito s\u00edrio e as For\u00e7as Democr\u00e1ticas da S\u00edria (FDS), que recuaram para Hasakah ap\u00f3s terem sido expulsas de Alepo, Raqqa e Deir Ezzor.<\/li>\n<li>Mais de quarenta mil pessoas buscaram abrigo em abrigos coletivos na regi\u00e3o e precisam de alimentos, colch\u00f5es, cobertores e outros bens b\u00e1sicos.<\/li>\n<li>Quinze hundredares de deslocados procuraram ref\u00fagio na cidade curda de Kobani (Ain al-Arab), em Alepo, onde h\u00e1 escassez de \u00e1gua, comida e eletricidade, com in\u00edcio de neve e frio intenso.<\/li>\n<li>O Presidente interino s\u00edrio, Ahmad al-Sharaa, anunciou um cessar-fogo de quatro dias para apresentar um plano de integra\u00e7\u00e3o pac\u00edfica da regi\u00e3o, em contexto de tens\u00f5es entre as FDS e o governo.<\/li>\n<\/ul>\n","protected":false},"author":2,"featured_media":165188,"comment_status":"closed","ping_status":"closed","sticky":false,"template":"","format":"standard","meta":{"footnotes":""},"categories":[1],"tags":[254,2117,1456,2023,3786],"class_list":["post-165178","post","type-post","status-publish","format-standard","has-post-thumbnail","hentry","category-noticias","tag-conflito","tag-desalojados-internos","tag-migracao","tag-organizacoes-internacionais","tag-refugiados-internos"],"yoast_head":"<!-- This site is optimized with the Yoast SEO plugin v27.2 - https:\/\/yoast.com\/product\/yoast-seo-wordpress\/ -->\n<title>Mais de 134.000 deslocados na S\u00edria ap\u00f3s confrontos entre Ex\u00e9rcito e curdos - Portal Tela Portugal<\/title>\n<meta name=\"robots\" content=\"index, follow, max-snippet:-1, max-image-preview:large, max-video-preview:-1\" \/>\n<meta property=\"og:locale\" content=\"pt_PT\" \/>\n<meta property=\"og:type\" content=\"article\" \/>\n<meta property=\"og:title\" content=\"Mais de 134.000 deslocados na S\u00edria ap\u00f3s confrontos entre Ex\u00e9rcito e curdos - Portal Tela Portugal\" \/>\n<meta property=\"og:description\" content=\"Mais de 134.803 pessoas foram deslocadas no nordeste da S\u00edria, na prov\u00edncia de Hasakah, nos \u00faltimos tr\u00eas dias, segundo a Organiza\u00e7\u00e3o Internacional para as Migra\u00e7\u00f5es (OIM). As desloca\u00e7\u00f5es seguem os confrontos entre o Ex\u00e9rcito s\u00edrio e as For\u00e7as Democr\u00e1ticas da S\u00edria (FDS), que recuaram para Hasakah ap\u00f3s terem sido expulsas de Alepo, Raqqa e Deir Ezzor. Mais de quarenta mil pessoas buscaram abrigo em abrigos coletivos na regi\u00e3o e precisam de alimentos, colch\u00f5es, cobertores e outros bens b\u00e1sicos. Quinze hundredares de deslocados procuraram ref\u00fagio na cidade curda de Kobani (Ain al-Arab), em Alepo, onde h\u00e1 escassez de \u00e1gua, comida e eletricidade, com in\u00edcio de neve e frio intenso. O Presidente interino s\u00edrio, Ahmad al-Sharaa, anunciou um cessar-fogo de quatro dias para apresentar um plano de integra\u00e7\u00e3o pac\u00edfica da regi\u00e3o, em contexto de tens\u00f5es entre as FDS e o governo.\" \/>\n<meta property=\"og:url\" content=\"https:\/\/portaltela.pt\/noticias\/2026\/01\/22\/mais-de-134-000-deslocados-na-siria-apos-confrontos-entre-exercito-e-curdos\/\" \/>\n<meta property=\"og:site_name\" content=\"Portal Tela Portugal\" \/>\n<meta property=\"article:published_time\" content=\"2026-01-22T21:24:00+00:00\" \/>\n<meta name=\"author\" content=\"Telinha\" \/>\n<meta name=\"twitter:card\" content=\"summary_large_image\" \/>\n<meta name=\"twitter:label1\" content=\"Escrito por\" \/>\n\t<meta name=\"twitter:data1\" content=\"Telinha\" \/>\n\t<meta name=\"twitter:label2\" content=\"Tempo estimado de leitura\" \/>\n\t<meta name=\"twitter:data2\" content=\"2 minutos\" \/>\n<script type=\"application\/ld+json\" class=\"yoast-schema-graph\">{\"@context\":\"https:\/\/schema.org\",\"@graph\":[{\"@type\":\"Article\",\"@id\":\"https:\/\/portaltela.pt\/noticias\/2026\/01\/22\/mais-de-134-000-deslocados-na-siria-apos-confrontos-entre-exercito-e-curdos\/#article\",\"isPartOf\":{\"@id\":\"https:\/\/portaltela.pt\/noticias\/2026\/01\/22\/mais-de-134-000-deslocados-na-siria-apos-confrontos-entre-exercito-e-curdos\/\"},\"author\":{\"name\":\"Telinha\",\"@id\":\"https:\/\/portaltela.pt\/#\/schema\/person\/c4278d4a6028830caff9ee44b42d32ed\"},\"headline\":\"Mais de 134.000 deslocados na S\u00edria ap\u00f3s confrontos entre Ex\u00e9rcito e curdos\",\"datePublished\":\"2026-01-22T21:24:00+00:00\",\"mainEntityOfPage\":{\"@id\":\"https:\/\/portaltela.pt\/noticias\/2026\/01\/22\/mais-de-134-000-deslocados-na-siria-apos-confrontos-entre-exercito-e-curdos\/\"},\"wordCount\":447,\"image\":{\"@id\":\"https:\/\/portaltela.pt\/noticias\/2026\/01\/22\/mais-de-134-000-deslocados-na-siria-apos-confrontos-entre-exercito-e-curdos\/#primaryimage\"},\"thumbnailUrl\":\"https:\/\/portaltela.pt\/s.01k8rhncp4jt1\/2026\/01\/unnamed-file-4665.jpg\",\"keywords\":[\"conflito\",\"desalojados internos\",\"migra\u00e7\u00e3o\",\"organiza\u00e7\u00f5es internacionais\",\"refugiados internos\"],\"articleSection\":[\"Not\u00edcias\"],\"inLanguage\":\"pt-PT\"},{\"@type\":\"WebPage\",\"@id\":\"https:\/\/portaltela.pt\/noticias\/2026\/01\/22\/mais-de-134-000-deslocados-na-siria-apos-confrontos-entre-exercito-e-curdos\/\",\"url\":\"https:\/\/portaltela.pt\/noticias\/2026\/01\/22\/mais-de-134-000-deslocados-na-siria-apos-confrontos-entre-exercito-e-curdos\/\",\"name\":\"Mais de 134.000 deslocados na S\u00edria ap\u00f3s confrontos entre Ex\u00e9rcito e curdos - Portal Tela Portugal\",\"isPartOf\":{\"@id\":\"https:\/\/portaltela.pt\/#website\"},\"primaryImageOfPage\":{\"@id\":\"https:\/\/portaltela.pt\/noticias\/2026\/01\/22\/mais-de-134-000-deslocados-na-siria-apos-confrontos-entre-exercito-e-curdos\/#primaryimage\"},\"image\":{\"@id\":\"https:\/\/portaltela.pt\/noticias\/2026\/01\/22\/mais-de-134-000-deslocados-na-siria-apos-confrontos-entre-exercito-e-curdos\/#primaryimage\"},\"thumbnailUrl\":\"https:\/\/portaltela.pt\/s.01k8rhncp4jt1\/2026\/01\/unnamed-file-4665.jpg\",\"datePublished\":\"2026-01-22T21:24:00+00:00\",\"author\":{\"@id\":\"https:\/\/portaltela.pt\/#\/schema\/person\/c4278d4a6028830caff9ee44b42d32ed\"},\"breadcrumb\":{\"@id\":\"https:\/\/portaltela.pt\/noticias\/2026\/01\/22\/mais-de-134-000-deslocados-na-siria-apos-confrontos-entre-exercito-e-curdos\/#breadcrumb\"},\"inLanguage\":\"pt-PT\",\"potentialAction\":[{\"@type\":\"ReadAction\",\"target\":[\"https:\/\/portaltela.pt\/noticias\/2026\/01\/22\/mais-de-134-000-deslocados-na-siria-apos-confrontos-entre-exercito-e-curdos\/\"]}]},{\"@type\":\"ImageObject\",\"inLanguage\":\"pt-PT\",\"@id\":\"https:\/\/portaltela.pt\/noticias\/2026\/01\/22\/mais-de-134-000-deslocados-na-siria-apos-confrontos-entre-exercito-e-curdos\/#primaryimage\",\"url\":\"https:\/\/portaltela.pt\/s.01k8rhncp4jt1\/2026\/01\/unnamed-file-4665.jpg\",\"contentUrl\":\"https:\/\/portaltela.pt\/s.01k8rhncp4jt1\/2026\/01\/unnamed-file-4665.jpg\",\"width\":796,\"height\":448,\"caption\":\"Mais de 134.000 deslocados no nordeste da S\u00edria ap\u00f3s confrontos entre Ex\u00e9rcito e curdos\"},{\"@type\":\"BreadcrumbList\",\"@id\":\"https:\/\/portaltela.pt\/noticias\/2026\/01\/22\/mais-de-134-000-deslocados-na-siria-apos-confrontos-entre-exercito-e-curdos\/#breadcrumb\",\"itemListElement\":[{\"@type\":\"ListItem\",\"position\":1,\"name\":\"In\u00edcio\",\"item\":\"https:\/\/portaltela.pt\/\"},{\"@type\":\"ListItem\",\"position\":2,\"name\":\"Mais de 134.000 deslocados na S\u00edria ap\u00f3s confrontos entre Ex\u00e9rcito e curdos\"}]},{\"@type\":\"WebSite\",\"@id\":\"https:\/\/portaltela.pt\/#website\",\"url\":\"https:\/\/portaltela.pt\/\",\"name\":\"Portal Tela Portugal\",\"description\":\"\",\"potentialAction\":[{\"@type\":\"SearchAction\",\"target\":{\"@type\":\"EntryPoint\",\"urlTemplate\":\"https:\/\/portaltela.pt\/?s={search_term_string}\"},\"query-input\":{\"@type\":\"PropertyValueSpecification\",\"valueRequired\":true,\"valueName\":\"search_term_string\"}}],\"inLanguage\":\"pt-PT\"},{\"@type\":\"Person\",\"@id\":\"https:\/\/portaltela.pt\/#\/schema\/person\/c4278d4a6028830caff9ee44b42d32ed\",\"name\":\"Telinha\",\"image\":{\"@type\":\"ImageObject\",\"inLanguage\":\"pt-PT\",\"@id\":\"https:\/\/portaltela.pt\/s.01k8rhncp4jt1\/2025\/11\/talking-bot-125x125.png\",\"url\":\"https:\/\/portaltela.pt\/s.01k8rhncp4jt1\/2025\/11\/talking-bot-125x125.png\",\"contentUrl\":\"https:\/\/portaltela.pt\/s.01k8rhncp4jt1\/2025\/11\/talking-bot-125x125.png\",\"caption\":\"Telinha\"},\"sameAs\":[\"https:\/\/portaltela.pt\/\"],\"url\":\"https:\/\/portaltela.pt\/por\/367410592786\/\"}]}<\/script>\n<!-- \/ Yoast SEO plugin. -->","yoast_head_json":{"title":"Mais de 134.000 deslocados na S\u00edria ap\u00f3s confrontos entre Ex\u00e9rcito e curdos - Portal Tela Portugal","robots":{"index":"index","follow":"follow","max-snippet":"max-snippet:-1","max-image-preview":"max-image-preview:large","max-video-preview":"max-video-preview:-1"},"og_locale":"pt_PT","og_type":"article","og_title":"Mais de 134.000 deslocados na S\u00edria ap\u00f3s confrontos entre Ex\u00e9rcito e curdos - Portal Tela Portugal","og_description":"Mais de 134.803 pessoas foram deslocadas no nordeste da S\u00edria, na prov\u00edncia de Hasakah, nos \u00faltimos tr\u00eas dias, segundo a Organiza\u00e7\u00e3o Internacional para as Migra\u00e7\u00f5es (OIM). As desloca\u00e7\u00f5es seguem os confrontos entre o Ex\u00e9rcito s\u00edrio e as For\u00e7as Democr\u00e1ticas da S\u00edria (FDS), que recuaram para Hasakah ap\u00f3s terem sido expulsas de Alepo, Raqqa e Deir Ezzor. Mais de quarenta mil pessoas buscaram abrigo em abrigos coletivos na regi\u00e3o e precisam de alimentos, colch\u00f5es, cobertores e outros bens b\u00e1sicos. Quinze hundredares de deslocados procuraram ref\u00fagio na cidade curda de Kobani (Ain al-Arab), em Alepo, onde h\u00e1 escassez de \u00e1gua, comida e eletricidade, com in\u00edcio de neve e frio intenso. O Presidente interino s\u00edrio, Ahmad al-Sharaa, anunciou um cessar-fogo de quatro dias para apresentar um plano de integra\u00e7\u00e3o pac\u00edfica da regi\u00e3o, em contexto de tens\u00f5es entre as FDS e o governo.","og_url":"https:\/\/portaltela.pt\/noticias\/2026\/01\/22\/mais-de-134-000-deslocados-na-siria-apos-confrontos-entre-exercito-e-curdos\/","og_site_name":"Portal Tela Portugal","article_published_time":"2026-01-22T21:24:00+00:00","author":"Telinha","twitter_card":"summary_large_image","twitter_misc":{"Escrito por":"Telinha","Tempo estimado de leitura":"2 minutos"},"schema":{"@context":"https:\/\/schema.org","@graph":[{"@type":"Article","@id":"https:\/\/portaltela.pt\/noticias\/2026\/01\/22\/mais-de-134-000-deslocados-na-siria-apos-confrontos-entre-exercito-e-curdos\/#article","isPartOf":{"@id":"https:\/\/portaltela.pt\/noticias\/2026\/01\/22\/mais-de-134-000-deslocados-na-siria-apos-confrontos-entre-exercito-e-curdos\/"},"author":{"name":"Telinha","@id":"https:\/\/portaltela.pt\/#\/schema\/person\/c4278d4a6028830caff9ee44b42d32ed"},"headline":"Mais de 134.000 deslocados na S\u00edria ap\u00f3s confrontos entre Ex\u00e9rcito e curdos","datePublished":"2026-01-22T21:24:00+00:00","mainEntityOfPage":{"@id":"https:\/\/portaltela.pt\/noticias\/2026\/01\/22\/mais-de-134-000-deslocados-na-siria-apos-confrontos-entre-exercito-e-curdos\/"},"wordCount":447,"image":{"@id":"https:\/\/portaltela.pt\/noticias\/2026\/01\/22\/mais-de-134-000-deslocados-na-siria-apos-confrontos-entre-exercito-e-curdos\/#primaryimage"},"thumbnailUrl":"https:\/\/portaltela.pt\/s.01k8rhncp4jt1\/2026\/01\/unnamed-file-4665.jpg","keywords":["conflito","desalojados internos","migra\u00e7\u00e3o","organiza\u00e7\u00f5es internacionais","refugiados internos"],"articleSection":["Not\u00edcias"],"inLanguage":"pt-PT"},{"@type":"WebPage","@id":"https:\/\/portaltela.pt\/noticias\/2026\/01\/22\/mais-de-134-000-deslocados-na-siria-apos-confrontos-entre-exercito-e-curdos\/","url":"https:\/\/portaltela.pt\/noticias\/2026\/01\/22\/mais-de-134-000-deslocados-na-siria-apos-confrontos-entre-exercito-e-curdos\/","name":"Mais de 134.000 deslocados na S\u00edria ap\u00f3s confrontos entre Ex\u00e9rcito e curdos - Portal Tela Portugal","isPartOf":{"@id":"https:\/\/portaltela.pt\/#website"},"primaryImageOfPage":{"@id":"https:\/\/portaltela.pt\/noticias\/2026\/01\/22\/mais-de-134-000-deslocados-na-siria-apos-confrontos-entre-exercito-e-curdos\/#primaryimage"},"image":{"@id":"https:\/\/portaltela.pt\/noticias\/2026\/01\/22\/mais-de-134-000-deslocados-na-siria-apos-confrontos-entre-exercito-e-curdos\/#primaryimage"},"thumbnailUrl":"https:\/\/portaltela.pt\/s.01k8rhncp4jt1\/2026\/01\/unnamed-file-4665.jpg","datePublished":"2026-01-22T21:24:00+00:00","author":{"@id":"https:\/\/portaltela.pt\/#\/schema\/person\/c4278d4a6028830caff9ee44b42d32ed"},"breadcrumb":{"@id":"https:\/\/portaltela.pt\/noticias\/2026\/01\/22\/mais-de-134-000-deslocados-na-siria-apos-confrontos-entre-exercito-e-curdos\/#breadcrumb"},"inLanguage":"pt-PT","potentialAction":[{"@type":"ReadAction","target":["https:\/\/portaltela.pt\/noticias\/2026\/01\/22\/mais-de-134-000-deslocados-na-siria-apos-confrontos-entre-exercito-e-curdos\/"]}]},{"@type":"ImageObject","inLanguage":"pt-PT","@id":"https:\/\/portaltela.pt\/noticias\/2026\/01\/22\/mais-de-134-000-deslocados-na-siria-apos-confrontos-entre-exercito-e-curdos\/#primaryimage","url":"https:\/\/portaltela.pt\/s.01k8rhncp4jt1\/2026\/01\/unnamed-file-4665.jpg","contentUrl":"https:\/\/portaltela.pt\/s.01k8rhncp4jt1\/2026\/01\/unnamed-file-4665.jpg","width":796,"height":448,"caption":"Mais de 134.000 deslocados no nordeste da S\u00edria ap\u00f3s confrontos entre Ex\u00e9rcito e curdos"},{"@type":"BreadcrumbList","@id":"https:\/\/portaltela.pt\/noticias\/2026\/01\/22\/mais-de-134-000-deslocados-na-siria-apos-confrontos-entre-exercito-e-curdos\/#breadcrumb","itemListElement":[{"@type":"ListItem","position":1,"name":"In\u00edcio","item":"https:\/\/portaltela.pt\/"},{"@type":"ListItem","position":2,"name":"Mais de 134.000 deslocados na S\u00edria ap\u00f3s confrontos entre Ex\u00e9rcito e curdos"}]},{"@type":"WebSite","@id":"https:\/\/portaltela.pt\/#website","url":"https:\/\/portaltela.pt\/","name":"Portal Tela Portugal","description":"","potentialAction":[{"@type":"SearchAction","target":{"@type":"EntryPoint","urlTemplate":"https:\/\/portaltela.pt\/?s={search_term_string}"},"query-input":{"@type":"PropertyValueSpecification","valueRequired":true,"valueName":"search_term_string"}}],"inLanguage":"pt-PT"},{"@type":"Person","@id":"https:\/\/portaltela.pt\/#\/schema\/person\/c4278d4a6028830caff9ee44b42d32ed","name":"Telinha","image":{"@type":"ImageObject","inLanguage":"pt-PT","@id":"https:\/\/portaltela.pt\/s.01k8rhncp4jt1\/2025\/11\/talking-bot-125x125.png","url":"https:\/\/portaltela.pt\/s.01k8rhncp4jt1\/2025\/11\/talking-bot-125x125.png","contentUrl":"https:\/\/portaltela.pt\/s.01k8rhncp4jt1\/2025\/11\/talking-bot-125x125.png","caption":"Telinha"},"sameAs":["https:\/\/portaltela.pt\/"],"url":"https:\/\/portaltela.pt\/por\/367410592786\/"}]}},"_links":{"self":[{"href":"https:\/\/portaltela.pt\/api\/wp\/v2\/posts\/165178","targetHints":{"allow":["GET"]}}],"collection":[{"href":"https:\/\/portaltela.pt\/api\/wp\/v2\/posts"}],"about":[{"href":"https:\/\/portaltela.pt\/api\/wp\/v2\/types\/post"}],"author":[{"embeddable":true,"href":"https:\/\/portaltela.pt\/api\/wp\/v2\/users\/2"}],"replies":[{"embeddable":true,"href":"https:\/\/portaltela.pt\/api\/wp\/v2\/comments?post=165178"}],"version-history":[{"count":0,"href":"https:\/\/portaltela.pt\/api\/wp\/v2\/posts\/165178\/revisions"}],"wp:featuredmedia":[{"embeddable":true,"href":"https:\/\/portaltela.pt\/api\/wp\/v2\/media\/165188"}],"wp:attachment":[{"href":"https:\/\/portaltela.pt\/api\/wp\/v2\/media?parent=165178"}],"wp:term":[{"taxonomy":"category","embeddable":true,"href":"https:\/\/portaltela.pt\/api\/wp\/v2\/categories?post=165178"},{"taxonomy":"post_tag","embeddable":true,"href":"https:\/\/portaltela.pt\/api\/wp\/v2\/tags?post=165178"}],"curies":[{"name":"wp","href":"https:\/\/api.w.org\/{rel}","templated":true}]}}