{"id":165111,"date":"2026-01-22T18:37:55","date_gmt":"2026-01-22T21:37:55","guid":{"rendered":"https:\/\/portaltela.pt\/noticias\/2026\/01\/22\/autogolo-caricata-da-vantagem-ao-braga-apos-brilho-de-hornicek\/"},"modified":"2026-01-22T18:37:55","modified_gmt":"2026-01-22T21:37:55","slug":"autogolo-caricata-da-vantagem-ao-braga-apos-brilho-de-hornicek","status":"publish","type":"post","link":"https:\/\/portaltela.pt\/desporto\/futebol\/2026\/01\/22\/autogolo-caricata-da-vantagem-ao-braga-apos-brilho-de-hornicek\/","title":{"rendered":"Autogolo caricata d\u00e1 vantagem ao Braga ap\u00f3s brilho de Hornicek"},"content":{"rendered":"<p>No jogo de 22 de janeiro de 2026, o SC Braga saiu na frente ap\u00f3s uma sequ\u00eancia de lances em que Hornicek destacou-se ao defender um pen\u00e1lti. A defesa manteve o equil\u00edbrio do encontro e abriu caminho para a vantagem minhota.<\/p>\n<p>Poucos segundos depois, Yates acabou por encostar a bola na pr\u00f3pria baliza, faturando a favor do Braga numa grande jogada coletiva. O autogolo deu vantagem \u00e0 equipa bracarense.<\/p>\n<p>A jogada decisiva ocorreu na fase inicial do encontro, refor\u00e7ando o momento de dom\u00ednio do Braga no jogo. O lance foi amplamente destacado pela cobertura de DAZN Europa.<\/p>\n<p>Segundo a reportagem, a partir deste momento o Braga manteve o ritmo atacante, ampliando a press\u00e3o sobre o advers\u00e1rio. A mat\u00e9ria original foi publicada pela ABola.pt.<\/p>\n<p>Este resumo baseia-se no material disponibilizado pela ABola.pt, com registro de 22.01.2026.<\/p>\n","protected":false},"excerpt":{"rendered":"<ul>\n<li>O guarda-redes defendeu um pen\u00e1lti e impediu o empate.<\/li>\n<li>Segundos depois, surgiu o golo dos bracarenses por autogolo de Yates, na sequ\u00eancia de uma jogada coletiva.<\/li>\n<li>O autogolo, descrito como caricatural, deu a vantagem ao Braga.<\/li>\n<li>Hornicek destacou-se na partida, contribuindo para o momento decisivo.<\/li>\n<li>A not\u00edcia foi publicada a 22 de janeiro de 2026 pela A Bola (via DAZNEuropa).<\/li>\n<\/ul>\n","protected":false},"author":2,"featured_media":165120,"comment_status":"closed","ping_status":"closed","sticky":false,"template":"","format":"standard","meta":{"footnotes":""},"categories":[21,24],"tags":[1207,1311,152,32,1885,2070],"class_list":["post-165111","post","type-post","status-publish","format-standard","has-post-thumbnail","hentry","category-desporto","category-futebol","tag-braga","tag-dazn","tag-desporto","tag-futebol","tag-penalti","tag-sp-braga"],"yoast_head":"<!-- This site is optimized with the Yoast SEO plugin v27.2 - https:\/\/yoast.com\/product\/yoast-seo-wordpress\/ -->\n<title>Autogolo caricata d\u00e1 vantagem ao Braga ap\u00f3s brilho de Hornicek - Portal Tela Portugal<\/title>\n<meta name=\"robots\" content=\"index, follow, max-snippet:-1, max-image-preview:large, max-video-preview:-1\" \/>\n<meta property=\"og:locale\" content=\"pt_PT\" \/>\n<meta property=\"og:type\" content=\"article\" \/>\n<meta property=\"og:title\" content=\"Autogolo caricata d\u00e1 vantagem ao Braga ap\u00f3s brilho de Hornicek - Portal Tela Portugal\" \/>\n<meta property=\"og:description\" content=\"O guarda-redes defendeu um pen\u00e1lti e impediu o empate. Segundos depois, surgiu o golo dos bracarenses por autogolo de Yates, na sequ\u00eancia de uma jogada coletiva. O autogolo, descrito como caricatural, deu a vantagem ao Braga. Hornicek destacou-se na partida, contribuindo para o momento decisivo. A not\u00edcia foi publicada a 22 de janeiro de 2026 pela A Bola (via DAZNEuropa).\" \/>\n<meta property=\"og:url\" content=\"https:\/\/portaltela.pt\/noticias\/2026\/01\/22\/autogolo-caricata-da-vantagem-ao-braga-apos-brilho-de-hornicek\/\" \/>\n<meta property=\"og:site_name\" content=\"Portal Tela Portugal\" \/>\n<meta property=\"article:published_time\" content=\"2026-01-22T21:37:55+00:00\" \/>\n<meta name=\"author\" content=\"Telinha\" \/>\n<meta name=\"twitter:card\" content=\"summary_large_image\" \/>\n<meta name=\"twitter:label1\" content=\"Escrito por\" \/>\n\t<meta name=\"twitter:data1\" content=\"Telinha\" \/>\n\t<meta name=\"twitter:label2\" content=\"Tempo estimado de leitura\" \/>\n\t<meta name=\"twitter:data2\" content=\"1 minuto\" \/>\n<script type=\"application\/ld+json\" class=\"yoast-schema-graph\">{\"@context\":\"https:\/\/schema.org\",\"@graph\":[{\"@type\":\"Article\",\"@id\":\"https:\/\/portaltela.pt\/noticias\/2026\/01\/22\/autogolo-caricata-da-vantagem-ao-braga-apos-brilho-de-hornicek\/#article\",\"isPartOf\":{\"@id\":\"https:\/\/portaltela.pt\/noticias\/2026\/01\/22\/autogolo-caricata-da-vantagem-ao-braga-apos-brilho-de-hornicek\/\"},\"author\":{\"name\":\"Telinha\",\"@id\":\"https:\/\/portaltela.pt\/#\/schema\/person\/c4278d4a6028830caff9ee44b42d32ed\"},\"headline\":\"Autogolo caricata d\u00e1 vantagem ao Braga ap\u00f3s brilho de Hornicek\",\"datePublished\":\"2026-01-22T21:37:55+00:00\",\"mainEntityOfPage\":{\"@id\":\"https:\/\/portaltela.pt\/noticias\/2026\/01\/22\/autogolo-caricata-da-vantagem-ao-braga-apos-brilho-de-hornicek\/\"},\"wordCount\":154,\"image\":{\"@id\":\"https:\/\/portaltela.pt\/noticias\/2026\/01\/22\/autogolo-caricata-da-vantagem-ao-braga-apos-brilho-de-hornicek\/#primaryimage\"},\"thumbnailUrl\":\"https:\/\/portaltela.pt\/s.01k8rhncp4jt1\/2026\/01\/6c65b3ba-7617-4641-b4a0-f9d17f9cc7bb.jpg\",\"keywords\":[\"Braga\",\"DAZN\",\"desporto\",\"futebol\",\"pen\u00e1lti\",\"Sp. Braga\"],\"articleSection\":[\"Desporto\",\"Futebol\"],\"inLanguage\":\"pt-PT\"},{\"@type\":\"WebPage\",\"@id\":\"https:\/\/portaltela.pt\/noticias\/2026\/01\/22\/autogolo-caricata-da-vantagem-ao-braga-apos-brilho-de-hornicek\/\",\"url\":\"https:\/\/portaltela.pt\/noticias\/2026\/01\/22\/autogolo-caricata-da-vantagem-ao-braga-apos-brilho-de-hornicek\/\",\"name\":\"Autogolo caricata d\u00e1 vantagem ao Braga ap\u00f3s brilho de Hornicek - Portal Tela Portugal\",\"isPartOf\":{\"@id\":\"https:\/\/portaltela.pt\/#website\"},\"primaryImageOfPage\":{\"@id\":\"https:\/\/portaltela.pt\/noticias\/2026\/01\/22\/autogolo-caricata-da-vantagem-ao-braga-apos-brilho-de-hornicek\/#primaryimage\"},\"image\":{\"@id\":\"https:\/\/portaltela.pt\/noticias\/2026\/01\/22\/autogolo-caricata-da-vantagem-ao-braga-apos-brilho-de-hornicek\/#primaryimage\"},\"thumbnailUrl\":\"https:\/\/portaltela.pt\/s.01k8rhncp4jt1\/2026\/01\/6c65b3ba-7617-4641-b4a0-f9d17f9cc7bb.jpg\",\"datePublished\":\"2026-01-22T21:37:55+00:00\",\"author\":{\"@id\":\"https:\/\/portaltela.pt\/#\/schema\/person\/c4278d4a6028830caff9ee44b42d32ed\"},\"breadcrumb\":{\"@id\":\"https:\/\/portaltela.pt\/noticias\/2026\/01\/22\/autogolo-caricata-da-vantagem-ao-braga-apos-brilho-de-hornicek\/#breadcrumb\"},\"inLanguage\":\"pt-PT\",\"potentialAction\":[{\"@type\":\"ReadAction\",\"target\":[\"https:\/\/portaltela.pt\/noticias\/2026\/01\/22\/autogolo-caricata-da-vantagem-ao-braga-apos-brilho-de-hornicek\/\"]}]},{\"@type\":\"ImageObject\",\"inLanguage\":\"pt-PT\",\"@id\":\"https:\/\/portaltela.pt\/noticias\/2026\/01\/22\/autogolo-caricata-da-vantagem-ao-braga-apos-brilho-de-hornicek\/#primaryimage\",\"url\":\"https:\/\/portaltela.pt\/s.01k8rhncp4jt1\/2026\/01\/6c65b3ba-7617-4641-b4a0-f9d17f9cc7bb.jpg\",\"contentUrl\":\"https:\/\/portaltela.pt\/s.01k8rhncp4jt1\/2026\/01\/6c65b3ba-7617-4641-b4a0-f9d17f9cc7bb.jpg\",\"width\":796,\"height\":448,\"caption\":\"Autogolo caricato d\u00e1 vantagem ao SC Braga... depois de Hornicek brilhar\"},{\"@type\":\"BreadcrumbList\",\"@id\":\"https:\/\/portaltela.pt\/noticias\/2026\/01\/22\/autogolo-caricata-da-vantagem-ao-braga-apos-brilho-de-hornicek\/#breadcrumb\",\"itemListElement\":[{\"@type\":\"ListItem\",\"position\":1,\"name\":\"In\u00edcio\",\"item\":\"https:\/\/portaltela.pt\/\"},{\"@type\":\"ListItem\",\"position\":2,\"name\":\"Autogolo caricata d\u00e1 vantagem ao Braga ap\u00f3s brilho de Hornicek\"}]},{\"@type\":\"WebSite\",\"@id\":\"https:\/\/portaltela.pt\/#website\",\"url\":\"https:\/\/portaltela.pt\/\",\"name\":\"Portal Tela Portugal\",\"description\":\"\",\"potentialAction\":[{\"@type\":\"SearchAction\",\"target\":{\"@type\":\"EntryPoint\",\"urlTemplate\":\"https:\/\/portaltela.pt\/?s={search_term_string}\"},\"query-input\":{\"@type\":\"PropertyValueSpecification\",\"valueRequired\":true,\"valueName\":\"search_term_string\"}}],\"inLanguage\":\"pt-PT\"},{\"@type\":\"Person\",\"@id\":\"https:\/\/portaltela.pt\/#\/schema\/person\/c4278d4a6028830caff9ee44b42d32ed\",\"name\":\"Telinha\",\"image\":{\"@type\":\"ImageObject\",\"inLanguage\":\"pt-PT\",\"@id\":\"https:\/\/portaltela.pt\/s.01k8rhncp4jt1\/2025\/11\/talking-bot-125x125.png\",\"url\":\"https:\/\/portaltela.pt\/s.01k8rhncp4jt1\/2025\/11\/talking-bot-125x125.png\",\"contentUrl\":\"https:\/\/portaltela.pt\/s.01k8rhncp4jt1\/2025\/11\/talking-bot-125x125.png\",\"caption\":\"Telinha\"},\"sameAs\":[\"https:\/\/portaltela.pt\/\"],\"url\":\"https:\/\/portaltela.pt\/por\/367410592786\/\"}]}<\/script>\n<!-- \/ Yoast SEO plugin. -->","yoast_head_json":{"title":"Autogolo caricata d\u00e1 vantagem ao Braga ap\u00f3s brilho de Hornicek - Portal Tela Portugal","robots":{"index":"index","follow":"follow","max-snippet":"max-snippet:-1","max-image-preview":"max-image-preview:large","max-video-preview":"max-video-preview:-1"},"og_locale":"pt_PT","og_type":"article","og_title":"Autogolo caricata d\u00e1 vantagem ao Braga ap\u00f3s brilho de Hornicek - Portal Tela Portugal","og_description":"O guarda-redes defendeu um pen\u00e1lti e impediu o empate. Segundos depois, surgiu o golo dos bracarenses por autogolo de Yates, na sequ\u00eancia de uma jogada coletiva. O autogolo, descrito como caricatural, deu a vantagem ao Braga. Hornicek destacou-se na partida, contribuindo para o momento decisivo. A not\u00edcia foi publicada a 22 de janeiro de 2026 pela A Bola (via DAZNEuropa).","og_url":"https:\/\/portaltela.pt\/noticias\/2026\/01\/22\/autogolo-caricata-da-vantagem-ao-braga-apos-brilho-de-hornicek\/","og_site_name":"Portal Tela Portugal","article_published_time":"2026-01-22T21:37:55+00:00","author":"Telinha","twitter_card":"summary_large_image","twitter_misc":{"Escrito por":"Telinha","Tempo estimado de leitura":"1 minuto"},"schema":{"@context":"https:\/\/schema.org","@graph":[{"@type":"Article","@id":"https:\/\/portaltela.pt\/noticias\/2026\/01\/22\/autogolo-caricata-da-vantagem-ao-braga-apos-brilho-de-hornicek\/#article","isPartOf":{"@id":"https:\/\/portaltela.pt\/noticias\/2026\/01\/22\/autogolo-caricata-da-vantagem-ao-braga-apos-brilho-de-hornicek\/"},"author":{"name":"Telinha","@id":"https:\/\/portaltela.pt\/#\/schema\/person\/c4278d4a6028830caff9ee44b42d32ed"},"headline":"Autogolo caricata d\u00e1 vantagem ao Braga ap\u00f3s brilho de Hornicek","datePublished":"2026-01-22T21:37:55+00:00","mainEntityOfPage":{"@id":"https:\/\/portaltela.pt\/noticias\/2026\/01\/22\/autogolo-caricata-da-vantagem-ao-braga-apos-brilho-de-hornicek\/"},"wordCount":154,"image":{"@id":"https:\/\/portaltela.pt\/noticias\/2026\/01\/22\/autogolo-caricata-da-vantagem-ao-braga-apos-brilho-de-hornicek\/#primaryimage"},"thumbnailUrl":"https:\/\/portaltela.pt\/s.01k8rhncp4jt1\/2026\/01\/6c65b3ba-7617-4641-b4a0-f9d17f9cc7bb.jpg","keywords":["Braga","DAZN","desporto","futebol","pen\u00e1lti","Sp. Braga"],"articleSection":["Desporto","Futebol"],"inLanguage":"pt-PT"},{"@type":"WebPage","@id":"https:\/\/portaltela.pt\/noticias\/2026\/01\/22\/autogolo-caricata-da-vantagem-ao-braga-apos-brilho-de-hornicek\/","url":"https:\/\/portaltela.pt\/noticias\/2026\/01\/22\/autogolo-caricata-da-vantagem-ao-braga-apos-brilho-de-hornicek\/","name":"Autogolo caricata d\u00e1 vantagem ao Braga ap\u00f3s brilho de Hornicek - Portal Tela Portugal","isPartOf":{"@id":"https:\/\/portaltela.pt\/#website"},"primaryImageOfPage":{"@id":"https:\/\/portaltela.pt\/noticias\/2026\/01\/22\/autogolo-caricata-da-vantagem-ao-braga-apos-brilho-de-hornicek\/#primaryimage"},"image":{"@id":"https:\/\/portaltela.pt\/noticias\/2026\/01\/22\/autogolo-caricata-da-vantagem-ao-braga-apos-brilho-de-hornicek\/#primaryimage"},"thumbnailUrl":"https:\/\/portaltela.pt\/s.01k8rhncp4jt1\/2026\/01\/6c65b3ba-7617-4641-b4a0-f9d17f9cc7bb.jpg","datePublished":"2026-01-22T21:37:55+00:00","author":{"@id":"https:\/\/portaltela.pt\/#\/schema\/person\/c4278d4a6028830caff9ee44b42d32ed"},"breadcrumb":{"@id":"https:\/\/portaltela.pt\/noticias\/2026\/01\/22\/autogolo-caricata-da-vantagem-ao-braga-apos-brilho-de-hornicek\/#breadcrumb"},"inLanguage":"pt-PT","potentialAction":[{"@type":"ReadAction","target":["https:\/\/portaltela.pt\/noticias\/2026\/01\/22\/autogolo-caricata-da-vantagem-ao-braga-apos-brilho-de-hornicek\/"]}]},{"@type":"ImageObject","inLanguage":"pt-PT","@id":"https:\/\/portaltela.pt\/noticias\/2026\/01\/22\/autogolo-caricata-da-vantagem-ao-braga-apos-brilho-de-hornicek\/#primaryimage","url":"https:\/\/portaltela.pt\/s.01k8rhncp4jt1\/2026\/01\/6c65b3ba-7617-4641-b4a0-f9d17f9cc7bb.jpg","contentUrl":"https:\/\/portaltela.pt\/s.01k8rhncp4jt1\/2026\/01\/6c65b3ba-7617-4641-b4a0-f9d17f9cc7bb.jpg","width":796,"height":448,"caption":"Autogolo caricato d\u00e1 vantagem ao SC Braga... depois de Hornicek brilhar"},{"@type":"BreadcrumbList","@id":"https:\/\/portaltela.pt\/noticias\/2026\/01\/22\/autogolo-caricata-da-vantagem-ao-braga-apos-brilho-de-hornicek\/#breadcrumb","itemListElement":[{"@type":"ListItem","position":1,"name":"In\u00edcio","item":"https:\/\/portaltela.pt\/"},{"@type":"ListItem","position":2,"name":"Autogolo caricata d\u00e1 vantagem ao Braga ap\u00f3s brilho de Hornicek"}]},{"@type":"WebSite","@id":"https:\/\/portaltela.pt\/#website","url":"https:\/\/portaltela.pt\/","name":"Portal Tela Portugal","description":"","potentialAction":[{"@type":"SearchAction","target":{"@type":"EntryPoint","urlTemplate":"https:\/\/portaltela.pt\/?s={search_term_string}"},"query-input":{"@type":"PropertyValueSpecification","valueRequired":true,"valueName":"search_term_string"}}],"inLanguage":"pt-PT"},{"@type":"Person","@id":"https:\/\/portaltela.pt\/#\/schema\/person\/c4278d4a6028830caff9ee44b42d32ed","name":"Telinha","image":{"@type":"ImageObject","inLanguage":"pt-PT","@id":"https:\/\/portaltela.pt\/s.01k8rhncp4jt1\/2025\/11\/talking-bot-125x125.png","url":"https:\/\/portaltela.pt\/s.01k8rhncp4jt1\/2025\/11\/talking-bot-125x125.png","contentUrl":"https:\/\/portaltela.pt\/s.01k8rhncp4jt1\/2025\/11\/talking-bot-125x125.png","caption":"Telinha"},"sameAs":["https:\/\/portaltela.pt\/"],"url":"https:\/\/portaltela.pt\/por\/367410592786\/"}]}},"_links":{"self":[{"href":"https:\/\/portaltela.pt\/api\/wp\/v2\/posts\/165111","targetHints":{"allow":["GET"]}}],"collection":[{"href":"https:\/\/portaltela.pt\/api\/wp\/v2\/posts"}],"about":[{"href":"https:\/\/portaltela.pt\/api\/wp\/v2\/types\/post"}],"author":[{"embeddable":true,"href":"https:\/\/portaltela.pt\/api\/wp\/v2\/users\/2"}],"replies":[{"embeddable":true,"href":"https:\/\/portaltela.pt\/api\/wp\/v2\/comments?post=165111"}],"version-history":[{"count":0,"href":"https:\/\/portaltela.pt\/api\/wp\/v2\/posts\/165111\/revisions"}],"wp:featuredmedia":[{"embeddable":true,"href":"https:\/\/portaltela.pt\/api\/wp\/v2\/media\/165120"}],"wp:attachment":[{"href":"https:\/\/portaltela.pt\/api\/wp\/v2\/media?parent=165111"}],"wp:term":[{"taxonomy":"category","embeddable":true,"href":"https:\/\/portaltela.pt\/api\/wp\/v2\/categories?post=165111"},{"taxonomy":"post_tag","embeddable":true,"href":"https:\/\/portaltela.pt\/api\/wp\/v2\/tags?post=165111"}],"curies":[{"name":"wp","href":"https:\/\/api.w.org\/{rel}","templated":true}]}}