{"id":165023,"date":"2026-01-22T16:38:00","date_gmt":"2026-01-22T19:38:00","guid":{"rendered":"https:\/\/portaltela.pt\/noticias\/2026\/01\/22\/partos-extra-hospitalares-mantem-se-estaveis-face-a-ultima-decada\/"},"modified":"2026-01-22T16:38:00","modified_gmt":"2026-01-22T19:38:00","slug":"partos-extra-hospitalares-mantem-se-estaveis-face-a-ultima-decada","status":"publish","type":"post","link":"https:\/\/portaltela.pt\/noticias\/2026\/01\/22\/partos-extra-hospitalares-mantem-se-estaveis-face-a-ultima-decada\/","title":{"rendered":"Partos extra-hospitalares mant\u00eam-se est\u00e1veis face \u00e0 \u00faltima d\u00e9cada"},"content":{"rendered":"<p>A ministra da Sa\u00fade, Ana Paula Martins, afirmou que o n\u00famero de partos extra-hospitalares em Portugal se mant\u00e9m est\u00e1vel em rela\u00e7\u00e3o \u00e0 \u00faltima d\u00e9cada, com a maioria a ocorrer no domic\u00edlio. A declara\u00e7\u00e3o aconteceu ap\u00f3s a ministra participar numa confer\u00eancia no Porto.<\/p>\n<p>Segundo a titular, os n\u00fameros mant\u00eam a tend\u00eancia dos anos anteriores, exceto durante a pandemia, quando houve um acr\u00e9scimo nos partos fora do hospital. N\u00e3o h\u00e1, para j\u00e1, altera\u00e7\u00f5es significativas no conjunto de partos extra-hospitalares.<\/p>\n<p>A governante explicou que a maior parte destas situa\u00e7\u00f5es n\u00e3o decorre na via p\u00fablica nem nas ambul\u00e2ncias, mas sim em casa, o que leva o INEM a intervir apenas em casos que se complicam. Nem todos os partos passam pelo INEM.<\/p>\n<p>Ela acrescentou que n\u00e3o est\u00e1 demonstrado que haja mais partos nas ambul\u00e2ncias face a anos anteriores, devido ao funcionamento das urg\u00eancias em rota\u00e7\u00e3o ou com constrangimentos. O SNS24 e o INEM mant\u00eam resposta r\u00e1pida para gr\u00e1vidas.<\/p>\n<p>A ministra destacou que as gr\u00e1vidas devem ser acompanhadas ao longo de todos os trimestres e que a literacia em sa\u00fade \u00e9 fundamental para reconhecer sinais, contando com o apoio das urg\u00eancias regionais no futuro pr\u00f3ximo.<\/p>\n<p>No total de partos ocorridos fora do hospital, o INEM informou \u00e0 Lusa que, nos primeiros dez meses do ano, registaram-se 186 ocorr\u00eancias, n\u00famero pr\u00f3ximo dos 189 registados no ano anterior.<\/p>\n","protected":false},"excerpt":{"rendered":"<ul>\n<li>A ministra da Sa\u00fade, Ana Paula Martins, afirmou que o n\u00famero de partos extra-hospitalares em Portugal \u00e9 semelhante ao da \u00faltima d\u00e9cada, sendo a maioria no domic\u00edlio.<\/li>\n<li>Houve mais partos fora do hospital durante a pandemia, mas fora desse per\u00edodo o volume manteve-se est\u00e1vel.<\/li>\n<li>A maior parte dos partos extra-hospitalares n\u00e3o ocorre na via p\u00fablica nem nas ambul\u00e2ncias; ocorrem no domic\u00edlio, com o INEM chamado em situa\u00e7\u00f5es que se complicam.<\/li>\n<li>N\u00e3o est\u00e1 comprovado que haja mais partos nas ambul\u00e2ncias do que nos anos anteriores, pois as urg\u00eancias trabalham com rota\u00e7\u00e3o ou constrangimentos.<\/li>\n<li>No total de partos fora do hospital nos primeiros dez meses do ano passado houve 186 registos, pr\u00f3ximo dos 189 do ano anterior.<\/li>\n<\/ul>\n","protected":false},"author":2,"featured_media":165050,"comment_status":"closed","ping_status":"closed","sticky":false,"template":"","format":"standard","meta":{"footnotes":""},"categories":[1],"tags":[1935,1922,972,982,271,3881],"class_list":["post-165023","post","type-post","status-publish","format-standard","has-post-thumbnail","hentry","category-noticias","tag-emergencias","tag-inem","tag-literacia-em-saude","tag-porto","tag-saude-publica","tag-sns24"],"yoast_head":"<!-- This site is optimized with the Yoast SEO plugin v27.2 - https:\/\/yoast.com\/product\/yoast-seo-wordpress\/ -->\n<title>Partos extra-hospitalares mant\u00eam-se est\u00e1veis face \u00e0 \u00faltima d\u00e9cada - Portal Tela Portugal<\/title>\n<meta name=\"robots\" content=\"index, follow, max-snippet:-1, max-image-preview:large, max-video-preview:-1\" \/>\n<meta property=\"og:locale\" content=\"pt_PT\" \/>\n<meta property=\"og:type\" content=\"article\" \/>\n<meta property=\"og:title\" content=\"Partos extra-hospitalares mant\u00eam-se est\u00e1veis face \u00e0 \u00faltima d\u00e9cada - Portal Tela Portugal\" \/>\n<meta property=\"og:description\" content=\"A ministra da Sa\u00fade, Ana Paula Martins, afirmou que o n\u00famero de partos extra-hospitalares em Portugal \u00e9 semelhante ao da \u00faltima d\u00e9cada, sendo a maioria no domic\u00edlio. Houve mais partos fora do hospital durante a pandemia, mas fora desse per\u00edodo o volume manteve-se est\u00e1vel. A maior parte dos partos extra-hospitalares n\u00e3o ocorre na via p\u00fablica nem nas ambul\u00e2ncias; ocorrem no domic\u00edlio, com o INEM chamado em situa\u00e7\u00f5es que se complicam. N\u00e3o est\u00e1 comprovado que haja mais partos nas ambul\u00e2ncias do que nos anos anteriores, pois as urg\u00eancias trabalham com rota\u00e7\u00e3o ou constrangimentos. No total de partos fora do hospital nos primeiros dez meses do ano passado houve 186 registos, pr\u00f3ximo dos 189 do ano anterior.\" \/>\n<meta property=\"og:url\" content=\"https:\/\/portaltela.pt\/noticias\/2026\/01\/22\/partos-extra-hospitalares-mantem-se-estaveis-face-a-ultima-decada\/\" \/>\n<meta property=\"og:site_name\" content=\"Portal Tela Portugal\" \/>\n<meta property=\"article:published_time\" content=\"2026-01-22T19:38:00+00:00\" \/>\n<meta name=\"author\" content=\"Telinha\" \/>\n<meta name=\"twitter:card\" content=\"summary_large_image\" \/>\n<meta name=\"twitter:label1\" content=\"Escrito por\" \/>\n\t<meta name=\"twitter:data1\" content=\"Telinha\" \/>\n\t<meta name=\"twitter:label2\" content=\"Tempo estimado de leitura\" \/>\n\t<meta name=\"twitter:data2\" content=\"1 minuto\" \/>\n<script type=\"application\/ld+json\" class=\"yoast-schema-graph\">{\"@context\":\"https:\/\/schema.org\",\"@graph\":[{\"@type\":\"Article\",\"@id\":\"https:\/\/portaltela.pt\/noticias\/2026\/01\/22\/partos-extra-hospitalares-mantem-se-estaveis-face-a-ultima-decada\/#article\",\"isPartOf\":{\"@id\":\"https:\/\/portaltela.pt\/noticias\/2026\/01\/22\/partos-extra-hospitalares-mantem-se-estaveis-face-a-ultima-decada\/\"},\"author\":{\"name\":\"Telinha\",\"@id\":\"https:\/\/portaltela.pt\/#\/schema\/person\/c4278d4a6028830caff9ee44b42d32ed\"},\"headline\":\"Partos extra-hospitalares mant\u00eam-se est\u00e1veis face \u00e0 \u00faltima d\u00e9cada\",\"datePublished\":\"2026-01-22T19:38:00+00:00\",\"mainEntityOfPage\":{\"@id\":\"https:\/\/portaltela.pt\/noticias\/2026\/01\/22\/partos-extra-hospitalares-mantem-se-estaveis-face-a-ultima-decada\/\"},\"wordCount\":260,\"image\":{\"@id\":\"https:\/\/portaltela.pt\/noticias\/2026\/01\/22\/partos-extra-hospitalares-mantem-se-estaveis-face-a-ultima-decada\/#primaryimage\"},\"thumbnailUrl\":\"https:\/\/portaltela.pt\/s.01k8rhncp4jt1\/2026\/01\/unnamed-file-4662.jpg\",\"keywords\":[\"emerg\u00eancias\",\"INEM\",\"literacia em sa\u00fade\",\"Porto\",\"sa\u00fade p\u00fablica\",\"SNS24\"],\"articleSection\":[\"Not\u00edcias\"],\"inLanguage\":\"pt-PT\"},{\"@type\":\"WebPage\",\"@id\":\"https:\/\/portaltela.pt\/noticias\/2026\/01\/22\/partos-extra-hospitalares-mantem-se-estaveis-face-a-ultima-decada\/\",\"url\":\"https:\/\/portaltela.pt\/noticias\/2026\/01\/22\/partos-extra-hospitalares-mantem-se-estaveis-face-a-ultima-decada\/\",\"name\":\"Partos extra-hospitalares mant\u00eam-se est\u00e1veis face \u00e0 \u00faltima d\u00e9cada - Portal Tela Portugal\",\"isPartOf\":{\"@id\":\"https:\/\/portaltela.pt\/#website\"},\"primaryImageOfPage\":{\"@id\":\"https:\/\/portaltela.pt\/noticias\/2026\/01\/22\/partos-extra-hospitalares-mantem-se-estaveis-face-a-ultima-decada\/#primaryimage\"},\"image\":{\"@id\":\"https:\/\/portaltela.pt\/noticias\/2026\/01\/22\/partos-extra-hospitalares-mantem-se-estaveis-face-a-ultima-decada\/#primaryimage\"},\"thumbnailUrl\":\"https:\/\/portaltela.pt\/s.01k8rhncp4jt1\/2026\/01\/unnamed-file-4662.jpg\",\"datePublished\":\"2026-01-22T19:38:00+00:00\",\"author\":{\"@id\":\"https:\/\/portaltela.pt\/#\/schema\/person\/c4278d4a6028830caff9ee44b42d32ed\"},\"breadcrumb\":{\"@id\":\"https:\/\/portaltela.pt\/noticias\/2026\/01\/22\/partos-extra-hospitalares-mantem-se-estaveis-face-a-ultima-decada\/#breadcrumb\"},\"inLanguage\":\"pt-PT\",\"potentialAction\":[{\"@type\":\"ReadAction\",\"target\":[\"https:\/\/portaltela.pt\/noticias\/2026\/01\/22\/partos-extra-hospitalares-mantem-se-estaveis-face-a-ultima-decada\/\"]}]},{\"@type\":\"ImageObject\",\"inLanguage\":\"pt-PT\",\"@id\":\"https:\/\/portaltela.pt\/noticias\/2026\/01\/22\/partos-extra-hospitalares-mantem-se-estaveis-face-a-ultima-decada\/#primaryimage\",\"url\":\"https:\/\/portaltela.pt\/s.01k8rhncp4jt1\/2026\/01\/unnamed-file-4662.jpg\",\"contentUrl\":\"https:\/\/portaltela.pt\/s.01k8rhncp4jt1\/2026\/01\/unnamed-file-4662.jpg\",\"width\":796,\"height\":448,\"caption\":\"Ana Paula Martins discursou na confer\u00eancia \\\"Futuro da Sa\u00fade na Europa\\\", no Porto.\"},{\"@type\":\"BreadcrumbList\",\"@id\":\"https:\/\/portaltela.pt\/noticias\/2026\/01\/22\/partos-extra-hospitalares-mantem-se-estaveis-face-a-ultima-decada\/#breadcrumb\",\"itemListElement\":[{\"@type\":\"ListItem\",\"position\":1,\"name\":\"In\u00edcio\",\"item\":\"https:\/\/portaltela.pt\/\"},{\"@type\":\"ListItem\",\"position\":2,\"name\":\"Partos extra-hospitalares mant\u00eam-se est\u00e1veis face \u00e0 \u00faltima d\u00e9cada\"}]},{\"@type\":\"WebSite\",\"@id\":\"https:\/\/portaltela.pt\/#website\",\"url\":\"https:\/\/portaltela.pt\/\",\"name\":\"Portal Tela Portugal\",\"description\":\"\",\"potentialAction\":[{\"@type\":\"SearchAction\",\"target\":{\"@type\":\"EntryPoint\",\"urlTemplate\":\"https:\/\/portaltela.pt\/?s={search_term_string}\"},\"query-input\":{\"@type\":\"PropertyValueSpecification\",\"valueRequired\":true,\"valueName\":\"search_term_string\"}}],\"inLanguage\":\"pt-PT\"},{\"@type\":\"Person\",\"@id\":\"https:\/\/portaltela.pt\/#\/schema\/person\/c4278d4a6028830caff9ee44b42d32ed\",\"name\":\"Telinha\",\"image\":{\"@type\":\"ImageObject\",\"inLanguage\":\"pt-PT\",\"@id\":\"https:\/\/portaltela.pt\/s.01k8rhncp4jt1\/2025\/11\/talking-bot-125x125.png\",\"url\":\"https:\/\/portaltela.pt\/s.01k8rhncp4jt1\/2025\/11\/talking-bot-125x125.png\",\"contentUrl\":\"https:\/\/portaltela.pt\/s.01k8rhncp4jt1\/2025\/11\/talking-bot-125x125.png\",\"caption\":\"Telinha\"},\"sameAs\":[\"https:\/\/portaltela.pt\/\"],\"url\":\"https:\/\/portaltela.pt\/por\/367410592786\/\"}]}<\/script>\n<!-- \/ Yoast SEO plugin. -->","yoast_head_json":{"title":"Partos extra-hospitalares mant\u00eam-se est\u00e1veis face \u00e0 \u00faltima d\u00e9cada - Portal Tela Portugal","robots":{"index":"index","follow":"follow","max-snippet":"max-snippet:-1","max-image-preview":"max-image-preview:large","max-video-preview":"max-video-preview:-1"},"og_locale":"pt_PT","og_type":"article","og_title":"Partos extra-hospitalares mant\u00eam-se est\u00e1veis face \u00e0 \u00faltima d\u00e9cada - Portal Tela Portugal","og_description":"A ministra da Sa\u00fade, Ana Paula Martins, afirmou que o n\u00famero de partos extra-hospitalares em Portugal \u00e9 semelhante ao da \u00faltima d\u00e9cada, sendo a maioria no domic\u00edlio. Houve mais partos fora do hospital durante a pandemia, mas fora desse per\u00edodo o volume manteve-se est\u00e1vel. A maior parte dos partos extra-hospitalares n\u00e3o ocorre na via p\u00fablica nem nas ambul\u00e2ncias; ocorrem no domic\u00edlio, com o INEM chamado em situa\u00e7\u00f5es que se complicam. N\u00e3o est\u00e1 comprovado que haja mais partos nas ambul\u00e2ncias do que nos anos anteriores, pois as urg\u00eancias trabalham com rota\u00e7\u00e3o ou constrangimentos. No total de partos fora do hospital nos primeiros dez meses do ano passado houve 186 registos, pr\u00f3ximo dos 189 do ano anterior.","og_url":"https:\/\/portaltela.pt\/noticias\/2026\/01\/22\/partos-extra-hospitalares-mantem-se-estaveis-face-a-ultima-decada\/","og_site_name":"Portal Tela Portugal","article_published_time":"2026-01-22T19:38:00+00:00","author":"Telinha","twitter_card":"summary_large_image","twitter_misc":{"Escrito por":"Telinha","Tempo estimado de leitura":"1 minuto"},"schema":{"@context":"https:\/\/schema.org","@graph":[{"@type":"Article","@id":"https:\/\/portaltela.pt\/noticias\/2026\/01\/22\/partos-extra-hospitalares-mantem-se-estaveis-face-a-ultima-decada\/#article","isPartOf":{"@id":"https:\/\/portaltela.pt\/noticias\/2026\/01\/22\/partos-extra-hospitalares-mantem-se-estaveis-face-a-ultima-decada\/"},"author":{"name":"Telinha","@id":"https:\/\/portaltela.pt\/#\/schema\/person\/c4278d4a6028830caff9ee44b42d32ed"},"headline":"Partos extra-hospitalares mant\u00eam-se est\u00e1veis face \u00e0 \u00faltima d\u00e9cada","datePublished":"2026-01-22T19:38:00+00:00","mainEntityOfPage":{"@id":"https:\/\/portaltela.pt\/noticias\/2026\/01\/22\/partos-extra-hospitalares-mantem-se-estaveis-face-a-ultima-decada\/"},"wordCount":260,"image":{"@id":"https:\/\/portaltela.pt\/noticias\/2026\/01\/22\/partos-extra-hospitalares-mantem-se-estaveis-face-a-ultima-decada\/#primaryimage"},"thumbnailUrl":"https:\/\/portaltela.pt\/s.01k8rhncp4jt1\/2026\/01\/unnamed-file-4662.jpg","keywords":["emerg\u00eancias","INEM","literacia em sa\u00fade","Porto","sa\u00fade p\u00fablica","SNS24"],"articleSection":["Not\u00edcias"],"inLanguage":"pt-PT"},{"@type":"WebPage","@id":"https:\/\/portaltela.pt\/noticias\/2026\/01\/22\/partos-extra-hospitalares-mantem-se-estaveis-face-a-ultima-decada\/","url":"https:\/\/portaltela.pt\/noticias\/2026\/01\/22\/partos-extra-hospitalares-mantem-se-estaveis-face-a-ultima-decada\/","name":"Partos extra-hospitalares mant\u00eam-se est\u00e1veis face \u00e0 \u00faltima d\u00e9cada - Portal Tela Portugal","isPartOf":{"@id":"https:\/\/portaltela.pt\/#website"},"primaryImageOfPage":{"@id":"https:\/\/portaltela.pt\/noticias\/2026\/01\/22\/partos-extra-hospitalares-mantem-se-estaveis-face-a-ultima-decada\/#primaryimage"},"image":{"@id":"https:\/\/portaltela.pt\/noticias\/2026\/01\/22\/partos-extra-hospitalares-mantem-se-estaveis-face-a-ultima-decada\/#primaryimage"},"thumbnailUrl":"https:\/\/portaltela.pt\/s.01k8rhncp4jt1\/2026\/01\/unnamed-file-4662.jpg","datePublished":"2026-01-22T19:38:00+00:00","author":{"@id":"https:\/\/portaltela.pt\/#\/schema\/person\/c4278d4a6028830caff9ee44b42d32ed"},"breadcrumb":{"@id":"https:\/\/portaltela.pt\/noticias\/2026\/01\/22\/partos-extra-hospitalares-mantem-se-estaveis-face-a-ultima-decada\/#breadcrumb"},"inLanguage":"pt-PT","potentialAction":[{"@type":"ReadAction","target":["https:\/\/portaltela.pt\/noticias\/2026\/01\/22\/partos-extra-hospitalares-mantem-se-estaveis-face-a-ultima-decada\/"]}]},{"@type":"ImageObject","inLanguage":"pt-PT","@id":"https:\/\/portaltela.pt\/noticias\/2026\/01\/22\/partos-extra-hospitalares-mantem-se-estaveis-face-a-ultima-decada\/#primaryimage","url":"https:\/\/portaltela.pt\/s.01k8rhncp4jt1\/2026\/01\/unnamed-file-4662.jpg","contentUrl":"https:\/\/portaltela.pt\/s.01k8rhncp4jt1\/2026\/01\/unnamed-file-4662.jpg","width":796,"height":448,"caption":"Ana Paula Martins discursou na confer\u00eancia \"Futuro da Sa\u00fade na Europa\", no Porto."},{"@type":"BreadcrumbList","@id":"https:\/\/portaltela.pt\/noticias\/2026\/01\/22\/partos-extra-hospitalares-mantem-se-estaveis-face-a-ultima-decada\/#breadcrumb","itemListElement":[{"@type":"ListItem","position":1,"name":"In\u00edcio","item":"https:\/\/portaltela.pt\/"},{"@type":"ListItem","position":2,"name":"Partos extra-hospitalares mant\u00eam-se est\u00e1veis face \u00e0 \u00faltima d\u00e9cada"}]},{"@type":"WebSite","@id":"https:\/\/portaltela.pt\/#website","url":"https:\/\/portaltela.pt\/","name":"Portal Tela Portugal","description":"","potentialAction":[{"@type":"SearchAction","target":{"@type":"EntryPoint","urlTemplate":"https:\/\/portaltela.pt\/?s={search_term_string}"},"query-input":{"@type":"PropertyValueSpecification","valueRequired":true,"valueName":"search_term_string"}}],"inLanguage":"pt-PT"},{"@type":"Person","@id":"https:\/\/portaltela.pt\/#\/schema\/person\/c4278d4a6028830caff9ee44b42d32ed","name":"Telinha","image":{"@type":"ImageObject","inLanguage":"pt-PT","@id":"https:\/\/portaltela.pt\/s.01k8rhncp4jt1\/2025\/11\/talking-bot-125x125.png","url":"https:\/\/portaltela.pt\/s.01k8rhncp4jt1\/2025\/11\/talking-bot-125x125.png","contentUrl":"https:\/\/portaltela.pt\/s.01k8rhncp4jt1\/2025\/11\/talking-bot-125x125.png","caption":"Telinha"},"sameAs":["https:\/\/portaltela.pt\/"],"url":"https:\/\/portaltela.pt\/por\/367410592786\/"}]}},"_links":{"self":[{"href":"https:\/\/portaltela.pt\/api\/wp\/v2\/posts\/165023","targetHints":{"allow":["GET"]}}],"collection":[{"href":"https:\/\/portaltela.pt\/api\/wp\/v2\/posts"}],"about":[{"href":"https:\/\/portaltela.pt\/api\/wp\/v2\/types\/post"}],"author":[{"embeddable":true,"href":"https:\/\/portaltela.pt\/api\/wp\/v2\/users\/2"}],"replies":[{"embeddable":true,"href":"https:\/\/portaltela.pt\/api\/wp\/v2\/comments?post=165023"}],"version-history":[{"count":0,"href":"https:\/\/portaltela.pt\/api\/wp\/v2\/posts\/165023\/revisions"}],"wp:featuredmedia":[{"embeddable":true,"href":"https:\/\/portaltela.pt\/api\/wp\/v2\/media\/165050"}],"wp:attachment":[{"href":"https:\/\/portaltela.pt\/api\/wp\/v2\/media?parent=165023"}],"wp:term":[{"taxonomy":"category","embeddable":true,"href":"https:\/\/portaltela.pt\/api\/wp\/v2\/categories?post=165023"},{"taxonomy":"post_tag","embeddable":true,"href":"https:\/\/portaltela.pt\/api\/wp\/v2\/tags?post=165023"}],"curies":[{"name":"wp","href":"https:\/\/api.w.org\/{rel}","templated":true}]}}