{"id":165007,"date":"2026-01-22T17:58:00","date_gmt":"2026-01-22T20:58:00","guid":{"rendered":"https:\/\/portaltela.pt\/noticias\/2026\/01\/22\/montenegro-diz-ser-altura-de-reafirmar-unidade-e-firmeza-da-ue\/"},"modified":"2026-01-22T17:58:00","modified_gmt":"2026-01-22T20:58:00","slug":"montenegro-diz-ser-altura-de-reafirmar-unidade-e-firmeza-da-ue","status":"publish","type":"post","link":"https:\/\/portaltela.pt\/noticias\/2026\/01\/22\/montenegro-diz-ser-altura-de-reafirmar-unidade-e-firmeza-da-ue\/","title":{"rendered":"Montenegro diz ser altura de reafirmar unidade e firmeza da UE"},"content":{"rendered":"<p>Lu\u00eds Montenegro, primeiro-ministro de Portugal, afirmou que \u00e9 o momento de reafirmar a unidade e a firmeza da Uni\u00e3o Europeia. O foco est\u00e1 na defesa dos princ\u00edpios de soberania e da integridade territorial dos Estados, na prioridade \u00e0 rela\u00e7\u00e3o transatl\u00e2ntica com os EUA e na exig\u00eancia de posi\u00e7\u00e3o firme nessa esfera.<\/p>\n<p>O chefe do Governo fez as declara\u00e7\u00f5es \u00e0 chegada \u00e0 reuni\u00e3o extraordin\u00e1ria do Conselho Europeu, em Bruxelas. O encontro \u00e9 descrito como informal, mas de grande relev\u00e2ncia, num contexto pol\u00edtico, econ\u00f3mico e de seguran\u00e7a coletiva.<\/p>\n<p>Montenegro indicou que as tens\u00f5es recentes, ainda que atenuadas, servem de li\u00e7\u00e3o: quando a Europa permanece unida, os seus pontos de vista recebem maior salvaguarda. O coment\u00e1rio incidiu sobre a necessidade de coer\u00eancia europeia face a desafios regionais e globais.<\/p>\n<h3>Contexto e pr\u00f3ximos passos<\/h3>\n<p>A audi\u00eancia no Conselho Europeu ocorre numa fase de avalia\u00e7\u00e3o de estrat\u00e9gias comuns. O objetivo \u00e9 consolidar uma posi\u00e7\u00e3o partilhada entre os Estados-membros, refor\u00e7ando a coopera\u00e7\u00e3o em \u00e1reas de soberania, seguran\u00e7a e rela\u00e7\u00f5es transatl\u00e2nticas.<\/p>\n","protected":false},"excerpt":{"rendered":"<ul>\n<li>O chefe do Governo de Portugal, Lu\u00eds Montenegro, afirmou que \u00e9 altura de reafirmar a unidade e a firmeza da Europa na defesa dos princ\u00edpios de soberania e da integridade territorial dos Estados-membros.<\/li>\n<li>Montenegro enfatizou a import\u00e2ncia de privilegiar a rela\u00e7\u00e3o transatl\u00e2ntica com os Estados Unidos da Am\u00e9rica e de ser intransigente nesse dom\u00ednio.<\/li>\n<li>As declara\u00e7\u00f5es foram feitas na chegada \u00e0 reuni\u00e3o extraordin\u00e1ria do Conselho Europeu, em Bruxelas.<\/li>\n<li>O l\u00edder afirmou que a reuni\u00e3o informal \u00e9 \u201cmuito importante\u201d e \u201ccrucial\u201d do ponto de vista pol\u00edtico, econ\u00f3mico e de seguran\u00e7a coletiva.<\/li>\n<li>Segundo Montenegro, uma li\u00e7\u00e3o das tens\u00f5es atuais \u00e9 que, quando a Europa est\u00e1 firme e unida, os seus pontos de vista podem ser salvaguardados.<\/li>\n<\/ul>\n","protected":false},"author":2,"featured_media":165010,"comment_status":"closed","ping_status":"closed","sticky":false,"template":"","format":"standard","meta":{"footnotes":""},"categories":[1],"tags":[3161,2502,1600,2016,27,2055],"class_list":["post-165007","post","type-post","status-publish","format-standard","has-post-thumbnail","hentry","category-noticias","tag-bruxelas","tag-conselho-europeu","tag-estados-unidos","tag-integridade-territorial","tag-relacoes-internacionais","tag-uniao-europeia"],"yoast_head":"<!-- This site is optimized with the Yoast SEO plugin v27.2 - https:\/\/yoast.com\/product\/yoast-seo-wordpress\/ -->\n<title>Montenegro diz ser altura de reafirmar unidade e firmeza da UE - Portal Tela Portugal<\/title>\n<meta name=\"robots\" content=\"index, follow, max-snippet:-1, max-image-preview:large, max-video-preview:-1\" \/>\n<meta property=\"og:locale\" content=\"pt_PT\" \/>\n<meta property=\"og:type\" content=\"article\" \/>\n<meta property=\"og:title\" content=\"Montenegro diz ser altura de reafirmar unidade e firmeza da UE - Portal Tela Portugal\" \/>\n<meta property=\"og:description\" content=\"O chefe do Governo de Portugal, Lu\u00eds Montenegro, afirmou que \u00e9 altura de reafirmar a unidade e a firmeza da Europa na defesa dos princ\u00edpios de soberania e da integridade territorial dos Estados-membros. Montenegro enfatizou a import\u00e2ncia de privilegiar a rela\u00e7\u00e3o transatl\u00e2ntica com os Estados Unidos da Am\u00e9rica e de ser intransigente nesse dom\u00ednio. As declara\u00e7\u00f5es foram feitas na chegada \u00e0 reuni\u00e3o extraordin\u00e1ria do Conselho Europeu, em Bruxelas. O l\u00edder afirmou que a reuni\u00e3o informal \u00e9 \u201cmuito importante\u201d e \u201ccrucial\u201d do ponto de vista pol\u00edtico, econ\u00f3mico e de seguran\u00e7a coletiva. Segundo Montenegro, uma li\u00e7\u00e3o das tens\u00f5es atuais \u00e9 que, quando a Europa est\u00e1 firme e unida, os seus pontos de vista podem ser salvaguardados.\" \/>\n<meta property=\"og:url\" content=\"https:\/\/portaltela.pt\/noticias\/2026\/01\/22\/montenegro-diz-ser-altura-de-reafirmar-unidade-e-firmeza-da-ue\/\" \/>\n<meta property=\"og:site_name\" content=\"Portal Tela Portugal\" \/>\n<meta property=\"article:published_time\" content=\"2026-01-22T20:58:00+00:00\" \/>\n<meta name=\"author\" content=\"Telinha\" \/>\n<meta name=\"twitter:card\" content=\"summary_large_image\" \/>\n<meta name=\"twitter:label1\" content=\"Escrito por\" \/>\n\t<meta name=\"twitter:data1\" content=\"Telinha\" \/>\n\t<meta name=\"twitter:label2\" content=\"Tempo estimado de leitura\" \/>\n\t<meta name=\"twitter:data2\" content=\"1 minuto\" \/>\n<script type=\"application\/ld+json\" class=\"yoast-schema-graph\">{\"@context\":\"https:\/\/schema.org\",\"@graph\":[{\"@type\":\"Article\",\"@id\":\"https:\/\/portaltela.pt\/noticias\/2026\/01\/22\/montenegro-diz-ser-altura-de-reafirmar-unidade-e-firmeza-da-ue\/#article\",\"isPartOf\":{\"@id\":\"https:\/\/portaltela.pt\/noticias\/2026\/01\/22\/montenegro-diz-ser-altura-de-reafirmar-unidade-e-firmeza-da-ue\/\"},\"author\":{\"name\":\"Telinha\",\"@id\":\"https:\/\/portaltela.pt\/#\/schema\/person\/c4278d4a6028830caff9ee44b42d32ed\"},\"headline\":\"Montenegro diz ser altura de reafirmar unidade e firmeza da UE\",\"datePublished\":\"2026-01-22T20:58:00+00:00\",\"mainEntityOfPage\":{\"@id\":\"https:\/\/portaltela.pt\/noticias\/2026\/01\/22\/montenegro-diz-ser-altura-de-reafirmar-unidade-e-firmeza-da-ue\/\"},\"wordCount\":197,\"image\":{\"@id\":\"https:\/\/portaltela.pt\/noticias\/2026\/01\/22\/montenegro-diz-ser-altura-de-reafirmar-unidade-e-firmeza-da-ue\/#primaryimage\"},\"thumbnailUrl\":\"https:\/\/portaltela.pt\/s.01k8rhncp4jt1\/2026\/01\/image-1479.jpg\",\"keywords\":[\"Bruxelas\",\"Conselho Europeu\",\"Estados Unidos\",\"integridade territorial\",\"rela\u00e7\u00f5es internacionais\",\"Uni\u00e3o Europeia\"],\"articleSection\":[\"Not\u00edcias\"],\"inLanguage\":\"pt-PT\"},{\"@type\":\"WebPage\",\"@id\":\"https:\/\/portaltela.pt\/noticias\/2026\/01\/22\/montenegro-diz-ser-altura-de-reafirmar-unidade-e-firmeza-da-ue\/\",\"url\":\"https:\/\/portaltela.pt\/noticias\/2026\/01\/22\/montenegro-diz-ser-altura-de-reafirmar-unidade-e-firmeza-da-ue\/\",\"name\":\"Montenegro diz ser altura de reafirmar unidade e firmeza da UE - Portal Tela Portugal\",\"isPartOf\":{\"@id\":\"https:\/\/portaltela.pt\/#website\"},\"primaryImageOfPage\":{\"@id\":\"https:\/\/portaltela.pt\/noticias\/2026\/01\/22\/montenegro-diz-ser-altura-de-reafirmar-unidade-e-firmeza-da-ue\/#primaryimage\"},\"image\":{\"@id\":\"https:\/\/portaltela.pt\/noticias\/2026\/01\/22\/montenegro-diz-ser-altura-de-reafirmar-unidade-e-firmeza-da-ue\/#primaryimage\"},\"thumbnailUrl\":\"https:\/\/portaltela.pt\/s.01k8rhncp4jt1\/2026\/01\/image-1479.jpg\",\"datePublished\":\"2026-01-22T20:58:00+00:00\",\"author\":{\"@id\":\"https:\/\/portaltela.pt\/#\/schema\/person\/c4278d4a6028830caff9ee44b42d32ed\"},\"breadcrumb\":{\"@id\":\"https:\/\/portaltela.pt\/noticias\/2026\/01\/22\/montenegro-diz-ser-altura-de-reafirmar-unidade-e-firmeza-da-ue\/#breadcrumb\"},\"inLanguage\":\"pt-PT\",\"potentialAction\":[{\"@type\":\"ReadAction\",\"target\":[\"https:\/\/portaltela.pt\/noticias\/2026\/01\/22\/montenegro-diz-ser-altura-de-reafirmar-unidade-e-firmeza-da-ue\/\"]}]},{\"@type\":\"ImageObject\",\"inLanguage\":\"pt-PT\",\"@id\":\"https:\/\/portaltela.pt\/noticias\/2026\/01\/22\/montenegro-diz-ser-altura-de-reafirmar-unidade-e-firmeza-da-ue\/#primaryimage\",\"url\":\"https:\/\/portaltela.pt\/s.01k8rhncp4jt1\/2026\/01\/image-1479.jpg\",\"contentUrl\":\"https:\/\/portaltela.pt\/s.01k8rhncp4jt1\/2026\/01\/image-1479.jpg\",\"width\":796,\"height\":448,\"caption\":\"O primeiro-ministro, Luis Montenegro\"},{\"@type\":\"BreadcrumbList\",\"@id\":\"https:\/\/portaltela.pt\/noticias\/2026\/01\/22\/montenegro-diz-ser-altura-de-reafirmar-unidade-e-firmeza-da-ue\/#breadcrumb\",\"itemListElement\":[{\"@type\":\"ListItem\",\"position\":1,\"name\":\"In\u00edcio\",\"item\":\"https:\/\/portaltela.pt\/\"},{\"@type\":\"ListItem\",\"position\":2,\"name\":\"Montenegro diz ser altura de reafirmar unidade e firmeza da UE\"}]},{\"@type\":\"WebSite\",\"@id\":\"https:\/\/portaltela.pt\/#website\",\"url\":\"https:\/\/portaltela.pt\/\",\"name\":\"Portal Tela Portugal\",\"description\":\"\",\"potentialAction\":[{\"@type\":\"SearchAction\",\"target\":{\"@type\":\"EntryPoint\",\"urlTemplate\":\"https:\/\/portaltela.pt\/?s={search_term_string}\"},\"query-input\":{\"@type\":\"PropertyValueSpecification\",\"valueRequired\":true,\"valueName\":\"search_term_string\"}}],\"inLanguage\":\"pt-PT\"},{\"@type\":\"Person\",\"@id\":\"https:\/\/portaltela.pt\/#\/schema\/person\/c4278d4a6028830caff9ee44b42d32ed\",\"name\":\"Telinha\",\"image\":{\"@type\":\"ImageObject\",\"inLanguage\":\"pt-PT\",\"@id\":\"https:\/\/portaltela.pt\/s.01k8rhncp4jt1\/2025\/11\/talking-bot-125x125.png\",\"url\":\"https:\/\/portaltela.pt\/s.01k8rhncp4jt1\/2025\/11\/talking-bot-125x125.png\",\"contentUrl\":\"https:\/\/portaltela.pt\/s.01k8rhncp4jt1\/2025\/11\/talking-bot-125x125.png\",\"caption\":\"Telinha\"},\"sameAs\":[\"https:\/\/portaltela.pt\/\"],\"url\":\"https:\/\/portaltela.pt\/por\/367410592786\/\"}]}<\/script>\n<!-- \/ Yoast SEO plugin. -->","yoast_head_json":{"title":"Montenegro diz ser altura de reafirmar unidade e firmeza da UE - Portal Tela Portugal","robots":{"index":"index","follow":"follow","max-snippet":"max-snippet:-1","max-image-preview":"max-image-preview:large","max-video-preview":"max-video-preview:-1"},"og_locale":"pt_PT","og_type":"article","og_title":"Montenegro diz ser altura de reafirmar unidade e firmeza da UE - Portal Tela Portugal","og_description":"O chefe do Governo de Portugal, Lu\u00eds Montenegro, afirmou que \u00e9 altura de reafirmar a unidade e a firmeza da Europa na defesa dos princ\u00edpios de soberania e da integridade territorial dos Estados-membros. Montenegro enfatizou a import\u00e2ncia de privilegiar a rela\u00e7\u00e3o transatl\u00e2ntica com os Estados Unidos da Am\u00e9rica e de ser intransigente nesse dom\u00ednio. As declara\u00e7\u00f5es foram feitas na chegada \u00e0 reuni\u00e3o extraordin\u00e1ria do Conselho Europeu, em Bruxelas. O l\u00edder afirmou que a reuni\u00e3o informal \u00e9 \u201cmuito importante\u201d e \u201ccrucial\u201d do ponto de vista pol\u00edtico, econ\u00f3mico e de seguran\u00e7a coletiva. Segundo Montenegro, uma li\u00e7\u00e3o das tens\u00f5es atuais \u00e9 que, quando a Europa est\u00e1 firme e unida, os seus pontos de vista podem ser salvaguardados.","og_url":"https:\/\/portaltela.pt\/noticias\/2026\/01\/22\/montenegro-diz-ser-altura-de-reafirmar-unidade-e-firmeza-da-ue\/","og_site_name":"Portal Tela Portugal","article_published_time":"2026-01-22T20:58:00+00:00","author":"Telinha","twitter_card":"summary_large_image","twitter_misc":{"Escrito por":"Telinha","Tempo estimado de leitura":"1 minuto"},"schema":{"@context":"https:\/\/schema.org","@graph":[{"@type":"Article","@id":"https:\/\/portaltela.pt\/noticias\/2026\/01\/22\/montenegro-diz-ser-altura-de-reafirmar-unidade-e-firmeza-da-ue\/#article","isPartOf":{"@id":"https:\/\/portaltela.pt\/noticias\/2026\/01\/22\/montenegro-diz-ser-altura-de-reafirmar-unidade-e-firmeza-da-ue\/"},"author":{"name":"Telinha","@id":"https:\/\/portaltela.pt\/#\/schema\/person\/c4278d4a6028830caff9ee44b42d32ed"},"headline":"Montenegro diz ser altura de reafirmar unidade e firmeza da UE","datePublished":"2026-01-22T20:58:00+00:00","mainEntityOfPage":{"@id":"https:\/\/portaltela.pt\/noticias\/2026\/01\/22\/montenegro-diz-ser-altura-de-reafirmar-unidade-e-firmeza-da-ue\/"},"wordCount":197,"image":{"@id":"https:\/\/portaltela.pt\/noticias\/2026\/01\/22\/montenegro-diz-ser-altura-de-reafirmar-unidade-e-firmeza-da-ue\/#primaryimage"},"thumbnailUrl":"https:\/\/portaltela.pt\/s.01k8rhncp4jt1\/2026\/01\/image-1479.jpg","keywords":["Bruxelas","Conselho Europeu","Estados Unidos","integridade territorial","rela\u00e7\u00f5es internacionais","Uni\u00e3o Europeia"],"articleSection":["Not\u00edcias"],"inLanguage":"pt-PT"},{"@type":"WebPage","@id":"https:\/\/portaltela.pt\/noticias\/2026\/01\/22\/montenegro-diz-ser-altura-de-reafirmar-unidade-e-firmeza-da-ue\/","url":"https:\/\/portaltela.pt\/noticias\/2026\/01\/22\/montenegro-diz-ser-altura-de-reafirmar-unidade-e-firmeza-da-ue\/","name":"Montenegro diz ser altura de reafirmar unidade e firmeza da UE - Portal Tela Portugal","isPartOf":{"@id":"https:\/\/portaltela.pt\/#website"},"primaryImageOfPage":{"@id":"https:\/\/portaltela.pt\/noticias\/2026\/01\/22\/montenegro-diz-ser-altura-de-reafirmar-unidade-e-firmeza-da-ue\/#primaryimage"},"image":{"@id":"https:\/\/portaltela.pt\/noticias\/2026\/01\/22\/montenegro-diz-ser-altura-de-reafirmar-unidade-e-firmeza-da-ue\/#primaryimage"},"thumbnailUrl":"https:\/\/portaltela.pt\/s.01k8rhncp4jt1\/2026\/01\/image-1479.jpg","datePublished":"2026-01-22T20:58:00+00:00","author":{"@id":"https:\/\/portaltela.pt\/#\/schema\/person\/c4278d4a6028830caff9ee44b42d32ed"},"breadcrumb":{"@id":"https:\/\/portaltela.pt\/noticias\/2026\/01\/22\/montenegro-diz-ser-altura-de-reafirmar-unidade-e-firmeza-da-ue\/#breadcrumb"},"inLanguage":"pt-PT","potentialAction":[{"@type":"ReadAction","target":["https:\/\/portaltela.pt\/noticias\/2026\/01\/22\/montenegro-diz-ser-altura-de-reafirmar-unidade-e-firmeza-da-ue\/"]}]},{"@type":"ImageObject","inLanguage":"pt-PT","@id":"https:\/\/portaltela.pt\/noticias\/2026\/01\/22\/montenegro-diz-ser-altura-de-reafirmar-unidade-e-firmeza-da-ue\/#primaryimage","url":"https:\/\/portaltela.pt\/s.01k8rhncp4jt1\/2026\/01\/image-1479.jpg","contentUrl":"https:\/\/portaltela.pt\/s.01k8rhncp4jt1\/2026\/01\/image-1479.jpg","width":796,"height":448,"caption":"O primeiro-ministro, Luis Montenegro"},{"@type":"BreadcrumbList","@id":"https:\/\/portaltela.pt\/noticias\/2026\/01\/22\/montenegro-diz-ser-altura-de-reafirmar-unidade-e-firmeza-da-ue\/#breadcrumb","itemListElement":[{"@type":"ListItem","position":1,"name":"In\u00edcio","item":"https:\/\/portaltela.pt\/"},{"@type":"ListItem","position":2,"name":"Montenegro diz ser altura de reafirmar unidade e firmeza da UE"}]},{"@type":"WebSite","@id":"https:\/\/portaltela.pt\/#website","url":"https:\/\/portaltela.pt\/","name":"Portal Tela Portugal","description":"","potentialAction":[{"@type":"SearchAction","target":{"@type":"EntryPoint","urlTemplate":"https:\/\/portaltela.pt\/?s={search_term_string}"},"query-input":{"@type":"PropertyValueSpecification","valueRequired":true,"valueName":"search_term_string"}}],"inLanguage":"pt-PT"},{"@type":"Person","@id":"https:\/\/portaltela.pt\/#\/schema\/person\/c4278d4a6028830caff9ee44b42d32ed","name":"Telinha","image":{"@type":"ImageObject","inLanguage":"pt-PT","@id":"https:\/\/portaltela.pt\/s.01k8rhncp4jt1\/2025\/11\/talking-bot-125x125.png","url":"https:\/\/portaltela.pt\/s.01k8rhncp4jt1\/2025\/11\/talking-bot-125x125.png","contentUrl":"https:\/\/portaltela.pt\/s.01k8rhncp4jt1\/2025\/11\/talking-bot-125x125.png","caption":"Telinha"},"sameAs":["https:\/\/portaltela.pt\/"],"url":"https:\/\/portaltela.pt\/por\/367410592786\/"}]}},"_links":{"self":[{"href":"https:\/\/portaltela.pt\/api\/wp\/v2\/posts\/165007","targetHints":{"allow":["GET"]}}],"collection":[{"href":"https:\/\/portaltela.pt\/api\/wp\/v2\/posts"}],"about":[{"href":"https:\/\/portaltela.pt\/api\/wp\/v2\/types\/post"}],"author":[{"embeddable":true,"href":"https:\/\/portaltela.pt\/api\/wp\/v2\/users\/2"}],"replies":[{"embeddable":true,"href":"https:\/\/portaltela.pt\/api\/wp\/v2\/comments?post=165007"}],"version-history":[{"count":0,"href":"https:\/\/portaltela.pt\/api\/wp\/v2\/posts\/165007\/revisions"}],"wp:featuredmedia":[{"embeddable":true,"href":"https:\/\/portaltela.pt\/api\/wp\/v2\/media\/165010"}],"wp:attachment":[{"href":"https:\/\/portaltela.pt\/api\/wp\/v2\/media?parent=165007"}],"wp:term":[{"taxonomy":"category","embeddable":true,"href":"https:\/\/portaltela.pt\/api\/wp\/v2\/categories?post=165007"},{"taxonomy":"post_tag","embeddable":true,"href":"https:\/\/portaltela.pt\/api\/wp\/v2\/tags?post=165007"}],"curies":[{"name":"wp","href":"https:\/\/api.w.org\/{rel}","templated":true}]}}