{"id":164983,"date":"2026-01-22T17:50:28","date_gmt":"2026-01-22T20:50:28","guid":{"rendered":"https:\/\/portaltela.pt\/noticias\/2026\/01\/22\/emery-envolvido-em-desentendimento-com-tielemans-apos-substituicao-aos-90-2\/"},"modified":"2026-01-22T17:50:28","modified_gmt":"2026-01-22T20:50:28","slug":"emery-envolvido-em-desentendimento-com-tielemans-apos-substituicao-aos-90-2","status":"publish","type":"post","link":"https:\/\/portaltela.pt\/desporto\/futebol\/2026\/01\/22\/emery-envolvido-em-desentendimento-com-tielemans-apos-substituicao-aos-90-2\/","title":{"rendered":"Emery envolvido em desentendimento com Tielemans ap\u00f3s substitui\u00e7\u00e3o aos 90+2"},"content":{"rendered":"<p>O Aston Villa derrotou o Fenerbah\u00e7e fora de casa e garantiu a passagem aos oitavos de final da Liga Europa. O triunfo permitiu aos ingleses avan\u00e7arem na competi\u00e7\u00e3o, com o desfecho oficial ainda marcado pelo objetivo alcan\u00e7ado.<\/p>\n<p>A noite na Turquia ficou marcada por uma substitui\u00e7\u00e3o no minuto 90&#8217;+2, que gerou desagrado no banco de Vila. Youri Tielemans foi retirado, houve um toque de descontentamento, e Unai Emery acabou por empurrar o jogador para longe.<\/p>\n<h3>Incidente entre treinadores<\/h3>\n<p>A situa\u00e7\u00e3o gerou controv\u00e9rsia entre a equipa t\u00e9cnica e o jogador, com relatos a sugerirem que houve empurr\u00e3o de Emery ao belga. O contexto completo do incidente n\u00e3o ficou claro, mas n\u00e3o houve coment\u00e1rios oficiais imediatos sobre o epis\u00f3dio.<\/p>\n","protected":false},"excerpt":{"rendered":"<ul>\n<li>O Aston Villa derrotou o Fenerbah\u00e7e fora de casa e carimbou o apuramento para os oitavos de final da Liga Europa.<\/li>\n<li>Tielemans foi substitu\u00eddo aos 90&#8217;+2 e reagiu com um toque informal de desagrado.<\/li>\n<li>Segundo relatos, o treinador Unai Emery empurrou o jogador para longe ap\u00f3s a substitui\u00e7\u00e3o.<\/li>\n<li>A natureza exacta do incidente n\u00e3o \u00e9 totalmente clara, mas houve desentendimento entre Emery e Tielemans ap\u00f3s a substitui\u00e7\u00e3o.<\/li>\n<\/ul>\n","protected":false},"author":2,"featured_media":164999,"comment_status":"closed","ping_status":"closed","sticky":false,"template":"","format":"standard","meta":{"footnotes":""},"categories":[21,24],"tags":[152,2487,32,3338,2477,2393],"class_list":["post-164983","post","type-post","status-publish","format-standard","has-post-thumbnail","hentry","category-desporto","category-futebol","tag-desporto","tag-europa","tag-futebol","tag-futebol-internacional","tag-treinadores","tag-unai-emery"],"yoast_head":"<!-- This site is optimized with the Yoast SEO plugin v27.2 - https:\/\/yoast.com\/product\/yoast-seo-wordpress\/ -->\n<title>Emery envolvido em desentendimento com Tielemans ap\u00f3s substitui\u00e7\u00e3o aos 90+2 - Portal Tela Portugal<\/title>\n<meta name=\"robots\" content=\"index, follow, max-snippet:-1, max-image-preview:large, max-video-preview:-1\" \/>\n<meta property=\"og:locale\" content=\"pt_PT\" \/>\n<meta property=\"og:type\" content=\"article\" \/>\n<meta property=\"og:title\" content=\"Emery envolvido em desentendimento com Tielemans ap\u00f3s substitui\u00e7\u00e3o aos 90+2 - Portal Tela Portugal\" \/>\n<meta property=\"og:description\" content=\"O Aston Villa derrotou o Fenerbah\u00e7e fora de casa e carimbou o apuramento para os oitavos de final da Liga Europa. Tielemans foi substitu\u00eddo aos 90&#039;+2 e reagiu com um toque informal de desagrado. Segundo relatos, o treinador Unai Emery empurrou o jogador para longe ap\u00f3s a substitui\u00e7\u00e3o. A natureza exacta do incidente n\u00e3o \u00e9 totalmente clara, mas houve desentendimento entre Emery e Tielemans ap\u00f3s a substitui\u00e7\u00e3o.\" \/>\n<meta property=\"og:url\" content=\"https:\/\/portaltela.pt\/noticias\/2026\/01\/22\/emery-envolvido-em-desentendimento-com-tielemans-apos-substituicao-aos-90-2\/\" \/>\n<meta property=\"og:site_name\" content=\"Portal Tela Portugal\" \/>\n<meta property=\"article:published_time\" content=\"2026-01-22T20:50:28+00:00\" \/>\n<meta name=\"author\" content=\"Telinha\" \/>\n<meta name=\"twitter:card\" content=\"summary_large_image\" \/>\n<meta name=\"twitter:label1\" content=\"Escrito por\" \/>\n\t<meta name=\"twitter:data1\" content=\"Telinha\" \/>\n\t<meta name=\"twitter:label2\" content=\"Tempo estimado de leitura\" \/>\n\t<meta name=\"twitter:data2\" content=\"1 minuto\" \/>\n<script type=\"application\/ld+json\" class=\"yoast-schema-graph\">{\"@context\":\"https:\/\/schema.org\",\"@graph\":[{\"@type\":\"Article\",\"@id\":\"https:\/\/portaltela.pt\/noticias\/2026\/01\/22\/emery-envolvido-em-desentendimento-com-tielemans-apos-substituicao-aos-90-2\/#article\",\"isPartOf\":{\"@id\":\"https:\/\/portaltela.pt\/noticias\/2026\/01\/22\/emery-envolvido-em-desentendimento-com-tielemans-apos-substituicao-aos-90-2\/\"},\"author\":{\"name\":\"Telinha\",\"@id\":\"https:\/\/portaltela.pt\/#\/schema\/person\/c4278d4a6028830caff9ee44b42d32ed\"},\"headline\":\"Emery envolvido em desentendimento com Tielemans ap\u00f3s substitui\u00e7\u00e3o aos 90+2\",\"datePublished\":\"2026-01-22T20:50:28+00:00\",\"mainEntityOfPage\":{\"@id\":\"https:\/\/portaltela.pt\/noticias\/2026\/01\/22\/emery-envolvido-em-desentendimento-com-tielemans-apos-substituicao-aos-90-2\/\"},\"wordCount\":140,\"image\":{\"@id\":\"https:\/\/portaltela.pt\/noticias\/2026\/01\/22\/emery-envolvido-em-desentendimento-com-tielemans-apos-substituicao-aos-90-2\/#primaryimage\"},\"thumbnailUrl\":\"https:\/\/portaltela.pt\/s.01k8rhncp4jt1\/2026\/01\/img_1200x721uu2026-01-22-20-47-46-2416688-1.jpg\",\"keywords\":[\"desporto\",\"Europa\",\"futebol\",\"futebol internacional\",\"treinadores\",\"Unai Emery\"],\"articleSection\":[\"Desporto\",\"Futebol\"],\"inLanguage\":\"pt-PT\"},{\"@type\":\"WebPage\",\"@id\":\"https:\/\/portaltela.pt\/noticias\/2026\/01\/22\/emery-envolvido-em-desentendimento-com-tielemans-apos-substituicao-aos-90-2\/\",\"url\":\"https:\/\/portaltela.pt\/noticias\/2026\/01\/22\/emery-envolvido-em-desentendimento-com-tielemans-apos-substituicao-aos-90-2\/\",\"name\":\"Emery envolvido em desentendimento com Tielemans ap\u00f3s substitui\u00e7\u00e3o aos 90+2 - Portal Tela Portugal\",\"isPartOf\":{\"@id\":\"https:\/\/portaltela.pt\/#website\"},\"primaryImageOfPage\":{\"@id\":\"https:\/\/portaltela.pt\/noticias\/2026\/01\/22\/emery-envolvido-em-desentendimento-com-tielemans-apos-substituicao-aos-90-2\/#primaryimage\"},\"image\":{\"@id\":\"https:\/\/portaltela.pt\/noticias\/2026\/01\/22\/emery-envolvido-em-desentendimento-com-tielemans-apos-substituicao-aos-90-2\/#primaryimage\"},\"thumbnailUrl\":\"https:\/\/portaltela.pt\/s.01k8rhncp4jt1\/2026\/01\/img_1200x721uu2026-01-22-20-47-46-2416688-1.jpg\",\"datePublished\":\"2026-01-22T20:50:28+00:00\",\"author\":{\"@id\":\"https:\/\/portaltela.pt\/#\/schema\/person\/c4278d4a6028830caff9ee44b42d32ed\"},\"breadcrumb\":{\"@id\":\"https:\/\/portaltela.pt\/noticias\/2026\/01\/22\/emery-envolvido-em-desentendimento-com-tielemans-apos-substituicao-aos-90-2\/#breadcrumb\"},\"inLanguage\":\"pt-PT\",\"potentialAction\":[{\"@type\":\"ReadAction\",\"target\":[\"https:\/\/portaltela.pt\/noticias\/2026\/01\/22\/emery-envolvido-em-desentendimento-com-tielemans-apos-substituicao-aos-90-2\/\"]}]},{\"@type\":\"ImageObject\",\"inLanguage\":\"pt-PT\",\"@id\":\"https:\/\/portaltela.pt\/noticias\/2026\/01\/22\/emery-envolvido-em-desentendimento-com-tielemans-apos-substituicao-aos-90-2\/#primaryimage\",\"url\":\"https:\/\/portaltela.pt\/s.01k8rhncp4jt1\/2026\/01\/img_1200x721uu2026-01-22-20-47-46-2416688-1.jpg\",\"contentUrl\":\"https:\/\/portaltela.pt\/s.01k8rhncp4jt1\/2026\/01\/img_1200x721uu2026-01-22-20-47-46-2416688-1.jpg\",\"width\":796,\"height\":448,\"caption\":\"Tens\u00e3o entre Emery e Tielemans ap\u00f3s substitui\u00e7\u00e3o no Aston Villa-Fenerbah\u00e7e\"},{\"@type\":\"BreadcrumbList\",\"@id\":\"https:\/\/portaltela.pt\/noticias\/2026\/01\/22\/emery-envolvido-em-desentendimento-com-tielemans-apos-substituicao-aos-90-2\/#breadcrumb\",\"itemListElement\":[{\"@type\":\"ListItem\",\"position\":1,\"name\":\"In\u00edcio\",\"item\":\"https:\/\/portaltela.pt\/\"},{\"@type\":\"ListItem\",\"position\":2,\"name\":\"Emery envolvido em desentendimento com Tielemans ap\u00f3s substitui\u00e7\u00e3o aos 90+2\"}]},{\"@type\":\"WebSite\",\"@id\":\"https:\/\/portaltela.pt\/#website\",\"url\":\"https:\/\/portaltela.pt\/\",\"name\":\"Portal Tela Portugal\",\"description\":\"\",\"potentialAction\":[{\"@type\":\"SearchAction\",\"target\":{\"@type\":\"EntryPoint\",\"urlTemplate\":\"https:\/\/portaltela.pt\/?s={search_term_string}\"},\"query-input\":{\"@type\":\"PropertyValueSpecification\",\"valueRequired\":true,\"valueName\":\"search_term_string\"}}],\"inLanguage\":\"pt-PT\"},{\"@type\":\"Person\",\"@id\":\"https:\/\/portaltela.pt\/#\/schema\/person\/c4278d4a6028830caff9ee44b42d32ed\",\"name\":\"Telinha\",\"image\":{\"@type\":\"ImageObject\",\"inLanguage\":\"pt-PT\",\"@id\":\"https:\/\/portaltela.pt\/s.01k8rhncp4jt1\/2025\/11\/talking-bot-125x125.png\",\"url\":\"https:\/\/portaltela.pt\/s.01k8rhncp4jt1\/2025\/11\/talking-bot-125x125.png\",\"contentUrl\":\"https:\/\/portaltela.pt\/s.01k8rhncp4jt1\/2025\/11\/talking-bot-125x125.png\",\"caption\":\"Telinha\"},\"sameAs\":[\"https:\/\/portaltela.pt\/\"],\"url\":\"https:\/\/portaltela.pt\/por\/367410592786\/\"}]}<\/script>\n<!-- \/ Yoast SEO plugin. -->","yoast_head_json":{"title":"Emery envolvido em desentendimento com Tielemans ap\u00f3s substitui\u00e7\u00e3o aos 90+2 - Portal Tela Portugal","robots":{"index":"index","follow":"follow","max-snippet":"max-snippet:-1","max-image-preview":"max-image-preview:large","max-video-preview":"max-video-preview:-1"},"og_locale":"pt_PT","og_type":"article","og_title":"Emery envolvido em desentendimento com Tielemans ap\u00f3s substitui\u00e7\u00e3o aos 90+2 - Portal Tela Portugal","og_description":"O Aston Villa derrotou o Fenerbah\u00e7e fora de casa e carimbou o apuramento para os oitavos de final da Liga Europa. Tielemans foi substitu\u00eddo aos 90'+2 e reagiu com um toque informal de desagrado. Segundo relatos, o treinador Unai Emery empurrou o jogador para longe ap\u00f3s a substitui\u00e7\u00e3o. A natureza exacta do incidente n\u00e3o \u00e9 totalmente clara, mas houve desentendimento entre Emery e Tielemans ap\u00f3s a substitui\u00e7\u00e3o.","og_url":"https:\/\/portaltela.pt\/noticias\/2026\/01\/22\/emery-envolvido-em-desentendimento-com-tielemans-apos-substituicao-aos-90-2\/","og_site_name":"Portal Tela Portugal","article_published_time":"2026-01-22T20:50:28+00:00","author":"Telinha","twitter_card":"summary_large_image","twitter_misc":{"Escrito por":"Telinha","Tempo estimado de leitura":"1 minuto"},"schema":{"@context":"https:\/\/schema.org","@graph":[{"@type":"Article","@id":"https:\/\/portaltela.pt\/noticias\/2026\/01\/22\/emery-envolvido-em-desentendimento-com-tielemans-apos-substituicao-aos-90-2\/#article","isPartOf":{"@id":"https:\/\/portaltela.pt\/noticias\/2026\/01\/22\/emery-envolvido-em-desentendimento-com-tielemans-apos-substituicao-aos-90-2\/"},"author":{"name":"Telinha","@id":"https:\/\/portaltela.pt\/#\/schema\/person\/c4278d4a6028830caff9ee44b42d32ed"},"headline":"Emery envolvido em desentendimento com Tielemans ap\u00f3s substitui\u00e7\u00e3o aos 90+2","datePublished":"2026-01-22T20:50:28+00:00","mainEntityOfPage":{"@id":"https:\/\/portaltela.pt\/noticias\/2026\/01\/22\/emery-envolvido-em-desentendimento-com-tielemans-apos-substituicao-aos-90-2\/"},"wordCount":140,"image":{"@id":"https:\/\/portaltela.pt\/noticias\/2026\/01\/22\/emery-envolvido-em-desentendimento-com-tielemans-apos-substituicao-aos-90-2\/#primaryimage"},"thumbnailUrl":"https:\/\/portaltela.pt\/s.01k8rhncp4jt1\/2026\/01\/img_1200x721uu2026-01-22-20-47-46-2416688-1.jpg","keywords":["desporto","Europa","futebol","futebol internacional","treinadores","Unai Emery"],"articleSection":["Desporto","Futebol"],"inLanguage":"pt-PT"},{"@type":"WebPage","@id":"https:\/\/portaltela.pt\/noticias\/2026\/01\/22\/emery-envolvido-em-desentendimento-com-tielemans-apos-substituicao-aos-90-2\/","url":"https:\/\/portaltela.pt\/noticias\/2026\/01\/22\/emery-envolvido-em-desentendimento-com-tielemans-apos-substituicao-aos-90-2\/","name":"Emery envolvido em desentendimento com Tielemans ap\u00f3s substitui\u00e7\u00e3o aos 90+2 - Portal Tela Portugal","isPartOf":{"@id":"https:\/\/portaltela.pt\/#website"},"primaryImageOfPage":{"@id":"https:\/\/portaltela.pt\/noticias\/2026\/01\/22\/emery-envolvido-em-desentendimento-com-tielemans-apos-substituicao-aos-90-2\/#primaryimage"},"image":{"@id":"https:\/\/portaltela.pt\/noticias\/2026\/01\/22\/emery-envolvido-em-desentendimento-com-tielemans-apos-substituicao-aos-90-2\/#primaryimage"},"thumbnailUrl":"https:\/\/portaltela.pt\/s.01k8rhncp4jt1\/2026\/01\/img_1200x721uu2026-01-22-20-47-46-2416688-1.jpg","datePublished":"2026-01-22T20:50:28+00:00","author":{"@id":"https:\/\/portaltela.pt\/#\/schema\/person\/c4278d4a6028830caff9ee44b42d32ed"},"breadcrumb":{"@id":"https:\/\/portaltela.pt\/noticias\/2026\/01\/22\/emery-envolvido-em-desentendimento-com-tielemans-apos-substituicao-aos-90-2\/#breadcrumb"},"inLanguage":"pt-PT","potentialAction":[{"@type":"ReadAction","target":["https:\/\/portaltela.pt\/noticias\/2026\/01\/22\/emery-envolvido-em-desentendimento-com-tielemans-apos-substituicao-aos-90-2\/"]}]},{"@type":"ImageObject","inLanguage":"pt-PT","@id":"https:\/\/portaltela.pt\/noticias\/2026\/01\/22\/emery-envolvido-em-desentendimento-com-tielemans-apos-substituicao-aos-90-2\/#primaryimage","url":"https:\/\/portaltela.pt\/s.01k8rhncp4jt1\/2026\/01\/img_1200x721uu2026-01-22-20-47-46-2416688-1.jpg","contentUrl":"https:\/\/portaltela.pt\/s.01k8rhncp4jt1\/2026\/01\/img_1200x721uu2026-01-22-20-47-46-2416688-1.jpg","width":796,"height":448,"caption":"Tens\u00e3o entre Emery e Tielemans ap\u00f3s substitui\u00e7\u00e3o no Aston Villa-Fenerbah\u00e7e"},{"@type":"BreadcrumbList","@id":"https:\/\/portaltela.pt\/noticias\/2026\/01\/22\/emery-envolvido-em-desentendimento-com-tielemans-apos-substituicao-aos-90-2\/#breadcrumb","itemListElement":[{"@type":"ListItem","position":1,"name":"In\u00edcio","item":"https:\/\/portaltela.pt\/"},{"@type":"ListItem","position":2,"name":"Emery envolvido em desentendimento com Tielemans ap\u00f3s substitui\u00e7\u00e3o aos 90+2"}]},{"@type":"WebSite","@id":"https:\/\/portaltela.pt\/#website","url":"https:\/\/portaltela.pt\/","name":"Portal Tela Portugal","description":"","potentialAction":[{"@type":"SearchAction","target":{"@type":"EntryPoint","urlTemplate":"https:\/\/portaltela.pt\/?s={search_term_string}"},"query-input":{"@type":"PropertyValueSpecification","valueRequired":true,"valueName":"search_term_string"}}],"inLanguage":"pt-PT"},{"@type":"Person","@id":"https:\/\/portaltela.pt\/#\/schema\/person\/c4278d4a6028830caff9ee44b42d32ed","name":"Telinha","image":{"@type":"ImageObject","inLanguage":"pt-PT","@id":"https:\/\/portaltela.pt\/s.01k8rhncp4jt1\/2025\/11\/talking-bot-125x125.png","url":"https:\/\/portaltela.pt\/s.01k8rhncp4jt1\/2025\/11\/talking-bot-125x125.png","contentUrl":"https:\/\/portaltela.pt\/s.01k8rhncp4jt1\/2025\/11\/talking-bot-125x125.png","caption":"Telinha"},"sameAs":["https:\/\/portaltela.pt\/"],"url":"https:\/\/portaltela.pt\/por\/367410592786\/"}]}},"_links":{"self":[{"href":"https:\/\/portaltela.pt\/api\/wp\/v2\/posts\/164983","targetHints":{"allow":["GET"]}}],"collection":[{"href":"https:\/\/portaltela.pt\/api\/wp\/v2\/posts"}],"about":[{"href":"https:\/\/portaltela.pt\/api\/wp\/v2\/types\/post"}],"author":[{"embeddable":true,"href":"https:\/\/portaltela.pt\/api\/wp\/v2\/users\/2"}],"replies":[{"embeddable":true,"href":"https:\/\/portaltela.pt\/api\/wp\/v2\/comments?post=164983"}],"version-history":[{"count":0,"href":"https:\/\/portaltela.pt\/api\/wp\/v2\/posts\/164983\/revisions"}],"wp:featuredmedia":[{"embeddable":true,"href":"https:\/\/portaltela.pt\/api\/wp\/v2\/media\/164999"}],"wp:attachment":[{"href":"https:\/\/portaltela.pt\/api\/wp\/v2\/media?parent=164983"}],"wp:term":[{"taxonomy":"category","embeddable":true,"href":"https:\/\/portaltela.pt\/api\/wp\/v2\/categories?post=164983"},{"taxonomy":"post_tag","embeddable":true,"href":"https:\/\/portaltela.pt\/api\/wp\/v2\/tags?post=164983"}],"curies":[{"name":"wp","href":"https:\/\/api.w.org\/{rel}","templated":true}]}}