{"id":164979,"date":"2026-01-22T17:50:28","date_gmt":"2026-01-22T20:50:28","guid":{"rendered":"https:\/\/portaltela.pt\/noticias\/2026\/01\/22\/emery-discute-com-tielemans-apos-substituicao-aos-90-2-e-houve-empurroes\/"},"modified":"2026-01-22T17:50:28","modified_gmt":"2026-01-22T20:50:28","slug":"emery-discute-com-tielemans-apos-substituicao-aos-90-2-e-houve-empurroes","status":"publish","type":"post","link":"https:\/\/portaltela.pt\/desporto\/futebol\/2026\/01\/22\/emery-discute-com-tielemans-apos-substituicao-aos-90-2-e-houve-empurroes\/","title":{"rendered":"Emery discute com Tielemans ap\u00f3s substitui\u00e7\u00e3o aos 90+2 e houve empurr\u00f5es"},"content":{"rendered":"<p>O Aston Villa venceu o Fenerbah\u00e7e fora de casa e garantiu o apuramento para os oitavos de final da Liga Europa. A noite, por\u00e9m, ficou marcada por um incidente entre Unai Emery e Youri Tielemans.<\/p>\n<p>O momento-chave aconteceu aos 90&#8217;+2, quando Tielemans foi substitu\u00eddo e reagiu de forma vis\u00edvel \u00e0 decis\u00e3o. O treinador Emery, em resposta, empurrou o jogador para longe, num epis\u00f3dio que gerou atrito entre ambos.<\/p>\n<p>O desafio decorreu em territ\u00f3rio turco, com o Villa a somar a vit\u00f3ria necess\u00e1ria para seguir na competi\u00e7\u00e3o internacional. A equipa londrina confirmou o sucesso no encontro ap\u00f3s o apito final.<\/p>\n<p>Ainda n\u00e3o houve confirma\u00e7\u00e3o oficial sobre as consequ\u00eancias do incidente. O que se sabe \u00e9 que o jogo continuou a ser contado como vit\u00f3ria do Villa, com o enfoque centrado no avan\u00e7o aos &#8220;eightavos&#8221; da Liga Europa.<\/p>\n","protected":false},"excerpt":{"rendered":"<ul>\n<li>O Aston Villa venceu fora de casa o Fenerbah\u00e7e e garantiu o apuramento para os oitavos de final da Liga Europa.<\/li>\n<li>A tens\u00e3o surgiu ap\u00f3s uma substitui\u00e7\u00e3o aos 90&#8217;+2 de Youri Tielemans.<\/li>\n<li>O belga mostrou desagrado com a mudan\u00e7a, tocando no treinador Unai Emery.<\/li>\n<li>Emery empurrou o jogador durante o incidente.<\/li>\n<li>A situa\u00e7\u00e3o gerou desentendimento entre o treinador e o jogador, sem detalhes oficiais adicionais.<\/li>\n<\/ul>\n","protected":false},"author":2,"featured_media":164980,"comment_status":"closed","ping_status":"closed","sticky":false,"template":"","format":"standard","meta":{"footnotes":""},"categories":[21,24],"tags":[2681,32,3338,81,2126,2393],"class_list":["post-164979","post","type-post","status-publish","format-standard","has-post-thumbnail","hentry","category-desporto","category-futebol","tag-desporto-internacional","tag-futebol","tag-futebol-internacional","tag-internacionais","tag-turquia","tag-unai-emery"],"yoast_head":"<!-- This site is optimized with the Yoast SEO plugin v27.2 - https:\/\/yoast.com\/product\/yoast-seo-wordpress\/ -->\n<title>Emery discute com Tielemans ap\u00f3s substitui\u00e7\u00e3o aos 90+2 e houve empurr\u00f5es - Portal Tela Portugal<\/title>\n<meta name=\"robots\" content=\"index, follow, max-snippet:-1, max-image-preview:large, max-video-preview:-1\" \/>\n<meta property=\"og:locale\" content=\"pt_PT\" \/>\n<meta property=\"og:type\" content=\"article\" \/>\n<meta property=\"og:title\" content=\"Emery discute com Tielemans ap\u00f3s substitui\u00e7\u00e3o aos 90+2 e houve empurr\u00f5es - Portal Tela Portugal\" \/>\n<meta property=\"og:description\" content=\"O Aston Villa venceu fora de casa o Fenerbah\u00e7e e garantiu o apuramento para os oitavos de final da Liga Europa. A tens\u00e3o surgiu ap\u00f3s uma substitui\u00e7\u00e3o aos 90&#039;+2 de Youri Tielemans. O belga mostrou desagrado com a mudan\u00e7a, tocando no treinador Unai Emery. Emery empurrou o jogador durante o incidente. A situa\u00e7\u00e3o gerou desentendimento entre o treinador e o jogador, sem detalhes oficiais adicionais.\" \/>\n<meta property=\"og:url\" content=\"https:\/\/portaltela.pt\/noticias\/2026\/01\/22\/emery-discute-com-tielemans-apos-substituicao-aos-90-2-e-houve-empurroes\/\" \/>\n<meta property=\"og:site_name\" content=\"Portal Tela Portugal\" \/>\n<meta property=\"article:published_time\" content=\"2026-01-22T20:50:28+00:00\" \/>\n<meta name=\"author\" content=\"Telinha\" \/>\n<meta name=\"twitter:card\" content=\"summary_large_image\" \/>\n<meta name=\"twitter:label1\" content=\"Escrito por\" \/>\n\t<meta name=\"twitter:data1\" content=\"Telinha\" \/>\n\t<meta name=\"twitter:label2\" content=\"Tempo estimado de leitura\" \/>\n\t<meta name=\"twitter:data2\" content=\"1 minuto\" \/>\n<script type=\"application\/ld+json\" class=\"yoast-schema-graph\">{\"@context\":\"https:\/\/schema.org\",\"@graph\":[{\"@type\":\"Article\",\"@id\":\"https:\/\/portaltela.pt\/noticias\/2026\/01\/22\/emery-discute-com-tielemans-apos-substituicao-aos-90-2-e-houve-empurroes\/#article\",\"isPartOf\":{\"@id\":\"https:\/\/portaltela.pt\/noticias\/2026\/01\/22\/emery-discute-com-tielemans-apos-substituicao-aos-90-2-e-houve-empurroes\/\"},\"author\":{\"name\":\"Telinha\",\"@id\":\"https:\/\/portaltela.pt\/#\/schema\/person\/c4278d4a6028830caff9ee44b42d32ed\"},\"headline\":\"Emery discute com Tielemans ap\u00f3s substitui\u00e7\u00e3o aos 90+2 e houve empurr\u00f5es\",\"datePublished\":\"2026-01-22T20:50:28+00:00\",\"mainEntityOfPage\":{\"@id\":\"https:\/\/portaltela.pt\/noticias\/2026\/01\/22\/emery-discute-com-tielemans-apos-substituicao-aos-90-2-e-houve-empurroes\/\"},\"wordCount\":162,\"image\":{\"@id\":\"https:\/\/portaltela.pt\/noticias\/2026\/01\/22\/emery-discute-com-tielemans-apos-substituicao-aos-90-2-e-houve-empurroes\/#primaryimage\"},\"thumbnailUrl\":\"https:\/\/portaltela.pt\/s.01k8rhncp4jt1\/2026\/01\/img_1200x721uu2026-01-22-20-47-46-2416688.jpg\",\"keywords\":[\"desporto internacional\",\"futebol\",\"futebol internacional\",\"internacionais\",\"Turquia\",\"Unai Emery\"],\"articleSection\":[\"Desporto\",\"Futebol\"],\"inLanguage\":\"pt-PT\"},{\"@type\":\"WebPage\",\"@id\":\"https:\/\/portaltela.pt\/noticias\/2026\/01\/22\/emery-discute-com-tielemans-apos-substituicao-aos-90-2-e-houve-empurroes\/\",\"url\":\"https:\/\/portaltela.pt\/noticias\/2026\/01\/22\/emery-discute-com-tielemans-apos-substituicao-aos-90-2-e-houve-empurroes\/\",\"name\":\"Emery discute com Tielemans ap\u00f3s substitui\u00e7\u00e3o aos 90+2 e houve empurr\u00f5es - Portal Tela Portugal\",\"isPartOf\":{\"@id\":\"https:\/\/portaltela.pt\/#website\"},\"primaryImageOfPage\":{\"@id\":\"https:\/\/portaltela.pt\/noticias\/2026\/01\/22\/emery-discute-com-tielemans-apos-substituicao-aos-90-2-e-houve-empurroes\/#primaryimage\"},\"image\":{\"@id\":\"https:\/\/portaltela.pt\/noticias\/2026\/01\/22\/emery-discute-com-tielemans-apos-substituicao-aos-90-2-e-houve-empurroes\/#primaryimage\"},\"thumbnailUrl\":\"https:\/\/portaltela.pt\/s.01k8rhncp4jt1\/2026\/01\/img_1200x721uu2026-01-22-20-47-46-2416688.jpg\",\"datePublished\":\"2026-01-22T20:50:28+00:00\",\"author\":{\"@id\":\"https:\/\/portaltela.pt\/#\/schema\/person\/c4278d4a6028830caff9ee44b42d32ed\"},\"breadcrumb\":{\"@id\":\"https:\/\/portaltela.pt\/noticias\/2026\/01\/22\/emery-discute-com-tielemans-apos-substituicao-aos-90-2-e-houve-empurroes\/#breadcrumb\"},\"inLanguage\":\"pt-PT\",\"potentialAction\":[{\"@type\":\"ReadAction\",\"target\":[\"https:\/\/portaltela.pt\/noticias\/2026\/01\/22\/emery-discute-com-tielemans-apos-substituicao-aos-90-2-e-houve-empurroes\/\"]}]},{\"@type\":\"ImageObject\",\"inLanguage\":\"pt-PT\",\"@id\":\"https:\/\/portaltela.pt\/noticias\/2026\/01\/22\/emery-discute-com-tielemans-apos-substituicao-aos-90-2-e-houve-empurroes\/#primaryimage\",\"url\":\"https:\/\/portaltela.pt\/s.01k8rhncp4jt1\/2026\/01\/img_1200x721uu2026-01-22-20-47-46-2416688.jpg\",\"contentUrl\":\"https:\/\/portaltela.pt\/s.01k8rhncp4jt1\/2026\/01\/img_1200x721uu2026-01-22-20-47-46-2416688.jpg\",\"width\":796,\"height\":448,\"caption\":\"Tens\u00e3o entre Emery e Tielemans ap\u00f3s substitui\u00e7\u00e3o no Aston Villa-Fenerbah\u00e7e\"},{\"@type\":\"BreadcrumbList\",\"@id\":\"https:\/\/portaltela.pt\/noticias\/2026\/01\/22\/emery-discute-com-tielemans-apos-substituicao-aos-90-2-e-houve-empurroes\/#breadcrumb\",\"itemListElement\":[{\"@type\":\"ListItem\",\"position\":1,\"name\":\"In\u00edcio\",\"item\":\"https:\/\/portaltela.pt\/\"},{\"@type\":\"ListItem\",\"position\":2,\"name\":\"Emery discute com Tielemans ap\u00f3s substitui\u00e7\u00e3o aos 90+2 e houve empurr\u00f5es\"}]},{\"@type\":\"WebSite\",\"@id\":\"https:\/\/portaltela.pt\/#website\",\"url\":\"https:\/\/portaltela.pt\/\",\"name\":\"Portal Tela Portugal\",\"description\":\"\",\"potentialAction\":[{\"@type\":\"SearchAction\",\"target\":{\"@type\":\"EntryPoint\",\"urlTemplate\":\"https:\/\/portaltela.pt\/?s={search_term_string}\"},\"query-input\":{\"@type\":\"PropertyValueSpecification\",\"valueRequired\":true,\"valueName\":\"search_term_string\"}}],\"inLanguage\":\"pt-PT\"},{\"@type\":\"Person\",\"@id\":\"https:\/\/portaltela.pt\/#\/schema\/person\/c4278d4a6028830caff9ee44b42d32ed\",\"name\":\"Telinha\",\"image\":{\"@type\":\"ImageObject\",\"inLanguage\":\"pt-PT\",\"@id\":\"https:\/\/portaltela.pt\/s.01k8rhncp4jt1\/2025\/11\/talking-bot-125x125.png\",\"url\":\"https:\/\/portaltela.pt\/s.01k8rhncp4jt1\/2025\/11\/talking-bot-125x125.png\",\"contentUrl\":\"https:\/\/portaltela.pt\/s.01k8rhncp4jt1\/2025\/11\/talking-bot-125x125.png\",\"caption\":\"Telinha\"},\"sameAs\":[\"https:\/\/portaltela.pt\/\"],\"url\":\"https:\/\/portaltela.pt\/por\/367410592786\/\"}]}<\/script>\n<!-- \/ Yoast SEO plugin. -->","yoast_head_json":{"title":"Emery discute com Tielemans ap\u00f3s substitui\u00e7\u00e3o aos 90+2 e houve empurr\u00f5es - Portal Tela Portugal","robots":{"index":"index","follow":"follow","max-snippet":"max-snippet:-1","max-image-preview":"max-image-preview:large","max-video-preview":"max-video-preview:-1"},"og_locale":"pt_PT","og_type":"article","og_title":"Emery discute com Tielemans ap\u00f3s substitui\u00e7\u00e3o aos 90+2 e houve empurr\u00f5es - Portal Tela Portugal","og_description":"O Aston Villa venceu fora de casa o Fenerbah\u00e7e e garantiu o apuramento para os oitavos de final da Liga Europa. A tens\u00e3o surgiu ap\u00f3s uma substitui\u00e7\u00e3o aos 90'+2 de Youri Tielemans. O belga mostrou desagrado com a mudan\u00e7a, tocando no treinador Unai Emery. Emery empurrou o jogador durante o incidente. A situa\u00e7\u00e3o gerou desentendimento entre o treinador e o jogador, sem detalhes oficiais adicionais.","og_url":"https:\/\/portaltela.pt\/noticias\/2026\/01\/22\/emery-discute-com-tielemans-apos-substituicao-aos-90-2-e-houve-empurroes\/","og_site_name":"Portal Tela Portugal","article_published_time":"2026-01-22T20:50:28+00:00","author":"Telinha","twitter_card":"summary_large_image","twitter_misc":{"Escrito por":"Telinha","Tempo estimado de leitura":"1 minuto"},"schema":{"@context":"https:\/\/schema.org","@graph":[{"@type":"Article","@id":"https:\/\/portaltela.pt\/noticias\/2026\/01\/22\/emery-discute-com-tielemans-apos-substituicao-aos-90-2-e-houve-empurroes\/#article","isPartOf":{"@id":"https:\/\/portaltela.pt\/noticias\/2026\/01\/22\/emery-discute-com-tielemans-apos-substituicao-aos-90-2-e-houve-empurroes\/"},"author":{"name":"Telinha","@id":"https:\/\/portaltela.pt\/#\/schema\/person\/c4278d4a6028830caff9ee44b42d32ed"},"headline":"Emery discute com Tielemans ap\u00f3s substitui\u00e7\u00e3o aos 90+2 e houve empurr\u00f5es","datePublished":"2026-01-22T20:50:28+00:00","mainEntityOfPage":{"@id":"https:\/\/portaltela.pt\/noticias\/2026\/01\/22\/emery-discute-com-tielemans-apos-substituicao-aos-90-2-e-houve-empurroes\/"},"wordCount":162,"image":{"@id":"https:\/\/portaltela.pt\/noticias\/2026\/01\/22\/emery-discute-com-tielemans-apos-substituicao-aos-90-2-e-houve-empurroes\/#primaryimage"},"thumbnailUrl":"https:\/\/portaltela.pt\/s.01k8rhncp4jt1\/2026\/01\/img_1200x721uu2026-01-22-20-47-46-2416688.jpg","keywords":["desporto internacional","futebol","futebol internacional","internacionais","Turquia","Unai Emery"],"articleSection":["Desporto","Futebol"],"inLanguage":"pt-PT"},{"@type":"WebPage","@id":"https:\/\/portaltela.pt\/noticias\/2026\/01\/22\/emery-discute-com-tielemans-apos-substituicao-aos-90-2-e-houve-empurroes\/","url":"https:\/\/portaltela.pt\/noticias\/2026\/01\/22\/emery-discute-com-tielemans-apos-substituicao-aos-90-2-e-houve-empurroes\/","name":"Emery discute com Tielemans ap\u00f3s substitui\u00e7\u00e3o aos 90+2 e houve empurr\u00f5es - Portal Tela Portugal","isPartOf":{"@id":"https:\/\/portaltela.pt\/#website"},"primaryImageOfPage":{"@id":"https:\/\/portaltela.pt\/noticias\/2026\/01\/22\/emery-discute-com-tielemans-apos-substituicao-aos-90-2-e-houve-empurroes\/#primaryimage"},"image":{"@id":"https:\/\/portaltela.pt\/noticias\/2026\/01\/22\/emery-discute-com-tielemans-apos-substituicao-aos-90-2-e-houve-empurroes\/#primaryimage"},"thumbnailUrl":"https:\/\/portaltela.pt\/s.01k8rhncp4jt1\/2026\/01\/img_1200x721uu2026-01-22-20-47-46-2416688.jpg","datePublished":"2026-01-22T20:50:28+00:00","author":{"@id":"https:\/\/portaltela.pt\/#\/schema\/person\/c4278d4a6028830caff9ee44b42d32ed"},"breadcrumb":{"@id":"https:\/\/portaltela.pt\/noticias\/2026\/01\/22\/emery-discute-com-tielemans-apos-substituicao-aos-90-2-e-houve-empurroes\/#breadcrumb"},"inLanguage":"pt-PT","potentialAction":[{"@type":"ReadAction","target":["https:\/\/portaltela.pt\/noticias\/2026\/01\/22\/emery-discute-com-tielemans-apos-substituicao-aos-90-2-e-houve-empurroes\/"]}]},{"@type":"ImageObject","inLanguage":"pt-PT","@id":"https:\/\/portaltela.pt\/noticias\/2026\/01\/22\/emery-discute-com-tielemans-apos-substituicao-aos-90-2-e-houve-empurroes\/#primaryimage","url":"https:\/\/portaltela.pt\/s.01k8rhncp4jt1\/2026\/01\/img_1200x721uu2026-01-22-20-47-46-2416688.jpg","contentUrl":"https:\/\/portaltela.pt\/s.01k8rhncp4jt1\/2026\/01\/img_1200x721uu2026-01-22-20-47-46-2416688.jpg","width":796,"height":448,"caption":"Tens\u00e3o entre Emery e Tielemans ap\u00f3s substitui\u00e7\u00e3o no Aston Villa-Fenerbah\u00e7e"},{"@type":"BreadcrumbList","@id":"https:\/\/portaltela.pt\/noticias\/2026\/01\/22\/emery-discute-com-tielemans-apos-substituicao-aos-90-2-e-houve-empurroes\/#breadcrumb","itemListElement":[{"@type":"ListItem","position":1,"name":"In\u00edcio","item":"https:\/\/portaltela.pt\/"},{"@type":"ListItem","position":2,"name":"Emery discute com Tielemans ap\u00f3s substitui\u00e7\u00e3o aos 90+2 e houve empurr\u00f5es"}]},{"@type":"WebSite","@id":"https:\/\/portaltela.pt\/#website","url":"https:\/\/portaltela.pt\/","name":"Portal Tela Portugal","description":"","potentialAction":[{"@type":"SearchAction","target":{"@type":"EntryPoint","urlTemplate":"https:\/\/portaltela.pt\/?s={search_term_string}"},"query-input":{"@type":"PropertyValueSpecification","valueRequired":true,"valueName":"search_term_string"}}],"inLanguage":"pt-PT"},{"@type":"Person","@id":"https:\/\/portaltela.pt\/#\/schema\/person\/c4278d4a6028830caff9ee44b42d32ed","name":"Telinha","image":{"@type":"ImageObject","inLanguage":"pt-PT","@id":"https:\/\/portaltela.pt\/s.01k8rhncp4jt1\/2025\/11\/talking-bot-125x125.png","url":"https:\/\/portaltela.pt\/s.01k8rhncp4jt1\/2025\/11\/talking-bot-125x125.png","contentUrl":"https:\/\/portaltela.pt\/s.01k8rhncp4jt1\/2025\/11\/talking-bot-125x125.png","caption":"Telinha"},"sameAs":["https:\/\/portaltela.pt\/"],"url":"https:\/\/portaltela.pt\/por\/367410592786\/"}]}},"_links":{"self":[{"href":"https:\/\/portaltela.pt\/api\/wp\/v2\/posts\/164979","targetHints":{"allow":["GET"]}}],"collection":[{"href":"https:\/\/portaltela.pt\/api\/wp\/v2\/posts"}],"about":[{"href":"https:\/\/portaltela.pt\/api\/wp\/v2\/types\/post"}],"author":[{"embeddable":true,"href":"https:\/\/portaltela.pt\/api\/wp\/v2\/users\/2"}],"replies":[{"embeddable":true,"href":"https:\/\/portaltela.pt\/api\/wp\/v2\/comments?post=164979"}],"version-history":[{"count":0,"href":"https:\/\/portaltela.pt\/api\/wp\/v2\/posts\/164979\/revisions"}],"wp:featuredmedia":[{"embeddable":true,"href":"https:\/\/portaltela.pt\/api\/wp\/v2\/media\/164980"}],"wp:attachment":[{"href":"https:\/\/portaltela.pt\/api\/wp\/v2\/media?parent=164979"}],"wp:term":[{"taxonomy":"category","embeddable":true,"href":"https:\/\/portaltela.pt\/api\/wp\/v2\/categories?post=164979"},{"taxonomy":"post_tag","embeddable":true,"href":"https:\/\/portaltela.pt\/api\/wp\/v2\/tags?post=164979"}],"curies":[{"name":"wp","href":"https:\/\/api.w.org\/{rel}","templated":true}]}}