{"id":164908,"date":"2026-01-22T17:00:00","date_gmt":"2026-01-22T20:00:00","guid":{"rendered":"https:\/\/portaltela.pt\/noticias\/2026\/01\/22\/castro-verde-assume-presidencia-do-conservatorio-do-baixo-alentejo-ate-2029\/"},"modified":"2026-01-22T17:00:00","modified_gmt":"2026-01-22T20:00:00","slug":"castro-verde-assume-presidencia-do-conservatorio-do-baixo-alentejo-ate-2029","status":"publish","type":"post","link":"https:\/\/portaltela.pt\/noticias\/2026\/01\/22\/castro-verde-assume-presidencia-do-conservatorio-do-baixo-alentejo-ate-2029\/","title":{"rendered":"Castro Verde assume presid\u00eancia do Conservat\u00f3rio do Baixo Alentejo at\u00e9 2029"},"content":{"rendered":"<p>O Conservat\u00f3rio Regional do Baixo Alentejo (CRBA) aprovou, na quarta-feira, 21 de janeiro, os \u00f3rg\u00e3os sociais para o quadri\u00e9nio 2026-2029. Castro Verde fica respons\u00e1vel pela presid\u00eancia do Conselho de Administra\u00e7\u00e3o, em um ato que refor\u00e7a a uni\u00e3o dos 10 munic\u00edpios que integram a institui\u00e7\u00e3o.<\/p>\n<p>A equipa executiva fica completa pelo munic\u00edpio de Almod\u00f4var, com fun\u00e7\u00f5es de secret\u00e1rio, e pelo munic\u00edpio de Moura, na posi\u00e7\u00e3o de vogal. A nova lideran\u00e7a assume com o objetivo de gerir uma das institui\u00e7\u00f5es de ensino art\u00edstico mais relevantes do sul do pa\u00eds.<\/p>\n<p>Para a mesa da Assembleia Geral foram escolhidos Beja como Presidente, e Ferreira do Alentejo e Serpa como Secret\u00e1rios. A fiscaliza\u00e7\u00e3o ficar\u00e1 a cargo do Conselho Fiscal, presidido por Ourique, com apoio de Aljustrel e M\u00e9rtola.<\/p>\n<p>O CRBA integra os munic\u00edpios de Aljustrel, Almod\u00f4var, Alvito, Beja, Castro Verde, Ferreira do Alentejo, M\u00e9rtola, Moura, Ourique e Serpa. O novo ciclo de quatro anos visa a sustentabilidade da rede de ensino musical e a coes\u00e3o territorial atrav\u00e9s das artes.<\/p>\n<p>A escolha reflete o empenho da institui\u00e7\u00e3o em manter acesso \u00e0 forma\u00e7\u00e3o musical em zonas de baixa densidade, promovendo atividades art\u00edsticas que conectem os diversos concelhos. A gest\u00e3o distribu\u00edda procura equilibrar recursos e oportunidades culturais.<\/p>\n","protected":false},"excerpt":{"rendered":"<ul>\n<li>Castro Verde assume a presid\u00eancia do Conselho de Administra\u00e7\u00e3o do Conservat\u00f3rio Regional do Baixo Alentejo (CRBA) at\u00e9 2029, para o quadri\u00e9nio de 2026-2029.<\/li>\n<li>A equipa executiva fica completa com o Munic\u00edpio de Almod\u00f4var como secret\u00e1rio e o Munic\u00edpio de Moura como vogal.<\/li>\n<li>A Mesa da Assembleia Geral fica liderada por Beja (presidente), com Ferreira do Alentejo e Serpa como secret\u00e1rios.<\/li>\n<li>O Conselho Fiscal, presidido por Ourique, tem o apoio de Aljustrel e M\u00e9rtola.<\/li>\n<li>O CRBA integra dez munic\u00edpios do Baixo Alentejo e pretende assegurar a sustentabilidade da rede de ensino musical e a coes\u00e3o territorial atrav\u00e9s das artes.<\/li>\n<\/ul>\n","protected":false},"author":2,"featured_media":164924,"comment_status":"closed","ping_status":"closed","sticky":false,"template":"","format":"standard","meta":{"footnotes":""},"categories":[1],"tags":[883,1620,943,2396,2014,3120],"class_list":["post-164908","post","type-post","status-publish","format-standard","has-post-thumbnail","hentry","category-noticias","tag-alentejo","tag-almodovar","tag-beja","tag-moura","tag-ourique","tag-serpa"],"yoast_head":"<!-- This site is optimized with the Yoast SEO plugin v27.2 - https:\/\/yoast.com\/product\/yoast-seo-wordpress\/ -->\n<title>Castro Verde assume presid\u00eancia do Conservat\u00f3rio do Baixo Alentejo at\u00e9 2029 - Portal Tela Portugal<\/title>\n<meta name=\"robots\" content=\"index, follow, max-snippet:-1, max-image-preview:large, max-video-preview:-1\" \/>\n<meta property=\"og:locale\" content=\"pt_PT\" \/>\n<meta property=\"og:type\" content=\"article\" \/>\n<meta property=\"og:title\" content=\"Castro Verde assume presid\u00eancia do Conservat\u00f3rio do Baixo Alentejo at\u00e9 2029 - Portal Tela Portugal\" \/>\n<meta property=\"og:description\" content=\"Castro Verde assume a presid\u00eancia do Conselho de Administra\u00e7\u00e3o do Conservat\u00f3rio Regional do Baixo Alentejo (CRBA) at\u00e9 2029, para o quadri\u00e9nio de 2026-2029. A equipa executiva fica completa com o Munic\u00edpio de Almod\u00f4var como secret\u00e1rio e o Munic\u00edpio de Moura como vogal. A Mesa da Assembleia Geral fica liderada por Beja (presidente), com Ferreira do Alentejo e Serpa como secret\u00e1rios. O Conselho Fiscal, presidido por Ourique, tem o apoio de Aljustrel e M\u00e9rtola. O CRBA integra dez munic\u00edpios do Baixo Alentejo e pretende assegurar a sustentabilidade da rede de ensino musical e a coes\u00e3o territorial atrav\u00e9s das artes.\" \/>\n<meta property=\"og:url\" content=\"https:\/\/portaltela.pt\/noticias\/2026\/01\/22\/castro-verde-assume-presidencia-do-conservatorio-do-baixo-alentejo-ate-2029\/\" \/>\n<meta property=\"og:site_name\" content=\"Portal Tela Portugal\" \/>\n<meta property=\"article:published_time\" content=\"2026-01-22T20:00:00+00:00\" \/>\n<meta name=\"author\" content=\"Telinha\" \/>\n<meta name=\"twitter:card\" content=\"summary_large_image\" \/>\n<meta name=\"twitter:label1\" content=\"Escrito por\" \/>\n\t<meta name=\"twitter:data1\" content=\"Telinha\" \/>\n\t<meta name=\"twitter:label2\" content=\"Tempo estimado de leitura\" \/>\n\t<meta name=\"twitter:data2\" content=\"1 minuto\" \/>\n<script type=\"application\/ld+json\" class=\"yoast-schema-graph\">{\"@context\":\"https:\/\/schema.org\",\"@graph\":[{\"@type\":\"Article\",\"@id\":\"https:\/\/portaltela.pt\/noticias\/2026\/01\/22\/castro-verde-assume-presidencia-do-conservatorio-do-baixo-alentejo-ate-2029\/#article\",\"isPartOf\":{\"@id\":\"https:\/\/portaltela.pt\/noticias\/2026\/01\/22\/castro-verde-assume-presidencia-do-conservatorio-do-baixo-alentejo-ate-2029\/\"},\"author\":{\"name\":\"Telinha\",\"@id\":\"https:\/\/portaltela.pt\/#\/schema\/person\/c4278d4a6028830caff9ee44b42d32ed\"},\"headline\":\"Castro Verde assume presid\u00eancia do Conservat\u00f3rio do Baixo Alentejo at\u00e9 2029\",\"datePublished\":\"2026-01-22T20:00:00+00:00\",\"mainEntityOfPage\":{\"@id\":\"https:\/\/portaltela.pt\/noticias\/2026\/01\/22\/castro-verde-assume-presidencia-do-conservatorio-do-baixo-alentejo-ate-2029\/\"},\"wordCount\":241,\"image\":{\"@id\":\"https:\/\/portaltela.pt\/noticias\/2026\/01\/22\/castro-verde-assume-presidencia-do-conservatorio-do-baixo-alentejo-ate-2029\/#primaryimage\"},\"thumbnailUrl\":\"https:\/\/portaltela.pt\/s.01k8rhncp4jt1\/2026\/01\/unnamed-file-4655.jpg\",\"keywords\":[\"Alentejo\",\"Almod\u00f4var\",\"Beja\",\"Moura\",\"Ourique\",\"Serpa\"],\"articleSection\":[\"Not\u00edcias\"],\"inLanguage\":\"pt-PT\"},{\"@type\":\"WebPage\",\"@id\":\"https:\/\/portaltela.pt\/noticias\/2026\/01\/22\/castro-verde-assume-presidencia-do-conservatorio-do-baixo-alentejo-ate-2029\/\",\"url\":\"https:\/\/portaltela.pt\/noticias\/2026\/01\/22\/castro-verde-assume-presidencia-do-conservatorio-do-baixo-alentejo-ate-2029\/\",\"name\":\"Castro Verde assume presid\u00eancia do Conservat\u00f3rio do Baixo Alentejo at\u00e9 2029 - Portal Tela Portugal\",\"isPartOf\":{\"@id\":\"https:\/\/portaltela.pt\/#website\"},\"primaryImageOfPage\":{\"@id\":\"https:\/\/portaltela.pt\/noticias\/2026\/01\/22\/castro-verde-assume-presidencia-do-conservatorio-do-baixo-alentejo-ate-2029\/#primaryimage\"},\"image\":{\"@id\":\"https:\/\/portaltela.pt\/noticias\/2026\/01\/22\/castro-verde-assume-presidencia-do-conservatorio-do-baixo-alentejo-ate-2029\/#primaryimage\"},\"thumbnailUrl\":\"https:\/\/portaltela.pt\/s.01k8rhncp4jt1\/2026\/01\/unnamed-file-4655.jpg\",\"datePublished\":\"2026-01-22T20:00:00+00:00\",\"author\":{\"@id\":\"https:\/\/portaltela.pt\/#\/schema\/person\/c4278d4a6028830caff9ee44b42d32ed\"},\"breadcrumb\":{\"@id\":\"https:\/\/portaltela.pt\/noticias\/2026\/01\/22\/castro-verde-assume-presidencia-do-conservatorio-do-baixo-alentejo-ate-2029\/#breadcrumb\"},\"inLanguage\":\"pt-PT\",\"potentialAction\":[{\"@type\":\"ReadAction\",\"target\":[\"https:\/\/portaltela.pt\/noticias\/2026\/01\/22\/castro-verde-assume-presidencia-do-conservatorio-do-baixo-alentejo-ate-2029\/\"]}]},{\"@type\":\"ImageObject\",\"inLanguage\":\"pt-PT\",\"@id\":\"https:\/\/portaltela.pt\/noticias\/2026\/01\/22\/castro-verde-assume-presidencia-do-conservatorio-do-baixo-alentejo-ate-2029\/#primaryimage\",\"url\":\"https:\/\/portaltela.pt\/s.01k8rhncp4jt1\/2026\/01\/unnamed-file-4655.jpg\",\"contentUrl\":\"https:\/\/portaltela.pt\/s.01k8rhncp4jt1\/2026\/01\/unnamed-file-4655.jpg\",\"width\":796,\"height\":448,\"caption\":\"Castro Verde assume presid\u00eancia do Conservat\u00f3rio Regional do Baixo Alentejo at\u00e9 2029\"},{\"@type\":\"BreadcrumbList\",\"@id\":\"https:\/\/portaltela.pt\/noticias\/2026\/01\/22\/castro-verde-assume-presidencia-do-conservatorio-do-baixo-alentejo-ate-2029\/#breadcrumb\",\"itemListElement\":[{\"@type\":\"ListItem\",\"position\":1,\"name\":\"In\u00edcio\",\"item\":\"https:\/\/portaltela.pt\/\"},{\"@type\":\"ListItem\",\"position\":2,\"name\":\"Castro Verde assume presid\u00eancia do Conservat\u00f3rio do Baixo Alentejo at\u00e9 2029\"}]},{\"@type\":\"WebSite\",\"@id\":\"https:\/\/portaltela.pt\/#website\",\"url\":\"https:\/\/portaltela.pt\/\",\"name\":\"Portal Tela Portugal\",\"description\":\"\",\"potentialAction\":[{\"@type\":\"SearchAction\",\"target\":{\"@type\":\"EntryPoint\",\"urlTemplate\":\"https:\/\/portaltela.pt\/?s={search_term_string}\"},\"query-input\":{\"@type\":\"PropertyValueSpecification\",\"valueRequired\":true,\"valueName\":\"search_term_string\"}}],\"inLanguage\":\"pt-PT\"},{\"@type\":\"Person\",\"@id\":\"https:\/\/portaltela.pt\/#\/schema\/person\/c4278d4a6028830caff9ee44b42d32ed\",\"name\":\"Telinha\",\"image\":{\"@type\":\"ImageObject\",\"inLanguage\":\"pt-PT\",\"@id\":\"https:\/\/portaltela.pt\/s.01k8rhncp4jt1\/2025\/11\/talking-bot-125x125.png\",\"url\":\"https:\/\/portaltela.pt\/s.01k8rhncp4jt1\/2025\/11\/talking-bot-125x125.png\",\"contentUrl\":\"https:\/\/portaltela.pt\/s.01k8rhncp4jt1\/2025\/11\/talking-bot-125x125.png\",\"caption\":\"Telinha\"},\"sameAs\":[\"https:\/\/portaltela.pt\/\"],\"url\":\"https:\/\/portaltela.pt\/por\/367410592786\/\"}]}<\/script>\n<!-- \/ Yoast SEO plugin. -->","yoast_head_json":{"title":"Castro Verde assume presid\u00eancia do Conservat\u00f3rio do Baixo Alentejo at\u00e9 2029 - Portal Tela Portugal","robots":{"index":"index","follow":"follow","max-snippet":"max-snippet:-1","max-image-preview":"max-image-preview:large","max-video-preview":"max-video-preview:-1"},"og_locale":"pt_PT","og_type":"article","og_title":"Castro Verde assume presid\u00eancia do Conservat\u00f3rio do Baixo Alentejo at\u00e9 2029 - Portal Tela Portugal","og_description":"Castro Verde assume a presid\u00eancia do Conselho de Administra\u00e7\u00e3o do Conservat\u00f3rio Regional do Baixo Alentejo (CRBA) at\u00e9 2029, para o quadri\u00e9nio de 2026-2029. A equipa executiva fica completa com o Munic\u00edpio de Almod\u00f4var como secret\u00e1rio e o Munic\u00edpio de Moura como vogal. A Mesa da Assembleia Geral fica liderada por Beja (presidente), com Ferreira do Alentejo e Serpa como secret\u00e1rios. O Conselho Fiscal, presidido por Ourique, tem o apoio de Aljustrel e M\u00e9rtola. O CRBA integra dez munic\u00edpios do Baixo Alentejo e pretende assegurar a sustentabilidade da rede de ensino musical e a coes\u00e3o territorial atrav\u00e9s das artes.","og_url":"https:\/\/portaltela.pt\/noticias\/2026\/01\/22\/castro-verde-assume-presidencia-do-conservatorio-do-baixo-alentejo-ate-2029\/","og_site_name":"Portal Tela Portugal","article_published_time":"2026-01-22T20:00:00+00:00","author":"Telinha","twitter_card":"summary_large_image","twitter_misc":{"Escrito por":"Telinha","Tempo estimado de leitura":"1 minuto"},"schema":{"@context":"https:\/\/schema.org","@graph":[{"@type":"Article","@id":"https:\/\/portaltela.pt\/noticias\/2026\/01\/22\/castro-verde-assume-presidencia-do-conservatorio-do-baixo-alentejo-ate-2029\/#article","isPartOf":{"@id":"https:\/\/portaltela.pt\/noticias\/2026\/01\/22\/castro-verde-assume-presidencia-do-conservatorio-do-baixo-alentejo-ate-2029\/"},"author":{"name":"Telinha","@id":"https:\/\/portaltela.pt\/#\/schema\/person\/c4278d4a6028830caff9ee44b42d32ed"},"headline":"Castro Verde assume presid\u00eancia do Conservat\u00f3rio do Baixo Alentejo at\u00e9 2029","datePublished":"2026-01-22T20:00:00+00:00","mainEntityOfPage":{"@id":"https:\/\/portaltela.pt\/noticias\/2026\/01\/22\/castro-verde-assume-presidencia-do-conservatorio-do-baixo-alentejo-ate-2029\/"},"wordCount":241,"image":{"@id":"https:\/\/portaltela.pt\/noticias\/2026\/01\/22\/castro-verde-assume-presidencia-do-conservatorio-do-baixo-alentejo-ate-2029\/#primaryimage"},"thumbnailUrl":"https:\/\/portaltela.pt\/s.01k8rhncp4jt1\/2026\/01\/unnamed-file-4655.jpg","keywords":["Alentejo","Almod\u00f4var","Beja","Moura","Ourique","Serpa"],"articleSection":["Not\u00edcias"],"inLanguage":"pt-PT"},{"@type":"WebPage","@id":"https:\/\/portaltela.pt\/noticias\/2026\/01\/22\/castro-verde-assume-presidencia-do-conservatorio-do-baixo-alentejo-ate-2029\/","url":"https:\/\/portaltela.pt\/noticias\/2026\/01\/22\/castro-verde-assume-presidencia-do-conservatorio-do-baixo-alentejo-ate-2029\/","name":"Castro Verde assume presid\u00eancia do Conservat\u00f3rio do Baixo Alentejo at\u00e9 2029 - Portal Tela Portugal","isPartOf":{"@id":"https:\/\/portaltela.pt\/#website"},"primaryImageOfPage":{"@id":"https:\/\/portaltela.pt\/noticias\/2026\/01\/22\/castro-verde-assume-presidencia-do-conservatorio-do-baixo-alentejo-ate-2029\/#primaryimage"},"image":{"@id":"https:\/\/portaltela.pt\/noticias\/2026\/01\/22\/castro-verde-assume-presidencia-do-conservatorio-do-baixo-alentejo-ate-2029\/#primaryimage"},"thumbnailUrl":"https:\/\/portaltela.pt\/s.01k8rhncp4jt1\/2026\/01\/unnamed-file-4655.jpg","datePublished":"2026-01-22T20:00:00+00:00","author":{"@id":"https:\/\/portaltela.pt\/#\/schema\/person\/c4278d4a6028830caff9ee44b42d32ed"},"breadcrumb":{"@id":"https:\/\/portaltela.pt\/noticias\/2026\/01\/22\/castro-verde-assume-presidencia-do-conservatorio-do-baixo-alentejo-ate-2029\/#breadcrumb"},"inLanguage":"pt-PT","potentialAction":[{"@type":"ReadAction","target":["https:\/\/portaltela.pt\/noticias\/2026\/01\/22\/castro-verde-assume-presidencia-do-conservatorio-do-baixo-alentejo-ate-2029\/"]}]},{"@type":"ImageObject","inLanguage":"pt-PT","@id":"https:\/\/portaltela.pt\/noticias\/2026\/01\/22\/castro-verde-assume-presidencia-do-conservatorio-do-baixo-alentejo-ate-2029\/#primaryimage","url":"https:\/\/portaltela.pt\/s.01k8rhncp4jt1\/2026\/01\/unnamed-file-4655.jpg","contentUrl":"https:\/\/portaltela.pt\/s.01k8rhncp4jt1\/2026\/01\/unnamed-file-4655.jpg","width":796,"height":448,"caption":"Castro Verde assume presid\u00eancia do Conservat\u00f3rio Regional do Baixo Alentejo at\u00e9 2029"},{"@type":"BreadcrumbList","@id":"https:\/\/portaltela.pt\/noticias\/2026\/01\/22\/castro-verde-assume-presidencia-do-conservatorio-do-baixo-alentejo-ate-2029\/#breadcrumb","itemListElement":[{"@type":"ListItem","position":1,"name":"In\u00edcio","item":"https:\/\/portaltela.pt\/"},{"@type":"ListItem","position":2,"name":"Castro Verde assume presid\u00eancia do Conservat\u00f3rio do Baixo Alentejo at\u00e9 2029"}]},{"@type":"WebSite","@id":"https:\/\/portaltela.pt\/#website","url":"https:\/\/portaltela.pt\/","name":"Portal Tela Portugal","description":"","potentialAction":[{"@type":"SearchAction","target":{"@type":"EntryPoint","urlTemplate":"https:\/\/portaltela.pt\/?s={search_term_string}"},"query-input":{"@type":"PropertyValueSpecification","valueRequired":true,"valueName":"search_term_string"}}],"inLanguage":"pt-PT"},{"@type":"Person","@id":"https:\/\/portaltela.pt\/#\/schema\/person\/c4278d4a6028830caff9ee44b42d32ed","name":"Telinha","image":{"@type":"ImageObject","inLanguage":"pt-PT","@id":"https:\/\/portaltela.pt\/s.01k8rhncp4jt1\/2025\/11\/talking-bot-125x125.png","url":"https:\/\/portaltela.pt\/s.01k8rhncp4jt1\/2025\/11\/talking-bot-125x125.png","contentUrl":"https:\/\/portaltela.pt\/s.01k8rhncp4jt1\/2025\/11\/talking-bot-125x125.png","caption":"Telinha"},"sameAs":["https:\/\/portaltela.pt\/"],"url":"https:\/\/portaltela.pt\/por\/367410592786\/"}]}},"_links":{"self":[{"href":"https:\/\/portaltela.pt\/api\/wp\/v2\/posts\/164908","targetHints":{"allow":["GET"]}}],"collection":[{"href":"https:\/\/portaltela.pt\/api\/wp\/v2\/posts"}],"about":[{"href":"https:\/\/portaltela.pt\/api\/wp\/v2\/types\/post"}],"author":[{"embeddable":true,"href":"https:\/\/portaltela.pt\/api\/wp\/v2\/users\/2"}],"replies":[{"embeddable":true,"href":"https:\/\/portaltela.pt\/api\/wp\/v2\/comments?post=164908"}],"version-history":[{"count":0,"href":"https:\/\/portaltela.pt\/api\/wp\/v2\/posts\/164908\/revisions"}],"wp:featuredmedia":[{"embeddable":true,"href":"https:\/\/portaltela.pt\/api\/wp\/v2\/media\/164924"}],"wp:attachment":[{"href":"https:\/\/portaltela.pt\/api\/wp\/v2\/media?parent=164908"}],"wp:term":[{"taxonomy":"category","embeddable":true,"href":"https:\/\/portaltela.pt\/api\/wp\/v2\/categories?post=164908"},{"taxonomy":"post_tag","embeddable":true,"href":"https:\/\/portaltela.pt\/api\/wp\/v2\/tags?post=164908"}],"curies":[{"name":"wp","href":"https:\/\/api.w.org\/{rel}","templated":true}]}}