{"id":164857,"date":"2026-01-22T17:35:26","date_gmt":"2026-01-22T20:35:26","guid":{"rendered":"https:\/\/portaltela.pt\/?p=164857"},"modified":"2026-01-22T17:35:28","modified_gmt":"2026-01-22T20:35:28","slug":"portugal-no-padel-saiba-quem-sao-os-portugueses-que-brilham-e-mantem-o-pais-entre-os-destaques-mundiais","status":"publish","type":"post","link":"https:\/\/portaltela.pt\/desporto\/2026\/01\/22\/portugal-no-padel-saiba-quem-sao-os-portugueses-que-brilham-e-mantem-o-pais-entre-os-destaques-mundiais\/","title":{"rendered":"Portugal no padel: saiba quem s\u00e3o os portugueses que brilham e mant\u00eam o pa\u00eds entre os destaques mundiais"},"content":{"rendered":"\n<p>Uma das principais competi\u00e7\u00f5es de padel do mundo est\u00e1 prestes a come\u00e7ar. A Reserve Cup 2026 ter\u00e1 como palco Miami e ser\u00e1 exibida aqui no Brasil pelo Portal Tela nos dias 22, 23 e 24 de janeiro.<\/p>\n\n\n\n<p>Gostaria de acompanhar o <em>Reserve Cup 2026<\/em>? Clique<a href=\"https:\/\/portaltela.pt\/padel-reserve-cup-2026\/\"> aqui <\/a>e assista no Portal Tela.<\/p>\n\n\n\n<p>Em Portugal, o padel explodiu em popularidade e est\u00e1 entre os desportos que mais crescem no pa\u00eds.<\/p>\n\n\n\n<p>Com esse avan\u00e7o, o Portal Tela reuniu alguns dos principais jogadores portugueses, que ajudaram a construir a tradi\u00e7\u00e3o da modalidade no pa\u00eds.<\/p>\n\n\n\n<h2 class=\"wp-block-heading\">Irm\u00e3os Deus<\/h2>\n\n\n\n<figure class=\"wp-block-image size-full\"><img fetchpriority=\"high\" decoding=\"async\" width=\"861\" height=\"574\" src=\"https:\/\/portaltela.pt\/s.01k8rhncp4jt1\/2026\/01\/24c68da6-1c72-497c-9b36-09c59712032b.png\" alt=\"\" class=\"wp-image-164864\" srcset=\"https:\/\/portaltela.pt\/s.01k8rhncp4jt1\/2026\/01\/24c68da6-1c72-497c-9b36-09c59712032b.png 861w, https:\/\/portaltela.pt\/s.01k8rhncp4jt1\/2026\/01\/24c68da6-1c72-497c-9b36-09c59712032b-300x200.png 300w, https:\/\/portaltela.pt\/s.01k8rhncp4jt1\/2026\/01\/24c68da6-1c72-497c-9b36-09c59712032b-768x512.png 768w\" sizes=\"(max-width: 861px) 100vw, 861px\" \/><figcaption class=\"wp-element-caption\">Foto: Reprodu\u00e7\u00e3o\/ABola.pt.<\/figcaption><\/figure>\n\n\n\n<p>A dupla portuguesa formada pelos irm\u00e3os Miguel Deus e Nuno Deus, ambos de Lisboa, \u00e9 hoje o principal nome do padel portugu\u00eas em atividade.<\/p>\n\n\n\n<p>Miguel ocupa atualmente o 48.\u00ba lugar do ranking da FIP (Federa\u00e7\u00e3o Internacional de Padel) ao lado de Nuno, com quem faz dupla, um feito hist\u00f3rico para a modalidade, j\u00e1 que s\u00e3o os \u00fanicos portugueses a entrar no top 50 mundial.<\/p>\n\n\n\n<p>Os dois come\u00e7aram no t\u00e9nis e, em 2018, trocaram a modalidade pelo padel em busca de uma carreira internacional. Em 2025, assinaram com o Sporting Clube de Portugal e passaram a representar o clube.<\/p>\n\n\n\n<p>Os irm\u00e3os j\u00e1 somam dois t\u00edtulos nacionais, conquistados em 2023 e 2025, e contam ainda com triunfos no circuito internacional da FIP, como no FIP Rise Houten de 2023, o FIP Rise Bapadel Barcelona de 2024 e o FIP Silver Koksijde de 2025.<\/p>\n\n\n\n<p>Os irm\u00e3os tamb\u00e9m j\u00e1 representaram a sele\u00e7\u00e3o portuguesa e foram vice-campe\u00f5es europeus em 2025, ap\u00f3s derrota na final frente \u00e0 Espanha.<\/p>\n\n\n\n<p>Al\u00e9m disso, os irm\u00e3os det\u00eam um feito curioso ao protagonizarem a partida mais longa da hist\u00f3ria do Premier Padel, com 3h17m de dura\u00e7\u00e3o, vencida frente a Ignacio Piotto e Denis Perino.<\/p>\n\n\n\n<h2 class=\"wp-block-heading\">Diogo Rocha<\/h2>\n\n\n\n<figure class=\"wp-block-image size-full\"><img decoding=\"async\" width=\"960\" height=\"539\" src=\"https:\/\/portaltela.pt\/s.01k8rhncp4jt1\/2026\/01\/diogorochapadel.png\" alt=\"\" class=\"wp-image-164899\" srcset=\"https:\/\/portaltela.pt\/s.01k8rhncp4jt1\/2026\/01\/diogorochapadel.png 960w, https:\/\/portaltela.pt\/s.01k8rhncp4jt1\/2026\/01\/diogorochapadel-300x168.png 300w, https:\/\/portaltela.pt\/s.01k8rhncp4jt1\/2026\/01\/diogorochapadel-768x431.png 768w, https:\/\/portaltela.pt\/s.01k8rhncp4jt1\/2026\/01\/diogorochapadel-856x481.png 856w\" sizes=\"(max-width: 960px) 100vw, 960px\" \/><figcaption class=\"wp-element-caption\">Foto: Reprodu\u00e7\u00e3o\/Bola Amarela.<\/figcaption><\/figure>\n\n\n\n<p>Um dos principais respons\u00e1veis pela populariza\u00e7\u00e3o do padel em Portugal \u00e9 Diogo Rocha, l\u00edder do ranking nacional durante uma d\u00e9cada.<\/p>\n\n\n\n<p>No cen\u00e1rio mundial, alcan\u00e7ou a 68.\u00aa posi\u00e7\u00e3o em 2016, a sua melhor marca na lista internacional.<\/p>\n\n\n\n<p>Diogo come\u00e7ou a jogar padel por volta de 2009, quando a modalidade ainda era pouco conhecida no pa\u00eds e a infraestrutura estava longe do padr\u00e3o atual.<\/p>\n\n\n\n<p>Ele soma nove t\u00edtulos nacionais e foi vice-campe\u00e3o, ao lado de Miguel Oliveira, no Mundial em Pares de 2016, disputado na Quinta da Marinha.<\/p>\n\n\n\n<p>Em 2023, encerrou a carreira como jogador e, desde ent\u00e3o, atua como treinador de renome, dedicado ao desenvolvimento da modalidade e \u00e0 forma\u00e7\u00e3o de novos talentos.<\/p>\n\n\n\n<h2 class=\"wp-block-heading\">Miguel Oliveira<\/h2>\n\n\n\n<figure class=\"wp-block-image size-large\"><img decoding=\"async\" width=\"1024\" height=\"588\" src=\"https:\/\/portaltela.pt\/s.01k8rhncp4jt1\/2026\/01\/image-1024x588.png\" alt=\"\" class=\"wp-image-164861\" srcset=\"https:\/\/portaltela.pt\/s.01k8rhncp4jt1\/2026\/01\/image-1024x588.png 1024w, https:\/\/portaltela.pt\/s.01k8rhncp4jt1\/2026\/01\/image-300x172.png 300w, https:\/\/portaltela.pt\/s.01k8rhncp4jt1\/2026\/01\/image-768x441.png 768w, https:\/\/portaltela.pt\/s.01k8rhncp4jt1\/2026\/01\/image.png 1434w\" sizes=\"(max-width: 1024px) 100vw, 1024px\" \/><figcaption class=\"wp-element-caption\">Foto: Reprodu\u00e7\u00e3o\/Padel Magazine<\/figcaption><\/figure>\n\n\n\n<p>Considerado um dos melhores do pa\u00eds, Miguel Oliveira \u00e9 um nome de elite do padel portugu\u00eas e tamb\u00e9m teve um papel importante na populariza\u00e7\u00e3o da modalidade.<\/p>\n\n\n\n<p>Assim como os irm\u00e3os Deus, come\u00e7ou no t\u00e9nis e mudou para o padel em 2011. No ano seguinte, em 2012, disputou o primeiro Mundial, no M\u00e9xico.<\/p>\n\n\n\n<p>Ele foi campe\u00e3o nacional tr\u00eas vezes, ao lado de Diogo Rocha e Vasco Pascoal, e tamb\u00e9m conquistou t\u00edtulos internacionais, como o FIP Gold Alkmaar (2022), a Master Cupra Padel Tour Imagen (2023), no M\u00e9xico, e o FIP Bronze South Africa (2025).<\/p>\n\n\n\n<p>Em 2024, fez uma pausa na carreira para se dedicar \u00e0 fun\u00e7\u00e3o de treinador na PACE, uma academia profissional de padel. Em 2025, aos 37 anos, regressou \u00e0s competi\u00e7\u00f5es e voltou a ganhar t\u00edtulos.<\/p>\n\n\n\n<h2 class=\"wp-block-heading\">Afonso Fazendeiro<\/h2>\n\n\n\n<figure class=\"wp-block-image size-full\"><img loading=\"lazy\" decoding=\"async\" width=\"952\" height=\"538\" src=\"https:\/\/portaltela.pt\/s.01k8rhncp4jt1\/2026\/01\/Captura-de-tela-2026-01-22-155803.png\" alt=\"\" class=\"wp-image-164904\" srcset=\"https:\/\/portaltela.pt\/s.01k8rhncp4jt1\/2026\/01\/Captura-de-tela-2026-01-22-155803.png 952w, https:\/\/portaltela.pt\/s.01k8rhncp4jt1\/2026\/01\/Captura-de-tela-2026-01-22-155803-300x170.png 300w, https:\/\/portaltela.pt\/s.01k8rhncp4jt1\/2026\/01\/Captura-de-tela-2026-01-22-155803-768x434.png 768w\" sizes=\"(max-width: 952px) 100vw, 952px\" \/><figcaption class=\"wp-element-caption\">Foto: Reprodu\u00e7\u00e3o\/Padel365<\/figcaption><\/figure>\n\n\n\n<p>Atual n\u00famero um do ranking portugu\u00eas, Afonso Fazendeiro, de Lisboa, \u00e9 um dos principais jogadores em atividade no pa\u00eds. No ranking da FIP, aparece na 178.\u00aa posi\u00e7\u00e3o.<\/p>\n\n\n\n<p>Em 2021, j\u00e1 competia no circuito internacional, com participa\u00e7\u00e3o no Vigo Open, do World Padel Tour, etapa em que come\u00e7ou a consolidar a carreira e recebeu um wild card da Federa\u00e7\u00e3o Portuguesa de Padel no mesmo ano.<\/p>\n\n\n\n<p>Entre as principais conquistas da carreira est\u00e3o a medalha de bronze nos Jogos Europeus de 2023, o t\u00edtulo do European Absolutes Open Pairs Championship no mesmo ano, o terceiro lugar no Campeonato do Mundo da FIP em 2024 e a conquista do FIP Bronze Piacenza em 2025.<\/p>\n\n\n\n<h2 class=\"wp-block-heading\">Sofia Ara\u00fajo<\/h2>\n\n\n\n<figure class=\"wp-block-image size-large\"><img loading=\"lazy\" decoding=\"async\" width=\"1024\" height=\"576\" src=\"https:\/\/portaltela.pt\/s.01k8rhncp4jt1\/2026\/01\/Sofia-Araujo-Mon-premier-tournoi-cetait-avec-ma-mere.jpg-1024x576.png\" alt=\"\" class=\"wp-image-164905\" srcset=\"https:\/\/portaltela.pt\/s.01k8rhncp4jt1\/2026\/01\/Sofia-Araujo-Mon-premier-tournoi-cetait-avec-ma-mere.jpg-1024x576.png 1024w, https:\/\/portaltela.pt\/s.01k8rhncp4jt1\/2026\/01\/Sofia-Araujo-Mon-premier-tournoi-cetait-avec-ma-mere.jpg-300x169.png 300w, https:\/\/portaltela.pt\/s.01k8rhncp4jt1\/2026\/01\/Sofia-Araujo-Mon-premier-tournoi-cetait-avec-ma-mere.jpg-768x432.png 768w, https:\/\/portaltela.pt\/s.01k8rhncp4jt1\/2026\/01\/Sofia-Araujo-Mon-premier-tournoi-cetait-avec-ma-mere.jpg-1536x864.png 1536w, https:\/\/portaltela.pt\/s.01k8rhncp4jt1\/2026\/01\/Sofia-Araujo-Mon-premier-tournoi-cetait-avec-ma-mere.jpg-856x481.png 856w, https:\/\/portaltela.pt\/s.01k8rhncp4jt1\/2026\/01\/Sofia-Araujo-Mon-premier-tournoi-cetait-avec-ma-mere.jpg.png 1920w\" sizes=\"(max-width: 1024px) 100vw, 1024px\" \/><figcaption class=\"wp-element-caption\">Foto: Reprodu\u00e7\u00e3o\/Padel Magazine<\/figcaption><\/figure>\n\n\n\n<p>No feminino, Portugal ganha ainda mais destaque com Sofia Ara\u00fajo, hoje uma das principais jogadoras do pa\u00eds e do circuito mundial.<\/p>\n\n\n\n<p>A atleta ocupa a 7.\u00aa posi\u00e7\u00e3o no ranking da FIP, a melhor marca da carreira, e est\u00e1 entre as 10 melhores do mundo.<\/p>\n\n\n\n<p>Sofia come\u00e7ou no t\u00e9nis e, em 2013, estreou no circuito WTA no Portugal Open.<\/p>\n\n\n\n<p>A transi\u00e7\u00e3o para o padel surgiu a convite de um tio, depois de um primeiro torneio disputado ao lado da m\u00e3e, e em 2016 j\u00e1 competia no World Padel Tour.<\/p>\n\n\n\n<p>No curr\u00edculo, soma quatro t\u00edtulos nacionais em pares, conquistados num intervalo de cinco anos.<\/p>\n\n\n\n<p>J\u00e1 no circuito internacional, venceu um t\u00edtulo no Premier Padel ao lado de Andrea Ustero e conquistou ainda o P2 New Giza, em dupla com Marta Ortega.<\/p>\n","protected":false},"excerpt":{"rendered":"<p>Uma das principais competi\u00e7\u00f5es de padel do mundo est\u00e1 prestes a come\u00e7ar. A Reserve Cup 2026 ter\u00e1 como palco Miami e ser\u00e1 exibida aqui no Brasil pelo Portal Tela nos dias 22, 23 e 24 de janeiro. Gostaria de acompanhar o Reserve Cup 2026? Clique aqui e assista no Portal Tela. Em Portugal, o padel [&hellip;]<\/p>\n","protected":false},"author":6,"featured_media":164906,"comment_status":"open","ping_status":"open","sticky":false,"template":"","format":"standard","meta":{"footnotes":""},"categories":[21],"tags":[3877,3815],"class_list":["post-164857","post","type-post","status-publish","format-standard","has-post-thumbnail","hentry","category-desporto","tag-padel","tag-reserve-cup-2026"],"yoast_head":"<!-- This site is optimized with the Yoast SEO plugin v27.2 - https:\/\/yoast.com\/product\/yoast-seo-wordpress\/ -->\n<title>Portugal no padel: saiba quem s\u00e3o os portugueses que brilham e mant\u00eam o pa\u00eds entre os destaques mundiais - Portal Tela Portugal<\/title>\n<meta name=\"robots\" content=\"index, follow, max-snippet:-1, max-image-preview:large, max-video-preview:-1\" \/>\n<meta property=\"og:locale\" content=\"pt_PT\" \/>\n<meta property=\"og:type\" content=\"article\" \/>\n<meta property=\"og:title\" content=\"Portugal no padel: saiba quem s\u00e3o os portugueses que brilham e mant\u00eam o pa\u00eds entre os destaques mundiais - Portal Tela Portugal\" \/>\n<meta property=\"og:description\" content=\"Uma das principais competi\u00e7\u00f5es de padel do mundo est\u00e1 prestes a come\u00e7ar. A Reserve Cup 2026 ter\u00e1 como palco Miami e ser\u00e1 exibida aqui no Brasil pelo Portal Tela nos dias 22, 23 e 24 de janeiro. Gostaria de acompanhar o Reserve Cup 2026? Clique aqui e assista no Portal Tela. Em Portugal, o padel [&hellip;]\" \/>\n<meta property=\"og:url\" content=\"https:\/\/portaltela.pt\/desporto\/2026\/01\/22\/portugal-no-padel-saiba-quem-sao-os-portugueses-que-brilham-e-mantem-o-pais-entre-os-destaques-mundiais\/\" \/>\n<meta property=\"og:site_name\" content=\"Portal Tela Portugal\" \/>\n<meta property=\"article:published_time\" content=\"2026-01-22T20:35:26+00:00\" \/>\n<meta property=\"article:modified_time\" content=\"2026-01-22T20:35:28+00:00\" \/>\n<meta property=\"og:image\" content=\"https:\/\/portaltela.pt\/s.01k8rhncp4jt1\/2026\/01\/img_920x518uu2025-06-22-21-39-47-2371373.png\" \/>\n\t<meta property=\"og:image:width\" content=\"920\" \/>\n\t<meta property=\"og:image:height\" content=\"518\" \/>\n\t<meta property=\"og:image:type\" content=\"image\/png\" \/>\n<meta name=\"author\" content=\"Pedro\" \/>\n<meta name=\"twitter:card\" content=\"summary_large_image\" \/>\n<meta name=\"twitter:label1\" content=\"Escrito por\" \/>\n\t<meta name=\"twitter:data1\" content=\"Pedro\" \/>\n\t<meta name=\"twitter:label2\" content=\"Tempo estimado de leitura\" \/>\n\t<meta name=\"twitter:data2\" content=\"6 minutos\" \/>\n<script type=\"application\/ld+json\" class=\"yoast-schema-graph\">{\"@context\":\"https:\/\/schema.org\",\"@graph\":[{\"@type\":\"Article\",\"@id\":\"https:\/\/portaltela.pt\/desporto\/2026\/01\/22\/portugal-no-padel-saiba-quem-sao-os-portugueses-que-brilham-e-mantem-o-pais-entre-os-destaques-mundiais\/#article\",\"isPartOf\":{\"@id\":\"https:\/\/portaltela.pt\/desporto\/2026\/01\/22\/portugal-no-padel-saiba-quem-sao-os-portugueses-que-brilham-e-mantem-o-pais-entre-os-destaques-mundiais\/\"},\"author\":{\"name\":\"Pedro\",\"@id\":\"https:\/\/portaltela.pt\/#\/schema\/person\/46f99d681ff7818ab78ca399120163c1\"},\"headline\":\"Portugal no padel: saiba quem s\u00e3o os portugueses que brilham e mant\u00eam o pa\u00eds entre os destaques mundiais\",\"datePublished\":\"2026-01-22T20:35:26+00:00\",\"dateModified\":\"2026-01-22T20:35:28+00:00\",\"mainEntityOfPage\":{\"@id\":\"https:\/\/portaltela.pt\/desporto\/2026\/01\/22\/portugal-no-padel-saiba-quem-sao-os-portugueses-que-brilham-e-mantem-o-pais-entre-os-destaques-mundiais\/\"},\"wordCount\":850,\"commentCount\":0,\"image\":{\"@id\":\"https:\/\/portaltela.pt\/desporto\/2026\/01\/22\/portugal-no-padel-saiba-quem-sao-os-portugueses-que-brilham-e-mantem-o-pais-entre-os-destaques-mundiais\/#primaryimage\"},\"thumbnailUrl\":\"https:\/\/portaltela.pt\/s.01k8rhncp4jt1\/2026\/01\/img_920x518uu2025-06-22-21-39-47-2371373.png\",\"keywords\":[\"Padel\",\"reserve cup 2026\"],\"articleSection\":[\"Desporto\"],\"inLanguage\":\"pt-PT\",\"potentialAction\":[{\"@type\":\"CommentAction\",\"name\":\"Comment\",\"target\":[\"https:\/\/portaltela.pt\/desporto\/2026\/01\/22\/portugal-no-padel-saiba-quem-sao-os-portugueses-que-brilham-e-mantem-o-pais-entre-os-destaques-mundiais\/#respond\"]}]},{\"@type\":\"WebPage\",\"@id\":\"https:\/\/portaltela.pt\/desporto\/2026\/01\/22\/portugal-no-padel-saiba-quem-sao-os-portugueses-que-brilham-e-mantem-o-pais-entre-os-destaques-mundiais\/\",\"url\":\"https:\/\/portaltela.pt\/desporto\/2026\/01\/22\/portugal-no-padel-saiba-quem-sao-os-portugueses-que-brilham-e-mantem-o-pais-entre-os-destaques-mundiais\/\",\"name\":\"Portugal no padel: saiba quem s\u00e3o os portugueses que brilham e mant\u00eam o pa\u00eds entre os destaques mundiais - Portal Tela Portugal\",\"isPartOf\":{\"@id\":\"https:\/\/portaltela.pt\/#website\"},\"primaryImageOfPage\":{\"@id\":\"https:\/\/portaltela.pt\/desporto\/2026\/01\/22\/portugal-no-padel-saiba-quem-sao-os-portugueses-que-brilham-e-mantem-o-pais-entre-os-destaques-mundiais\/#primaryimage\"},\"image\":{\"@id\":\"https:\/\/portaltela.pt\/desporto\/2026\/01\/22\/portugal-no-padel-saiba-quem-sao-os-portugueses-que-brilham-e-mantem-o-pais-entre-os-destaques-mundiais\/#primaryimage\"},\"thumbnailUrl\":\"https:\/\/portaltela.pt\/s.01k8rhncp4jt1\/2026\/01\/img_920x518uu2025-06-22-21-39-47-2371373.png\",\"datePublished\":\"2026-01-22T20:35:26+00:00\",\"dateModified\":\"2026-01-22T20:35:28+00:00\",\"author\":{\"@id\":\"https:\/\/portaltela.pt\/#\/schema\/person\/46f99d681ff7818ab78ca399120163c1\"},\"breadcrumb\":{\"@id\":\"https:\/\/portaltela.pt\/desporto\/2026\/01\/22\/portugal-no-padel-saiba-quem-sao-os-portugueses-que-brilham-e-mantem-o-pais-entre-os-destaques-mundiais\/#breadcrumb\"},\"inLanguage\":\"pt-PT\",\"potentialAction\":[{\"@type\":\"ReadAction\",\"target\":[\"https:\/\/portaltela.pt\/desporto\/2026\/01\/22\/portugal-no-padel-saiba-quem-sao-os-portugueses-que-brilham-e-mantem-o-pais-entre-os-destaques-mundiais\/\"]}]},{\"@type\":\"ImageObject\",\"inLanguage\":\"pt-PT\",\"@id\":\"https:\/\/portaltela.pt\/desporto\/2026\/01\/22\/portugal-no-padel-saiba-quem-sao-os-portugueses-que-brilham-e-mantem-o-pais-entre-os-destaques-mundiais\/#primaryimage\",\"url\":\"https:\/\/portaltela.pt\/s.01k8rhncp4jt1\/2026\/01\/img_920x518uu2025-06-22-21-39-47-2371373.png\",\"contentUrl\":\"https:\/\/portaltela.pt\/s.01k8rhncp4jt1\/2026\/01\/img_920x518uu2025-06-22-21-39-47-2371373.png\",\"width\":920,\"height\":518,\"caption\":\"Foto: Reprodu\u00e7\u00e3o\/Record.pt.\"},{\"@type\":\"BreadcrumbList\",\"@id\":\"https:\/\/portaltela.pt\/desporto\/2026\/01\/22\/portugal-no-padel-saiba-quem-sao-os-portugueses-que-brilham-e-mantem-o-pais-entre-os-destaques-mundiais\/#breadcrumb\",\"itemListElement\":[{\"@type\":\"ListItem\",\"position\":1,\"name\":\"In\u00edcio\",\"item\":\"https:\/\/portaltela.pt\/\"},{\"@type\":\"ListItem\",\"position\":2,\"name\":\"Portugal no padel: saiba quem s\u00e3o os portugueses que brilham e mant\u00eam o pa\u00eds entre os destaques mundiais\"}]},{\"@type\":\"WebSite\",\"@id\":\"https:\/\/portaltela.pt\/#website\",\"url\":\"https:\/\/portaltela.pt\/\",\"name\":\"Portal Tela Portugal\",\"description\":\"\",\"potentialAction\":[{\"@type\":\"SearchAction\",\"target\":{\"@type\":\"EntryPoint\",\"urlTemplate\":\"https:\/\/portaltela.pt\/?s={search_term_string}\"},\"query-input\":{\"@type\":\"PropertyValueSpecification\",\"valueRequired\":true,\"valueName\":\"search_term_string\"}}],\"inLanguage\":\"pt-PT\"},{\"@type\":\"Person\",\"@id\":\"https:\/\/portaltela.pt\/#\/schema\/person\/46f99d681ff7818ab78ca399120163c1\",\"name\":\"Pedro\",\"image\":{\"@type\":\"ImageObject\",\"inLanguage\":\"pt-PT\",\"@id\":\"https:\/\/portaltela.pt\/s.01k8rhncp4jt1\/2026\/01\/WhatsApp-Image-2025-12-02-at-12.53.58-125x125.png\",\"url\":\"https:\/\/portaltela.pt\/s.01k8rhncp4jt1\/2026\/01\/WhatsApp-Image-2025-12-02-at-12.53.58-125x125.png\",\"contentUrl\":\"https:\/\/portaltela.pt\/s.01k8rhncp4jt1\/2026\/01\/WhatsApp-Image-2025-12-02-at-12.53.58-125x125.png\",\"caption\":\"Pedro\"},\"description\":\"Nascido em Santo Andr\u00e9, S\u00e3o Paulo, come\u00e7ou a produzir mat\u00e9rias para seu blog pessoal, onde focava em escrever sobre as principais not\u00edcias relacionadas a seus interesses culturais e art\u00edsticos. Atualmente, cursa Jornalismo na Faculdade Paulus de Tecnologia e Comunica\u00e7\u00e3o e atua como estagi\u00e1rio no portal. Apaixonado por todas as formas de arte, especialmente a m\u00fasica, sendo f\u00e3 da banda brit\u00e2nica Radiohead e do compositor brasileiro Esteban Tavares, Pedro apresenta an\u00e1lises e informa\u00e7\u00f5es que v\u00e3o al\u00e9m da imagem e do som, ao explorar as diferentes nuances de cada artista, projeto ou evento, assim como o contexto cultural e social por tr\u00e1s das cria\u00e7\u00f5es. Al\u00e9m disso, acompanha de perto lan\u00e7amentos, tend\u00eancias e acontecimentos n\u00e3o apenas do entretenimento, mas tamb\u00e9m do mundo como um todo, onde explora um pouco de cada assunto todo dia.\",\"url\":\"https:\/\/portaltela.pt\/por\/pedro-menezes\/\"}]}<\/script>\n<!-- \/ Yoast SEO plugin. -->","yoast_head_json":{"title":"Portugal no padel: saiba quem s\u00e3o os portugueses que brilham e mant\u00eam o pa\u00eds entre os destaques mundiais - Portal Tela Portugal","robots":{"index":"index","follow":"follow","max-snippet":"max-snippet:-1","max-image-preview":"max-image-preview:large","max-video-preview":"max-video-preview:-1"},"og_locale":"pt_PT","og_type":"article","og_title":"Portugal no padel: saiba quem s\u00e3o os portugueses que brilham e mant\u00eam o pa\u00eds entre os destaques mundiais - Portal Tela Portugal","og_description":"Uma das principais competi\u00e7\u00f5es de padel do mundo est\u00e1 prestes a come\u00e7ar. A Reserve Cup 2026 ter\u00e1 como palco Miami e ser\u00e1 exibida aqui no Brasil pelo Portal Tela nos dias 22, 23 e 24 de janeiro. Gostaria de acompanhar o Reserve Cup 2026? Clique aqui e assista no Portal Tela. Em Portugal, o padel [&hellip;]","og_url":"https:\/\/portaltela.pt\/desporto\/2026\/01\/22\/portugal-no-padel-saiba-quem-sao-os-portugueses-que-brilham-e-mantem-o-pais-entre-os-destaques-mundiais\/","og_site_name":"Portal Tela Portugal","article_published_time":"2026-01-22T20:35:26+00:00","article_modified_time":"2026-01-22T20:35:28+00:00","og_image":[{"width":920,"height":518,"url":"https:\/\/portaltela.pt\/s.01k8rhncp4jt1\/2026\/01\/img_920x518uu2025-06-22-21-39-47-2371373.png","type":"image\/png"}],"author":"Pedro","twitter_card":"summary_large_image","twitter_misc":{"Escrito por":"Pedro","Tempo estimado de leitura":"6 minutos"},"schema":{"@context":"https:\/\/schema.org","@graph":[{"@type":"Article","@id":"https:\/\/portaltela.pt\/desporto\/2026\/01\/22\/portugal-no-padel-saiba-quem-sao-os-portugueses-que-brilham-e-mantem-o-pais-entre-os-destaques-mundiais\/#article","isPartOf":{"@id":"https:\/\/portaltela.pt\/desporto\/2026\/01\/22\/portugal-no-padel-saiba-quem-sao-os-portugueses-que-brilham-e-mantem-o-pais-entre-os-destaques-mundiais\/"},"author":{"name":"Pedro","@id":"https:\/\/portaltela.pt\/#\/schema\/person\/46f99d681ff7818ab78ca399120163c1"},"headline":"Portugal no padel: saiba quem s\u00e3o os portugueses que brilham e mant\u00eam o pa\u00eds entre os destaques mundiais","datePublished":"2026-01-22T20:35:26+00:00","dateModified":"2026-01-22T20:35:28+00:00","mainEntityOfPage":{"@id":"https:\/\/portaltela.pt\/desporto\/2026\/01\/22\/portugal-no-padel-saiba-quem-sao-os-portugueses-que-brilham-e-mantem-o-pais-entre-os-destaques-mundiais\/"},"wordCount":850,"commentCount":0,"image":{"@id":"https:\/\/portaltela.pt\/desporto\/2026\/01\/22\/portugal-no-padel-saiba-quem-sao-os-portugueses-que-brilham-e-mantem-o-pais-entre-os-destaques-mundiais\/#primaryimage"},"thumbnailUrl":"https:\/\/portaltela.pt\/s.01k8rhncp4jt1\/2026\/01\/img_920x518uu2025-06-22-21-39-47-2371373.png","keywords":["Padel","reserve cup 2026"],"articleSection":["Desporto"],"inLanguage":"pt-PT","potentialAction":[{"@type":"CommentAction","name":"Comment","target":["https:\/\/portaltela.pt\/desporto\/2026\/01\/22\/portugal-no-padel-saiba-quem-sao-os-portugueses-que-brilham-e-mantem-o-pais-entre-os-destaques-mundiais\/#respond"]}]},{"@type":"WebPage","@id":"https:\/\/portaltela.pt\/desporto\/2026\/01\/22\/portugal-no-padel-saiba-quem-sao-os-portugueses-que-brilham-e-mantem-o-pais-entre-os-destaques-mundiais\/","url":"https:\/\/portaltela.pt\/desporto\/2026\/01\/22\/portugal-no-padel-saiba-quem-sao-os-portugueses-que-brilham-e-mantem-o-pais-entre-os-destaques-mundiais\/","name":"Portugal no padel: saiba quem s\u00e3o os portugueses que brilham e mant\u00eam o pa\u00eds entre os destaques mundiais - Portal Tela Portugal","isPartOf":{"@id":"https:\/\/portaltela.pt\/#website"},"primaryImageOfPage":{"@id":"https:\/\/portaltela.pt\/desporto\/2026\/01\/22\/portugal-no-padel-saiba-quem-sao-os-portugueses-que-brilham-e-mantem-o-pais-entre-os-destaques-mundiais\/#primaryimage"},"image":{"@id":"https:\/\/portaltela.pt\/desporto\/2026\/01\/22\/portugal-no-padel-saiba-quem-sao-os-portugueses-que-brilham-e-mantem-o-pais-entre-os-destaques-mundiais\/#primaryimage"},"thumbnailUrl":"https:\/\/portaltela.pt\/s.01k8rhncp4jt1\/2026\/01\/img_920x518uu2025-06-22-21-39-47-2371373.png","datePublished":"2026-01-22T20:35:26+00:00","dateModified":"2026-01-22T20:35:28+00:00","author":{"@id":"https:\/\/portaltela.pt\/#\/schema\/person\/46f99d681ff7818ab78ca399120163c1"},"breadcrumb":{"@id":"https:\/\/portaltela.pt\/desporto\/2026\/01\/22\/portugal-no-padel-saiba-quem-sao-os-portugueses-que-brilham-e-mantem-o-pais-entre-os-destaques-mundiais\/#breadcrumb"},"inLanguage":"pt-PT","potentialAction":[{"@type":"ReadAction","target":["https:\/\/portaltela.pt\/desporto\/2026\/01\/22\/portugal-no-padel-saiba-quem-sao-os-portugueses-que-brilham-e-mantem-o-pais-entre-os-destaques-mundiais\/"]}]},{"@type":"ImageObject","inLanguage":"pt-PT","@id":"https:\/\/portaltela.pt\/desporto\/2026\/01\/22\/portugal-no-padel-saiba-quem-sao-os-portugueses-que-brilham-e-mantem-o-pais-entre-os-destaques-mundiais\/#primaryimage","url":"https:\/\/portaltela.pt\/s.01k8rhncp4jt1\/2026\/01\/img_920x518uu2025-06-22-21-39-47-2371373.png","contentUrl":"https:\/\/portaltela.pt\/s.01k8rhncp4jt1\/2026\/01\/img_920x518uu2025-06-22-21-39-47-2371373.png","width":920,"height":518,"caption":"Foto: Reprodu\u00e7\u00e3o\/Record.pt."},{"@type":"BreadcrumbList","@id":"https:\/\/portaltela.pt\/desporto\/2026\/01\/22\/portugal-no-padel-saiba-quem-sao-os-portugueses-que-brilham-e-mantem-o-pais-entre-os-destaques-mundiais\/#breadcrumb","itemListElement":[{"@type":"ListItem","position":1,"name":"In\u00edcio","item":"https:\/\/portaltela.pt\/"},{"@type":"ListItem","position":2,"name":"Portugal no padel: saiba quem s\u00e3o os portugueses que brilham e mant\u00eam o pa\u00eds entre os destaques mundiais"}]},{"@type":"WebSite","@id":"https:\/\/portaltela.pt\/#website","url":"https:\/\/portaltela.pt\/","name":"Portal Tela Portugal","description":"","potentialAction":[{"@type":"SearchAction","target":{"@type":"EntryPoint","urlTemplate":"https:\/\/portaltela.pt\/?s={search_term_string}"},"query-input":{"@type":"PropertyValueSpecification","valueRequired":true,"valueName":"search_term_string"}}],"inLanguage":"pt-PT"},{"@type":"Person","@id":"https:\/\/portaltela.pt\/#\/schema\/person\/46f99d681ff7818ab78ca399120163c1","name":"Pedro","image":{"@type":"ImageObject","inLanguage":"pt-PT","@id":"https:\/\/portaltela.pt\/s.01k8rhncp4jt1\/2026\/01\/WhatsApp-Image-2025-12-02-at-12.53.58-125x125.png","url":"https:\/\/portaltela.pt\/s.01k8rhncp4jt1\/2026\/01\/WhatsApp-Image-2025-12-02-at-12.53.58-125x125.png","contentUrl":"https:\/\/portaltela.pt\/s.01k8rhncp4jt1\/2026\/01\/WhatsApp-Image-2025-12-02-at-12.53.58-125x125.png","caption":"Pedro"},"description":"Nascido em Santo Andr\u00e9, S\u00e3o Paulo, come\u00e7ou a produzir mat\u00e9rias para seu blog pessoal, onde focava em escrever sobre as principais not\u00edcias relacionadas a seus interesses culturais e art\u00edsticos. Atualmente, cursa Jornalismo na Faculdade Paulus de Tecnologia e Comunica\u00e7\u00e3o e atua como estagi\u00e1rio no portal. Apaixonado por todas as formas de arte, especialmente a m\u00fasica, sendo f\u00e3 da banda brit\u00e2nica Radiohead e do compositor brasileiro Esteban Tavares, Pedro apresenta an\u00e1lises e informa\u00e7\u00f5es que v\u00e3o al\u00e9m da imagem e do som, ao explorar as diferentes nuances de cada artista, projeto ou evento, assim como o contexto cultural e social por tr\u00e1s das cria\u00e7\u00f5es. Al\u00e9m disso, acompanha de perto lan\u00e7amentos, tend\u00eancias e acontecimentos n\u00e3o apenas do entretenimento, mas tamb\u00e9m do mundo como um todo, onde explora um pouco de cada assunto todo dia.","url":"https:\/\/portaltela.pt\/por\/pedro-menezes\/"}]}},"_links":{"self":[{"href":"https:\/\/portaltela.pt\/api\/wp\/v2\/posts\/164857","targetHints":{"allow":["GET"]}}],"collection":[{"href":"https:\/\/portaltela.pt\/api\/wp\/v2\/posts"}],"about":[{"href":"https:\/\/portaltela.pt\/api\/wp\/v2\/types\/post"}],"author":[{"embeddable":true,"href":"https:\/\/portaltela.pt\/api\/wp\/v2\/users\/6"}],"replies":[{"embeddable":true,"href":"https:\/\/portaltela.pt\/api\/wp\/v2\/comments?post=164857"}],"version-history":[{"count":0,"href":"https:\/\/portaltela.pt\/api\/wp\/v2\/posts\/164857\/revisions"}],"wp:featuredmedia":[{"embeddable":true,"href":"https:\/\/portaltela.pt\/api\/wp\/v2\/media\/164906"}],"wp:attachment":[{"href":"https:\/\/portaltela.pt\/api\/wp\/v2\/media?parent=164857"}],"wp:term":[{"taxonomy":"category","embeddable":true,"href":"https:\/\/portaltela.pt\/api\/wp\/v2\/categories?post=164857"},{"taxonomy":"post_tag","embeddable":true,"href":"https:\/\/portaltela.pt\/api\/wp\/v2\/tags?post=164857"}],"curies":[{"name":"wp","href":"https:\/\/api.w.org\/{rel}","templated":true}]}}