{"id":164693,"date":"2026-01-22T16:32:00","date_gmt":"2026-01-22T19:32:00","guid":{"rendered":"https:\/\/portaltela.pt\/noticias\/2026\/01\/22\/gronelandia-nao-e-negociavel-afirma-governo\/"},"modified":"2026-01-22T16:32:00","modified_gmt":"2026-01-22T19:32:00","slug":"gronelandia-nao-e-negociavel-afirma-governo","status":"publish","type":"post","link":"https:\/\/portaltela.pt\/noticias\/2026\/01\/22\/gronelandia-nao-e-negociavel-afirma-governo\/","title":{"rendered":"Gronel\u00e2ndia n\u00e3o \u00e9 negoci\u00e1vel, afirma governo"},"content":{"rendered":"<p>O F\u00f3rum Econ\u00f3mico Mundial em Davos voltou a colocar a Gronel\u00e2ndia no centro de uma pol\u00e9mica diplom\u00e1tica. Donald Trump levantou novamente a hip\u00f3tese de aquisi\u00e7\u00e3o da ilha, elemento que acotou uma discuss\u00e3o sobre soberania, poder e influ\u00eancia geopol\u00edtica. O tema gerou rea\u00e7\u00f5es pol\u00edticas e an\u00e1lises estrat\u00e9gicas entre aliados e simpatizantes da ordem internacional.<\/p>\n<p>A Gronel\u00e2ndia abriga a base de Pituffik, situada no extremo norte da ilha, que desempenha fun\u00e7\u00f5es de vigil\u00e2ncia e de sistema de alerta antim\u00edssil para os Estados Unidos. A presen\u00e7a permite ao pa\u00eds manter capacidade de proje\u00e7\u00e3o no \u00c1rtico, segundo an\u00e1lises de especialistas, o que sustenta a neutralidade da anexa\u00e7\u00e3o anunciada.<\/p>\n<h3>Contexto estrat\u00e9gico<\/h3>\n<p>A ades\u00e3o do Alasca \u00e0 discuss\u00e3o \u00e9 citada por especialistas como mais pertinente em termos de defesa, dada a proximidade com a fronteira russa. A Gronel\u00e2ndia, pa\u00eds aut\u00f3nomo dentro do reino dinamarqu\u00eas e parte do espa\u00e7o euro-atl\u00e2ntico, surge como uma pe\u00e7a de interesse geopol\u00edtico, mas sem indicativos de necessidade militar real de aquisi\u00e7\u00e3o.<\/p>\n<h3>Rea\u00e7\u00f5es internacionais<\/h3>\n<p>O epis\u00f3dio evidencia uma tens\u00e3o sobre a ordem internacional baseada em regras. Comentadores apontam que discutir a soberania de um territ\u00f3rio aliado sem oposi\u00e7\u00e3o p\u00fablica robusta representa um desafio \u00e0 efic\u00e1cia de compromissos multilaterais. A situa\u00e7\u00e3o reacende o debate sobre limites entre interesse estrat\u00e9gico e direito de autodetermina\u00e7\u00e3o.<\/p>\n<h3>Perspectivas europeias<\/h3>\n<p>A rea\u00e7\u00e3o europeia n\u00e3o se restringe a formalismos. Observadores ressaltam a import\u00e2ncia de afirmar que interesses estrat\u00e9gicos n\u00e3o autorizam coer\u00e7\u00e3o nem a redefini\u00e7\u00e3o oportunista de fronteiras. A Gronel\u00e2ndia mant\u00e9m status de territ\u00f3rio soberano, com popula\u00e7\u00e3o e institui\u00e7\u00f5es pr\u00f3prias.<\/p>\n<h3>Vozes em Davos<\/h3>\n<p>A interven\u00e7\u00e3o de figuras com presen\u00e7a mundial, como o ex-governador do Banco do Canad\u00e1, Mark Carney, refor\u00e7a a ideia de que a ordem internacional baseada em regras est\u00e1 a enfrentar eros\u00e3o gradual. A Gronel\u00e2ndia \u00e9 apresentada como exemplo de discuss\u00e3o p\u00fablica sobre legitimidade de altera\u00e7\u00f5es de soberania.<\/p>\n<h3>Conclus\u00e3o institucional<\/h3>\n<p>Ao chamar a ilha de um elemento estrat\u00e9gico, evita-se reconhecer a sua identidade e direito \u00e0 autodetermina\u00e7\u00e3o. O consenso internacional permanece em defesa de soberania, integridade territorial e normas que respeitam povos e institui\u00e7\u00f5es locais, sem ced\u00eancia a press\u00f5es externas.<\/p>\n","protected":false},"excerpt":{"rendered":"<ul>\n<li>Donald Trump voltou a sugerir, no F\u00f3rum Econ\u00f3mico Mundial, a compra da Gronel\u00e2ndia, visto como um teste \u00e0 normaliza\u00e7\u00e3o do exerc\u00edcio do poder sobre soberanias alheias.<\/li>\n<li>A Gronel\u00e2ndia j\u00e1 abriga a base de Pituffik, um pilar de vigil\u00e2ncia e do sistema de alerta antim\u00edssil no \u00c1rtico, o que sustenta interesses estrat\u00e9gicos sem necessidade de anexa\u00e7\u00e3o.<\/li>\n<li>O debate \u00e9 visto como uma quest\u00e3o de poder e influ\u00eancia geopol\u00edtica, n\u00e3o apenas de defesa; a prioridade seria, por exemplo, o Alasca, devido \u00e0 fronteira com a R\u00fassia.<\/li>\n<li>A interven\u00e7\u00e3o de figuras europeias e do canadiano Mark Carney sinaliza eros\u00e3o da ordem internacional baseada em regras, com a Gronel\u00e2ndia a servir de exemplo dessa discuss\u00e3o.<\/li>\n<li>A Gronel\u00e2ndia \u00e9 territ\u00f3rio soberano, habitado e inalien\u00e1vel; trat\u00e1-la como mercadoria desumaniza o seu povo e questiona princ\u00edpios da comunidade internacional.<\/li>\n<\/ul>\n","protected":false},"author":2,"featured_media":164696,"comment_status":"closed","ping_status":"closed","sticky":false,"template":"","format":"standard","meta":{"footnotes":""},"categories":[1],"tags":[3615,66,3184,2016,2023,2832],"class_list":["post-164693","post","type-post","status-publish","format-standard","has-post-thumbnail","hentry","category-noticias","tag-autodeterminacao","tag-geopolitica","tag-gronelandia","tag-integridade-territorial","tag-organizacoes-internacionais","tag-politica"],"yoast_head":"<!-- This site is optimized with the Yoast SEO plugin v27.2 - https:\/\/yoast.com\/product\/yoast-seo-wordpress\/ -->\n<title>Gronel\u00e2ndia n\u00e3o \u00e9 negoci\u00e1vel, afirma governo - Portal Tela Portugal<\/title>\n<meta name=\"robots\" content=\"index, follow, max-snippet:-1, max-image-preview:large, max-video-preview:-1\" \/>\n<meta property=\"og:locale\" content=\"pt_PT\" \/>\n<meta property=\"og:type\" content=\"article\" \/>\n<meta property=\"og:title\" content=\"Gronel\u00e2ndia n\u00e3o \u00e9 negoci\u00e1vel, afirma governo - Portal Tela Portugal\" \/>\n<meta property=\"og:description\" content=\"Donald Trump voltou a sugerir, no F\u00f3rum Econ\u00f3mico Mundial, a compra da Gronel\u00e2ndia, visto como um teste \u00e0 normaliza\u00e7\u00e3o do exerc\u00edcio do poder sobre soberanias alheias. A Gronel\u00e2ndia j\u00e1 abriga a base de Pituffik, um pilar de vigil\u00e2ncia e do sistema de alerta antim\u00edssil no \u00c1rtico, o que sustenta interesses estrat\u00e9gicos sem necessidade de anexa\u00e7\u00e3o. O debate \u00e9 visto como uma quest\u00e3o de poder e influ\u00eancia geopol\u00edtica, n\u00e3o apenas de defesa; a prioridade seria, por exemplo, o Alasca, devido \u00e0 fronteira com a R\u00fassia. A interven\u00e7\u00e3o de figuras europeias e do canadiano Mark Carney sinaliza eros\u00e3o da ordem internacional baseada em regras, com a Gronel\u00e2ndia a servir de exemplo dessa discuss\u00e3o. A Gronel\u00e2ndia \u00e9 territ\u00f3rio soberano, habitado e inalien\u00e1vel; trat\u00e1-la como mercadoria desumaniza o seu povo e questiona princ\u00edpios da comunidade internacional.\" \/>\n<meta property=\"og:url\" content=\"https:\/\/portaltela.pt\/noticias\/2026\/01\/22\/gronelandia-nao-e-negociavel-afirma-governo\/\" \/>\n<meta property=\"og:site_name\" content=\"Portal Tela Portugal\" \/>\n<meta property=\"article:published_time\" content=\"2026-01-22T19:32:00+00:00\" \/>\n<meta name=\"author\" content=\"Telinha\" \/>\n<meta name=\"twitter:card\" content=\"summary_large_image\" \/>\n<meta name=\"twitter:label1\" content=\"Escrito por\" \/>\n\t<meta name=\"twitter:data1\" content=\"Telinha\" \/>\n\t<meta name=\"twitter:label2\" content=\"Tempo estimado de leitura\" \/>\n\t<meta name=\"twitter:data2\" content=\"2 minutos\" \/>\n<script type=\"application\/ld+json\" class=\"yoast-schema-graph\">{\"@context\":\"https:\/\/schema.org\",\"@graph\":[{\"@type\":\"Article\",\"@id\":\"https:\/\/portaltela.pt\/noticias\/2026\/01\/22\/gronelandia-nao-e-negociavel-afirma-governo\/#article\",\"isPartOf\":{\"@id\":\"https:\/\/portaltela.pt\/noticias\/2026\/01\/22\/gronelandia-nao-e-negociavel-afirma-governo\/\"},\"author\":{\"name\":\"Telinha\",\"@id\":\"https:\/\/portaltela.pt\/#\/schema\/person\/c4278d4a6028830caff9ee44b42d32ed\"},\"headline\":\"Gronel\u00e2ndia n\u00e3o \u00e9 negoci\u00e1vel, afirma governo\",\"datePublished\":\"2026-01-22T19:32:00+00:00\",\"mainEntityOfPage\":{\"@id\":\"https:\/\/portaltela.pt\/noticias\/2026\/01\/22\/gronelandia-nao-e-negociavel-afirma-governo\/\"},\"wordCount\":416,\"image\":{\"@id\":\"https:\/\/portaltela.pt\/noticias\/2026\/01\/22\/gronelandia-nao-e-negociavel-afirma-governo\/#primaryimage\"},\"thumbnailUrl\":\"https:\/\/portaltela.pt\/s.01k8rhncp4jt1\/2026\/01\/3c81b001-2544-435b-8b1a-e103f2a436ff_1200x675.jpg\",\"keywords\":[\"autodetermina\u00e7\u00e3o\",\"geopol\u00edtica\",\"Gronel\u00c3\u00a2ndia\",\"integridade territorial\",\"organiza\u00e7\u00f5es internacionais\",\"pol\u00edtica\"],\"articleSection\":[\"Not\u00edcias\"],\"inLanguage\":\"pt-PT\"},{\"@type\":\"WebPage\",\"@id\":\"https:\/\/portaltela.pt\/noticias\/2026\/01\/22\/gronelandia-nao-e-negociavel-afirma-governo\/\",\"url\":\"https:\/\/portaltela.pt\/noticias\/2026\/01\/22\/gronelandia-nao-e-negociavel-afirma-governo\/\",\"name\":\"Gronel\u00e2ndia n\u00e3o \u00e9 negoci\u00e1vel, afirma governo - Portal Tela Portugal\",\"isPartOf\":{\"@id\":\"https:\/\/portaltela.pt\/#website\"},\"primaryImageOfPage\":{\"@id\":\"https:\/\/portaltela.pt\/noticias\/2026\/01\/22\/gronelandia-nao-e-negociavel-afirma-governo\/#primaryimage\"},\"image\":{\"@id\":\"https:\/\/portaltela.pt\/noticias\/2026\/01\/22\/gronelandia-nao-e-negociavel-afirma-governo\/#primaryimage\"},\"thumbnailUrl\":\"https:\/\/portaltela.pt\/s.01k8rhncp4jt1\/2026\/01\/3c81b001-2544-435b-8b1a-e103f2a436ff_1200x675.jpg\",\"datePublished\":\"2026-01-22T19:32:00+00:00\",\"author\":{\"@id\":\"https:\/\/portaltela.pt\/#\/schema\/person\/c4278d4a6028830caff9ee44b42d32ed\"},\"breadcrumb\":{\"@id\":\"https:\/\/portaltela.pt\/noticias\/2026\/01\/22\/gronelandia-nao-e-negociavel-afirma-governo\/#breadcrumb\"},\"inLanguage\":\"pt-PT\",\"potentialAction\":[{\"@type\":\"ReadAction\",\"target\":[\"https:\/\/portaltela.pt\/noticias\/2026\/01\/22\/gronelandia-nao-e-negociavel-afirma-governo\/\"]}]},{\"@type\":\"ImageObject\",\"inLanguage\":\"pt-PT\",\"@id\":\"https:\/\/portaltela.pt\/noticias\/2026\/01\/22\/gronelandia-nao-e-negociavel-afirma-governo\/#primaryimage\",\"url\":\"https:\/\/portaltela.pt\/s.01k8rhncp4jt1\/2026\/01\/3c81b001-2544-435b-8b1a-e103f2a436ff_1200x675.jpg\",\"contentUrl\":\"https:\/\/portaltela.pt\/s.01k8rhncp4jt1\/2026\/01\/3c81b001-2544-435b-8b1a-e103f2a436ff_1200x675.jpg\",\"width\":796,\"height\":448,\"caption\":\"Photo\"},{\"@type\":\"BreadcrumbList\",\"@id\":\"https:\/\/portaltela.pt\/noticias\/2026\/01\/22\/gronelandia-nao-e-negociavel-afirma-governo\/#breadcrumb\",\"itemListElement\":[{\"@type\":\"ListItem\",\"position\":1,\"name\":\"In\u00edcio\",\"item\":\"https:\/\/portaltela.pt\/\"},{\"@type\":\"ListItem\",\"position\":2,\"name\":\"Gronel\u00e2ndia n\u00e3o \u00e9 negoci\u00e1vel, afirma governo\"}]},{\"@type\":\"WebSite\",\"@id\":\"https:\/\/portaltela.pt\/#website\",\"url\":\"https:\/\/portaltela.pt\/\",\"name\":\"Portal Tela Portugal\",\"description\":\"\",\"potentialAction\":[{\"@type\":\"SearchAction\",\"target\":{\"@type\":\"EntryPoint\",\"urlTemplate\":\"https:\/\/portaltela.pt\/?s={search_term_string}\"},\"query-input\":{\"@type\":\"PropertyValueSpecification\",\"valueRequired\":true,\"valueName\":\"search_term_string\"}}],\"inLanguage\":\"pt-PT\"},{\"@type\":\"Person\",\"@id\":\"https:\/\/portaltela.pt\/#\/schema\/person\/c4278d4a6028830caff9ee44b42d32ed\",\"name\":\"Telinha\",\"image\":{\"@type\":\"ImageObject\",\"inLanguage\":\"pt-PT\",\"@id\":\"https:\/\/portaltela.pt\/s.01k8rhncp4jt1\/2025\/11\/talking-bot-125x125.png\",\"url\":\"https:\/\/portaltela.pt\/s.01k8rhncp4jt1\/2025\/11\/talking-bot-125x125.png\",\"contentUrl\":\"https:\/\/portaltela.pt\/s.01k8rhncp4jt1\/2025\/11\/talking-bot-125x125.png\",\"caption\":\"Telinha\"},\"sameAs\":[\"https:\/\/portaltela.pt\/\"],\"url\":\"https:\/\/portaltela.pt\/por\/367410592786\/\"}]}<\/script>\n<!-- \/ Yoast SEO plugin. -->","yoast_head_json":{"title":"Gronel\u00e2ndia n\u00e3o \u00e9 negoci\u00e1vel, afirma governo - Portal Tela Portugal","robots":{"index":"index","follow":"follow","max-snippet":"max-snippet:-1","max-image-preview":"max-image-preview:large","max-video-preview":"max-video-preview:-1"},"og_locale":"pt_PT","og_type":"article","og_title":"Gronel\u00e2ndia n\u00e3o \u00e9 negoci\u00e1vel, afirma governo - Portal Tela Portugal","og_description":"Donald Trump voltou a sugerir, no F\u00f3rum Econ\u00f3mico Mundial, a compra da Gronel\u00e2ndia, visto como um teste \u00e0 normaliza\u00e7\u00e3o do exerc\u00edcio do poder sobre soberanias alheias. A Gronel\u00e2ndia j\u00e1 abriga a base de Pituffik, um pilar de vigil\u00e2ncia e do sistema de alerta antim\u00edssil no \u00c1rtico, o que sustenta interesses estrat\u00e9gicos sem necessidade de anexa\u00e7\u00e3o. O debate \u00e9 visto como uma quest\u00e3o de poder e influ\u00eancia geopol\u00edtica, n\u00e3o apenas de defesa; a prioridade seria, por exemplo, o Alasca, devido \u00e0 fronteira com a R\u00fassia. A interven\u00e7\u00e3o de figuras europeias e do canadiano Mark Carney sinaliza eros\u00e3o da ordem internacional baseada em regras, com a Gronel\u00e2ndia a servir de exemplo dessa discuss\u00e3o. A Gronel\u00e2ndia \u00e9 territ\u00f3rio soberano, habitado e inalien\u00e1vel; trat\u00e1-la como mercadoria desumaniza o seu povo e questiona princ\u00edpios da comunidade internacional.","og_url":"https:\/\/portaltela.pt\/noticias\/2026\/01\/22\/gronelandia-nao-e-negociavel-afirma-governo\/","og_site_name":"Portal Tela Portugal","article_published_time":"2026-01-22T19:32:00+00:00","author":"Telinha","twitter_card":"summary_large_image","twitter_misc":{"Escrito por":"Telinha","Tempo estimado de leitura":"2 minutos"},"schema":{"@context":"https:\/\/schema.org","@graph":[{"@type":"Article","@id":"https:\/\/portaltela.pt\/noticias\/2026\/01\/22\/gronelandia-nao-e-negociavel-afirma-governo\/#article","isPartOf":{"@id":"https:\/\/portaltela.pt\/noticias\/2026\/01\/22\/gronelandia-nao-e-negociavel-afirma-governo\/"},"author":{"name":"Telinha","@id":"https:\/\/portaltela.pt\/#\/schema\/person\/c4278d4a6028830caff9ee44b42d32ed"},"headline":"Gronel\u00e2ndia n\u00e3o \u00e9 negoci\u00e1vel, afirma governo","datePublished":"2026-01-22T19:32:00+00:00","mainEntityOfPage":{"@id":"https:\/\/portaltela.pt\/noticias\/2026\/01\/22\/gronelandia-nao-e-negociavel-afirma-governo\/"},"wordCount":416,"image":{"@id":"https:\/\/portaltela.pt\/noticias\/2026\/01\/22\/gronelandia-nao-e-negociavel-afirma-governo\/#primaryimage"},"thumbnailUrl":"https:\/\/portaltela.pt\/s.01k8rhncp4jt1\/2026\/01\/3c81b001-2544-435b-8b1a-e103f2a436ff_1200x675.jpg","keywords":["autodetermina\u00e7\u00e3o","geopol\u00edtica","Gronel\u00c3\u00a2ndia","integridade territorial","organiza\u00e7\u00f5es internacionais","pol\u00edtica"],"articleSection":["Not\u00edcias"],"inLanguage":"pt-PT"},{"@type":"WebPage","@id":"https:\/\/portaltela.pt\/noticias\/2026\/01\/22\/gronelandia-nao-e-negociavel-afirma-governo\/","url":"https:\/\/portaltela.pt\/noticias\/2026\/01\/22\/gronelandia-nao-e-negociavel-afirma-governo\/","name":"Gronel\u00e2ndia n\u00e3o \u00e9 negoci\u00e1vel, afirma governo - Portal Tela Portugal","isPartOf":{"@id":"https:\/\/portaltela.pt\/#website"},"primaryImageOfPage":{"@id":"https:\/\/portaltela.pt\/noticias\/2026\/01\/22\/gronelandia-nao-e-negociavel-afirma-governo\/#primaryimage"},"image":{"@id":"https:\/\/portaltela.pt\/noticias\/2026\/01\/22\/gronelandia-nao-e-negociavel-afirma-governo\/#primaryimage"},"thumbnailUrl":"https:\/\/portaltela.pt\/s.01k8rhncp4jt1\/2026\/01\/3c81b001-2544-435b-8b1a-e103f2a436ff_1200x675.jpg","datePublished":"2026-01-22T19:32:00+00:00","author":{"@id":"https:\/\/portaltela.pt\/#\/schema\/person\/c4278d4a6028830caff9ee44b42d32ed"},"breadcrumb":{"@id":"https:\/\/portaltela.pt\/noticias\/2026\/01\/22\/gronelandia-nao-e-negociavel-afirma-governo\/#breadcrumb"},"inLanguage":"pt-PT","potentialAction":[{"@type":"ReadAction","target":["https:\/\/portaltela.pt\/noticias\/2026\/01\/22\/gronelandia-nao-e-negociavel-afirma-governo\/"]}]},{"@type":"ImageObject","inLanguage":"pt-PT","@id":"https:\/\/portaltela.pt\/noticias\/2026\/01\/22\/gronelandia-nao-e-negociavel-afirma-governo\/#primaryimage","url":"https:\/\/portaltela.pt\/s.01k8rhncp4jt1\/2026\/01\/3c81b001-2544-435b-8b1a-e103f2a436ff_1200x675.jpg","contentUrl":"https:\/\/portaltela.pt\/s.01k8rhncp4jt1\/2026\/01\/3c81b001-2544-435b-8b1a-e103f2a436ff_1200x675.jpg","width":796,"height":448,"caption":"Photo"},{"@type":"BreadcrumbList","@id":"https:\/\/portaltela.pt\/noticias\/2026\/01\/22\/gronelandia-nao-e-negociavel-afirma-governo\/#breadcrumb","itemListElement":[{"@type":"ListItem","position":1,"name":"In\u00edcio","item":"https:\/\/portaltela.pt\/"},{"@type":"ListItem","position":2,"name":"Gronel\u00e2ndia n\u00e3o \u00e9 negoci\u00e1vel, afirma governo"}]},{"@type":"WebSite","@id":"https:\/\/portaltela.pt\/#website","url":"https:\/\/portaltela.pt\/","name":"Portal Tela Portugal","description":"","potentialAction":[{"@type":"SearchAction","target":{"@type":"EntryPoint","urlTemplate":"https:\/\/portaltela.pt\/?s={search_term_string}"},"query-input":{"@type":"PropertyValueSpecification","valueRequired":true,"valueName":"search_term_string"}}],"inLanguage":"pt-PT"},{"@type":"Person","@id":"https:\/\/portaltela.pt\/#\/schema\/person\/c4278d4a6028830caff9ee44b42d32ed","name":"Telinha","image":{"@type":"ImageObject","inLanguage":"pt-PT","@id":"https:\/\/portaltela.pt\/s.01k8rhncp4jt1\/2025\/11\/talking-bot-125x125.png","url":"https:\/\/portaltela.pt\/s.01k8rhncp4jt1\/2025\/11\/talking-bot-125x125.png","contentUrl":"https:\/\/portaltela.pt\/s.01k8rhncp4jt1\/2025\/11\/talking-bot-125x125.png","caption":"Telinha"},"sameAs":["https:\/\/portaltela.pt\/"],"url":"https:\/\/portaltela.pt\/por\/367410592786\/"}]}},"_links":{"self":[{"href":"https:\/\/portaltela.pt\/api\/wp\/v2\/posts\/164693","targetHints":{"allow":["GET"]}}],"collection":[{"href":"https:\/\/portaltela.pt\/api\/wp\/v2\/posts"}],"about":[{"href":"https:\/\/portaltela.pt\/api\/wp\/v2\/types\/post"}],"author":[{"embeddable":true,"href":"https:\/\/portaltela.pt\/api\/wp\/v2\/users\/2"}],"replies":[{"embeddable":true,"href":"https:\/\/portaltela.pt\/api\/wp\/v2\/comments?post=164693"}],"version-history":[{"count":0,"href":"https:\/\/portaltela.pt\/api\/wp\/v2\/posts\/164693\/revisions"}],"wp:featuredmedia":[{"embeddable":true,"href":"https:\/\/portaltela.pt\/api\/wp\/v2\/media\/164696"}],"wp:attachment":[{"href":"https:\/\/portaltela.pt\/api\/wp\/v2\/media?parent=164693"}],"wp:term":[{"taxonomy":"category","embeddable":true,"href":"https:\/\/portaltela.pt\/api\/wp\/v2\/categories?post=164693"},{"taxonomy":"post_tag","embeddable":true,"href":"https:\/\/portaltela.pt\/api\/wp\/v2\/tags?post=164693"}],"curies":[{"name":"wp","href":"https:\/\/api.w.org\/{rel}","templated":true}]}}