{"id":164675,"date":"2026-01-22T16:38:00","date_gmt":"2026-01-22T19:38:00","guid":{"rendered":"https:\/\/portaltela.pt\/noticias\/2026\/01\/22\/partos-extra-hospitalares-mantem-tendencia-estavel-face-a-decada-anterior\/"},"modified":"2026-01-22T16:38:00","modified_gmt":"2026-01-22T19:38:00","slug":"partos-extra-hospitalares-mantem-tendencia-estavel-face-a-decada-anterior","status":"publish","type":"post","link":"https:\/\/portaltela.pt\/noticias\/2026\/01\/22\/partos-extra-hospitalares-mantem-tendencia-estavel-face-a-decada-anterior\/","title":{"rendered":"Partos extra-hospitalares mant\u00eam tend\u00eancia est\u00e1vel face \u00e0 d\u00e9cada anterior"},"content":{"rendered":"<p>A ministra da Sa\u00fade, Ana Paula Martins, afirmou esta quinta-feira que o n\u00famero de partos fora dos hospitais em Portugal \u00e9 semelhante ao da \u00faltima d\u00e9cada, sendo a maior parte ocorrida no domic\u00edlio. A exce\u00e7\u00e3o foi a \u00e9poca pand\u00e9mica, em que houve mais partos extra-hospitalares.<\/p>\n<p>Ap\u00f3s a confer\u00eancia Futuro da Sa\u00fade na Europa, no Porto, a governante explicou que a maioria n\u00e3o ocorre na via p\u00fablica nem nas ambul\u00e2ncias, ocorrendo sobretudo no lar. O INEM pode ser chamado quando surgem complica\u00e7\u00f5es.<\/p>\n<p>Ela acrescentou que nem todos os partos extra-hospitalares passam pelo INEM e que n\u00e3o est\u00e1 comprovado um aumento de partos nas ambul\u00e2ncias face aos anos anteriores, devido a constrangimentos nas urg\u00eancias. A linha SNS24 e o INEM atuam para apoiar gr\u00e1vidas.<\/p>\n<h3>Dados sobre partos fora do hospital<\/h3>\n<p>A ministra destacou que as gr\u00e1vidas s\u00e3o orientadas a recorrer a ambul\u00e2ncias quando necess\u00e1rio e que a literacia em sa\u00fade ajuda a reconhecer sinais precoces. O objetivo \u00e9 ampliar a vigil\u00e2ncia em todos os trimestres e fortalecer as urg\u00eancias regionais.<\/p>\n<p>O INEM informou \u00e0 Lusa que, nos primeiros dez meses do ano passado, ocorreram 186 partos fora do hospital, n\u00fameros pr\u00f3ximos aos 189 registados no ano anterior.<\/p>\n","protected":false},"excerpt":{"rendered":"<ul>\n<li>O n\u00famero de partos extra-hospitalares em Portugal \u00e9 semelhante ao registado na \u00faltima d\u00e9cada, com a maior parte a acontecer no domic\u00edlio.<\/li>\n<li>Fora da pandemia, n\u00e3o houve grande altera\u00e7\u00e3o nos n\u00fameros; nos primeiros dez meses do ano passado houve 186 partos fora do hospital, frente a 189 no ano anterior.<\/li>\n<li>A grande maioria n\u00e3o ocorre na via p\u00fablica nem nas ambul\u00e2ncias; o INEM \u00e9 chamado apenas quando surgem situa\u00e7\u00f5es que se complicam.<\/li>\n<li>A ministra destacou que \u00e9 mais seguro recorrer a uma ambul\u00e2ncia do que usar meios pr\u00f3prios ou da fam\u00edlia, e sublinhou a import\u00e2ncia de vigiar gr\u00e1vidas em todos os trimestres.<\/li>\n<li>O esfor\u00e7o \u00e9 ter urg\u00eancias regionais mais previs\u00edveis para apoiar o SNS e o INEM, contando com a literacia para reconhecer sinais.<\/li>\n<\/ul>\n","protected":false},"author":2,"featured_media":164679,"comment_status":"closed","ping_status":"closed","sticky":false,"template":"","format":"standard","meta":{"footnotes":""},"categories":[1],"tags":[3656,960,1922,172,3693,1899],"class_list":["post-164675","post","type-post","status-publish","format-standard","has-post-thumbnail","hentry","category-noticias","tag-ambulancias","tag-emergencia-pre-hospitalar","tag-inem","tag-saude","tag-sns-24","tag-urgencias"],"yoast_head":"<!-- This site is optimized with the Yoast SEO plugin v27.2 - https:\/\/yoast.com\/product\/yoast-seo-wordpress\/ -->\n<title>Partos extra-hospitalares mant\u00eam tend\u00eancia est\u00e1vel face \u00e0 d\u00e9cada anterior - Portal Tela Portugal<\/title>\n<meta name=\"robots\" content=\"index, follow, max-snippet:-1, max-image-preview:large, max-video-preview:-1\" \/>\n<meta property=\"og:locale\" content=\"pt_PT\" \/>\n<meta property=\"og:type\" content=\"article\" \/>\n<meta property=\"og:title\" content=\"Partos extra-hospitalares mant\u00eam tend\u00eancia est\u00e1vel face \u00e0 d\u00e9cada anterior - Portal Tela Portugal\" \/>\n<meta property=\"og:description\" content=\"O n\u00famero de partos extra-hospitalares em Portugal \u00e9 semelhante ao registado na \u00faltima d\u00e9cada, com a maior parte a acontecer no domic\u00edlio. Fora da pandemia, n\u00e3o houve grande altera\u00e7\u00e3o nos n\u00fameros; nos primeiros dez meses do ano passado houve 186 partos fora do hospital, frente a 189 no ano anterior. A grande maioria n\u00e3o ocorre na via p\u00fablica nem nas ambul\u00e2ncias; o INEM \u00e9 chamado apenas quando surgem situa\u00e7\u00f5es que se complicam. A ministra destacou que \u00e9 mais seguro recorrer a uma ambul\u00e2ncia do que usar meios pr\u00f3prios ou da fam\u00edlia, e sublinhou a import\u00e2ncia de vigiar gr\u00e1vidas em todos os trimestres. O esfor\u00e7o \u00e9 ter urg\u00eancias regionais mais previs\u00edveis para apoiar o SNS e o INEM, contando com a literacia para reconhecer sinais.\" \/>\n<meta property=\"og:url\" content=\"https:\/\/portaltela.pt\/noticias\/2026\/01\/22\/partos-extra-hospitalares-mantem-tendencia-estavel-face-a-decada-anterior\/\" \/>\n<meta property=\"og:site_name\" content=\"Portal Tela Portugal\" \/>\n<meta property=\"article:published_time\" content=\"2026-01-22T19:38:00+00:00\" \/>\n<meta name=\"author\" content=\"Telinha\" \/>\n<meta name=\"twitter:card\" content=\"summary_large_image\" \/>\n<meta name=\"twitter:label1\" content=\"Escrito por\" \/>\n\t<meta name=\"twitter:data1\" content=\"Telinha\" \/>\n\t<meta name=\"twitter:label2\" content=\"Tempo estimado de leitura\" \/>\n\t<meta name=\"twitter:data2\" content=\"1 minuto\" \/>\n<script type=\"application\/ld+json\" class=\"yoast-schema-graph\">{\"@context\":\"https:\/\/schema.org\",\"@graph\":[{\"@type\":\"Article\",\"@id\":\"https:\/\/portaltela.pt\/noticias\/2026\/01\/22\/partos-extra-hospitalares-mantem-tendencia-estavel-face-a-decada-anterior\/#article\",\"isPartOf\":{\"@id\":\"https:\/\/portaltela.pt\/noticias\/2026\/01\/22\/partos-extra-hospitalares-mantem-tendencia-estavel-face-a-decada-anterior\/\"},\"author\":{\"name\":\"Telinha\",\"@id\":\"https:\/\/portaltela.pt\/#\/schema\/person\/c4278d4a6028830caff9ee44b42d32ed\"},\"headline\":\"Partos extra-hospitalares mant\u00eam tend\u00eancia est\u00e1vel face \u00e0 d\u00e9cada anterior\",\"datePublished\":\"2026-01-22T19:38:00+00:00\",\"mainEntityOfPage\":{\"@id\":\"https:\/\/portaltela.pt\/noticias\/2026\/01\/22\/partos-extra-hospitalares-mantem-tendencia-estavel-face-a-decada-anterior\/\"},\"wordCount\":228,\"image\":{\"@id\":\"https:\/\/portaltela.pt\/noticias\/2026\/01\/22\/partos-extra-hospitalares-mantem-tendencia-estavel-face-a-decada-anterior\/#primaryimage\"},\"thumbnailUrl\":\"https:\/\/portaltela.pt\/s.01k8rhncp4jt1\/2026\/01\/44097862.jpg\",\"keywords\":[\"ambul\u00e2ncias\",\"emerg\u00eancia pr\u00e9-hospitalar\",\"INEM\",\"sa\u00fade\",\"SNS 24\",\"urg\u00eancias\"],\"articleSection\":[\"Not\u00edcias\"],\"inLanguage\":\"pt-PT\"},{\"@type\":\"WebPage\",\"@id\":\"https:\/\/portaltela.pt\/noticias\/2026\/01\/22\/partos-extra-hospitalares-mantem-tendencia-estavel-face-a-decada-anterior\/\",\"url\":\"https:\/\/portaltela.pt\/noticias\/2026\/01\/22\/partos-extra-hospitalares-mantem-tendencia-estavel-face-a-decada-anterior\/\",\"name\":\"Partos extra-hospitalares mant\u00eam tend\u00eancia est\u00e1vel face \u00e0 d\u00e9cada anterior - Portal Tela Portugal\",\"isPartOf\":{\"@id\":\"https:\/\/portaltela.pt\/#website\"},\"primaryImageOfPage\":{\"@id\":\"https:\/\/portaltela.pt\/noticias\/2026\/01\/22\/partos-extra-hospitalares-mantem-tendencia-estavel-face-a-decada-anterior\/#primaryimage\"},\"image\":{\"@id\":\"https:\/\/portaltela.pt\/noticias\/2026\/01\/22\/partos-extra-hospitalares-mantem-tendencia-estavel-face-a-decada-anterior\/#primaryimage\"},\"thumbnailUrl\":\"https:\/\/portaltela.pt\/s.01k8rhncp4jt1\/2026\/01\/44097862.jpg\",\"datePublished\":\"2026-01-22T19:38:00+00:00\",\"author\":{\"@id\":\"https:\/\/portaltela.pt\/#\/schema\/person\/c4278d4a6028830caff9ee44b42d32ed\"},\"breadcrumb\":{\"@id\":\"https:\/\/portaltela.pt\/noticias\/2026\/01\/22\/partos-extra-hospitalares-mantem-tendencia-estavel-face-a-decada-anterior\/#breadcrumb\"},\"inLanguage\":\"pt-PT\",\"potentialAction\":[{\"@type\":\"ReadAction\",\"target\":[\"https:\/\/portaltela.pt\/noticias\/2026\/01\/22\/partos-extra-hospitalares-mantem-tendencia-estavel-face-a-decada-anterior\/\"]}]},{\"@type\":\"ImageObject\",\"inLanguage\":\"pt-PT\",\"@id\":\"https:\/\/portaltela.pt\/noticias\/2026\/01\/22\/partos-extra-hospitalares-mantem-tendencia-estavel-face-a-decada-anterior\/#primaryimage\",\"url\":\"https:\/\/portaltela.pt\/s.01k8rhncp4jt1\/2026\/01\/44097862.jpg\",\"contentUrl\":\"https:\/\/portaltela.pt\/s.01k8rhncp4jt1\/2026\/01\/44097862.jpg\",\"width\":796,\"height\":448,\"caption\":\"A ministra da sa\u00fade, Ana Paula Martins, interv\u00e9m durante a visita ao Centro da PT EMT, Mafra, 17 de dezembro de 2024. Uma equipa da Organiza\u00e7\u00e3o Mundial de Sa\u00fade (OMS) realiza uma visita de recertifica\u00e7\u00e3o do Portuguese Emergency Medical Team, onde o INEM colocou toda a estrutura modular para ser visitada pelos peritos da OMS. CARLOS BARROSO\/LUSA\"},{\"@type\":\"BreadcrumbList\",\"@id\":\"https:\/\/portaltela.pt\/noticias\/2026\/01\/22\/partos-extra-hospitalares-mantem-tendencia-estavel-face-a-decada-anterior\/#breadcrumb\",\"itemListElement\":[{\"@type\":\"ListItem\",\"position\":1,\"name\":\"In\u00edcio\",\"item\":\"https:\/\/portaltela.pt\/\"},{\"@type\":\"ListItem\",\"position\":2,\"name\":\"Partos extra-hospitalares mant\u00eam tend\u00eancia est\u00e1vel face \u00e0 d\u00e9cada anterior\"}]},{\"@type\":\"WebSite\",\"@id\":\"https:\/\/portaltela.pt\/#website\",\"url\":\"https:\/\/portaltela.pt\/\",\"name\":\"Portal Tela Portugal\",\"description\":\"\",\"potentialAction\":[{\"@type\":\"SearchAction\",\"target\":{\"@type\":\"EntryPoint\",\"urlTemplate\":\"https:\/\/portaltela.pt\/?s={search_term_string}\"},\"query-input\":{\"@type\":\"PropertyValueSpecification\",\"valueRequired\":true,\"valueName\":\"search_term_string\"}}],\"inLanguage\":\"pt-PT\"},{\"@type\":\"Person\",\"@id\":\"https:\/\/portaltela.pt\/#\/schema\/person\/c4278d4a6028830caff9ee44b42d32ed\",\"name\":\"Telinha\",\"image\":{\"@type\":\"ImageObject\",\"inLanguage\":\"pt-PT\",\"@id\":\"https:\/\/portaltela.pt\/s.01k8rhncp4jt1\/2025\/11\/talking-bot-125x125.png\",\"url\":\"https:\/\/portaltela.pt\/s.01k8rhncp4jt1\/2025\/11\/talking-bot-125x125.png\",\"contentUrl\":\"https:\/\/portaltela.pt\/s.01k8rhncp4jt1\/2025\/11\/talking-bot-125x125.png\",\"caption\":\"Telinha\"},\"sameAs\":[\"https:\/\/portaltela.pt\/\"],\"url\":\"https:\/\/portaltela.pt\/por\/367410592786\/\"}]}<\/script>\n<!-- \/ Yoast SEO plugin. -->","yoast_head_json":{"title":"Partos extra-hospitalares mant\u00eam tend\u00eancia est\u00e1vel face \u00e0 d\u00e9cada anterior - Portal Tela Portugal","robots":{"index":"index","follow":"follow","max-snippet":"max-snippet:-1","max-image-preview":"max-image-preview:large","max-video-preview":"max-video-preview:-1"},"og_locale":"pt_PT","og_type":"article","og_title":"Partos extra-hospitalares mant\u00eam tend\u00eancia est\u00e1vel face \u00e0 d\u00e9cada anterior - Portal Tela Portugal","og_description":"O n\u00famero de partos extra-hospitalares em Portugal \u00e9 semelhante ao registado na \u00faltima d\u00e9cada, com a maior parte a acontecer no domic\u00edlio. Fora da pandemia, n\u00e3o houve grande altera\u00e7\u00e3o nos n\u00fameros; nos primeiros dez meses do ano passado houve 186 partos fora do hospital, frente a 189 no ano anterior. A grande maioria n\u00e3o ocorre na via p\u00fablica nem nas ambul\u00e2ncias; o INEM \u00e9 chamado apenas quando surgem situa\u00e7\u00f5es que se complicam. A ministra destacou que \u00e9 mais seguro recorrer a uma ambul\u00e2ncia do que usar meios pr\u00f3prios ou da fam\u00edlia, e sublinhou a import\u00e2ncia de vigiar gr\u00e1vidas em todos os trimestres. O esfor\u00e7o \u00e9 ter urg\u00eancias regionais mais previs\u00edveis para apoiar o SNS e o INEM, contando com a literacia para reconhecer sinais.","og_url":"https:\/\/portaltela.pt\/noticias\/2026\/01\/22\/partos-extra-hospitalares-mantem-tendencia-estavel-face-a-decada-anterior\/","og_site_name":"Portal Tela Portugal","article_published_time":"2026-01-22T19:38:00+00:00","author":"Telinha","twitter_card":"summary_large_image","twitter_misc":{"Escrito por":"Telinha","Tempo estimado de leitura":"1 minuto"},"schema":{"@context":"https:\/\/schema.org","@graph":[{"@type":"Article","@id":"https:\/\/portaltela.pt\/noticias\/2026\/01\/22\/partos-extra-hospitalares-mantem-tendencia-estavel-face-a-decada-anterior\/#article","isPartOf":{"@id":"https:\/\/portaltela.pt\/noticias\/2026\/01\/22\/partos-extra-hospitalares-mantem-tendencia-estavel-face-a-decada-anterior\/"},"author":{"name":"Telinha","@id":"https:\/\/portaltela.pt\/#\/schema\/person\/c4278d4a6028830caff9ee44b42d32ed"},"headline":"Partos extra-hospitalares mant\u00eam tend\u00eancia est\u00e1vel face \u00e0 d\u00e9cada anterior","datePublished":"2026-01-22T19:38:00+00:00","mainEntityOfPage":{"@id":"https:\/\/portaltela.pt\/noticias\/2026\/01\/22\/partos-extra-hospitalares-mantem-tendencia-estavel-face-a-decada-anterior\/"},"wordCount":228,"image":{"@id":"https:\/\/portaltela.pt\/noticias\/2026\/01\/22\/partos-extra-hospitalares-mantem-tendencia-estavel-face-a-decada-anterior\/#primaryimage"},"thumbnailUrl":"https:\/\/portaltela.pt\/s.01k8rhncp4jt1\/2026\/01\/44097862.jpg","keywords":["ambul\u00e2ncias","emerg\u00eancia pr\u00e9-hospitalar","INEM","sa\u00fade","SNS 24","urg\u00eancias"],"articleSection":["Not\u00edcias"],"inLanguage":"pt-PT"},{"@type":"WebPage","@id":"https:\/\/portaltela.pt\/noticias\/2026\/01\/22\/partos-extra-hospitalares-mantem-tendencia-estavel-face-a-decada-anterior\/","url":"https:\/\/portaltela.pt\/noticias\/2026\/01\/22\/partos-extra-hospitalares-mantem-tendencia-estavel-face-a-decada-anterior\/","name":"Partos extra-hospitalares mant\u00eam tend\u00eancia est\u00e1vel face \u00e0 d\u00e9cada anterior - Portal Tela Portugal","isPartOf":{"@id":"https:\/\/portaltela.pt\/#website"},"primaryImageOfPage":{"@id":"https:\/\/portaltela.pt\/noticias\/2026\/01\/22\/partos-extra-hospitalares-mantem-tendencia-estavel-face-a-decada-anterior\/#primaryimage"},"image":{"@id":"https:\/\/portaltela.pt\/noticias\/2026\/01\/22\/partos-extra-hospitalares-mantem-tendencia-estavel-face-a-decada-anterior\/#primaryimage"},"thumbnailUrl":"https:\/\/portaltela.pt\/s.01k8rhncp4jt1\/2026\/01\/44097862.jpg","datePublished":"2026-01-22T19:38:00+00:00","author":{"@id":"https:\/\/portaltela.pt\/#\/schema\/person\/c4278d4a6028830caff9ee44b42d32ed"},"breadcrumb":{"@id":"https:\/\/portaltela.pt\/noticias\/2026\/01\/22\/partos-extra-hospitalares-mantem-tendencia-estavel-face-a-decada-anterior\/#breadcrumb"},"inLanguage":"pt-PT","potentialAction":[{"@type":"ReadAction","target":["https:\/\/portaltela.pt\/noticias\/2026\/01\/22\/partos-extra-hospitalares-mantem-tendencia-estavel-face-a-decada-anterior\/"]}]},{"@type":"ImageObject","inLanguage":"pt-PT","@id":"https:\/\/portaltela.pt\/noticias\/2026\/01\/22\/partos-extra-hospitalares-mantem-tendencia-estavel-face-a-decada-anterior\/#primaryimage","url":"https:\/\/portaltela.pt\/s.01k8rhncp4jt1\/2026\/01\/44097862.jpg","contentUrl":"https:\/\/portaltela.pt\/s.01k8rhncp4jt1\/2026\/01\/44097862.jpg","width":796,"height":448,"caption":"A ministra da sa\u00fade, Ana Paula Martins, interv\u00e9m durante a visita ao Centro da PT EMT, Mafra, 17 de dezembro de 2024. Uma equipa da Organiza\u00e7\u00e3o Mundial de Sa\u00fade (OMS) realiza uma visita de recertifica\u00e7\u00e3o do Portuguese Emergency Medical Team, onde o INEM colocou toda a estrutura modular para ser visitada pelos peritos da OMS. CARLOS BARROSO\/LUSA"},{"@type":"BreadcrumbList","@id":"https:\/\/portaltela.pt\/noticias\/2026\/01\/22\/partos-extra-hospitalares-mantem-tendencia-estavel-face-a-decada-anterior\/#breadcrumb","itemListElement":[{"@type":"ListItem","position":1,"name":"In\u00edcio","item":"https:\/\/portaltela.pt\/"},{"@type":"ListItem","position":2,"name":"Partos extra-hospitalares mant\u00eam tend\u00eancia est\u00e1vel face \u00e0 d\u00e9cada anterior"}]},{"@type":"WebSite","@id":"https:\/\/portaltela.pt\/#website","url":"https:\/\/portaltela.pt\/","name":"Portal Tela Portugal","description":"","potentialAction":[{"@type":"SearchAction","target":{"@type":"EntryPoint","urlTemplate":"https:\/\/portaltela.pt\/?s={search_term_string}"},"query-input":{"@type":"PropertyValueSpecification","valueRequired":true,"valueName":"search_term_string"}}],"inLanguage":"pt-PT"},{"@type":"Person","@id":"https:\/\/portaltela.pt\/#\/schema\/person\/c4278d4a6028830caff9ee44b42d32ed","name":"Telinha","image":{"@type":"ImageObject","inLanguage":"pt-PT","@id":"https:\/\/portaltela.pt\/s.01k8rhncp4jt1\/2025\/11\/talking-bot-125x125.png","url":"https:\/\/portaltela.pt\/s.01k8rhncp4jt1\/2025\/11\/talking-bot-125x125.png","contentUrl":"https:\/\/portaltela.pt\/s.01k8rhncp4jt1\/2025\/11\/talking-bot-125x125.png","caption":"Telinha"},"sameAs":["https:\/\/portaltela.pt\/"],"url":"https:\/\/portaltela.pt\/por\/367410592786\/"}]}},"_links":{"self":[{"href":"https:\/\/portaltela.pt\/api\/wp\/v2\/posts\/164675","targetHints":{"allow":["GET"]}}],"collection":[{"href":"https:\/\/portaltela.pt\/api\/wp\/v2\/posts"}],"about":[{"href":"https:\/\/portaltela.pt\/api\/wp\/v2\/types\/post"}],"author":[{"embeddable":true,"href":"https:\/\/portaltela.pt\/api\/wp\/v2\/users\/2"}],"replies":[{"embeddable":true,"href":"https:\/\/portaltela.pt\/api\/wp\/v2\/comments?post=164675"}],"version-history":[{"count":0,"href":"https:\/\/portaltela.pt\/api\/wp\/v2\/posts\/164675\/revisions"}],"wp:featuredmedia":[{"embeddable":true,"href":"https:\/\/portaltela.pt\/api\/wp\/v2\/media\/164679"}],"wp:attachment":[{"href":"https:\/\/portaltela.pt\/api\/wp\/v2\/media?parent=164675"}],"wp:term":[{"taxonomy":"category","embeddable":true,"href":"https:\/\/portaltela.pt\/api\/wp\/v2\/categories?post=164675"},{"taxonomy":"post_tag","embeddable":true,"href":"https:\/\/portaltela.pt\/api\/wp\/v2\/tags?post=164675"}],"curies":[{"name":"wp","href":"https:\/\/api.w.org\/{rel}","templated":true}]}}