{"id":164662,"date":"2026-01-22T16:45:56","date_gmt":"2026-01-22T19:45:56","guid":{"rendered":"https:\/\/portaltela.pt\/?p=164662"},"modified":"2026-01-22T16:45:57","modified_gmt":"2026-01-22T19:45:57","slug":"padel-em-portugal-saiba-como-o-esporte-avancou-no-pais","status":"publish","type":"post","link":"https:\/\/portaltela.pt\/desporto\/2026\/01\/22\/padel-em-portugal-saiba-como-o-esporte-avancou-no-pais\/","title":{"rendered":"Padel em Portugal: saiba como o esporte avan\u00e7ou no pa\u00eds"},"content":{"rendered":"\n<p>Nos \u00faltimos anos, o padel se firmou&nbsp; em Portugal como uma modalidade em forte crescimento. O apelo est\u00e1 na combina\u00e7\u00e3o de ritmo, simplicidade das regras e componente social j\u00e1 que se joga em equipe e favorece o conv\u00edvio, o que o torna acess\u00edvel a diferentes idades e n\u00edveis de experi\u00eancia.<\/p>\n\n\n\n<p>Com ra\u00edzes no M\u00e9xico e grande express\u00e3o em pa\u00edses como Espanha e Argentina, o padel ganhou tra\u00e7\u00e3o em Portugal gra\u00e7as a uma experi\u00eancia de jogo din\u00e2mica e a regras mais simples do que as do t\u00e9nis.&nbsp;<\/p>\n\n\n\n<p>Este crescimento tamb\u00e9m se reflete nos n\u00fameros de filia\u00e7\u00e3o. Entre 2012 e 2025, o total de licen\u00e7as ativas aumentou de forma muito acentuada, acompanhando o alargamento da pr\u00e1tica, a profissionaliza\u00e7\u00e3o das estruturas e a expans\u00e3o de clubes e competi\u00e7\u00f5es.<\/p>\n\n\n\n<h3 class=\"wp-block-heading\">Crescimento significativo<\/h3>\n\n\n\n<p>Segundo o jornal portugu\u00eas <em><a href=\"https:\/\/www.record.pt\/modalidades\/padel\/detalhe\/padel-continua-a-crescer-a-olhos-vistos-em-portugal-os-numeros-impressionantes-da-modalidade-desde-2012\">Record<\/a><\/em>, em 2012 a Federa\u00e7\u00e3o Portuguesa de Padel registrava 110 praticantes com licen\u00e7a ativa. Em 2016, o n\u00famero j\u00e1 tinha subido para 1.831. A progress\u00e3o manteve-se nos anos seguintes, com 3.152 em 2017, 4.363 em 2018, 5.165 em 2019 e 6.632 em 2021, antes de um novo salto no per\u00edodo p\u00f3s-pandemia. Em 2022, o total atingiu 8.990, ultrapassou os 11.500 em 2023 e chegou aos 13.371 em 2024. Em 2025, com dados contabilizados at\u00e9 14 de novembro, Portugal somava 16.145 licen\u00e7as ativas, um aumento de 14.500% em compara\u00e7\u00e3o com 2012.<\/p>\n\n\n\n<p>Ao mesmo tempo, o aumento de infraestruturas ajudou a acelerar a expans\u00e3o: mais clubes e centros desportivos passaram a investir em campos, e a montagem de estruturas modernas, como os campos de vidro, tornou-se mais r\u00e1pida, permitindo novas aberturas e eventos tempor\u00e1rios. Em 2023, a realiza\u00e7\u00e3o de uma etapa do World Padel Tour na zona de Lisboa contribuiu para dar maior visibilidade \u00e0 modalidade.<\/p>\n\n\n\n<p>O crescimento tamb\u00e9m se reflete no ecossistema do desporto. Marcas portuguesas est\u00e3o a surgir neste segmento, com foco em desenvolvimento de produto, design e novas propostas para o mercado. Em paralelo, a Federa\u00e7\u00e3o Portuguesa de Padel tem registado um aumento de jogadores federados, em um contexto em que redes sociais e m\u00eddia t\u00eam ajudado a alargar a audi\u00eancia.<\/p>\n\n\n\n<h3 class=\"wp-block-heading\">Refer\u00eancias na modalidade\u00a0<\/h3>\n\n\n\n<p>No plano competitivo, Portugal tem vindo a ganhar proje\u00e7\u00e3o com atletas de refer\u00eancia. Entre os nomes apontados, Sofia Ara\u00fajo surge mencionada como a s\u00e9tima melhor do mundo no ranking feminino, enquanto Catarina Nogueira \u00e9 referida como a primeira portuguesa a conquistar um t\u00edtulo no World Padel Tour. Outros jogadores, como os Irm\u00e3os Deus (Miguel e Nuno Deus), Afonso Fazendeiro, Miguel Oliveira e Diogo Rocha, um dos pioneiros da modalidade no pa\u00eds, s\u00e3o apontados como refer\u00eancias do padel no panorama nacional.<\/p>\n\n\n\n<p>Confira abaixo a classifica\u00e7\u00e3o na FIP de cada um destes atletas:&nbsp;<\/p>\n\n\n\n<ul class=\"wp-block-list\">\n<li>Sofia Ara\u00fajo &#8211; 7\u00ba\u00a0\u00a0<\/li>\n\n\n\n<li>Irm\u00e3os Deus &#8211; 48\u00ba\u00a0<\/li>\n\n\n\n<li>Afonso Fazendeiro &#8211; 178\u00ba\u00a0<\/li>\n\n\n\n<li>Miguel Oliveira &#8211; 247\u00ba\u00a0<\/li>\n\n\n\n<li>Diogo Rocha &#8211; aposentado desde 2023<\/li>\n<\/ul>\n\n\n\n<p>No conjunto, o padel consolida-se como um fen\u00f3meno que cruza desporto e sociabilidade, com potencial de continuar a crescer \u00e0 medida que surgem mais campos, mais eventos e uma comunidade mais alargada de praticantes.<\/p>\n","protected":false},"excerpt":{"rendered":"<p>Nos \u00faltimos anos, o padel se firmou&nbsp; em Portugal como uma modalidade em forte crescimento. O apelo est\u00e1 na combina\u00e7\u00e3o de ritmo, simplicidade das regras e componente social j\u00e1 que se joga em equipe e favorece o conv\u00edvio, o que o torna acess\u00edvel a diferentes idades e n\u00edveis de experi\u00eancia. Com ra\u00edzes no M\u00e9xico e [&hellip;]<\/p>\n","protected":false},"author":5,"featured_media":164666,"comment_status":"open","ping_status":"open","sticky":false,"template":"","format":"standard","meta":{"footnotes":""},"categories":[21],"tags":[3815],"class_list":["post-164662","post","type-post","status-publish","format-standard","has-post-thumbnail","hentry","category-desporto","tag-reserve-cup-2026"],"yoast_head":"<!-- This site is optimized with the Yoast SEO plugin v27.2 - https:\/\/yoast.com\/product\/yoast-seo-wordpress\/ -->\n<title>Padel em Portugal: saiba como o esporte avan\u00e7ou no pa\u00eds - Portal Tela Portugal<\/title>\n<meta name=\"robots\" content=\"index, follow, max-snippet:-1, max-image-preview:large, max-video-preview:-1\" \/>\n<meta property=\"og:locale\" content=\"pt_PT\" \/>\n<meta property=\"og:type\" content=\"article\" \/>\n<meta property=\"og:title\" content=\"Padel em Portugal: saiba como o esporte avan\u00e7ou no pa\u00eds - Portal Tela Portugal\" \/>\n<meta property=\"og:description\" content=\"Nos \u00faltimos anos, o padel se firmou&nbsp; em Portugal como uma modalidade em forte crescimento. O apelo est\u00e1 na combina\u00e7\u00e3o de ritmo, simplicidade das regras e componente social j\u00e1 que se joga em equipe e favorece o conv\u00edvio, o que o torna acess\u00edvel a diferentes idades e n\u00edveis de experi\u00eancia. Com ra\u00edzes no M\u00e9xico e [&hellip;]\" \/>\n<meta property=\"og:url\" content=\"https:\/\/portaltela.pt\/desporto\/2026\/01\/22\/padel-em-portugal-saiba-como-o-esporte-avancou-no-pais\/\" \/>\n<meta property=\"og:site_name\" content=\"Portal Tela Portugal\" \/>\n<meta property=\"article:published_time\" content=\"2026-01-22T19:45:56+00:00\" \/>\n<meta property=\"article:modified_time\" content=\"2026-01-22T19:45:57+00:00\" \/>\n<meta property=\"og:image\" content=\"https:\/\/portaltela.pt\/s.01k8rhncp4jt1\/2026\/01\/sofia.webp\" \/>\n\t<meta property=\"og:image:width\" content=\"1024\" \/>\n\t<meta property=\"og:image:height\" content=\"576\" \/>\n\t<meta property=\"og:image:type\" content=\"image\/webp\" \/>\n<meta name=\"author\" content=\"Lucas Pires\" \/>\n<meta name=\"twitter:card\" content=\"summary_large_image\" \/>\n<meta name=\"twitter:label1\" content=\"Escrito por\" \/>\n\t<meta name=\"twitter:data1\" content=\"Lucas Pires\" \/>\n\t<meta name=\"twitter:label2\" content=\"Tempo estimado de leitura\" \/>\n\t<meta name=\"twitter:data2\" content=\"3 minutos\" \/>\n<script type=\"application\/ld+json\" class=\"yoast-schema-graph\">{\"@context\":\"https:\/\/schema.org\",\"@graph\":[{\"@type\":\"Article\",\"@id\":\"https:\/\/portaltela.pt\/desporto\/2026\/01\/22\/padel-em-portugal-saiba-como-o-esporte-avancou-no-pais\/#article\",\"isPartOf\":{\"@id\":\"https:\/\/portaltela.pt\/desporto\/2026\/01\/22\/padel-em-portugal-saiba-como-o-esporte-avancou-no-pais\/\"},\"author\":{\"name\":\"Lucas Pires\",\"@id\":\"https:\/\/portaltela.pt\/#\/schema\/person\/5a9320d6761bc38022d37ad0bf58bcc1\"},\"headline\":\"Padel em Portugal: saiba como o esporte avan\u00e7ou no pa\u00eds\",\"datePublished\":\"2026-01-22T19:45:56+00:00\",\"dateModified\":\"2026-01-22T19:45:57+00:00\",\"mainEntityOfPage\":{\"@id\":\"https:\/\/portaltela.pt\/desporto\/2026\/01\/22\/padel-em-portugal-saiba-como-o-esporte-avancou-no-pais\/\"},\"wordCount\":529,\"commentCount\":0,\"image\":{\"@id\":\"https:\/\/portaltela.pt\/desporto\/2026\/01\/22\/padel-em-portugal-saiba-como-o-esporte-avancou-no-pais\/#primaryimage\"},\"thumbnailUrl\":\"https:\/\/portaltela.pt\/s.01k8rhncp4jt1\/2026\/01\/sofia.webp\",\"keywords\":[\"reserve cup 2026\"],\"articleSection\":[\"Desporto\"],\"inLanguage\":\"pt-PT\",\"potentialAction\":[{\"@type\":\"CommentAction\",\"name\":\"Comment\",\"target\":[\"https:\/\/portaltela.pt\/desporto\/2026\/01\/22\/padel-em-portugal-saiba-como-o-esporte-avancou-no-pais\/#respond\"]}]},{\"@type\":\"WebPage\",\"@id\":\"https:\/\/portaltela.pt\/desporto\/2026\/01\/22\/padel-em-portugal-saiba-como-o-esporte-avancou-no-pais\/\",\"url\":\"https:\/\/portaltela.pt\/desporto\/2026\/01\/22\/padel-em-portugal-saiba-como-o-esporte-avancou-no-pais\/\",\"name\":\"Padel em Portugal: saiba como o esporte avan\u00e7ou no pa\u00eds - Portal Tela Portugal\",\"isPartOf\":{\"@id\":\"https:\/\/portaltela.pt\/#website\"},\"primaryImageOfPage\":{\"@id\":\"https:\/\/portaltela.pt\/desporto\/2026\/01\/22\/padel-em-portugal-saiba-como-o-esporte-avancou-no-pais\/#primaryimage\"},\"image\":{\"@id\":\"https:\/\/portaltela.pt\/desporto\/2026\/01\/22\/padel-em-portugal-saiba-como-o-esporte-avancou-no-pais\/#primaryimage\"},\"thumbnailUrl\":\"https:\/\/portaltela.pt\/s.01k8rhncp4jt1\/2026\/01\/sofia.webp\",\"datePublished\":\"2026-01-22T19:45:56+00:00\",\"dateModified\":\"2026-01-22T19:45:57+00:00\",\"author\":{\"@id\":\"https:\/\/portaltela.pt\/#\/schema\/person\/5a9320d6761bc38022d37ad0bf58bcc1\"},\"breadcrumb\":{\"@id\":\"https:\/\/portaltela.pt\/desporto\/2026\/01\/22\/padel-em-portugal-saiba-como-o-esporte-avancou-no-pais\/#breadcrumb\"},\"inLanguage\":\"pt-PT\",\"potentialAction\":[{\"@type\":\"ReadAction\",\"target\":[\"https:\/\/portaltela.pt\/desporto\/2026\/01\/22\/padel-em-portugal-saiba-como-o-esporte-avancou-no-pais\/\"]}]},{\"@type\":\"ImageObject\",\"inLanguage\":\"pt-PT\",\"@id\":\"https:\/\/portaltela.pt\/desporto\/2026\/01\/22\/padel-em-portugal-saiba-como-o-esporte-avancou-no-pais\/#primaryimage\",\"url\":\"https:\/\/portaltela.pt\/s.01k8rhncp4jt1\/2026\/01\/sofia.webp\",\"contentUrl\":\"https:\/\/portaltela.pt\/s.01k8rhncp4jt1\/2026\/01\/sofia.webp\",\"width\":1024,\"height\":576,\"caption\":\"Imagem: Reprodu\u00e7\u00e3o \/ World Padel Tour (WPT)\"},{\"@type\":\"BreadcrumbList\",\"@id\":\"https:\/\/portaltela.pt\/desporto\/2026\/01\/22\/padel-em-portugal-saiba-como-o-esporte-avancou-no-pais\/#breadcrumb\",\"itemListElement\":[{\"@type\":\"ListItem\",\"position\":1,\"name\":\"In\u00edcio\",\"item\":\"https:\/\/portaltela.pt\/\"},{\"@type\":\"ListItem\",\"position\":2,\"name\":\"Padel em Portugal: saiba como o esporte avan\u00e7ou no pa\u00eds\"}]},{\"@type\":\"WebSite\",\"@id\":\"https:\/\/portaltela.pt\/#website\",\"url\":\"https:\/\/portaltela.pt\/\",\"name\":\"Portal Tela Portugal\",\"description\":\"\",\"potentialAction\":[{\"@type\":\"SearchAction\",\"target\":{\"@type\":\"EntryPoint\",\"urlTemplate\":\"https:\/\/portaltela.pt\/?s={search_term_string}\"},\"query-input\":{\"@type\":\"PropertyValueSpecification\",\"valueRequired\":true,\"valueName\":\"search_term_string\"}}],\"inLanguage\":\"pt-PT\"},{\"@type\":\"Person\",\"@id\":\"https:\/\/portaltela.pt\/#\/schema\/person\/5a9320d6761bc38022d37ad0bf58bcc1\",\"name\":\"Lucas Pires\",\"image\":{\"@type\":\"ImageObject\",\"inLanguage\":\"pt-PT\",\"@id\":\"https:\/\/portaltela.pt\/s.01k8rhncp4jt1\/2026\/01\/a6f3c4d4-8e17-433c-a6f9-91e4da22a054-125x125.jpg\",\"url\":\"https:\/\/portaltela.pt\/s.01k8rhncp4jt1\/2026\/01\/a6f3c4d4-8e17-433c-a6f9-91e4da22a054-125x125.jpg\",\"contentUrl\":\"https:\/\/portaltela.pt\/s.01k8rhncp4jt1\/2026\/01\/a6f3c4d4-8e17-433c-a6f9-91e4da22a054-125x125.jpg\",\"caption\":\"Lucas Pires\"},\"url\":\"https:\/\/portaltela.pt\/por\/lucas-pires\/\"}]}<\/script>\n<!-- \/ Yoast SEO plugin. -->","yoast_head_json":{"title":"Padel em Portugal: saiba como o esporte avan\u00e7ou no pa\u00eds - Portal Tela Portugal","robots":{"index":"index","follow":"follow","max-snippet":"max-snippet:-1","max-image-preview":"max-image-preview:large","max-video-preview":"max-video-preview:-1"},"og_locale":"pt_PT","og_type":"article","og_title":"Padel em Portugal: saiba como o esporte avan\u00e7ou no pa\u00eds - Portal Tela Portugal","og_description":"Nos \u00faltimos anos, o padel se firmou&nbsp; em Portugal como uma modalidade em forte crescimento. O apelo est\u00e1 na combina\u00e7\u00e3o de ritmo, simplicidade das regras e componente social j\u00e1 que se joga em equipe e favorece o conv\u00edvio, o que o torna acess\u00edvel a diferentes idades e n\u00edveis de experi\u00eancia. Com ra\u00edzes no M\u00e9xico e [&hellip;]","og_url":"https:\/\/portaltela.pt\/desporto\/2026\/01\/22\/padel-em-portugal-saiba-como-o-esporte-avancou-no-pais\/","og_site_name":"Portal Tela Portugal","article_published_time":"2026-01-22T19:45:56+00:00","article_modified_time":"2026-01-22T19:45:57+00:00","og_image":[{"width":1024,"height":576,"url":"https:\/\/portaltela.pt\/s.01k8rhncp4jt1\/2026\/01\/sofia.webp","type":"image\/webp"}],"author":"Lucas Pires","twitter_card":"summary_large_image","twitter_misc":{"Escrito por":"Lucas Pires","Tempo estimado de leitura":"3 minutos"},"schema":{"@context":"https:\/\/schema.org","@graph":[{"@type":"Article","@id":"https:\/\/portaltela.pt\/desporto\/2026\/01\/22\/padel-em-portugal-saiba-como-o-esporte-avancou-no-pais\/#article","isPartOf":{"@id":"https:\/\/portaltela.pt\/desporto\/2026\/01\/22\/padel-em-portugal-saiba-como-o-esporte-avancou-no-pais\/"},"author":{"name":"Lucas Pires","@id":"https:\/\/portaltela.pt\/#\/schema\/person\/5a9320d6761bc38022d37ad0bf58bcc1"},"headline":"Padel em Portugal: saiba como o esporte avan\u00e7ou no pa\u00eds","datePublished":"2026-01-22T19:45:56+00:00","dateModified":"2026-01-22T19:45:57+00:00","mainEntityOfPage":{"@id":"https:\/\/portaltela.pt\/desporto\/2026\/01\/22\/padel-em-portugal-saiba-como-o-esporte-avancou-no-pais\/"},"wordCount":529,"commentCount":0,"image":{"@id":"https:\/\/portaltela.pt\/desporto\/2026\/01\/22\/padel-em-portugal-saiba-como-o-esporte-avancou-no-pais\/#primaryimage"},"thumbnailUrl":"https:\/\/portaltela.pt\/s.01k8rhncp4jt1\/2026\/01\/sofia.webp","keywords":["reserve cup 2026"],"articleSection":["Desporto"],"inLanguage":"pt-PT","potentialAction":[{"@type":"CommentAction","name":"Comment","target":["https:\/\/portaltela.pt\/desporto\/2026\/01\/22\/padel-em-portugal-saiba-como-o-esporte-avancou-no-pais\/#respond"]}]},{"@type":"WebPage","@id":"https:\/\/portaltela.pt\/desporto\/2026\/01\/22\/padel-em-portugal-saiba-como-o-esporte-avancou-no-pais\/","url":"https:\/\/portaltela.pt\/desporto\/2026\/01\/22\/padel-em-portugal-saiba-como-o-esporte-avancou-no-pais\/","name":"Padel em Portugal: saiba como o esporte avan\u00e7ou no pa\u00eds - Portal Tela Portugal","isPartOf":{"@id":"https:\/\/portaltela.pt\/#website"},"primaryImageOfPage":{"@id":"https:\/\/portaltela.pt\/desporto\/2026\/01\/22\/padel-em-portugal-saiba-como-o-esporte-avancou-no-pais\/#primaryimage"},"image":{"@id":"https:\/\/portaltela.pt\/desporto\/2026\/01\/22\/padel-em-portugal-saiba-como-o-esporte-avancou-no-pais\/#primaryimage"},"thumbnailUrl":"https:\/\/portaltela.pt\/s.01k8rhncp4jt1\/2026\/01\/sofia.webp","datePublished":"2026-01-22T19:45:56+00:00","dateModified":"2026-01-22T19:45:57+00:00","author":{"@id":"https:\/\/portaltela.pt\/#\/schema\/person\/5a9320d6761bc38022d37ad0bf58bcc1"},"breadcrumb":{"@id":"https:\/\/portaltela.pt\/desporto\/2026\/01\/22\/padel-em-portugal-saiba-como-o-esporte-avancou-no-pais\/#breadcrumb"},"inLanguage":"pt-PT","potentialAction":[{"@type":"ReadAction","target":["https:\/\/portaltela.pt\/desporto\/2026\/01\/22\/padel-em-portugal-saiba-como-o-esporte-avancou-no-pais\/"]}]},{"@type":"ImageObject","inLanguage":"pt-PT","@id":"https:\/\/portaltela.pt\/desporto\/2026\/01\/22\/padel-em-portugal-saiba-como-o-esporte-avancou-no-pais\/#primaryimage","url":"https:\/\/portaltela.pt\/s.01k8rhncp4jt1\/2026\/01\/sofia.webp","contentUrl":"https:\/\/portaltela.pt\/s.01k8rhncp4jt1\/2026\/01\/sofia.webp","width":1024,"height":576,"caption":"Imagem: Reprodu\u00e7\u00e3o \/ World Padel Tour (WPT)"},{"@type":"BreadcrumbList","@id":"https:\/\/portaltela.pt\/desporto\/2026\/01\/22\/padel-em-portugal-saiba-como-o-esporte-avancou-no-pais\/#breadcrumb","itemListElement":[{"@type":"ListItem","position":1,"name":"In\u00edcio","item":"https:\/\/portaltela.pt\/"},{"@type":"ListItem","position":2,"name":"Padel em Portugal: saiba como o esporte avan\u00e7ou no pa\u00eds"}]},{"@type":"WebSite","@id":"https:\/\/portaltela.pt\/#website","url":"https:\/\/portaltela.pt\/","name":"Portal Tela Portugal","description":"","potentialAction":[{"@type":"SearchAction","target":{"@type":"EntryPoint","urlTemplate":"https:\/\/portaltela.pt\/?s={search_term_string}"},"query-input":{"@type":"PropertyValueSpecification","valueRequired":true,"valueName":"search_term_string"}}],"inLanguage":"pt-PT"},{"@type":"Person","@id":"https:\/\/portaltela.pt\/#\/schema\/person\/5a9320d6761bc38022d37ad0bf58bcc1","name":"Lucas Pires","image":{"@type":"ImageObject","inLanguage":"pt-PT","@id":"https:\/\/portaltela.pt\/s.01k8rhncp4jt1\/2026\/01\/a6f3c4d4-8e17-433c-a6f9-91e4da22a054-125x125.jpg","url":"https:\/\/portaltela.pt\/s.01k8rhncp4jt1\/2026\/01\/a6f3c4d4-8e17-433c-a6f9-91e4da22a054-125x125.jpg","contentUrl":"https:\/\/portaltela.pt\/s.01k8rhncp4jt1\/2026\/01\/a6f3c4d4-8e17-433c-a6f9-91e4da22a054-125x125.jpg","caption":"Lucas Pires"},"url":"https:\/\/portaltela.pt\/por\/lucas-pires\/"}]}},"_links":{"self":[{"href":"https:\/\/portaltela.pt\/api\/wp\/v2\/posts\/164662","targetHints":{"allow":["GET"]}}],"collection":[{"href":"https:\/\/portaltela.pt\/api\/wp\/v2\/posts"}],"about":[{"href":"https:\/\/portaltela.pt\/api\/wp\/v2\/types\/post"}],"author":[{"embeddable":true,"href":"https:\/\/portaltela.pt\/api\/wp\/v2\/users\/5"}],"replies":[{"embeddable":true,"href":"https:\/\/portaltela.pt\/api\/wp\/v2\/comments?post=164662"}],"version-history":[{"count":0,"href":"https:\/\/portaltela.pt\/api\/wp\/v2\/posts\/164662\/revisions"}],"wp:featuredmedia":[{"embeddable":true,"href":"https:\/\/portaltela.pt\/api\/wp\/v2\/media\/164666"}],"wp:attachment":[{"href":"https:\/\/portaltela.pt\/api\/wp\/v2\/media?parent=164662"}],"wp:term":[{"taxonomy":"category","embeddable":true,"href":"https:\/\/portaltela.pt\/api\/wp\/v2\/categories?post=164662"},{"taxonomy":"post_tag","embeddable":true,"href":"https:\/\/portaltela.pt\/api\/wp\/v2\/tags?post=164662"}],"curies":[{"name":"wp","href":"https:\/\/api.w.org\/{rel}","templated":true}]}}