{"id":164628,"date":"2026-01-22T16:24:00","date_gmt":"2026-01-22T19:24:00","guid":{"rendered":"https:\/\/portaltela.pt\/noticias\/2026\/01\/22\/bmw-despista-se-e-fica-pendurado-nas-grades-de-um-muro-em-braga\/"},"modified":"2026-01-22T16:24:00","modified_gmt":"2026-01-22T19:24:00","slug":"bmw-despista-se-e-fica-pendurado-nas-grades-de-um-muro-em-braga","status":"publish","type":"post","link":"https:\/\/portaltela.pt\/noticias\/2026\/01\/22\/bmw-despista-se-e-fica-pendurado-nas-grades-de-um-muro-em-braga\/","title":{"rendered":"BMW despista-se e fica pendurado nas grades de um muro em Braga"},"content":{"rendered":"<p>Um BMW S\u00e9rie 3 Coup\u00e9 despistou-se na madrugada desta quinta-feira e ficou pendurado nas gradeiras de um muro junto \u00e0 Farm\u00e1cia Ara\u00fajo Rodrigues e aos M\u00f3veis Pimenta, em Celeir\u00f3s, Braga. O acidente ocorreu por volta das 4h, confirmou o JN junto de vizinhos. A GNR de Braga segue com a investiga\u00e7\u00e3o.<\/p>\n<p>Os danos reportados s\u00e3o apenas materiais. Um morador da Avenida de S\u00e3o Louren\u00e7o, em Celeir\u00f3s, seguiu o som do impacto e viu um homem jovem junto ao ve\u00edculo, que estaria em contacto com algu\u00e9m por telem\u00f3vel. O condutor saiu do local e regressou pela manh\u00e3 para remover o carro.<\/p>\n<p>O propriet\u00e1rio reside em Sezures, Vila Nova de Famalic\u00e3o, e est\u00e1 a colaborar com as autoridades. Inicialmente chegou-se a especular sobre furto, mas essa hip\u00f3tese foi afastada. O caso est\u00e1 a cargo da GNR de Braga, que investiga as circunst\u00e2ncias do despiste.<\/p>\n<h3>Investiga\u00e7\u00e3o em curso<\/h3>\n<ul>\n<li>A GNR explica que os contornos do acidente ainda n\u00e3o est\u00e3o elucidadores.<\/li>\n<li>N\u00e3o foram apresentadas informa\u00e7\u00f5es sobre eventuais ferimentos.<\/li>\n<li>O balan\u00e7o aponta apenas preju\u00edzos materiais e danos na infraestrutura do muro.<\/li>\n<\/ul>\n","protected":false},"excerpt":{"rendered":"<ul>\n<li>Um BMW S\u00e9rie 3 Coup\u00e9 despistou-se durante a madrugada, por volta das quatro horas, e ficou pendurado no gradeamento de um muro da Farm\u00e1cia Ara\u00fajo Rodrigues e dos M\u00f3veis Pimenta, em Celeir\u00f3s, Braga.<\/li>\n<li>O caso est\u00e1 a cargo da Guarda Nacional Republicana de Braga, com as circunst\u00e2ncias do acidente ainda por esclarecer.<\/li>\n<li>Um morador ouviu um grande estrondo e viu um homem jovem, que saiu para o telem\u00f3vel, antes de abandonar o local; o condutor regressou pela manh\u00e3 para remover o ve\u00edculo.<\/li>\n<li>O ve\u00edculo n\u00e3o ter\u00e1 sido furtado; o propriet\u00e1rio \u00e9 residente em Sezures, Vila Nova de Famalic\u00e3o, que est\u00e1 a colaborar com as autoridades.<\/li>\n<li>Os preju\u00edzos foram apenas materiais.<\/li>\n<\/ul>\n","protected":false},"author":2,"featured_media":164632,"comment_status":"closed","ping_status":"closed","sticky":false,"template":"","format":"standard","meta":{"footnotes":""},"categories":[1],"tags":[1932,2371,1207,215],"class_list":["post-164628","post","type-post","status-publish","format-standard","has-post-thumbnail","hentry","category-noticias","tag-acidentes-de-viacao","tag-automoveis","tag-braga","tag-investigacao"],"yoast_head":"<!-- This site is optimized with the Yoast SEO plugin v27.2 - https:\/\/yoast.com\/product\/yoast-seo-wordpress\/ -->\n<title>BMW despista-se e fica pendurado nas grades de um muro em Braga - Portal Tela Portugal<\/title>\n<meta name=\"robots\" content=\"index, follow, max-snippet:-1, max-image-preview:large, max-video-preview:-1\" \/>\n<meta property=\"og:locale\" content=\"pt_PT\" \/>\n<meta property=\"og:type\" content=\"article\" \/>\n<meta property=\"og:title\" content=\"BMW despista-se e fica pendurado nas grades de um muro em Braga - Portal Tela Portugal\" \/>\n<meta property=\"og:description\" content=\"Um BMW S\u00e9rie 3 Coup\u00e9 despistou-se durante a madrugada, por volta das quatro horas, e ficou pendurado no gradeamento de um muro da Farm\u00e1cia Ara\u00fajo Rodrigues e dos M\u00f3veis Pimenta, em Celeir\u00f3s, Braga. O caso est\u00e1 a cargo da Guarda Nacional Republicana de Braga, com as circunst\u00e2ncias do acidente ainda por esclarecer. Um morador ouviu um grande estrondo e viu um homem jovem, que saiu para o telem\u00f3vel, antes de abandonar o local; o condutor regressou pela manh\u00e3 para remover o ve\u00edculo. O ve\u00edculo n\u00e3o ter\u00e1 sido furtado; o propriet\u00e1rio \u00e9 residente em Sezures, Vila Nova de Famalic\u00e3o, que est\u00e1 a colaborar com as autoridades. Os preju\u00edzos foram apenas materiais.\" \/>\n<meta property=\"og:url\" content=\"https:\/\/portaltela.pt\/noticias\/2026\/01\/22\/bmw-despista-se-e-fica-pendurado-nas-grades-de-um-muro-em-braga\/\" \/>\n<meta property=\"og:site_name\" content=\"Portal Tela Portugal\" \/>\n<meta property=\"article:published_time\" content=\"2026-01-22T19:24:00+00:00\" \/>\n<meta name=\"author\" content=\"Telinha\" \/>\n<meta name=\"twitter:card\" content=\"summary_large_image\" \/>\n<meta name=\"twitter:label1\" content=\"Escrito por\" \/>\n\t<meta name=\"twitter:data1\" content=\"Telinha\" \/>\n\t<meta name=\"twitter:label2\" content=\"Tempo estimado de leitura\" \/>\n\t<meta name=\"twitter:data2\" content=\"1 minuto\" \/>\n<script type=\"application\/ld+json\" class=\"yoast-schema-graph\">{\"@context\":\"https:\/\/schema.org\",\"@graph\":[{\"@type\":\"Article\",\"@id\":\"https:\/\/portaltela.pt\/noticias\/2026\/01\/22\/bmw-despista-se-e-fica-pendurado-nas-grades-de-um-muro-em-braga\/#article\",\"isPartOf\":{\"@id\":\"https:\/\/portaltela.pt\/noticias\/2026\/01\/22\/bmw-despista-se-e-fica-pendurado-nas-grades-de-um-muro-em-braga\/\"},\"author\":{\"name\":\"Telinha\",\"@id\":\"https:\/\/portaltela.pt\/#\/schema\/person\/c4278d4a6028830caff9ee44b42d32ed\"},\"headline\":\"BMW despista-se e fica pendurado nas grades de um muro em Braga\",\"datePublished\":\"2026-01-22T19:24:00+00:00\",\"mainEntityOfPage\":{\"@id\":\"https:\/\/portaltela.pt\/noticias\/2026\/01\/22\/bmw-despista-se-e-fica-pendurado-nas-grades-de-um-muro-em-braga\/\"},\"wordCount\":210,\"image\":{\"@id\":\"https:\/\/portaltela.pt\/noticias\/2026\/01\/22\/bmw-despista-se-e-fica-pendurado-nas-grades-de-um-muro-em-braga\/#primaryimage\"},\"thumbnailUrl\":\"https:\/\/portaltela.pt\/s.01k8rhncp4jt1\/2026\/01\/image-1467.jpg\",\"keywords\":[\"acidentes de via\u00e7\u00e3o\",\"Autom\u00f3veis\",\"Braga\",\"investiga\u00e7\u00e3o\"],\"articleSection\":[\"Not\u00edcias\"],\"inLanguage\":\"pt-PT\"},{\"@type\":\"WebPage\",\"@id\":\"https:\/\/portaltela.pt\/noticias\/2026\/01\/22\/bmw-despista-se-e-fica-pendurado-nas-grades-de-um-muro-em-braga\/\",\"url\":\"https:\/\/portaltela.pt\/noticias\/2026\/01\/22\/bmw-despista-se-e-fica-pendurado-nas-grades-de-um-muro-em-braga\/\",\"name\":\"BMW despista-se e fica pendurado nas grades de um muro em Braga - Portal Tela Portugal\",\"isPartOf\":{\"@id\":\"https:\/\/portaltela.pt\/#website\"},\"primaryImageOfPage\":{\"@id\":\"https:\/\/portaltela.pt\/noticias\/2026\/01\/22\/bmw-despista-se-e-fica-pendurado-nas-grades-de-um-muro-em-braga\/#primaryimage\"},\"image\":{\"@id\":\"https:\/\/portaltela.pt\/noticias\/2026\/01\/22\/bmw-despista-se-e-fica-pendurado-nas-grades-de-um-muro-em-braga\/#primaryimage\"},\"thumbnailUrl\":\"https:\/\/portaltela.pt\/s.01k8rhncp4jt1\/2026\/01\/image-1467.jpg\",\"datePublished\":\"2026-01-22T19:24:00+00:00\",\"author\":{\"@id\":\"https:\/\/portaltela.pt\/#\/schema\/person\/c4278d4a6028830caff9ee44b42d32ed\"},\"breadcrumb\":{\"@id\":\"https:\/\/portaltela.pt\/noticias\/2026\/01\/22\/bmw-despista-se-e-fica-pendurado-nas-grades-de-um-muro-em-braga\/#breadcrumb\"},\"inLanguage\":\"pt-PT\",\"potentialAction\":[{\"@type\":\"ReadAction\",\"target\":[\"https:\/\/portaltela.pt\/noticias\/2026\/01\/22\/bmw-despista-se-e-fica-pendurado-nas-grades-de-um-muro-em-braga\/\"]}]},{\"@type\":\"ImageObject\",\"inLanguage\":\"pt-PT\",\"@id\":\"https:\/\/portaltela.pt\/noticias\/2026\/01\/22\/bmw-despista-se-e-fica-pendurado-nas-grades-de-um-muro-em-braga\/#primaryimage\",\"url\":\"https:\/\/portaltela.pt\/s.01k8rhncp4jt1\/2026\/01\/image-1467.jpg\",\"contentUrl\":\"https:\/\/portaltela.pt\/s.01k8rhncp4jt1\/2026\/01\/image-1467.jpg\",\"width\":796,\"height\":448,\"caption\":\"Preju\u00edzos foram apenas materiais\"},{\"@type\":\"BreadcrumbList\",\"@id\":\"https:\/\/portaltela.pt\/noticias\/2026\/01\/22\/bmw-despista-se-e-fica-pendurado-nas-grades-de-um-muro-em-braga\/#breadcrumb\",\"itemListElement\":[{\"@type\":\"ListItem\",\"position\":1,\"name\":\"In\u00edcio\",\"item\":\"https:\/\/portaltela.pt\/\"},{\"@type\":\"ListItem\",\"position\":2,\"name\":\"BMW despista-se e fica pendurado nas grades de um muro em Braga\"}]},{\"@type\":\"WebSite\",\"@id\":\"https:\/\/portaltela.pt\/#website\",\"url\":\"https:\/\/portaltela.pt\/\",\"name\":\"Portal Tela Portugal\",\"description\":\"\",\"potentialAction\":[{\"@type\":\"SearchAction\",\"target\":{\"@type\":\"EntryPoint\",\"urlTemplate\":\"https:\/\/portaltela.pt\/?s={search_term_string}\"},\"query-input\":{\"@type\":\"PropertyValueSpecification\",\"valueRequired\":true,\"valueName\":\"search_term_string\"}}],\"inLanguage\":\"pt-PT\"},{\"@type\":\"Person\",\"@id\":\"https:\/\/portaltela.pt\/#\/schema\/person\/c4278d4a6028830caff9ee44b42d32ed\",\"name\":\"Telinha\",\"image\":{\"@type\":\"ImageObject\",\"inLanguage\":\"pt-PT\",\"@id\":\"https:\/\/portaltela.pt\/s.01k8rhncp4jt1\/2025\/11\/talking-bot-125x125.png\",\"url\":\"https:\/\/portaltela.pt\/s.01k8rhncp4jt1\/2025\/11\/talking-bot-125x125.png\",\"contentUrl\":\"https:\/\/portaltela.pt\/s.01k8rhncp4jt1\/2025\/11\/talking-bot-125x125.png\",\"caption\":\"Telinha\"},\"sameAs\":[\"https:\/\/portaltela.pt\/\"],\"url\":\"https:\/\/portaltela.pt\/por\/367410592786\/\"}]}<\/script>\n<!-- \/ Yoast SEO plugin. -->","yoast_head_json":{"title":"BMW despista-se e fica pendurado nas grades de um muro em Braga - Portal Tela Portugal","robots":{"index":"index","follow":"follow","max-snippet":"max-snippet:-1","max-image-preview":"max-image-preview:large","max-video-preview":"max-video-preview:-1"},"og_locale":"pt_PT","og_type":"article","og_title":"BMW despista-se e fica pendurado nas grades de um muro em Braga - Portal Tela Portugal","og_description":"Um BMW S\u00e9rie 3 Coup\u00e9 despistou-se durante a madrugada, por volta das quatro horas, e ficou pendurado no gradeamento de um muro da Farm\u00e1cia Ara\u00fajo Rodrigues e dos M\u00f3veis Pimenta, em Celeir\u00f3s, Braga. O caso est\u00e1 a cargo da Guarda Nacional Republicana de Braga, com as circunst\u00e2ncias do acidente ainda por esclarecer. Um morador ouviu um grande estrondo e viu um homem jovem, que saiu para o telem\u00f3vel, antes de abandonar o local; o condutor regressou pela manh\u00e3 para remover o ve\u00edculo. O ve\u00edculo n\u00e3o ter\u00e1 sido furtado; o propriet\u00e1rio \u00e9 residente em Sezures, Vila Nova de Famalic\u00e3o, que est\u00e1 a colaborar com as autoridades. Os preju\u00edzos foram apenas materiais.","og_url":"https:\/\/portaltela.pt\/noticias\/2026\/01\/22\/bmw-despista-se-e-fica-pendurado-nas-grades-de-um-muro-em-braga\/","og_site_name":"Portal Tela Portugal","article_published_time":"2026-01-22T19:24:00+00:00","author":"Telinha","twitter_card":"summary_large_image","twitter_misc":{"Escrito por":"Telinha","Tempo estimado de leitura":"1 minuto"},"schema":{"@context":"https:\/\/schema.org","@graph":[{"@type":"Article","@id":"https:\/\/portaltela.pt\/noticias\/2026\/01\/22\/bmw-despista-se-e-fica-pendurado-nas-grades-de-um-muro-em-braga\/#article","isPartOf":{"@id":"https:\/\/portaltela.pt\/noticias\/2026\/01\/22\/bmw-despista-se-e-fica-pendurado-nas-grades-de-um-muro-em-braga\/"},"author":{"name":"Telinha","@id":"https:\/\/portaltela.pt\/#\/schema\/person\/c4278d4a6028830caff9ee44b42d32ed"},"headline":"BMW despista-se e fica pendurado nas grades de um muro em Braga","datePublished":"2026-01-22T19:24:00+00:00","mainEntityOfPage":{"@id":"https:\/\/portaltela.pt\/noticias\/2026\/01\/22\/bmw-despista-se-e-fica-pendurado-nas-grades-de-um-muro-em-braga\/"},"wordCount":210,"image":{"@id":"https:\/\/portaltela.pt\/noticias\/2026\/01\/22\/bmw-despista-se-e-fica-pendurado-nas-grades-de-um-muro-em-braga\/#primaryimage"},"thumbnailUrl":"https:\/\/portaltela.pt\/s.01k8rhncp4jt1\/2026\/01\/image-1467.jpg","keywords":["acidentes de via\u00e7\u00e3o","Autom\u00f3veis","Braga","investiga\u00e7\u00e3o"],"articleSection":["Not\u00edcias"],"inLanguage":"pt-PT"},{"@type":"WebPage","@id":"https:\/\/portaltela.pt\/noticias\/2026\/01\/22\/bmw-despista-se-e-fica-pendurado-nas-grades-de-um-muro-em-braga\/","url":"https:\/\/portaltela.pt\/noticias\/2026\/01\/22\/bmw-despista-se-e-fica-pendurado-nas-grades-de-um-muro-em-braga\/","name":"BMW despista-se e fica pendurado nas grades de um muro em Braga - Portal Tela Portugal","isPartOf":{"@id":"https:\/\/portaltela.pt\/#website"},"primaryImageOfPage":{"@id":"https:\/\/portaltela.pt\/noticias\/2026\/01\/22\/bmw-despista-se-e-fica-pendurado-nas-grades-de-um-muro-em-braga\/#primaryimage"},"image":{"@id":"https:\/\/portaltela.pt\/noticias\/2026\/01\/22\/bmw-despista-se-e-fica-pendurado-nas-grades-de-um-muro-em-braga\/#primaryimage"},"thumbnailUrl":"https:\/\/portaltela.pt\/s.01k8rhncp4jt1\/2026\/01\/image-1467.jpg","datePublished":"2026-01-22T19:24:00+00:00","author":{"@id":"https:\/\/portaltela.pt\/#\/schema\/person\/c4278d4a6028830caff9ee44b42d32ed"},"breadcrumb":{"@id":"https:\/\/portaltela.pt\/noticias\/2026\/01\/22\/bmw-despista-se-e-fica-pendurado-nas-grades-de-um-muro-em-braga\/#breadcrumb"},"inLanguage":"pt-PT","potentialAction":[{"@type":"ReadAction","target":["https:\/\/portaltela.pt\/noticias\/2026\/01\/22\/bmw-despista-se-e-fica-pendurado-nas-grades-de-um-muro-em-braga\/"]}]},{"@type":"ImageObject","inLanguage":"pt-PT","@id":"https:\/\/portaltela.pt\/noticias\/2026\/01\/22\/bmw-despista-se-e-fica-pendurado-nas-grades-de-um-muro-em-braga\/#primaryimage","url":"https:\/\/portaltela.pt\/s.01k8rhncp4jt1\/2026\/01\/image-1467.jpg","contentUrl":"https:\/\/portaltela.pt\/s.01k8rhncp4jt1\/2026\/01\/image-1467.jpg","width":796,"height":448,"caption":"Preju\u00edzos foram apenas materiais"},{"@type":"BreadcrumbList","@id":"https:\/\/portaltela.pt\/noticias\/2026\/01\/22\/bmw-despista-se-e-fica-pendurado-nas-grades-de-um-muro-em-braga\/#breadcrumb","itemListElement":[{"@type":"ListItem","position":1,"name":"In\u00edcio","item":"https:\/\/portaltela.pt\/"},{"@type":"ListItem","position":2,"name":"BMW despista-se e fica pendurado nas grades de um muro em Braga"}]},{"@type":"WebSite","@id":"https:\/\/portaltela.pt\/#website","url":"https:\/\/portaltela.pt\/","name":"Portal Tela Portugal","description":"","potentialAction":[{"@type":"SearchAction","target":{"@type":"EntryPoint","urlTemplate":"https:\/\/portaltela.pt\/?s={search_term_string}"},"query-input":{"@type":"PropertyValueSpecification","valueRequired":true,"valueName":"search_term_string"}}],"inLanguage":"pt-PT"},{"@type":"Person","@id":"https:\/\/portaltela.pt\/#\/schema\/person\/c4278d4a6028830caff9ee44b42d32ed","name":"Telinha","image":{"@type":"ImageObject","inLanguage":"pt-PT","@id":"https:\/\/portaltela.pt\/s.01k8rhncp4jt1\/2025\/11\/talking-bot-125x125.png","url":"https:\/\/portaltela.pt\/s.01k8rhncp4jt1\/2025\/11\/talking-bot-125x125.png","contentUrl":"https:\/\/portaltela.pt\/s.01k8rhncp4jt1\/2025\/11\/talking-bot-125x125.png","caption":"Telinha"},"sameAs":["https:\/\/portaltela.pt\/"],"url":"https:\/\/portaltela.pt\/por\/367410592786\/"}]}},"_links":{"self":[{"href":"https:\/\/portaltela.pt\/api\/wp\/v2\/posts\/164628","targetHints":{"allow":["GET"]}}],"collection":[{"href":"https:\/\/portaltela.pt\/api\/wp\/v2\/posts"}],"about":[{"href":"https:\/\/portaltela.pt\/api\/wp\/v2\/types\/post"}],"author":[{"embeddable":true,"href":"https:\/\/portaltela.pt\/api\/wp\/v2\/users\/2"}],"replies":[{"embeddable":true,"href":"https:\/\/portaltela.pt\/api\/wp\/v2\/comments?post=164628"}],"version-history":[{"count":0,"href":"https:\/\/portaltela.pt\/api\/wp\/v2\/posts\/164628\/revisions"}],"wp:featuredmedia":[{"embeddable":true,"href":"https:\/\/portaltela.pt\/api\/wp\/v2\/media\/164632"}],"wp:attachment":[{"href":"https:\/\/portaltela.pt\/api\/wp\/v2\/media?parent=164628"}],"wp:term":[{"taxonomy":"category","embeddable":true,"href":"https:\/\/portaltela.pt\/api\/wp\/v2\/categories?post=164628"},{"taxonomy":"post_tag","embeddable":true,"href":"https:\/\/portaltela.pt\/api\/wp\/v2\/tags?post=164628"}],"curies":[{"name":"wp","href":"https:\/\/api.w.org\/{rel}","templated":true}]}}