{"id":164591,"date":"2026-01-22T16:11:53","date_gmt":"2026-01-22T19:11:53","guid":{"rendered":"https:\/\/portaltela.pt\/noticias\/2026\/01\/22\/alan-nunez-pode-assumir-titularidade-no-rio-ave\/"},"modified":"2026-01-22T16:11:53","modified_gmt":"2026-01-22T19:11:53","slug":"alan-nunez-pode-assumir-titularidade-no-rio-ave","status":"publish","type":"post","link":"https:\/\/portaltela.pt\/desporto\/futebol\/2026\/01\/22\/alan-nunez-pode-assumir-titularidade-no-rio-ave\/","title":{"rendered":"Alan Nu\u00f1ez pode assumir titularidade no Rio Ave"},"content":{"rendered":"<p>O Nacional prossegue a prepara\u00e7\u00e3o para receber o Rio Ave, no domingo, \u00e0s 15h30, no Est\u00e1dio da Madeira, referente \u00e0 19\u00aa jornada da Liga Portugal Betclic. O jogo realiza-se na Choupana, com o conjunto alvinegro a confirmar a aus\u00eancia de Jo\u00e3o Aur\u00e9lio e Lenny Vallier. A equipa visa manter o registo de casa frente aos vilacondenses.<\/p>\n<p>A prov\u00e1vel titularidade de Alan Nu\u00f1ez volta a ser discutida, ap\u00f3s a indisponibilidade de Aur\u00e9lio. O defesa paraguaio, de 21 anos, soma cinco jogos na Liga e 299 minutos, para al\u00e9m de duas apari\u00e7\u00f5es na Ta\u00e7a de Portugal (137 minutos). Como alternativa aparece Deivison, que tem sido utilizado a meio-campo nos recentes encontros.<\/p>\n<p>Os trinados com les\u00e3o, Ulisses Wilson, Filipe Soares e Ivanildo Fernandes, continuam sob avalia\u00e7\u00e3o m\u00e9dica, com retorno ainda por confirmar. Hoje o grupo trabalhou no relvado da DRD, na Camacha, e amanh\u00e3 treina novamente \u00e0s 10h30, no Campo Centen\u00e1rio. Margarido divulgar\u00e1 a equipa no s\u00e1bado, ap\u00f3s o \u00faltimo treino no Est\u00e1dio da Madeira.<\/p>\n<h3>Situa\u00e7\u00e3o de jogadores e op\u00e7\u00f5es de refor\u00e7o<\/h3>\n<p>Tiago Margarido pode apostar em Nu\u00f1ez no eixo defensivo caso Aur\u00e9lio n\u00e3o seja op\u00e7\u00e3o. Deivison surge como alternativa vi\u00e1vel no meio-campo, mantendo a inc\u00f3gnita sobre o melhor encaixe t\u00e1tico para enfrentar o Rio Ave.<\/p>\n","protected":false},"excerpt":{"rendered":"<ul>\n<li>Nacional recebe o Rio Ave no domingo, \u00e0s 15h30, no Est\u00e1dio da Madeira, na 19.\u00aa jornada da Liga Portugal Betclic.<\/li>\n<li>A aus\u00eancia de Jo\u00e3o Aur\u00e9lio e Lenny Vallier deixa Tiago Margarido sem dois titulares, com a possibilidade de Alan Nu\u00f1ez, lateral paraguaio de 21 anos, surgir como op\u00e7\u00e3o titular.<\/li>\n<li>Deivison pode manter-se como alternativa para o lado direito, ap\u00f3s ter sido utilizado recentemente em lugar diferente, sendo que frente ao Santa Clara ocupou a posi\u00e7\u00e3o depois da les\u00e3o de Aur\u00e9lio.<\/li>\n<li>Ulisses Wilson, Filipe Soares e Ivanildo Fernandes continuam no departamento m\u00e9dico; a reintegra\u00e7\u00e3o deve ocorrer em breve, por\u00e9m condicionada.<\/li>\n<li>Os treinos ocorreram na Camacha e seguem amanh\u00e3 no Campo Centen\u00e1rio; o alinhamento da equipa fica definido no s\u00e1bado, ap\u00f3s o derradeiro treino no Est\u00e1dio da Madeira.<\/li>\n<\/ul>\n","protected":false},"author":2,"featured_media":164605,"comment_status":"closed","ping_status":"closed","sticky":false,"template":"","format":"standard","meta":{"footnotes":""},"categories":[21,24],"tags":[1327,32,2538,859,1319,2190],"class_list":["post-164591","post","type-post","status-publish","format-standard","has-post-thumbnail","hentry","category-desporto","category-futebol","tag-camacha","tag-futebol","tag-lesoes","tag-madeira","tag-nacional","tag-rio-ave"],"yoast_head":"<!-- This site is optimized with the Yoast SEO plugin v27.2 - https:\/\/yoast.com\/product\/yoast-seo-wordpress\/ -->\n<title>Alan Nu\u00f1ez pode assumir titularidade no Rio Ave - Portal Tela Portugal<\/title>\n<meta name=\"robots\" content=\"index, follow, max-snippet:-1, max-image-preview:large, max-video-preview:-1\" \/>\n<meta property=\"og:locale\" content=\"pt_PT\" \/>\n<meta property=\"og:type\" content=\"article\" \/>\n<meta property=\"og:title\" content=\"Alan Nu\u00f1ez pode assumir titularidade no Rio Ave - Portal Tela Portugal\" \/>\n<meta property=\"og:description\" content=\"Nacional recebe o Rio Ave no domingo, \u00e0s 15h30, no Est\u00e1dio da Madeira, na 19.\u00aa jornada da Liga Portugal Betclic. A aus\u00eancia de Jo\u00e3o Aur\u00e9lio e Lenny Vallier deixa Tiago Margarido sem dois titulares, com a possibilidade de Alan Nu\u00f1ez, lateral paraguaio de 21 anos, surgir como op\u00e7\u00e3o titular. Deivison pode manter-se como alternativa para o lado direito, ap\u00f3s ter sido utilizado recentemente em lugar diferente, sendo que frente ao Santa Clara ocupou a posi\u00e7\u00e3o depois da les\u00e3o de Aur\u00e9lio. Ulisses Wilson, Filipe Soares e Ivanildo Fernandes continuam no departamento m\u00e9dico; a reintegra\u00e7\u00e3o deve ocorrer em breve, por\u00e9m condicionada. Os treinos ocorreram na Camacha e seguem amanh\u00e3 no Campo Centen\u00e1rio; o alinhamento da equipa fica definido no s\u00e1bado, ap\u00f3s o derradeiro treino no Est\u00e1dio da Madeira.\" \/>\n<meta property=\"og:url\" content=\"https:\/\/portaltela.pt\/noticias\/2026\/01\/22\/alan-nunez-pode-assumir-titularidade-no-rio-ave\/\" \/>\n<meta property=\"og:site_name\" content=\"Portal Tela Portugal\" \/>\n<meta property=\"article:published_time\" content=\"2026-01-22T19:11:53+00:00\" \/>\n<meta name=\"author\" content=\"Telinha\" \/>\n<meta name=\"twitter:card\" content=\"summary_large_image\" \/>\n<meta name=\"twitter:label1\" content=\"Escrito por\" \/>\n\t<meta name=\"twitter:data1\" content=\"Telinha\" \/>\n\t<meta name=\"twitter:label2\" content=\"Tempo estimado de leitura\" \/>\n\t<meta name=\"twitter:data2\" content=\"1 minuto\" \/>\n<script type=\"application\/ld+json\" class=\"yoast-schema-graph\">{\"@context\":\"https:\/\/schema.org\",\"@graph\":[{\"@type\":\"Article\",\"@id\":\"https:\/\/portaltela.pt\/noticias\/2026\/01\/22\/alan-nunez-pode-assumir-titularidade-no-rio-ave\/#article\",\"isPartOf\":{\"@id\":\"https:\/\/portaltela.pt\/noticias\/2026\/01\/22\/alan-nunez-pode-assumir-titularidade-no-rio-ave\/\"},\"author\":{\"name\":\"Telinha\",\"@id\":\"https:\/\/portaltela.pt\/#\/schema\/person\/c4278d4a6028830caff9ee44b42d32ed\"},\"headline\":\"Alan Nu\u00f1ez pode assumir titularidade no Rio Ave\",\"datePublished\":\"2026-01-22T19:11:53+00:00\",\"mainEntityOfPage\":{\"@id\":\"https:\/\/portaltela.pt\/noticias\/2026\/01\/22\/alan-nunez-pode-assumir-titularidade-no-rio-ave\/\"},\"wordCount\":236,\"image\":{\"@id\":\"https:\/\/portaltela.pt\/noticias\/2026\/01\/22\/alan-nunez-pode-assumir-titularidade-no-rio-ave\/#primaryimage\"},\"thumbnailUrl\":\"https:\/\/portaltela.pt\/s.01k8rhncp4jt1\/2026\/01\/img_920x518uu2026-01-22-19-11-37-2416648.jpg\",\"keywords\":[\"Camacha\",\"futebol\",\"les\u00f5es\",\"Madeira\",\"Nacional\",\"Rio Ave\"],\"articleSection\":[\"Desporto\",\"Futebol\"],\"inLanguage\":\"pt-PT\"},{\"@type\":\"WebPage\",\"@id\":\"https:\/\/portaltela.pt\/noticias\/2026\/01\/22\/alan-nunez-pode-assumir-titularidade-no-rio-ave\/\",\"url\":\"https:\/\/portaltela.pt\/noticias\/2026\/01\/22\/alan-nunez-pode-assumir-titularidade-no-rio-ave\/\",\"name\":\"Alan Nu\u00f1ez pode assumir titularidade no Rio Ave - Portal Tela Portugal\",\"isPartOf\":{\"@id\":\"https:\/\/portaltela.pt\/#website\"},\"primaryImageOfPage\":{\"@id\":\"https:\/\/portaltela.pt\/noticias\/2026\/01\/22\/alan-nunez-pode-assumir-titularidade-no-rio-ave\/#primaryimage\"},\"image\":{\"@id\":\"https:\/\/portaltela.pt\/noticias\/2026\/01\/22\/alan-nunez-pode-assumir-titularidade-no-rio-ave\/#primaryimage\"},\"thumbnailUrl\":\"https:\/\/portaltela.pt\/s.01k8rhncp4jt1\/2026\/01\/img_920x518uu2026-01-22-19-11-37-2416648.jpg\",\"datePublished\":\"2026-01-22T19:11:53+00:00\",\"author\":{\"@id\":\"https:\/\/portaltela.pt\/#\/schema\/person\/c4278d4a6028830caff9ee44b42d32ed\"},\"breadcrumb\":{\"@id\":\"https:\/\/portaltela.pt\/noticias\/2026\/01\/22\/alan-nunez-pode-assumir-titularidade-no-rio-ave\/#breadcrumb\"},\"inLanguage\":\"pt-PT\",\"potentialAction\":[{\"@type\":\"ReadAction\",\"target\":[\"https:\/\/portaltela.pt\/noticias\/2026\/01\/22\/alan-nunez-pode-assumir-titularidade-no-rio-ave\/\"]}]},{\"@type\":\"ImageObject\",\"inLanguage\":\"pt-PT\",\"@id\":\"https:\/\/portaltela.pt\/noticias\/2026\/01\/22\/alan-nunez-pode-assumir-titularidade-no-rio-ave\/#primaryimage\",\"url\":\"https:\/\/portaltela.pt\/s.01k8rhncp4jt1\/2026\/01\/img_920x518uu2026-01-22-19-11-37-2416648.jpg\",\"contentUrl\":\"https:\/\/portaltela.pt\/s.01k8rhncp4jt1\/2026\/01\/img_920x518uu2026-01-22-19-11-37-2416648.jpg\",\"width\":796,\"height\":448,\"caption\":\"Alan Nu\u00f1ez\"},{\"@type\":\"BreadcrumbList\",\"@id\":\"https:\/\/portaltela.pt\/noticias\/2026\/01\/22\/alan-nunez-pode-assumir-titularidade-no-rio-ave\/#breadcrumb\",\"itemListElement\":[{\"@type\":\"ListItem\",\"position\":1,\"name\":\"In\u00edcio\",\"item\":\"https:\/\/portaltela.pt\/\"},{\"@type\":\"ListItem\",\"position\":2,\"name\":\"Alan Nu\u00f1ez pode assumir titularidade no Rio Ave\"}]},{\"@type\":\"WebSite\",\"@id\":\"https:\/\/portaltela.pt\/#website\",\"url\":\"https:\/\/portaltela.pt\/\",\"name\":\"Portal Tela Portugal\",\"description\":\"\",\"potentialAction\":[{\"@type\":\"SearchAction\",\"target\":{\"@type\":\"EntryPoint\",\"urlTemplate\":\"https:\/\/portaltela.pt\/?s={search_term_string}\"},\"query-input\":{\"@type\":\"PropertyValueSpecification\",\"valueRequired\":true,\"valueName\":\"search_term_string\"}}],\"inLanguage\":\"pt-PT\"},{\"@type\":\"Person\",\"@id\":\"https:\/\/portaltela.pt\/#\/schema\/person\/c4278d4a6028830caff9ee44b42d32ed\",\"name\":\"Telinha\",\"image\":{\"@type\":\"ImageObject\",\"inLanguage\":\"pt-PT\",\"@id\":\"https:\/\/portaltela.pt\/s.01k8rhncp4jt1\/2025\/11\/talking-bot-125x125.png\",\"url\":\"https:\/\/portaltela.pt\/s.01k8rhncp4jt1\/2025\/11\/talking-bot-125x125.png\",\"contentUrl\":\"https:\/\/portaltela.pt\/s.01k8rhncp4jt1\/2025\/11\/talking-bot-125x125.png\",\"caption\":\"Telinha\"},\"sameAs\":[\"https:\/\/portaltela.pt\/\"],\"url\":\"https:\/\/portaltela.pt\/por\/367410592786\/\"}]}<\/script>\n<!-- \/ Yoast SEO plugin. -->","yoast_head_json":{"title":"Alan Nu\u00f1ez pode assumir titularidade no Rio Ave - Portal Tela Portugal","robots":{"index":"index","follow":"follow","max-snippet":"max-snippet:-1","max-image-preview":"max-image-preview:large","max-video-preview":"max-video-preview:-1"},"og_locale":"pt_PT","og_type":"article","og_title":"Alan Nu\u00f1ez pode assumir titularidade no Rio Ave - Portal Tela Portugal","og_description":"Nacional recebe o Rio Ave no domingo, \u00e0s 15h30, no Est\u00e1dio da Madeira, na 19.\u00aa jornada da Liga Portugal Betclic. A aus\u00eancia de Jo\u00e3o Aur\u00e9lio e Lenny Vallier deixa Tiago Margarido sem dois titulares, com a possibilidade de Alan Nu\u00f1ez, lateral paraguaio de 21 anos, surgir como op\u00e7\u00e3o titular. Deivison pode manter-se como alternativa para o lado direito, ap\u00f3s ter sido utilizado recentemente em lugar diferente, sendo que frente ao Santa Clara ocupou a posi\u00e7\u00e3o depois da les\u00e3o de Aur\u00e9lio. Ulisses Wilson, Filipe Soares e Ivanildo Fernandes continuam no departamento m\u00e9dico; a reintegra\u00e7\u00e3o deve ocorrer em breve, por\u00e9m condicionada. Os treinos ocorreram na Camacha e seguem amanh\u00e3 no Campo Centen\u00e1rio; o alinhamento da equipa fica definido no s\u00e1bado, ap\u00f3s o derradeiro treino no Est\u00e1dio da Madeira.","og_url":"https:\/\/portaltela.pt\/noticias\/2026\/01\/22\/alan-nunez-pode-assumir-titularidade-no-rio-ave\/","og_site_name":"Portal Tela Portugal","article_published_time":"2026-01-22T19:11:53+00:00","author":"Telinha","twitter_card":"summary_large_image","twitter_misc":{"Escrito por":"Telinha","Tempo estimado de leitura":"1 minuto"},"schema":{"@context":"https:\/\/schema.org","@graph":[{"@type":"Article","@id":"https:\/\/portaltela.pt\/noticias\/2026\/01\/22\/alan-nunez-pode-assumir-titularidade-no-rio-ave\/#article","isPartOf":{"@id":"https:\/\/portaltela.pt\/noticias\/2026\/01\/22\/alan-nunez-pode-assumir-titularidade-no-rio-ave\/"},"author":{"name":"Telinha","@id":"https:\/\/portaltela.pt\/#\/schema\/person\/c4278d4a6028830caff9ee44b42d32ed"},"headline":"Alan Nu\u00f1ez pode assumir titularidade no Rio Ave","datePublished":"2026-01-22T19:11:53+00:00","mainEntityOfPage":{"@id":"https:\/\/portaltela.pt\/noticias\/2026\/01\/22\/alan-nunez-pode-assumir-titularidade-no-rio-ave\/"},"wordCount":236,"image":{"@id":"https:\/\/portaltela.pt\/noticias\/2026\/01\/22\/alan-nunez-pode-assumir-titularidade-no-rio-ave\/#primaryimage"},"thumbnailUrl":"https:\/\/portaltela.pt\/s.01k8rhncp4jt1\/2026\/01\/img_920x518uu2026-01-22-19-11-37-2416648.jpg","keywords":["Camacha","futebol","les\u00f5es","Madeira","Nacional","Rio Ave"],"articleSection":["Desporto","Futebol"],"inLanguage":"pt-PT"},{"@type":"WebPage","@id":"https:\/\/portaltela.pt\/noticias\/2026\/01\/22\/alan-nunez-pode-assumir-titularidade-no-rio-ave\/","url":"https:\/\/portaltela.pt\/noticias\/2026\/01\/22\/alan-nunez-pode-assumir-titularidade-no-rio-ave\/","name":"Alan Nu\u00f1ez pode assumir titularidade no Rio Ave - Portal Tela Portugal","isPartOf":{"@id":"https:\/\/portaltela.pt\/#website"},"primaryImageOfPage":{"@id":"https:\/\/portaltela.pt\/noticias\/2026\/01\/22\/alan-nunez-pode-assumir-titularidade-no-rio-ave\/#primaryimage"},"image":{"@id":"https:\/\/portaltela.pt\/noticias\/2026\/01\/22\/alan-nunez-pode-assumir-titularidade-no-rio-ave\/#primaryimage"},"thumbnailUrl":"https:\/\/portaltela.pt\/s.01k8rhncp4jt1\/2026\/01\/img_920x518uu2026-01-22-19-11-37-2416648.jpg","datePublished":"2026-01-22T19:11:53+00:00","author":{"@id":"https:\/\/portaltela.pt\/#\/schema\/person\/c4278d4a6028830caff9ee44b42d32ed"},"breadcrumb":{"@id":"https:\/\/portaltela.pt\/noticias\/2026\/01\/22\/alan-nunez-pode-assumir-titularidade-no-rio-ave\/#breadcrumb"},"inLanguage":"pt-PT","potentialAction":[{"@type":"ReadAction","target":["https:\/\/portaltela.pt\/noticias\/2026\/01\/22\/alan-nunez-pode-assumir-titularidade-no-rio-ave\/"]}]},{"@type":"ImageObject","inLanguage":"pt-PT","@id":"https:\/\/portaltela.pt\/noticias\/2026\/01\/22\/alan-nunez-pode-assumir-titularidade-no-rio-ave\/#primaryimage","url":"https:\/\/portaltela.pt\/s.01k8rhncp4jt1\/2026\/01\/img_920x518uu2026-01-22-19-11-37-2416648.jpg","contentUrl":"https:\/\/portaltela.pt\/s.01k8rhncp4jt1\/2026\/01\/img_920x518uu2026-01-22-19-11-37-2416648.jpg","width":796,"height":448,"caption":"Alan Nu\u00f1ez"},{"@type":"BreadcrumbList","@id":"https:\/\/portaltela.pt\/noticias\/2026\/01\/22\/alan-nunez-pode-assumir-titularidade-no-rio-ave\/#breadcrumb","itemListElement":[{"@type":"ListItem","position":1,"name":"In\u00edcio","item":"https:\/\/portaltela.pt\/"},{"@type":"ListItem","position":2,"name":"Alan Nu\u00f1ez pode assumir titularidade no Rio Ave"}]},{"@type":"WebSite","@id":"https:\/\/portaltela.pt\/#website","url":"https:\/\/portaltela.pt\/","name":"Portal Tela Portugal","description":"","potentialAction":[{"@type":"SearchAction","target":{"@type":"EntryPoint","urlTemplate":"https:\/\/portaltela.pt\/?s={search_term_string}"},"query-input":{"@type":"PropertyValueSpecification","valueRequired":true,"valueName":"search_term_string"}}],"inLanguage":"pt-PT"},{"@type":"Person","@id":"https:\/\/portaltela.pt\/#\/schema\/person\/c4278d4a6028830caff9ee44b42d32ed","name":"Telinha","image":{"@type":"ImageObject","inLanguage":"pt-PT","@id":"https:\/\/portaltela.pt\/s.01k8rhncp4jt1\/2025\/11\/talking-bot-125x125.png","url":"https:\/\/portaltela.pt\/s.01k8rhncp4jt1\/2025\/11\/talking-bot-125x125.png","contentUrl":"https:\/\/portaltela.pt\/s.01k8rhncp4jt1\/2025\/11\/talking-bot-125x125.png","caption":"Telinha"},"sameAs":["https:\/\/portaltela.pt\/"],"url":"https:\/\/portaltela.pt\/por\/367410592786\/"}]}},"_links":{"self":[{"href":"https:\/\/portaltela.pt\/api\/wp\/v2\/posts\/164591","targetHints":{"allow":["GET"]}}],"collection":[{"href":"https:\/\/portaltela.pt\/api\/wp\/v2\/posts"}],"about":[{"href":"https:\/\/portaltela.pt\/api\/wp\/v2\/types\/post"}],"author":[{"embeddable":true,"href":"https:\/\/portaltela.pt\/api\/wp\/v2\/users\/2"}],"replies":[{"embeddable":true,"href":"https:\/\/portaltela.pt\/api\/wp\/v2\/comments?post=164591"}],"version-history":[{"count":0,"href":"https:\/\/portaltela.pt\/api\/wp\/v2\/posts\/164591\/revisions"}],"wp:featuredmedia":[{"embeddable":true,"href":"https:\/\/portaltela.pt\/api\/wp\/v2\/media\/164605"}],"wp:attachment":[{"href":"https:\/\/portaltela.pt\/api\/wp\/v2\/media?parent=164591"}],"wp:term":[{"taxonomy":"category","embeddable":true,"href":"https:\/\/portaltela.pt\/api\/wp\/v2\/categories?post=164591"},{"taxonomy":"post_tag","embeddable":true,"href":"https:\/\/portaltela.pt\/api\/wp\/v2\/tags?post=164591"}],"curies":[{"name":"wp","href":"https:\/\/api.w.org\/{rel}","templated":true}]}}